{"id":177492,"date":"2026-02-27T18:22:34","date_gmt":"2026-02-27T15:22:34","guid":{"rendered":"https:\/\/pozirk.online\/en\/news\/177492\/"},"modified":"2026-03-10T12:05:06","modified_gmt":"2026-03-10T12:05:06","slug":"interior-ministry-designates-33-as-extremists","status":"publish","type":"articles","link":"https:\/\/pozirk.online\/en\/news\/177492\/","title":{"rendered":"Interior ministry designates 33 as extremists"},"content":{"rendered":"\n<figure class=\"block-image block-image-normal\">\n\n  <img decoding=\"async\" width=\"775\" height=\"550\" src=\"https:\/\/pozirk.online\/wp-content\/uploads\/2024\/05\/repressii_pixabay.jpg\" class=\"attachment-full size-full\" alt=\"\" srcset=\"https:\/\/pozirk.online\/wp-content\/uploads\/2024\/05\/repressii_pixabay.jpg 775w, https:\/\/pozirk.online\/wp-content\/uploads\/2024\/05\/repressii_pixabay-333x236.jpg 333w, https:\/\/pozirk.online\/wp-content\/uploads\/2024\/05\/repressii_pixabay-690x490.jpg 690w, https:\/\/pozirk.online\/wp-content\/uploads\/2024\/05\/repressii_pixabay-768x545.jpg 768w\" sizes=\"(max-width: 775px) 100vw, 775px\" \/>\n  <figcaption>\n  \n       <div class=\"block-image__author\">\n                <span>(pixabay.com)<\/span>\n    <\/div>\n     <\/figcaption>\n<\/figure>\n\n\n\n<p><strong>February 27, <em>Pozirk.<\/em> <\/strong>Belarus\u2019 interior ministry added 33 names to its list of extremists, taking the total of entries on the register to 6,353.<\/p>\n\n\n\n<p>Rights groups consider five of the recently added persons as political prisoners. Valeryj Chackievi\u010d and Pavie\u0142 Vierasko\u016dski are serving three and four years in prison, respectively. Iryna Minich, Vital Vypra\u017ekin and Natalla Ba\u010durynskaja may be serving non-custodial sentences; however, rights defenders have information that Ba\u010durynskaja was given three years in prison last month.<\/p>\n\n\n\n<p>These people faced extremism-related charges over alleged links to Bie\u0142aruski Hajun, the now-defunct opposition online project that had monitored the movements of Russian military equipment in Belarus between 2022 and early 2025.<\/p>\n\n\n\n<p>Other additions include Alaksandar Sidarevi\u010d, U\u0142adzimir Dzienisienka, Alaksandar Vitko\u016dski, Alaksiej \u010cara\u0161noi\u016d, Andrej Koval, Alaksiej Macukievi\u010d, Ivan Pietranievi\u010d, Ihar Dziehciaronak, Juryj Anisa\u016d and D\u017amitryj Kondrusie\u016d, persecuted for allegedly facilitating extremist activities.<\/p>\n\n\n\n<p>Andrej Pisaryk was convicted of financing extremist activities, most likely in connection with donations to opposition initiatives. Dzianis Dzienisienka was found guilty of rioting; D\u017amitryj Kalino\u016dski, of calling for sanctions; U\u0142adzimir Mahrona\u016d, of setting up an extremist group.<\/p>\n\n\n\n<p>U\u0142adzis\u0142a\u016d Varonin, Via\u010das\u0142a\u016d Bandar\u010duk and Arciom Alifierovi\u010d faced multiple criminal charges over links to a xenophobic group.<\/p>\n\n\n\n<p>The sentences of Pavie\u0142 Kniha, Alaksandar Leanovi\u010d, Andrej Ilju\u0161\u010danka, Andrej Pa\u0161kievi\u010d, Alina \u015amiar\u010dynskaja, Alaksiej Haro\u0161ka, D\u017amitryj Kavalenka, Pavie\u0142 Maroza\u016d, Pavie\u0142 Bajaryn and Volha Korbut remain incomplete, which means that they may be serving non-custodial terms.<\/p>\n\n\n\n<p>Blacklisted Michai\u0142 Karol has been released from liability after the statute of limitations expired on the extremist-related charges he had faced.<\/p>\n\n\n\n<p>People placed on the list of individuals involved in extremist activities are banned from any education- and publishing-related activity, as well as from holding state positions and from doing military service, for five years after completing their sentences or after the related conviction is deleted from the criminal record.<\/p>\n\n\n\n<p>Their financial transactions are subject to close monitoring.<\/p>\n\n\n\n<p>Following the crackdown on the 2020 postelection protests, authorities in Belarus equated criticism, solidarity, advocacy, the free media and free expression to extremism and terrorism.&nbsp;&nbsp;<\/p>\n\n\n\n<div class=\"insert-block\">\n\n    <div class=\"insert-block__img\">\n        <img decoding=\"async\" width=\"354\" height=\"236\" src=\"https:\/\/pozirk.online\/wp-content\/uploads\/2024\/01\/pozirk_color_blank_1128x752-354x236.jpg\" class=\"attachment-medium size-medium\" alt=\"\" srcset=\"https:\/\/pozirk.online\/wp-content\/uploads\/2024\/01\/pozirk_color_blank_1128x752-354x236.jpg 354w, https:\/\/pozirk.online\/wp-content\/uploads\/2024\/01\/pozirk_color_blank_1128x752-734x490.jpg 734w, https:\/\/pozirk.online\/wp-content\/uploads\/2024\/01\/pozirk_color_blank_1128x752-178x118.jpg 178w, https:\/\/pozirk.online\/wp-content\/uploads\/2024\/01\/pozirk_color_blank_1128x752-768x512.jpg 768w, https:\/\/pozirk.online\/wp-content\/uploads\/2024\/01\/pozirk_color_blank_1128x752.jpg 1128w\" sizes=\"(max-width: 354px) 100vw, 354px\" \/>                        <label class=\"insert-block__tag--mobile\"> \u041f\u043e\u043b\u0438\u0442\u0438\u043a\u0430<\/label>\n\n                <\/div>\n    <div class=\"insert-block__text\">\n                    <label class=\"insert-block__tag\">\u041f\u043e\u043b\u0438\u0442\u0438\u043a\u0430<\/label>\n                <h3 class=\"insert-block__title\">Cancer-stricken woman given four years in Bie\u0142aruski Hajun crackdown<\/h3>\n        <div class=\"insert-block__descr\">February 26, Pozirk. Iryna Levina, diagnosed with cancer, was given a four-year restricted freedom sentence in the Bie\u0142aruski Hajun case, the Homiel branch of the Viasna Human Rights Center said. The woman from Mazyr, Homiel region, was convicted of extremism &#8230;<\/div>\n        <a class=\"insert-block__btn-block\" href=\"\/en\/news\/177227\">\n            <button class=\"btn\">\n                <div class='btn__text'>Read the article<\/div>\n            <\/button>\n        <\/a>\n    <\/div>\n<\/div>","protected":false},"excerpt":{"rendered":"<p>February 27, Pozirk. Belarus\u2019 interior ministry added 33 names to its list of extremists, taking the total of entries on the register to 6,353. Rights groups consider five of the recently added persons as political prisoners. Valeryj Chackievi\u010d and Pavie\u0142 Vierasko\u016dski are serving three and four years in prison, respectively. Iryna Minich, Vital Vypra\u017ekin and [&hellip;]<\/p>\n","protected":false},"author":84,"featured_media":87832,"template":"","rubric":[14],"class_list":["post-177492","articles","type-articles","status-publish","has-post-thumbnail","hentry","rubric-politics"],"acf":[],"yoast_head":"<!-- This site is optimized with the Yoast SEO plugin v25.5 - https:\/\/yoast.com\/wordpress\/plugins\/seo\/ -->\n<title>Interior ministry designates 33 as extremists | Pozirk<\/title>\n<meta name=\"description\" content=\"February 27, Pozirk. Belarus\u2019 interior ministry added 33 names to its list of extremists, taking the total of entries on the register to 6,353. Rights\" \/>\n<meta name=\"robots\" content=\"index, follow, max-snippet:-1, max-image-preview:large, max-video-preview:-1\" \/>\n<link rel=\"canonical\" href=\"https:\/\/pozirk.online\/en\/news\/177492\/\" \/>\n<meta property=\"og:locale\" content=\"en_US\" \/>\n<meta property=\"og:type\" content=\"article\" \/>\n<meta property=\"og:title\" content=\"Interior ministry designates 33 as extremists | Pozirk\" \/>\n<meta property=\"og:description\" content=\"February 27, Pozirk. Belarus\u2019 interior ministry added 33 names to its list of extremists, taking the total of entries on the register to 6,353. Rights\" \/>\n<meta property=\"og:url\" content=\"https:\/\/pozirk.online\/en\/news\/177492\/\" \/>\n<meta property=\"og:site_name\" content=\"Pozirk\" \/>\n<meta property=\"article:publisher\" content=\"https:\/\/www.facebook.com\/pozirkonline\/\" \/>\n<meta property=\"article:modified_time\" content=\"2026-03-10T12:05:06+00:00\" \/>\n<meta property=\"og:image\" content=\"https:\/\/pozirk.online\/wp-content\/uploads\/2024\/05\/repressii_pixabay.jpg\" \/>\n\t<meta property=\"og:image:width\" content=\"775\" \/>\n\t<meta property=\"og:image:height\" content=\"550\" \/>\n\t<meta property=\"og:image:type\" content=\"image\/jpeg\" \/>\n<meta name=\"twitter:card\" content=\"summary_large_image\" \/>\n<meta name=\"twitter:site\" content=\"@Pozirk_online\" \/>\n<meta name=\"twitter:label1\" content=\"Est. reading time\" \/>\n\t<meta name=\"twitter:data1\" content=\"2 minutes\" \/>\n<script type=\"application\/ld+json\" class=\"yoast-schema-graph\">{\"@context\":\"https:\/\/schema.org\",\"@graph\":[{\"@type\":\"NewsArticle\",\"@id\":\"https:\/\/pozirk.online\/en\/news\/177492\/#article\",\"isPartOf\":{\"@id\":\"https:\/\/pozirk.online\/en\/news\/177492\/\"},\"headline\":\"Interior ministry designates 33 as extremists\",\"datePublished\":\"2026-02-27T15:22:34+00:00\",\"dateModified\":\"2026-03-10T12:05:06+00:00\",\"mainEntityOfPage\":{\"@id\":\"https:\/\/pozirk.online\/en\/news\/177492\/\"},\"wordCount\":355,\"publisher\":{\"@id\":\"https:\/\/pozirk.online\/en\/#organization\"},\"image\":{\"@id\":\"https:\/\/pozirk.online\/en\/news\/177492\/#primaryimage\"},\"thumbnailUrl\":\"https:\/\/pozirk.online\/wp-content\/uploads\/2024\/05\/repressii_pixabay.jpg\",\"inLanguage\":\"en-US\"},{\"@type\":\"WebPage\",\"@id\":\"https:\/\/pozirk.online\/en\/news\/177492\/\",\"url\":\"https:\/\/pozirk.online\/en\/news\/177492\/\",\"name\":\"Interior ministry designates 33 as extremists | Pozirk\",\"isPartOf\":{\"@id\":\"https:\/\/pozirk.online\/en\/#website\"},\"primaryImageOfPage\":{\"@id\":\"https:\/\/pozirk.online\/en\/news\/177492\/#primaryimage\"},\"image\":{\"@id\":\"https:\/\/pozirk.online\/en\/news\/177492\/#primaryimage\"},\"thumbnailUrl\":\"https:\/\/pozirk.online\/wp-content\/uploads\/2024\/05\/repressii_pixabay.jpg\",\"datePublished\":\"2026-02-27T15:22:34+00:00\",\"dateModified\":\"2026-03-10T12:05:06+00:00\",\"description\":\"February 27, Pozirk. Belarus\u2019 interior ministry added 33 names to its list of extremists, taking the total of entries on the register to 6,353. Rights\",\"breadcrumb\":{\"@id\":\"https:\/\/pozirk.online\/en\/news\/177492\/#breadcrumb\"},\"inLanguage\":\"en-US\",\"potentialAction\":[{\"@type\":\"ReadAction\",\"target\":[\"https:\/\/pozirk.online\/en\/news\/177492\/\"]}]},{\"@type\":\"ImageObject\",\"inLanguage\":\"en-US\",\"@id\":\"https:\/\/pozirk.online\/en\/news\/177492\/#primaryimage\",\"url\":\"https:\/\/pozirk.online\/wp-content\/uploads\/2024\/05\/repressii_pixabay.jpg\",\"contentUrl\":\"https:\/\/pozirk.online\/wp-content\/uploads\/2024\/05\/repressii_pixabay.jpg\",\"width\":775,\"height\":550},{\"@type\":\"BreadcrumbList\",\"@id\":\"https:\/\/pozirk.online\/en\/news\/177492\/#breadcrumb\",\"itemListElement\":[{\"@type\":\"ListItem\",\"position\":1,\"name\":\"Home\",\"item\":\"https:\/\/pozirk.online\/en\/\"},{\"@type\":\"ListItem\",\"position\":2,\"name\":\"Interior ministry designates 33 as extremists\"}]},{\"@type\":\"WebSite\",\"@id\":\"https:\/\/pozirk.online\/en\/#website\",\"url\":\"https:\/\/pozirk.online\/en\/\",\"name\":\"Pozirk\",\"description\":\"\",\"publisher\":{\"@id\":\"https:\/\/pozirk.online\/en\/#organization\"},\"potentialAction\":[{\"@type\":\"SearchAction\",\"target\":{\"@type\":\"EntryPoint\",\"urlTemplate\":\"https:\/\/pozirk.online\/en\/?s={search_term_string}\"},\"query-input\":{\"@type\":\"PropertyValueSpecification\",\"valueRequired\":true,\"valueName\":\"search_term_string\"}}],\"inLanguage\":\"en-US\"},{\"@type\":\"Organization\",\"@id\":\"https:\/\/pozirk.online\/en\/#organization\",\"name\":\"Pozirk\",\"url\":\"https:\/\/pozirk.online\/en\/\",\"logo\":{\"@type\":\"ImageObject\",\"inLanguage\":\"en-US\",\"@id\":\"https:\/\/pozirk.online\/en\/#\/schema\/logo\/image\/\",\"url\":\"https:\/\/pozirk.online\/wp-content\/uploads\/2023\/11\/cropped-Logo_color_512.png\",\"contentUrl\":\"https:\/\/pozirk.online\/wp-content\/uploads\/2023\/11\/cropped-Logo_color_512.png\",\"width\":512,\"height\":512,\"caption\":\"Pozirk\"},\"image\":{\"@id\":\"https:\/\/pozirk.online\/en\/#\/schema\/logo\/image\/\"},\"sameAs\":[\"https:\/\/www.facebook.com\/pozirkonline\/\",\"https:\/\/x.com\/Pozirk_online\"]}]}<\/script>\n<!-- \/ Yoast SEO plugin. -->","yoast_head_json":{"title":"Interior ministry designates 33 as extremists | Pozirk","description":"February 27, Pozirk. Belarus\u2019 interior ministry added 33 names to its list of extremists, taking the total of entries on the register to 6,353. Rights","robots":{"index":"index","follow":"follow","max-snippet":"max-snippet:-1","max-image-preview":"max-image-preview:large","max-video-preview":"max-video-preview:-1"},"canonical":"https:\/\/pozirk.online\/en\/news\/177492\/","og_locale":"en_US","og_type":"article","og_title":"Interior ministry designates 33 as extremists | Pozirk","og_description":"February 27, Pozirk. Belarus\u2019 interior ministry added 33 names to its list of extremists, taking the total of entries on the register to 6,353. Rights","og_url":"https:\/\/pozirk.online\/en\/news\/177492\/","og_site_name":"Pozirk","article_publisher":"https:\/\/www.facebook.com\/pozirkonline\/","article_modified_time":"2026-03-10T12:05:06+00:00","og_image":[{"width":775,"height":550,"url":"https:\/\/pozirk.online\/wp-content\/uploads\/2024\/05\/repressii_pixabay.jpg","type":"image\/jpeg"}],"twitter_card":"summary_large_image","twitter_site":"@Pozirk_online","twitter_misc":{"Est. reading time":"2 minutes"},"schema":{"@context":"https:\/\/schema.org","@graph":[{"@type":"NewsArticle","@id":"https:\/\/pozirk.online\/en\/news\/177492\/#article","isPartOf":{"@id":"https:\/\/pozirk.online\/en\/news\/177492\/"},"headline":"Interior ministry designates 33 as extremists","datePublished":"2026-02-27T15:22:34+00:00","dateModified":"2026-03-10T12:05:06+00:00","mainEntityOfPage":{"@id":"https:\/\/pozirk.online\/en\/news\/177492\/"},"wordCount":355,"publisher":{"@id":"https:\/\/pozirk.online\/en\/#organization"},"image":{"@id":"https:\/\/pozirk.online\/en\/news\/177492\/#primaryimage"},"thumbnailUrl":"https:\/\/pozirk.online\/wp-content\/uploads\/2024\/05\/repressii_pixabay.jpg","inLanguage":"en-US"},{"@type":"WebPage","@id":"https:\/\/pozirk.online\/en\/news\/177492\/","url":"https:\/\/pozirk.online\/en\/news\/177492\/","name":"Interior ministry designates 33 as extremists | Pozirk","isPartOf":{"@id":"https:\/\/pozirk.online\/en\/#website"},"primaryImageOfPage":{"@id":"https:\/\/pozirk.online\/en\/news\/177492\/#primaryimage"},"image":{"@id":"https:\/\/pozirk.online\/en\/news\/177492\/#primaryimage"},"thumbnailUrl":"https:\/\/pozirk.online\/wp-content\/uploads\/2024\/05\/repressii_pixabay.jpg","datePublished":"2026-02-27T15:22:34+00:00","dateModified":"2026-03-10T12:05:06+00:00","description":"February 27, Pozirk. Belarus\u2019 interior ministry added 33 names to its list of extremists, taking the total of entries on the register to 6,353. Rights","breadcrumb":{"@id":"https:\/\/pozirk.online\/en\/news\/177492\/#breadcrumb"},"inLanguage":"en-US","potentialAction":[{"@type":"ReadAction","target":["https:\/\/pozirk.online\/en\/news\/177492\/"]}]},{"@type":"ImageObject","inLanguage":"en-US","@id":"https:\/\/pozirk.online\/en\/news\/177492\/#primaryimage","url":"https:\/\/pozirk.online\/wp-content\/uploads\/2024\/05\/repressii_pixabay.jpg","contentUrl":"https:\/\/pozirk.online\/wp-content\/uploads\/2024\/05\/repressii_pixabay.jpg","width":775,"height":550},{"@type":"BreadcrumbList","@id":"https:\/\/pozirk.online\/en\/news\/177492\/#breadcrumb","itemListElement":[{"@type":"ListItem","position":1,"name":"Home","item":"https:\/\/pozirk.online\/en\/"},{"@type":"ListItem","position":2,"name":"Interior ministry designates 33 as extremists"}]},{"@type":"WebSite","@id":"https:\/\/pozirk.online\/en\/#website","url":"https:\/\/pozirk.online\/en\/","name":"Pozirk","description":"","publisher":{"@id":"https:\/\/pozirk.online\/en\/#organization"},"potentialAction":[{"@type":"SearchAction","target":{"@type":"EntryPoint","urlTemplate":"https:\/\/pozirk.online\/en\/?s={search_term_string}"},"query-input":{"@type":"PropertyValueSpecification","valueRequired":true,"valueName":"search_term_string"}}],"inLanguage":"en-US"},{"@type":"Organization","@id":"https:\/\/pozirk.online\/en\/#organization","name":"Pozirk","url":"https:\/\/pozirk.online\/en\/","logo":{"@type":"ImageObject","inLanguage":"en-US","@id":"https:\/\/pozirk.online\/en\/#\/schema\/logo\/image\/","url":"https:\/\/pozirk.online\/wp-content\/uploads\/2023\/11\/cropped-Logo_color_512.png","contentUrl":"https:\/\/pozirk.online\/wp-content\/uploads\/2023\/11\/cropped-Logo_color_512.png","width":512,"height":512,"caption":"Pozirk"},"image":{"@id":"https:\/\/pozirk.online\/en\/#\/schema\/logo\/image\/"},"sameAs":["https:\/\/www.facebook.com\/pozirkonline\/","https:\/\/x.com\/Pozirk_online"]}]}},"_links":{"self":[{"href":"https:\/\/pozirk.online\/en\/wp-json\/wp\/v2\/articles\/177492","targetHints":{"allow":["GET"]}}],"collection":[{"href":"https:\/\/pozirk.online\/en\/wp-json\/wp\/v2\/articles"}],"about":[{"href":"https:\/\/pozirk.online\/en\/wp-json\/wp\/v2\/types\/articles"}],"author":[{"embeddable":true,"href":"https:\/\/pozirk.online\/en\/wp-json\/wp\/v2\/users\/84"}],"wp:featuredmedia":[{"embeddable":true,"href":"https:\/\/pozirk.online\/en\/wp-json\/wp\/v2\/media\/87832"}],"wp:attachment":[{"href":"https:\/\/pozirk.online\/en\/wp-json\/wp\/v2\/media?parent=177492"}],"wp:term":[{"taxonomy":"rubric","embeddable":true,"href":"https:\/\/pozirk.online\/en\/wp-json\/wp\/v2\/rubric?post=177492"}],"curies":[{"name":"wp","href":"https:\/\/api.w.org\/{rel}","templated":true}]}}