{"id":180261,"date":"2026-03-20T14:33:06","date_gmt":"2026-03-20T11:33:06","guid":{"rendered":"https:\/\/pozirk.online\/en\/news\/180261\/"},"modified":"2026-03-20T14:33:08","modified_gmt":"2026-03-20T11:33:08","slug":"interior-ministry-brands-22-people-as-extremists","status":"publish","type":"articles","link":"https:\/\/pozirk.online\/en\/news\/180261\/","title":{"rendered":"Interior ministry brands 22 people as extremists"},"content":{"rendered":"\n<figure class=\"block-image block-image-normal\">\n\n  <img decoding=\"async\" width=\"775\" height=\"550\" src=\"https:\/\/pozirk.online\/wp-content\/uploads\/2024\/05\/repressii_pixabay.jpg\" class=\"attachment-full size-full\" alt=\"\" srcset=\"https:\/\/pozirk.online\/wp-content\/uploads\/2024\/05\/repressii_pixabay.jpg 775w, https:\/\/pozirk.online\/wp-content\/uploads\/2024\/05\/repressii_pixabay-333x236.jpg 333w, https:\/\/pozirk.online\/wp-content\/uploads\/2024\/05\/repressii_pixabay-690x490.jpg 690w, https:\/\/pozirk.online\/wp-content\/uploads\/2024\/05\/repressii_pixabay-768x545.jpg 768w\" sizes=\"(max-width: 775px) 100vw, 775px\" \/>\n  <figcaption>\n  \n       <div class=\"block-image__author\">\n                <span>(pixabay.com)<\/span>\n    <\/div>\n     <\/figcaption>\n<\/figure>\n\n\n\n<p><strong>March 20, <em>Pozirk.<\/em><\/strong> Belarus\u2019 interior ministry has added 22 names to its list of extremists, taking the total of entries on the official register to 6,424.<\/p>\n\n\n\n<p>The additions include designated political prisoners Alaksandar Bigiel, serving an 18-month prison term on defamation- and extremism-related charges, and Ilja Dzindzika\u016d, imprisoned for three years in the Bie\u0142aruski Hajun case.<\/p>\n\n\n\n<p>D\u017amitryj Via\u0142a\u016d, Dani\u0142a Cyhanko\u016d, Siarhiej Rabca\u016d and D\u017amitryj \u0141uhovi\u010d are serving sentences on charges ranging from inciting hatred to facilitating extremist activities. &nbsp;<\/p>\n\n\n\n<p>The sentences of 16 recently blacklisted persons remain incomplete, which means that they may be serving non-custodial terms.<\/p>\n\n\n\n<p>Among them is Jan Paciupa, also persecuted in the Bie\u0142aruski Hajun case. Others are Taras Biera\u017eny, \u015aciapan Hec, D\u017amitryj Mu\u0161ynski, Viktar Zubar, Alaksandar Stralecki, Kanstancin Fiodara\u016d, Pavie\u0142 Barazna, Michai\u0142 Masalevi\u010d, U\u0142adzis\u0142a\u016d Pu\u010dko\u016d, Anton Zota\u016d, Ihar Fiaducik, D\u017amitryj Burak, Siarhiej Zaruba, D\u017amitryj Ka\u0142tunievi\u010d and Arciom Majsiuk.<\/p>\n\n\n\n<p>Most of them were convicted on extremism-related charges that authorities increasingly use to persecute regime critics.<\/p>\n\n\n\n<p>People placed on the list of individuals involved in extremist activities are banned from any education- and publishing-related activity, as well as from holding state positions and from doing military service, for five years after completing their sentences or after the related conviction is deleted from the criminal record.<\/p>\n\n\n\n<p>Their financial transactions are subject to close monitoring.<\/p>\n\n\n\n<p>Following the crackdown on the 2020 postelection protests, authorities in Belarus equated criticism, solidarity, advocacy, the free media and free expression to extremism and terrorism.&nbsp;&nbsp;<\/p>\n\n\n\n<div class=\"insert-block\">\n\n    <div class=\"insert-block__img\">\n        <img decoding=\"async\" width=\"354\" height=\"236\" src=\"https:\/\/pozirk.online\/wp-content\/uploads\/2025\/02\/kgb_mogilevnews_by-354x236.jpg\" class=\"attachment-medium size-medium\" alt=\"\" srcset=\"https:\/\/pozirk.online\/wp-content\/uploads\/2025\/02\/kgb_mogilevnews_by-354x236.jpg 354w, https:\/\/pozirk.online\/wp-content\/uploads\/2025\/02\/kgb_mogilevnews_by-734x490.jpg 734w, https:\/\/pozirk.online\/wp-content\/uploads\/2025\/02\/kgb_mogilevnews_by-178x118.jpg 178w, https:\/\/pozirk.online\/wp-content\/uploads\/2025\/02\/kgb_mogilevnews_by-768x512.jpg 768w, https:\/\/pozirk.online\/wp-content\/uploads\/2025\/02\/kgb_mogilevnews_by.jpg 1128w\" sizes=\"(max-width: 354px) 100vw, 354px\" \/>                        <label class=\"insert-block__tag--mobile\"> Politics<\/label>\n\n                <\/div>\n    <div class=\"insert-block__text\">\n                    <label class=\"insert-block__tag\">Politics<\/label>\n                <h3 class=\"insert-block__title\">KGB outlaws two advocacy groups, Northern Lights festival as \u201cextremist organizations\u201d<\/h3>\n        <div class=\"insert-block__descr\">March 18, Pozirk. Belarus\u2019 Committee for State Security (KGB) outlawed the advocacy organizations Human Constanta and Spadcyna Belarusi and the Northern Lights film festival as \u201cextremist groups\u201d on March 11 in an effort to prosecute activists and organizers. The interior &#8230;<\/div>\n        <a class=\"insert-block__btn-block\" href=\"\/en\/news\/179902\">\n            <button class=\"btn\">\n                <div class='btn__text'>Read the article<\/div>\n            <\/button>\n        <\/a>\n    <\/div>\n<\/div>","protected":false},"excerpt":{"rendered":"<p>March 20, Pozirk. Belarus\u2019 interior ministry has added 22 names to its list of extremists, taking the total of entries on the official register to 6,424. The additions include designated political prisoners Alaksandar Bigiel, serving an 18-month prison term on defamation- and extremism-related charges, and Ilja Dzindzika\u016d, imprisoned for three years in the Bie\u0142aruski Hajun [&hellip;]<\/p>\n","protected":false},"author":84,"featured_media":87832,"template":"","rubric":[16],"class_list":["post-180261","articles","type-articles","status-publish","has-post-thumbnail","hentry","rubric-politics"],"acf":[],"yoast_head":"<!-- This site is optimized with the Yoast SEO plugin v25.5 - https:\/\/yoast.com\/wordpress\/plugins\/seo\/ -->\n<title>Interior ministry brands 22 people as extremists | Pozirk<\/title>\n<meta name=\"description\" content=\"March 20, Pozirk. Belarus\u2019 interior ministry has added 22 names to its list of extremists, taking the total of entries on the official register to 6,424.\" \/>\n<meta name=\"robots\" content=\"index, follow, max-snippet:-1, max-image-preview:large, max-video-preview:-1\" \/>\n<link rel=\"canonical\" href=\"https:\/\/pozirk.online\/en\/news\/180261\/\" \/>\n<meta property=\"og:locale\" content=\"en_US\" \/>\n<meta property=\"og:type\" content=\"article\" \/>\n<meta property=\"og:title\" content=\"Interior ministry brands 22 people as extremists | Pozirk\" \/>\n<meta property=\"og:description\" content=\"March 20, Pozirk. Belarus\u2019 interior ministry has added 22 names to its list of extremists, taking the total of entries on the official register to 6,424.\" \/>\n<meta property=\"og:url\" content=\"https:\/\/pozirk.online\/en\/news\/180261\/\" \/>\n<meta property=\"og:site_name\" content=\"Pozirk\" \/>\n<meta property=\"article:publisher\" content=\"https:\/\/www.facebook.com\/pozirkonline\/\" \/>\n<meta property=\"article:modified_time\" content=\"2026-03-20T11:33:08+00:00\" \/>\n<meta property=\"og:image\" content=\"https:\/\/pozirk.online\/wp-content\/uploads\/2024\/05\/repressii_pixabay.jpg\" \/>\n\t<meta property=\"og:image:width\" content=\"775\" \/>\n\t<meta property=\"og:image:height\" content=\"550\" \/>\n\t<meta property=\"og:image:type\" content=\"image\/jpeg\" \/>\n<meta name=\"twitter:card\" content=\"summary_large_image\" \/>\n<meta name=\"twitter:site\" content=\"@Pozirk_online\" \/>\n<meta name=\"twitter:label1\" content=\"Est. reading time\" \/>\n\t<meta name=\"twitter:data1\" content=\"2 minutes\" \/>\n<script type=\"application\/ld+json\" class=\"yoast-schema-graph\">{\"@context\":\"https:\/\/schema.org\",\"@graph\":[{\"@type\":\"NewsArticle\",\"@id\":\"https:\/\/pozirk.online\/en\/news\/180261\/#article\",\"isPartOf\":{\"@id\":\"https:\/\/pozirk.online\/en\/news\/180261\/\"},\"headline\":\"Interior ministry brands 22 people as extremists\",\"datePublished\":\"2026-03-20T11:33:06+00:00\",\"dateModified\":\"2026-03-20T11:33:08+00:00\",\"mainEntityOfPage\":{\"@id\":\"https:\/\/pozirk.online\/en\/news\/180261\/\"},\"wordCount\":258,\"publisher\":{\"@id\":\"https:\/\/pozirk.online\/en\/#organization\"},\"image\":{\"@id\":\"https:\/\/pozirk.online\/en\/news\/180261\/#primaryimage\"},\"thumbnailUrl\":\"https:\/\/pozirk.online\/wp-content\/uploads\/2024\/05\/repressii_pixabay.jpg\",\"inLanguage\":\"en-US\"},{\"@type\":\"WebPage\",\"@id\":\"https:\/\/pozirk.online\/en\/news\/180261\/\",\"url\":\"https:\/\/pozirk.online\/en\/news\/180261\/\",\"name\":\"Interior ministry brands 22 people as extremists | Pozirk\",\"isPartOf\":{\"@id\":\"https:\/\/pozirk.online\/en\/#website\"},\"primaryImageOfPage\":{\"@id\":\"https:\/\/pozirk.online\/en\/news\/180261\/#primaryimage\"},\"image\":{\"@id\":\"https:\/\/pozirk.online\/en\/news\/180261\/#primaryimage\"},\"thumbnailUrl\":\"https:\/\/pozirk.online\/wp-content\/uploads\/2024\/05\/repressii_pixabay.jpg\",\"datePublished\":\"2026-03-20T11:33:06+00:00\",\"dateModified\":\"2026-03-20T11:33:08+00:00\",\"description\":\"March 20, Pozirk. Belarus\u2019 interior ministry has added 22 names to its list of extremists, taking the total of entries on the official register to 6,424.\",\"breadcrumb\":{\"@id\":\"https:\/\/pozirk.online\/en\/news\/180261\/#breadcrumb\"},\"inLanguage\":\"en-US\",\"potentialAction\":[{\"@type\":\"ReadAction\",\"target\":[\"https:\/\/pozirk.online\/en\/news\/180261\/\"]}]},{\"@type\":\"ImageObject\",\"inLanguage\":\"en-US\",\"@id\":\"https:\/\/pozirk.online\/en\/news\/180261\/#primaryimage\",\"url\":\"https:\/\/pozirk.online\/wp-content\/uploads\/2024\/05\/repressii_pixabay.jpg\",\"contentUrl\":\"https:\/\/pozirk.online\/wp-content\/uploads\/2024\/05\/repressii_pixabay.jpg\",\"width\":775,\"height\":550},{\"@type\":\"BreadcrumbList\",\"@id\":\"https:\/\/pozirk.online\/en\/news\/180261\/#breadcrumb\",\"itemListElement\":[{\"@type\":\"ListItem\",\"position\":1,\"name\":\"Home\",\"item\":\"https:\/\/pozirk.online\/en\/\"},{\"@type\":\"ListItem\",\"position\":2,\"name\":\"Interior ministry brands 22 people as extremists\"}]},{\"@type\":\"WebSite\",\"@id\":\"https:\/\/pozirk.online\/en\/#website\",\"url\":\"https:\/\/pozirk.online\/en\/\",\"name\":\"Pozirk\",\"description\":\"\",\"publisher\":{\"@id\":\"https:\/\/pozirk.online\/en\/#organization\"},\"potentialAction\":[{\"@type\":\"SearchAction\",\"target\":{\"@type\":\"EntryPoint\",\"urlTemplate\":\"https:\/\/pozirk.online\/en\/?s={search_term_string}\"},\"query-input\":{\"@type\":\"PropertyValueSpecification\",\"valueRequired\":true,\"valueName\":\"search_term_string\"}}],\"inLanguage\":\"en-US\"},{\"@type\":\"Organization\",\"@id\":\"https:\/\/pozirk.online\/en\/#organization\",\"name\":\"Pozirk\",\"url\":\"https:\/\/pozirk.online\/en\/\",\"logo\":{\"@type\":\"ImageObject\",\"inLanguage\":\"en-US\",\"@id\":\"https:\/\/pozirk.online\/en\/#\/schema\/logo\/image\/\",\"url\":\"https:\/\/pozirk.online\/wp-content\/uploads\/2023\/11\/cropped-Logo_color_512.png\",\"contentUrl\":\"https:\/\/pozirk.online\/wp-content\/uploads\/2023\/11\/cropped-Logo_color_512.png\",\"width\":512,\"height\":512,\"caption\":\"Pozirk\"},\"image\":{\"@id\":\"https:\/\/pozirk.online\/en\/#\/schema\/logo\/image\/\"},\"sameAs\":[\"https:\/\/www.facebook.com\/pozirkonline\/\",\"https:\/\/x.com\/Pozirk_online\"]}]}<\/script>\n<!-- \/ Yoast SEO plugin. -->","yoast_head_json":{"title":"Interior ministry brands 22 people as extremists | Pozirk","description":"March 20, Pozirk. Belarus\u2019 interior ministry has added 22 names to its list of extremists, taking the total of entries on the official register to 6,424.","robots":{"index":"index","follow":"follow","max-snippet":"max-snippet:-1","max-image-preview":"max-image-preview:large","max-video-preview":"max-video-preview:-1"},"canonical":"https:\/\/pozirk.online\/en\/news\/180261\/","og_locale":"en_US","og_type":"article","og_title":"Interior ministry brands 22 people as extremists | Pozirk","og_description":"March 20, Pozirk. Belarus\u2019 interior ministry has added 22 names to its list of extremists, taking the total of entries on the official register to 6,424.","og_url":"https:\/\/pozirk.online\/en\/news\/180261\/","og_site_name":"Pozirk","article_publisher":"https:\/\/www.facebook.com\/pozirkonline\/","article_modified_time":"2026-03-20T11:33:08+00:00","og_image":[{"width":775,"height":550,"url":"https:\/\/pozirk.online\/wp-content\/uploads\/2024\/05\/repressii_pixabay.jpg","type":"image\/jpeg"}],"twitter_card":"summary_large_image","twitter_site":"@Pozirk_online","twitter_misc":{"Est. reading time":"2 minutes"},"schema":{"@context":"https:\/\/schema.org","@graph":[{"@type":"NewsArticle","@id":"https:\/\/pozirk.online\/en\/news\/180261\/#article","isPartOf":{"@id":"https:\/\/pozirk.online\/en\/news\/180261\/"},"headline":"Interior ministry brands 22 people as extremists","datePublished":"2026-03-20T11:33:06+00:00","dateModified":"2026-03-20T11:33:08+00:00","mainEntityOfPage":{"@id":"https:\/\/pozirk.online\/en\/news\/180261\/"},"wordCount":258,"publisher":{"@id":"https:\/\/pozirk.online\/en\/#organization"},"image":{"@id":"https:\/\/pozirk.online\/en\/news\/180261\/#primaryimage"},"thumbnailUrl":"https:\/\/pozirk.online\/wp-content\/uploads\/2024\/05\/repressii_pixabay.jpg","inLanguage":"en-US"},{"@type":"WebPage","@id":"https:\/\/pozirk.online\/en\/news\/180261\/","url":"https:\/\/pozirk.online\/en\/news\/180261\/","name":"Interior ministry brands 22 people as extremists | Pozirk","isPartOf":{"@id":"https:\/\/pozirk.online\/en\/#website"},"primaryImageOfPage":{"@id":"https:\/\/pozirk.online\/en\/news\/180261\/#primaryimage"},"image":{"@id":"https:\/\/pozirk.online\/en\/news\/180261\/#primaryimage"},"thumbnailUrl":"https:\/\/pozirk.online\/wp-content\/uploads\/2024\/05\/repressii_pixabay.jpg","datePublished":"2026-03-20T11:33:06+00:00","dateModified":"2026-03-20T11:33:08+00:00","description":"March 20, Pozirk. Belarus\u2019 interior ministry has added 22 names to its list of extremists, taking the total of entries on the official register to 6,424.","breadcrumb":{"@id":"https:\/\/pozirk.online\/en\/news\/180261\/#breadcrumb"},"inLanguage":"en-US","potentialAction":[{"@type":"ReadAction","target":["https:\/\/pozirk.online\/en\/news\/180261\/"]}]},{"@type":"ImageObject","inLanguage":"en-US","@id":"https:\/\/pozirk.online\/en\/news\/180261\/#primaryimage","url":"https:\/\/pozirk.online\/wp-content\/uploads\/2024\/05\/repressii_pixabay.jpg","contentUrl":"https:\/\/pozirk.online\/wp-content\/uploads\/2024\/05\/repressii_pixabay.jpg","width":775,"height":550},{"@type":"BreadcrumbList","@id":"https:\/\/pozirk.online\/en\/news\/180261\/#breadcrumb","itemListElement":[{"@type":"ListItem","position":1,"name":"Home","item":"https:\/\/pozirk.online\/en\/"},{"@type":"ListItem","position":2,"name":"Interior ministry brands 22 people as extremists"}]},{"@type":"WebSite","@id":"https:\/\/pozirk.online\/en\/#website","url":"https:\/\/pozirk.online\/en\/","name":"Pozirk","description":"","publisher":{"@id":"https:\/\/pozirk.online\/en\/#organization"},"potentialAction":[{"@type":"SearchAction","target":{"@type":"EntryPoint","urlTemplate":"https:\/\/pozirk.online\/en\/?s={search_term_string}"},"query-input":{"@type":"PropertyValueSpecification","valueRequired":true,"valueName":"search_term_string"}}],"inLanguage":"en-US"},{"@type":"Organization","@id":"https:\/\/pozirk.online\/en\/#organization","name":"Pozirk","url":"https:\/\/pozirk.online\/en\/","logo":{"@type":"ImageObject","inLanguage":"en-US","@id":"https:\/\/pozirk.online\/en\/#\/schema\/logo\/image\/","url":"https:\/\/pozirk.online\/wp-content\/uploads\/2023\/11\/cropped-Logo_color_512.png","contentUrl":"https:\/\/pozirk.online\/wp-content\/uploads\/2023\/11\/cropped-Logo_color_512.png","width":512,"height":512,"caption":"Pozirk"},"image":{"@id":"https:\/\/pozirk.online\/en\/#\/schema\/logo\/image\/"},"sameAs":["https:\/\/www.facebook.com\/pozirkonline\/","https:\/\/x.com\/Pozirk_online"]}]}},"_links":{"self":[{"href":"https:\/\/pozirk.online\/en\/wp-json\/wp\/v2\/articles\/180261","targetHints":{"allow":["GET"]}}],"collection":[{"href":"https:\/\/pozirk.online\/en\/wp-json\/wp\/v2\/articles"}],"about":[{"href":"https:\/\/pozirk.online\/en\/wp-json\/wp\/v2\/types\/articles"}],"author":[{"embeddable":true,"href":"https:\/\/pozirk.online\/en\/wp-json\/wp\/v2\/users\/84"}],"wp:featuredmedia":[{"embeddable":true,"href":"https:\/\/pozirk.online\/en\/wp-json\/wp\/v2\/media\/87832"}],"wp:attachment":[{"href":"https:\/\/pozirk.online\/en\/wp-json\/wp\/v2\/media?parent=180261"}],"wp:term":[{"taxonomy":"rubric","embeddable":true,"href":"https:\/\/pozirk.online\/en\/wp-json\/wp\/v2\/rubric?post=180261"}],"curies":[{"name":"wp","href":"https:\/\/api.w.org\/{rel}","templated":true}]}}