{"id":181056,"date":"2026-03-26T11:12:52","date_gmt":"2026-03-26T08:12:52","guid":{"rendered":"https:\/\/pozirk.online\/en\/news\/181056\/"},"modified":"2026-03-26T14:24:02","modified_gmt":"2026-03-26T11:24:02","slug":"path-to-freedom-forum-in-kyiv-calls-for-regional-coordination-mechanism-for-belarus","status":"publish","type":"articles","link":"https:\/\/pozirk.online\/en\/news\/181056\/","title":{"rendered":"Kyiv forum calls for regional\u00a0coordination mechanism for Belarus"},"content":{"rendered":"\n<figure class=\"block-image block-image-normal\">\n\n  <img decoding=\"async\" width=\"1280\" height=\"853\" src=\"https:\/\/pozirk.online\/wp-content\/uploads\/2026\/03\/forum-put-k-svobode-20260325-POZ.jpg\" class=\"attachment-full size-full\" alt=\"\" srcset=\"https:\/\/pozirk.online\/wp-content\/uploads\/2026\/03\/forum-put-k-svobode-20260325-POZ.jpg 1280w, https:\/\/pozirk.online\/wp-content\/uploads\/2026\/03\/forum-put-k-svobode-20260325-POZ-354x236.jpg 354w, https:\/\/pozirk.online\/wp-content\/uploads\/2026\/03\/forum-put-k-svobode-20260325-POZ-734x490.jpg 734w, https:\/\/pozirk.online\/wp-content\/uploads\/2026\/03\/forum-put-k-svobode-20260325-POZ-178x118.jpg 178w, https:\/\/pozirk.online\/wp-content\/uploads\/2026\/03\/forum-put-k-svobode-20260325-POZ-768x512.jpg 768w\" sizes=\"(max-width: 1280px) 100vw, 1280px\" \/>\n  <figcaption>\n      <div class=\"block-image__descr\">\n\n        Path to Freedom forum participants, Kyiv, March 25, 2026\n    <\/div>\n  \n       <div class=\"block-image__author\">\n                <span>(Pozirk)<\/span>\n    <\/div>\n     <\/figcaption>\n<\/figure>\n\n\n\n<p><strong>March 26, <em>Pozirk<\/em>. <\/strong>Participants in the Path to Freedom regional security forum held in Kyiv on March 25, called on the European Union and Eastern European countries to establish a \u201ccoordination platform\u201d for Belarus.<\/p>\n\n\n\n<p>The participants identified Latvia, Lithuania, Poland and Ukraine as the core of the \u201cfuture regional format for supporting Belarusian pro-democracy forces.\u201d<\/p>\n\n\n\n<p>The forum\u2019s resolution stressed that Alaksandar \u0141uka\u0161enka\u2019s regime poses a threat to regional security and actively supports Russian aggression against Ukraine.<\/p>\n\n\n\n<p>The participants reaffirmed their political, humanitarian and informational support of exiled Belarusian opposition, pointing out the important role of Belarusian volunteers in the struggle for the freedom of Ukraine and Belarus. They also recommended designing support programs for Belarusian veterans.<\/p>\n\n\n\n<p>The forum will become an annual platform for coordinating actions, exchanging information and developing joint strategies to support democratic reforms in Belarus, its resolution noted.<\/p>\n\n\n\n<p>Pavie\u0142 \u0141atu\u0161ka of the opposition transition cabinet participated online, while Belarusian volunteers, political experts and cabinet members Alisa Ry\u017ey\u010denka, Valeryj Mackievi\u010d, Pavie\u0142 Barko\u016dski, Vadzim Kaban\u010duk, Volha Zazulinskaja and Marharyta Vorychava attended the event in person.<\/p>\n\n\n\n<p>Among the Ukrainian participants were foreign ministry diplomat Illya Kvas, Yevhen Mahda of the Kyiv-based Institute of World Policy, Iaroslav Chornogor of the Ukrainian Prism Foreign Policy Council, along with other attendees, including Ukrainian MPs.<\/p>\n\n\n\n<p>The forum is seen by observers as a stepping stone to opposition leader \u015aviat\u0142ana Cichano\u016dskaja&#8217;s visit to Kyiv.<\/p>\n\n\n\n<div class=\"insert-block\">\n\n    <div class=\"insert-block__img\">\n        <img decoding=\"async\" width=\"354\" height=\"236\" src=\"https:\/\/pozirk.online\/wp-content\/uploads\/2026\/01\/zelenski-tikhanovskaya-vilnius-20260125-OST-354x236.jpg\" class=\"attachment-medium size-medium\" alt=\"\" srcset=\"https:\/\/pozirk.online\/wp-content\/uploads\/2026\/01\/zelenski-tikhanovskaya-vilnius-20260125-OST-354x236.jpg 354w, https:\/\/pozirk.online\/wp-content\/uploads\/2026\/01\/zelenski-tikhanovskaya-vilnius-20260125-OST-734x490.jpg 734w, https:\/\/pozirk.online\/wp-content\/uploads\/2026\/01\/zelenski-tikhanovskaya-vilnius-20260125-OST-178x118.jpg 178w, https:\/\/pozirk.online\/wp-content\/uploads\/2026\/01\/zelenski-tikhanovskaya-vilnius-20260125-OST-768x513.jpg 768w, https:\/\/pozirk.online\/wp-content\/uploads\/2026\/01\/zelenski-tikhanovskaya-vilnius-20260125-OST.jpg 1280w\" sizes=\"(max-width: 354px) 100vw, 354px\" \/>                        <label class=\"insert-block__tag--mobile\"> Politics<\/label>\n\n                <\/div>\n    <div class=\"insert-block__text\">\n                    <label class=\"insert-block__tag\">Politics<\/label>\n                <h3 class=\"insert-block__title\">Cichano\u016dskaja: Imperialist Russia is common enemy for Belarusians and Ukrainians<\/h3>\n        <div class=\"insert-block__descr\">March 25, Pozirk. The Belarusians and the Ukrainians have \u201cone enemy \u2013 the Russian world, Russian imperialism and one ambition \u2013 a free democratic European future,\u201d Belarusian opposition leader Sviat\u0142ana Cichano\u016dskaja said in a video address televised at a conference &#8230;<\/div>\n        <a class=\"insert-block__btn-block\" href=\"\/en\/news\/180911\">\n            <button class=\"btn\">\n                <div class='btn__text'>Read the article<\/div>\n            <\/button>\n        <\/a>\n    <\/div>\n<\/div>","protected":false},"excerpt":{"rendered":"<p>March 26, Pozirk. Participants in the Path to Freedom regional security forum held in Kyiv on March 25, called on the European Union and Eastern European countries to establish a \u201ccoordination platform\u201d for Belarus. The participants identified Latvia, Lithuania, Poland and Ukraine as the core of the \u201cfuture regional format for supporting Belarusian pro-democracy forces.\u201d [&hellip;]<\/p>\n","protected":false},"author":84,"featured_media":181044,"template":"","rubric":[16,30],"class_list":["post-181056","articles","type-articles","status-publish","has-post-thumbnail","hentry","rubric-politics","rubric-security"],"acf":[],"yoast_head":"<!-- This site is optimized with the Yoast SEO plugin v25.5 - https:\/\/yoast.com\/wordpress\/plugins\/seo\/ -->\n<title>Kyiv forum calls for regional\u00a0coordination mechanism for Belarus | Pozirk<\/title>\n<meta name=\"description\" content=\"March 26, Pozirk. Participants in the Path to Freedom regional security forum held in Kyiv on March 25, called on the European Union and Eastern European\" \/>\n<meta name=\"robots\" content=\"index, follow, max-snippet:-1, max-image-preview:large, max-video-preview:-1\" \/>\n<link rel=\"canonical\" href=\"https:\/\/pozirk.online\/en\/news\/181056\/\" \/>\n<meta property=\"og:locale\" content=\"en_US\" \/>\n<meta property=\"og:type\" content=\"article\" \/>\n<meta property=\"og:title\" content=\"Kyiv forum calls for regional\u00a0coordination mechanism for Belarus | Pozirk\" \/>\n<meta property=\"og:description\" content=\"March 26, Pozirk. Participants in the Path to Freedom regional security forum held in Kyiv on March 25, called on the European Union and Eastern European\" \/>\n<meta property=\"og:url\" content=\"https:\/\/pozirk.online\/en\/news\/181056\/\" \/>\n<meta property=\"og:site_name\" content=\"Pozirk\" \/>\n<meta property=\"article:publisher\" content=\"https:\/\/www.facebook.com\/pozirkonline\/\" \/>\n<meta property=\"article:modified_time\" content=\"2026-03-26T11:24:02+00:00\" \/>\n<meta property=\"og:image\" content=\"https:\/\/pozirk.online\/wp-content\/uploads\/2026\/03\/forum-put-k-svobode-20260325-POZ.jpg\" \/>\n\t<meta property=\"og:image:width\" content=\"1280\" \/>\n\t<meta property=\"og:image:height\" content=\"853\" \/>\n\t<meta property=\"og:image:type\" content=\"image\/jpeg\" \/>\n<meta name=\"twitter:card\" content=\"summary_large_image\" \/>\n<meta name=\"twitter:site\" content=\"@Pozirk_online\" \/>\n<meta name=\"twitter:label1\" content=\"Est. reading time\" \/>\n\t<meta name=\"twitter:data1\" content=\"2 minutes\" \/>\n<script type=\"application\/ld+json\" class=\"yoast-schema-graph\">{\"@context\":\"https:\/\/schema.org\",\"@graph\":[{\"@type\":\"NewsArticle\",\"@id\":\"https:\/\/pozirk.online\/en\/news\/181056\/#article\",\"isPartOf\":{\"@id\":\"https:\/\/pozirk.online\/en\/news\/181056\/\"},\"headline\":\"Kyiv forum calls for regional\u00a0coordination mechanism for Belarus\",\"datePublished\":\"2026-03-26T08:12:52+00:00\",\"dateModified\":\"2026-03-26T11:24:02+00:00\",\"mainEntityOfPage\":{\"@id\":\"https:\/\/pozirk.online\/en\/news\/181056\/\"},\"wordCount\":247,\"publisher\":{\"@id\":\"https:\/\/pozirk.online\/en\/#organization\"},\"image\":{\"@id\":\"https:\/\/pozirk.online\/en\/news\/181056\/#primaryimage\"},\"thumbnailUrl\":\"https:\/\/pozirk.online\/wp-content\/uploads\/2026\/03\/forum-put-k-svobode-20260325-POZ.jpg\",\"inLanguage\":\"en-US\"},{\"@type\":\"WebPage\",\"@id\":\"https:\/\/pozirk.online\/en\/news\/181056\/\",\"url\":\"https:\/\/pozirk.online\/en\/news\/181056\/\",\"name\":\"Kyiv forum calls for regional\u00a0coordination mechanism for Belarus | Pozirk\",\"isPartOf\":{\"@id\":\"https:\/\/pozirk.online\/en\/#website\"},\"primaryImageOfPage\":{\"@id\":\"https:\/\/pozirk.online\/en\/news\/181056\/#primaryimage\"},\"image\":{\"@id\":\"https:\/\/pozirk.online\/en\/news\/181056\/#primaryimage\"},\"thumbnailUrl\":\"https:\/\/pozirk.online\/wp-content\/uploads\/2026\/03\/forum-put-k-svobode-20260325-POZ.jpg\",\"datePublished\":\"2026-03-26T08:12:52+00:00\",\"dateModified\":\"2026-03-26T11:24:02+00:00\",\"description\":\"March 26, Pozirk. Participants in the Path to Freedom regional security forum held in Kyiv on March 25, called on the European Union and Eastern European\",\"breadcrumb\":{\"@id\":\"https:\/\/pozirk.online\/en\/news\/181056\/#breadcrumb\"},\"inLanguage\":\"en-US\",\"potentialAction\":[{\"@type\":\"ReadAction\",\"target\":[\"https:\/\/pozirk.online\/en\/news\/181056\/\"]}]},{\"@type\":\"ImageObject\",\"inLanguage\":\"en-US\",\"@id\":\"https:\/\/pozirk.online\/en\/news\/181056\/#primaryimage\",\"url\":\"https:\/\/pozirk.online\/wp-content\/uploads\/2026\/03\/forum-put-k-svobode-20260325-POZ.jpg\",\"contentUrl\":\"https:\/\/pozirk.online\/wp-content\/uploads\/2026\/03\/forum-put-k-svobode-20260325-POZ.jpg\",\"width\":1280,\"height\":853},{\"@type\":\"BreadcrumbList\",\"@id\":\"https:\/\/pozirk.online\/en\/news\/181056\/#breadcrumb\",\"itemListElement\":[{\"@type\":\"ListItem\",\"position\":1,\"name\":\"Home\",\"item\":\"https:\/\/pozirk.online\/en\/\"},{\"@type\":\"ListItem\",\"position\":2,\"name\":\"Kyiv forum calls for regional\u00a0coordination mechanism for Belarus\"}]},{\"@type\":\"WebSite\",\"@id\":\"https:\/\/pozirk.online\/en\/#website\",\"url\":\"https:\/\/pozirk.online\/en\/\",\"name\":\"Pozirk\",\"description\":\"\",\"publisher\":{\"@id\":\"https:\/\/pozirk.online\/en\/#organization\"},\"potentialAction\":[{\"@type\":\"SearchAction\",\"target\":{\"@type\":\"EntryPoint\",\"urlTemplate\":\"https:\/\/pozirk.online\/en\/?s={search_term_string}\"},\"query-input\":{\"@type\":\"PropertyValueSpecification\",\"valueRequired\":true,\"valueName\":\"search_term_string\"}}],\"inLanguage\":\"en-US\"},{\"@type\":\"Organization\",\"@id\":\"https:\/\/pozirk.online\/en\/#organization\",\"name\":\"Pozirk\",\"url\":\"https:\/\/pozirk.online\/en\/\",\"logo\":{\"@type\":\"ImageObject\",\"inLanguage\":\"en-US\",\"@id\":\"https:\/\/pozirk.online\/en\/#\/schema\/logo\/image\/\",\"url\":\"https:\/\/pozirk.online\/wp-content\/uploads\/2023\/11\/cropped-Logo_color_512.png\",\"contentUrl\":\"https:\/\/pozirk.online\/wp-content\/uploads\/2023\/11\/cropped-Logo_color_512.png\",\"width\":512,\"height\":512,\"caption\":\"Pozirk\"},\"image\":{\"@id\":\"https:\/\/pozirk.online\/en\/#\/schema\/logo\/image\/\"},\"sameAs\":[\"https:\/\/www.facebook.com\/pozirkonline\/\",\"https:\/\/x.com\/Pozirk_online\"]}]}<\/script>\n<!-- \/ Yoast SEO plugin. -->","yoast_head_json":{"title":"Kyiv forum calls for regional\u00a0coordination mechanism for Belarus | Pozirk","description":"March 26, Pozirk. Participants in the Path to Freedom regional security forum held in Kyiv on March 25, called on the European Union and Eastern European","robots":{"index":"index","follow":"follow","max-snippet":"max-snippet:-1","max-image-preview":"max-image-preview:large","max-video-preview":"max-video-preview:-1"},"canonical":"https:\/\/pozirk.online\/en\/news\/181056\/","og_locale":"en_US","og_type":"article","og_title":"Kyiv forum calls for regional\u00a0coordination mechanism for Belarus | Pozirk","og_description":"March 26, Pozirk. Participants in the Path to Freedom regional security forum held in Kyiv on March 25, called on the European Union and Eastern European","og_url":"https:\/\/pozirk.online\/en\/news\/181056\/","og_site_name":"Pozirk","article_publisher":"https:\/\/www.facebook.com\/pozirkonline\/","article_modified_time":"2026-03-26T11:24:02+00:00","og_image":[{"width":1280,"height":853,"url":"https:\/\/pozirk.online\/wp-content\/uploads\/2026\/03\/forum-put-k-svobode-20260325-POZ.jpg","type":"image\/jpeg"}],"twitter_card":"summary_large_image","twitter_site":"@Pozirk_online","twitter_misc":{"Est. reading time":"2 minutes"},"schema":{"@context":"https:\/\/schema.org","@graph":[{"@type":"NewsArticle","@id":"https:\/\/pozirk.online\/en\/news\/181056\/#article","isPartOf":{"@id":"https:\/\/pozirk.online\/en\/news\/181056\/"},"headline":"Kyiv forum calls for regional\u00a0coordination mechanism for Belarus","datePublished":"2026-03-26T08:12:52+00:00","dateModified":"2026-03-26T11:24:02+00:00","mainEntityOfPage":{"@id":"https:\/\/pozirk.online\/en\/news\/181056\/"},"wordCount":247,"publisher":{"@id":"https:\/\/pozirk.online\/en\/#organization"},"image":{"@id":"https:\/\/pozirk.online\/en\/news\/181056\/#primaryimage"},"thumbnailUrl":"https:\/\/pozirk.online\/wp-content\/uploads\/2026\/03\/forum-put-k-svobode-20260325-POZ.jpg","inLanguage":"en-US"},{"@type":"WebPage","@id":"https:\/\/pozirk.online\/en\/news\/181056\/","url":"https:\/\/pozirk.online\/en\/news\/181056\/","name":"Kyiv forum calls for regional\u00a0coordination mechanism for Belarus | Pozirk","isPartOf":{"@id":"https:\/\/pozirk.online\/en\/#website"},"primaryImageOfPage":{"@id":"https:\/\/pozirk.online\/en\/news\/181056\/#primaryimage"},"image":{"@id":"https:\/\/pozirk.online\/en\/news\/181056\/#primaryimage"},"thumbnailUrl":"https:\/\/pozirk.online\/wp-content\/uploads\/2026\/03\/forum-put-k-svobode-20260325-POZ.jpg","datePublished":"2026-03-26T08:12:52+00:00","dateModified":"2026-03-26T11:24:02+00:00","description":"March 26, Pozirk. Participants in the Path to Freedom regional security forum held in Kyiv on March 25, called on the European Union and Eastern European","breadcrumb":{"@id":"https:\/\/pozirk.online\/en\/news\/181056\/#breadcrumb"},"inLanguage":"en-US","potentialAction":[{"@type":"ReadAction","target":["https:\/\/pozirk.online\/en\/news\/181056\/"]}]},{"@type":"ImageObject","inLanguage":"en-US","@id":"https:\/\/pozirk.online\/en\/news\/181056\/#primaryimage","url":"https:\/\/pozirk.online\/wp-content\/uploads\/2026\/03\/forum-put-k-svobode-20260325-POZ.jpg","contentUrl":"https:\/\/pozirk.online\/wp-content\/uploads\/2026\/03\/forum-put-k-svobode-20260325-POZ.jpg","width":1280,"height":853},{"@type":"BreadcrumbList","@id":"https:\/\/pozirk.online\/en\/news\/181056\/#breadcrumb","itemListElement":[{"@type":"ListItem","position":1,"name":"Home","item":"https:\/\/pozirk.online\/en\/"},{"@type":"ListItem","position":2,"name":"Kyiv forum calls for regional\u00a0coordination mechanism for Belarus"}]},{"@type":"WebSite","@id":"https:\/\/pozirk.online\/en\/#website","url":"https:\/\/pozirk.online\/en\/","name":"Pozirk","description":"","publisher":{"@id":"https:\/\/pozirk.online\/en\/#organization"},"potentialAction":[{"@type":"SearchAction","target":{"@type":"EntryPoint","urlTemplate":"https:\/\/pozirk.online\/en\/?s={search_term_string}"},"query-input":{"@type":"PropertyValueSpecification","valueRequired":true,"valueName":"search_term_string"}}],"inLanguage":"en-US"},{"@type":"Organization","@id":"https:\/\/pozirk.online\/en\/#organization","name":"Pozirk","url":"https:\/\/pozirk.online\/en\/","logo":{"@type":"ImageObject","inLanguage":"en-US","@id":"https:\/\/pozirk.online\/en\/#\/schema\/logo\/image\/","url":"https:\/\/pozirk.online\/wp-content\/uploads\/2023\/11\/cropped-Logo_color_512.png","contentUrl":"https:\/\/pozirk.online\/wp-content\/uploads\/2023\/11\/cropped-Logo_color_512.png","width":512,"height":512,"caption":"Pozirk"},"image":{"@id":"https:\/\/pozirk.online\/en\/#\/schema\/logo\/image\/"},"sameAs":["https:\/\/www.facebook.com\/pozirkonline\/","https:\/\/x.com\/Pozirk_online"]}]}},"_links":{"self":[{"href":"https:\/\/pozirk.online\/en\/wp-json\/wp\/v2\/articles\/181056","targetHints":{"allow":["GET"]}}],"collection":[{"href":"https:\/\/pozirk.online\/en\/wp-json\/wp\/v2\/articles"}],"about":[{"href":"https:\/\/pozirk.online\/en\/wp-json\/wp\/v2\/types\/articles"}],"author":[{"embeddable":true,"href":"https:\/\/pozirk.online\/en\/wp-json\/wp\/v2\/users\/84"}],"wp:featuredmedia":[{"embeddable":true,"href":"https:\/\/pozirk.online\/en\/wp-json\/wp\/v2\/media\/181044"}],"wp:attachment":[{"href":"https:\/\/pozirk.online\/en\/wp-json\/wp\/v2\/media?parent=181056"}],"wp:term":[{"taxonomy":"rubric","embeddable":true,"href":"https:\/\/pozirk.online\/en\/wp-json\/wp\/v2\/rubric?post=181056"}],"curies":[{"name":"wp","href":"https:\/\/api.w.org\/{rel}","templated":true}]}}