{"id":181188,"date":"2026-03-26T21:04:47","date_gmt":"2026-03-26T18:04:47","guid":{"rendered":"https:\/\/pozirk.online\/en\/news\/181188\/"},"modified":"2026-03-26T21:52:56","modified_gmt":"2026-03-26T18:52:56","slug":"number-of-political-prisoners-surpasses-900-after-dropping-below-this-mark-for-first-time-since-2022","status":"publish","type":"articles","link":"https:\/\/pozirk.online\/en\/news\/181188\/","title":{"rendered":"Number of political prisoners surpasses 900 after dropping below this mark for first time since 2022"},"content":{"rendered":"\n<p><strong>March 26, <em>Pozirk.<\/em><\/strong> Belarusian human rights defenders have declared 12 more individuals as political prisoners, taking their total to 910, according to a statement on the Viasna Human Rights Center\u2019s website.<\/p>\n\n\n\n<p>The new entries are Alena Safronava, Volha Bu\u0142anava, D\u017amitryj Kavalo\u016d, Vital Ci\u0161\u010danka, Arciom \u0160mano\u016dski, Ja\u016dhien Skarachod, Viktar Antu\u0161evi\u010d, Siarhiej Rabca\u016d, Alaksandr Manvielan, Siarhiej Ku\u017aniaco\u016d, Eduard Mihun and Ma\u0107viej Barana\u016d. They were all charged with involvement with \u201cextremist\u201d groups and are currently held in either pretrial detention centers or correctional institutions.<\/p>\n\n\n\n<p>The Viasna Human Rights Center, Belarusian PEN, Barys Zvozska\u016d Human Rights House, the Belarusian Association of Journalists, Belarusian Helsinki Committee, Pravavaja Inicyjatyva and Lawtrend signed the declaration.<\/p>\n\n\n\n<p>Rights defenders demanded the immediate release of all political prisoners and the end of reprisals.<\/p>\n\n\n\n<p>On March 19, US Special Envoy John Coale announced that 250 political prisoners were to be released following his talks with Alaksandar \u0141uka\u0161enka. For the first time since 2022, the number of designated political prisoners dropped below 900.<\/p>\n\n\n\n<p>As of March 18, human rights defenders had identified at least 1,140 political prisoners, but the real number was considerably higher because of many undocumented cases. Despite the pardons and the releases of hundreds of people upon completion of their terms, the overall number of political prisoners in Belarus averaged 1,150 for many successive months. Human rights defenders pointed to new additions to their list of political prisoners as proof that politically motivated persecution in Belarus continues unabated.<\/p>\n\n\n\n<div class=\"insert-block\">\n\n    <div class=\"insert-block__img\">\n        <img decoding=\"async\" width=\"354\" height=\"236\" src=\"https:\/\/pozirk.online\/wp-content\/uploads\/2024\/01\/pozirk_color_blank_1128x752-354x236.jpg\" class=\"attachment-medium size-medium\" alt=\"\" srcset=\"https:\/\/pozirk.online\/wp-content\/uploads\/2024\/01\/pozirk_color_blank_1128x752-354x236.jpg 354w, https:\/\/pozirk.online\/wp-content\/uploads\/2024\/01\/pozirk_color_blank_1128x752-734x490.jpg 734w, https:\/\/pozirk.online\/wp-content\/uploads\/2024\/01\/pozirk_color_blank_1128x752-178x118.jpg 178w, https:\/\/pozirk.online\/wp-content\/uploads\/2024\/01\/pozirk_color_blank_1128x752-768x512.jpg 768w, https:\/\/pozirk.online\/wp-content\/uploads\/2024\/01\/pozirk_color_blank_1128x752.jpg 1128w\" sizes=\"(max-width: 354px) 100vw, 354px\" \/>                        <label class=\"insert-block__tag--mobile\"> \u041f\u043e\u043b\u0438\u0442\u0438\u043a\u0430<\/label>\n\n                <\/div>\n    <div class=\"insert-block__text\">\n                    <label class=\"insert-block__tag\">\u041f\u043e\u043b\u0438\u0442\u0438\u043a\u0430<\/label>\n                <h3 class=\"insert-block__title\">Nine more political prisoners identified<\/h3>\n        <div class=\"insert-block__descr\">March 25, Pozirk. Belarusian human rights defenders have declared nine more people as political prisoners, taking their total to 898, according to a joint statement posted by the Viasna Human Rights Center. One of them, Vital Kalada, was sentenced on &#8230;<\/div>\n        <a class=\"insert-block__btn-block\" href=\"\/en\/news\/180947\">\n            <button class=\"btn\">\n                <div class='btn__text'>Read the article<\/div>\n            <\/button>\n        <\/a>\n    <\/div>\n<\/div>","protected":false},"excerpt":{"rendered":"<p>March 26, Pozirk. Belarusian human rights defenders have declared 12 more individuals as political prisoners, taking their total to 910, according to a statement on the Viasna Human Rights Center\u2019s website. The new entries are Alena Safronava, Volha Bu\u0142anava, D\u017amitryj Kavalo\u016d, Vital Ci\u0161\u010danka, Arciom \u0160mano\u016dski, Ja\u016dhien Skarachod, Viktar Antu\u0161evi\u010d, Siarhiej Rabca\u016d, Alaksandr Manvielan, Siarhiej Ku\u017aniaco\u016d, [&hellip;]<\/p>\n","protected":false},"author":83,"featured_media":83535,"template":"","rubric":[14],"class_list":["post-181188","articles","type-articles","status-publish","has-post-thumbnail","hentry","rubric-politics"],"acf":[],"yoast_head":"<!-- This site is optimized with the Yoast SEO plugin v25.5 - https:\/\/yoast.com\/wordpress\/plugins\/seo\/ -->\n<title>Number of political prisoners surpasses 900 after dropping below this mark for first time since 2022 | Pozirk<\/title>\n<meta name=\"description\" content=\"March 26, Pozirk. Belarusian human rights defenders have declared 12 more individuals as political prisoners, taking their total to 910, according to a\" \/>\n<meta name=\"robots\" content=\"index, follow, max-snippet:-1, max-image-preview:large, max-video-preview:-1\" \/>\n<link rel=\"canonical\" href=\"https:\/\/pozirk.online\/en\/news\/181188\/\" \/>\n<meta property=\"og:locale\" content=\"en_US\" \/>\n<meta property=\"og:type\" content=\"article\" \/>\n<meta property=\"og:title\" content=\"Number of political prisoners surpasses 900 after dropping below this mark for first time since 2022 | Pozirk\" \/>\n<meta property=\"og:description\" content=\"March 26, Pozirk. Belarusian human rights defenders have declared 12 more individuals as political prisoners, taking their total to 910, according to a\" \/>\n<meta property=\"og:url\" content=\"https:\/\/pozirk.online\/en\/news\/181188\/\" \/>\n<meta property=\"og:site_name\" content=\"Pozirk\" \/>\n<meta property=\"article:publisher\" content=\"https:\/\/www.facebook.com\/pozirkonline\/\" \/>\n<meta property=\"article:modified_time\" content=\"2026-03-26T18:52:56+00:00\" \/>\n<meta property=\"og:image\" content=\"https:\/\/pozirk.online\/wp-content\/uploads\/2024\/05\/reshetka_zakliuchenie_unsplash_tim_hufner_1128x752.jpg\" \/>\n\t<meta property=\"og:image:width\" content=\"1128\" \/>\n\t<meta property=\"og:image:height\" content=\"752\" \/>\n\t<meta property=\"og:image:type\" content=\"image\/jpeg\" \/>\n<meta name=\"twitter:card\" content=\"summary_large_image\" \/>\n<meta name=\"twitter:site\" content=\"@Pozirk_online\" \/>\n<meta name=\"twitter:label1\" content=\"Est. reading time\" \/>\n\t<meta name=\"twitter:data1\" content=\"2 minutes\" \/>\n<script type=\"application\/ld+json\" class=\"yoast-schema-graph\">{\"@context\":\"https:\/\/schema.org\",\"@graph\":[{\"@type\":\"NewsArticle\",\"@id\":\"https:\/\/pozirk.online\/en\/news\/181188\/#article\",\"isPartOf\":{\"@id\":\"https:\/\/pozirk.online\/en\/news\/181188\/\"},\"headline\":\"Number of political prisoners surpasses 900 after dropping below this mark for first time since 2022\",\"datePublished\":\"2026-03-26T18:04:47+00:00\",\"dateModified\":\"2026-03-26T18:52:56+00:00\",\"mainEntityOfPage\":{\"@id\":\"https:\/\/pozirk.online\/en\/news\/181188\/\"},\"wordCount\":253,\"publisher\":{\"@id\":\"https:\/\/pozirk.online\/en\/#organization\"},\"image\":{\"@id\":\"https:\/\/pozirk.online\/en\/news\/181188\/#primaryimage\"},\"thumbnailUrl\":\"https:\/\/pozirk.online\/wp-content\/uploads\/2024\/05\/reshetka_zakliuchenie_unsplash_tim_hufner_1128x752.jpg\",\"inLanguage\":\"en-US\"},{\"@type\":\"WebPage\",\"@id\":\"https:\/\/pozirk.online\/en\/news\/181188\/\",\"url\":\"https:\/\/pozirk.online\/en\/news\/181188\/\",\"name\":\"Number of political prisoners surpasses 900 after dropping below this mark for first time since 2022 | Pozirk\",\"isPartOf\":{\"@id\":\"https:\/\/pozirk.online\/en\/#website\"},\"primaryImageOfPage\":{\"@id\":\"https:\/\/pozirk.online\/en\/news\/181188\/#primaryimage\"},\"image\":{\"@id\":\"https:\/\/pozirk.online\/en\/news\/181188\/#primaryimage\"},\"thumbnailUrl\":\"https:\/\/pozirk.online\/wp-content\/uploads\/2024\/05\/reshetka_zakliuchenie_unsplash_tim_hufner_1128x752.jpg\",\"datePublished\":\"2026-03-26T18:04:47+00:00\",\"dateModified\":\"2026-03-26T18:52:56+00:00\",\"description\":\"March 26, Pozirk. Belarusian human rights defenders have declared 12 more individuals as political prisoners, taking their total to 910, according to a\",\"breadcrumb\":{\"@id\":\"https:\/\/pozirk.online\/en\/news\/181188\/#breadcrumb\"},\"inLanguage\":\"en-US\",\"potentialAction\":[{\"@type\":\"ReadAction\",\"target\":[\"https:\/\/pozirk.online\/en\/news\/181188\/\"]}]},{\"@type\":\"ImageObject\",\"inLanguage\":\"en-US\",\"@id\":\"https:\/\/pozirk.online\/en\/news\/181188\/#primaryimage\",\"url\":\"https:\/\/pozirk.online\/wp-content\/uploads\/2024\/05\/reshetka_zakliuchenie_unsplash_tim_hufner_1128x752.jpg\",\"contentUrl\":\"https:\/\/pozirk.online\/wp-content\/uploads\/2024\/05\/reshetka_zakliuchenie_unsplash_tim_hufner_1128x752.jpg\",\"width\":1128,\"height\":752,\"caption\":\"\u0418\u043b\u043b\u044e\u0441\u0442\u0440\u0430\u0442\u0438\u0432\u043d\u043e\u0435 \u0444\u043e\u0442\u043e: Tim H\u00fcfner \/ unsplash.com\"},{\"@type\":\"BreadcrumbList\",\"@id\":\"https:\/\/pozirk.online\/en\/news\/181188\/#breadcrumb\",\"itemListElement\":[{\"@type\":\"ListItem\",\"position\":1,\"name\":\"Home\",\"item\":\"https:\/\/pozirk.online\/en\/\"},{\"@type\":\"ListItem\",\"position\":2,\"name\":\"Number of political prisoners surpasses 900 after dropping below this mark for first time since 2022\"}]},{\"@type\":\"WebSite\",\"@id\":\"https:\/\/pozirk.online\/en\/#website\",\"url\":\"https:\/\/pozirk.online\/en\/\",\"name\":\"Pozirk\",\"description\":\"\",\"publisher\":{\"@id\":\"https:\/\/pozirk.online\/en\/#organization\"},\"potentialAction\":[{\"@type\":\"SearchAction\",\"target\":{\"@type\":\"EntryPoint\",\"urlTemplate\":\"https:\/\/pozirk.online\/en\/?s={search_term_string}\"},\"query-input\":{\"@type\":\"PropertyValueSpecification\",\"valueRequired\":true,\"valueName\":\"search_term_string\"}}],\"inLanguage\":\"en-US\"},{\"@type\":\"Organization\",\"@id\":\"https:\/\/pozirk.online\/en\/#organization\",\"name\":\"Pozirk\",\"url\":\"https:\/\/pozirk.online\/en\/\",\"logo\":{\"@type\":\"ImageObject\",\"inLanguage\":\"en-US\",\"@id\":\"https:\/\/pozirk.online\/en\/#\/schema\/logo\/image\/\",\"url\":\"https:\/\/pozirk.online\/wp-content\/uploads\/2023\/11\/cropped-Logo_color_512.png\",\"contentUrl\":\"https:\/\/pozirk.online\/wp-content\/uploads\/2023\/11\/cropped-Logo_color_512.png\",\"width\":512,\"height\":512,\"caption\":\"Pozirk\"},\"image\":{\"@id\":\"https:\/\/pozirk.online\/en\/#\/schema\/logo\/image\/\"},\"sameAs\":[\"https:\/\/www.facebook.com\/pozirkonline\/\",\"https:\/\/x.com\/Pozirk_online\"]}]}<\/script>\n<!-- \/ Yoast SEO plugin. -->","yoast_head_json":{"title":"Number of political prisoners surpasses 900 after dropping below this mark for first time since 2022 | Pozirk","description":"March 26, Pozirk. Belarusian human rights defenders have declared 12 more individuals as political prisoners, taking their total to 910, according to a","robots":{"index":"index","follow":"follow","max-snippet":"max-snippet:-1","max-image-preview":"max-image-preview:large","max-video-preview":"max-video-preview:-1"},"canonical":"https:\/\/pozirk.online\/en\/news\/181188\/","og_locale":"en_US","og_type":"article","og_title":"Number of political prisoners surpasses 900 after dropping below this mark for first time since 2022 | Pozirk","og_description":"March 26, Pozirk. Belarusian human rights defenders have declared 12 more individuals as political prisoners, taking their total to 910, according to a","og_url":"https:\/\/pozirk.online\/en\/news\/181188\/","og_site_name":"Pozirk","article_publisher":"https:\/\/www.facebook.com\/pozirkonline\/","article_modified_time":"2026-03-26T18:52:56+00:00","og_image":[{"width":1128,"height":752,"url":"https:\/\/pozirk.online\/wp-content\/uploads\/2024\/05\/reshetka_zakliuchenie_unsplash_tim_hufner_1128x752.jpg","type":"image\/jpeg"}],"twitter_card":"summary_large_image","twitter_site":"@Pozirk_online","twitter_misc":{"Est. reading time":"2 minutes"},"schema":{"@context":"https:\/\/schema.org","@graph":[{"@type":"NewsArticle","@id":"https:\/\/pozirk.online\/en\/news\/181188\/#article","isPartOf":{"@id":"https:\/\/pozirk.online\/en\/news\/181188\/"},"headline":"Number of political prisoners surpasses 900 after dropping below this mark for first time since 2022","datePublished":"2026-03-26T18:04:47+00:00","dateModified":"2026-03-26T18:52:56+00:00","mainEntityOfPage":{"@id":"https:\/\/pozirk.online\/en\/news\/181188\/"},"wordCount":253,"publisher":{"@id":"https:\/\/pozirk.online\/en\/#organization"},"image":{"@id":"https:\/\/pozirk.online\/en\/news\/181188\/#primaryimage"},"thumbnailUrl":"https:\/\/pozirk.online\/wp-content\/uploads\/2024\/05\/reshetka_zakliuchenie_unsplash_tim_hufner_1128x752.jpg","inLanguage":"en-US"},{"@type":"WebPage","@id":"https:\/\/pozirk.online\/en\/news\/181188\/","url":"https:\/\/pozirk.online\/en\/news\/181188\/","name":"Number of political prisoners surpasses 900 after dropping below this mark for first time since 2022 | Pozirk","isPartOf":{"@id":"https:\/\/pozirk.online\/en\/#website"},"primaryImageOfPage":{"@id":"https:\/\/pozirk.online\/en\/news\/181188\/#primaryimage"},"image":{"@id":"https:\/\/pozirk.online\/en\/news\/181188\/#primaryimage"},"thumbnailUrl":"https:\/\/pozirk.online\/wp-content\/uploads\/2024\/05\/reshetka_zakliuchenie_unsplash_tim_hufner_1128x752.jpg","datePublished":"2026-03-26T18:04:47+00:00","dateModified":"2026-03-26T18:52:56+00:00","description":"March 26, Pozirk. Belarusian human rights defenders have declared 12 more individuals as political prisoners, taking their total to 910, according to a","breadcrumb":{"@id":"https:\/\/pozirk.online\/en\/news\/181188\/#breadcrumb"},"inLanguage":"en-US","potentialAction":[{"@type":"ReadAction","target":["https:\/\/pozirk.online\/en\/news\/181188\/"]}]},{"@type":"ImageObject","inLanguage":"en-US","@id":"https:\/\/pozirk.online\/en\/news\/181188\/#primaryimage","url":"https:\/\/pozirk.online\/wp-content\/uploads\/2024\/05\/reshetka_zakliuchenie_unsplash_tim_hufner_1128x752.jpg","contentUrl":"https:\/\/pozirk.online\/wp-content\/uploads\/2024\/05\/reshetka_zakliuchenie_unsplash_tim_hufner_1128x752.jpg","width":1128,"height":752,"caption":"\u0418\u043b\u043b\u044e\u0441\u0442\u0440\u0430\u0442\u0438\u0432\u043d\u043e\u0435 \u0444\u043e\u0442\u043e: Tim H\u00fcfner \/ unsplash.com"},{"@type":"BreadcrumbList","@id":"https:\/\/pozirk.online\/en\/news\/181188\/#breadcrumb","itemListElement":[{"@type":"ListItem","position":1,"name":"Home","item":"https:\/\/pozirk.online\/en\/"},{"@type":"ListItem","position":2,"name":"Number of political prisoners surpasses 900 after dropping below this mark for first time since 2022"}]},{"@type":"WebSite","@id":"https:\/\/pozirk.online\/en\/#website","url":"https:\/\/pozirk.online\/en\/","name":"Pozirk","description":"","publisher":{"@id":"https:\/\/pozirk.online\/en\/#organization"},"potentialAction":[{"@type":"SearchAction","target":{"@type":"EntryPoint","urlTemplate":"https:\/\/pozirk.online\/en\/?s={search_term_string}"},"query-input":{"@type":"PropertyValueSpecification","valueRequired":true,"valueName":"search_term_string"}}],"inLanguage":"en-US"},{"@type":"Organization","@id":"https:\/\/pozirk.online\/en\/#organization","name":"Pozirk","url":"https:\/\/pozirk.online\/en\/","logo":{"@type":"ImageObject","inLanguage":"en-US","@id":"https:\/\/pozirk.online\/en\/#\/schema\/logo\/image\/","url":"https:\/\/pozirk.online\/wp-content\/uploads\/2023\/11\/cropped-Logo_color_512.png","contentUrl":"https:\/\/pozirk.online\/wp-content\/uploads\/2023\/11\/cropped-Logo_color_512.png","width":512,"height":512,"caption":"Pozirk"},"image":{"@id":"https:\/\/pozirk.online\/en\/#\/schema\/logo\/image\/"},"sameAs":["https:\/\/www.facebook.com\/pozirkonline\/","https:\/\/x.com\/Pozirk_online"]}]}},"_links":{"self":[{"href":"https:\/\/pozirk.online\/en\/wp-json\/wp\/v2\/articles\/181188","targetHints":{"allow":["GET"]}}],"collection":[{"href":"https:\/\/pozirk.online\/en\/wp-json\/wp\/v2\/articles"}],"about":[{"href":"https:\/\/pozirk.online\/en\/wp-json\/wp\/v2\/types\/articles"}],"author":[{"embeddable":true,"href":"https:\/\/pozirk.online\/en\/wp-json\/wp\/v2\/users\/83"}],"wp:featuredmedia":[{"embeddable":true,"href":"https:\/\/pozirk.online\/en\/wp-json\/wp\/v2\/media\/83535"}],"wp:attachment":[{"href":"https:\/\/pozirk.online\/en\/wp-json\/wp\/v2\/media?parent=181188"}],"wp:term":[{"taxonomy":"rubric","embeddable":true,"href":"https:\/\/pozirk.online\/en\/wp-json\/wp\/v2\/rubric?post=181188"}],"curies":[{"name":"wp","href":"https:\/\/api.w.org\/{rel}","templated":true}]}}