{"id":181297,"date":"2026-03-27T16:35:16","date_gmt":"2026-03-27T13:35:16","guid":{"rendered":"https:\/\/pozirk.online\/en\/news\/181297\/"},"modified":"2026-03-27T16:35:18","modified_gmt":"2026-03-27T13:35:18","slug":"interior-ministry-adds-24-names-to-its-list-of-extremists","status":"publish","type":"articles","link":"https:\/\/pozirk.online\/en\/news\/181297\/","title":{"rendered":"Interior ministry adds 24 names to its list of \u201cextremists\u201d"},"content":{"rendered":"\n<p><strong>March 27, <em>Pozirk.<\/em> <\/strong>Belarus\u2019 interior ministry has added 24 names to its list of \u201cextremists\u201d \u2013 in fact individuals associated with the opposition \u2013 taking the total to 6,448 entries.<\/p>\n\n\n\n<p>The additions include five former and current fighters of the Kastu\u015b Kalino\u016dski Regiment, fighting alongside the Ukrainian Armed Forces against Russia. Vadzim Kaban\u010duk, currently the opposition\u2019s security chief, ex-commander Dzianis Prochara\u016d, Pavie\u0142 \u0160urmiej, Alaksiej Nazara\u016d and Alaksiej Kaval\u010duk, were tried in absentia earlier this year and convicted of serious crimes, including terrorism.<\/p>\n\n\n\n<p>Ivan Kavalski, U\u0142adzis\u0142a\u016d Jakubo\u016dski, Natalla Dziadziula, Kiryl Sarokin, Arciom \u0160abunio\u016d, \u015aviat\u0142ana Jakubovi\u010d, Aleh Va\u0161kievi\u010d, Vadzim Dorach and Raman Dziamida\u016d are serving sentences after being convicted under criminal articles widely used for silencing and prosecuting political opponents of the government.<\/p>\n\n\n\n<p>Ihar \u017duk, Danii\u0142 \u0141aziebny, Danii\u0142 Savi\u010dka, Mikita Maroz, Alaksandar Povad, Rus\u0142an Ka\u017ea\u0161a\u016d, Dzianis Vasile\u016d, Viktoryja Bakunovi\u010d and Ihar Nejman are likely serving their sentences in home confinement.<\/p>\n\n\n\n<div class=\"insert-block\">\n\n    <div class=\"insert-block__img\">\n        <img decoding=\"async\" width=\"354\" height=\"236\" src=\"https:\/\/pozirk.online\/wp-content\/uploads\/2024\/01\/pozirk_color_blank_1128x752-354x236.jpg\" class=\"attachment-medium size-medium\" alt=\"\" srcset=\"https:\/\/pozirk.online\/wp-content\/uploads\/2024\/01\/pozirk_color_blank_1128x752-354x236.jpg 354w, https:\/\/pozirk.online\/wp-content\/uploads\/2024\/01\/pozirk_color_blank_1128x752-734x490.jpg 734w, https:\/\/pozirk.online\/wp-content\/uploads\/2024\/01\/pozirk_color_blank_1128x752-178x118.jpg 178w, https:\/\/pozirk.online\/wp-content\/uploads\/2024\/01\/pozirk_color_blank_1128x752-768x512.jpg 768w, https:\/\/pozirk.online\/wp-content\/uploads\/2024\/01\/pozirk_color_blank_1128x752.jpg 1128w\" sizes=\"(max-width: 354px) 100vw, 354px\" \/>                        <label class=\"insert-block__tag--mobile\"> \u041f\u043e\u043b\u0438\u0442\u0438\u043a\u0430<\/label>\n\n                <\/div>\n    <div class=\"insert-block__text\">\n                    <label class=\"insert-block__tag\">\u041f\u043e\u043b\u0438\u0442\u0438\u043a\u0430<\/label>\n                <h3 class=\"insert-block__title\">Reprisals keep targeting independent Belarusian publishers<\/h3>\n        <div class=\"insert-block__descr\">March 27, Pozirk. New cases of politically-motivated persecution were documented in Belarus on March 25 and 26, as&nbsp;Na\u0161a Niva&nbsp;reported the arrest of D\u017amitryj Sa\u0144ko, which appears to be&nbsp;part of a wider crackdown on independent Belarusian publishers. Sa\u0144ko worked as editor &#8230;<\/div>\n        <a class=\"insert-block__btn-block\" href=\"\/en\/news\/181245\">\n            <button class=\"btn\">\n                <div class='btn__text'>Read the article<\/div>\n            <\/button>\n        <\/a>\n    <\/div>\n<\/div>","protected":false},"excerpt":{"rendered":"<p>March 27, Pozirk. Belarus\u2019 interior ministry has added 24 names to its list of \u201cextremists\u201d \u2013 in fact individuals associated with the opposition \u2013 taking the total to 6,448 entries. The additions include five former and current fighters of the Kastu\u015b Kalino\u016dski Regiment, fighting alongside the Ukrainian Armed Forces against Russia. Vadzim Kaban\u010duk, currently the [&hellip;]<\/p>\n","protected":false},"author":83,"featured_media":49661,"template":"","rubric":[14],"class_list":["post-181297","articles","type-articles","status-publish","has-post-thumbnail","hentry","rubric-politics"],"acf":[],"yoast_head":"<!-- This site is optimized with the Yoast SEO plugin v25.5 - https:\/\/yoast.com\/wordpress\/plugins\/seo\/ -->\n<title>Interior ministry adds 24 names to its list of \u201cextremists\u201d | Pozirk<\/title>\n<meta name=\"description\" content=\"March 27, Pozirk. Belarus\u2019 interior ministry has added 24 names to its list of \u201cextremists\u201d \u2013 in fact individuals associated with the opposition \u2013 taking\" \/>\n<meta name=\"robots\" content=\"index, follow, max-snippet:-1, max-image-preview:large, max-video-preview:-1\" \/>\n<link rel=\"canonical\" href=\"https:\/\/pozirk.online\/en\/news\/181297\/\" \/>\n<meta property=\"og:locale\" content=\"en_US\" \/>\n<meta property=\"og:type\" content=\"article\" \/>\n<meta property=\"og:title\" content=\"Interior ministry adds 24 names to its list of \u201cextremists\u201d | Pozirk\" \/>\n<meta property=\"og:description\" content=\"March 27, Pozirk. Belarus\u2019 interior ministry has added 24 names to its list of \u201cextremists\u201d \u2013 in fact individuals associated with the opposition \u2013 taking\" \/>\n<meta property=\"og:url\" content=\"https:\/\/pozirk.online\/en\/news\/181297\/\" \/>\n<meta property=\"og:site_name\" content=\"Pozirk\" \/>\n<meta property=\"article:publisher\" content=\"https:\/\/www.facebook.com\/pozirkonline\/\" \/>\n<meta property=\"article:modified_time\" content=\"2026-03-27T13:35:18+00:00\" \/>\n<meta property=\"og:image\" content=\"https:\/\/pozirk.online\/wp-content\/uploads\/2023\/11\/\u0442\u044e\u0440\u044c\u043c\u0430-\u0441\u043e\u043b\u043d\u0446\u0435-\u043f\u0438\u043a\u0441\u0430\u0431\u0430\u0439-e1700140578746.jpg\" \/>\n\t<meta property=\"og:image:width\" content=\"1280\" \/>\n\t<meta property=\"og:image:height\" content=\"853\" \/>\n\t<meta property=\"og:image:type\" content=\"image\/jpeg\" \/>\n<meta name=\"twitter:card\" content=\"summary_large_image\" \/>\n<meta name=\"twitter:site\" content=\"@Pozirk_online\" \/>\n<meta name=\"twitter:label1\" content=\"Est. reading time\" \/>\n\t<meta name=\"twitter:data1\" content=\"1 minute\" \/>\n<script type=\"application\/ld+json\" class=\"yoast-schema-graph\">{\"@context\":\"https:\/\/schema.org\",\"@graph\":[{\"@type\":\"NewsArticle\",\"@id\":\"https:\/\/pozirk.online\/en\/news\/181297\/#article\",\"isPartOf\":{\"@id\":\"https:\/\/pozirk.online\/en\/news\/181297\/\"},\"headline\":\"Interior ministry adds 24 names to its list of \u201cextremists\u201d\",\"datePublished\":\"2026-03-27T13:35:16+00:00\",\"dateModified\":\"2026-03-27T13:35:18+00:00\",\"mainEntityOfPage\":{\"@id\":\"https:\/\/pozirk.online\/en\/news\/181297\/\"},\"wordCount\":165,\"publisher\":{\"@id\":\"https:\/\/pozirk.online\/en\/#organization\"},\"image\":{\"@id\":\"https:\/\/pozirk.online\/en\/news\/181297\/#primaryimage\"},\"thumbnailUrl\":\"https:\/\/pozirk.online\/wp-content\/uploads\/2023\/11\/\u0442\u044e\u0440\u044c\u043c\u0430-\u0441\u043e\u043b\u043d\u0446\u0435-\u043f\u0438\u043a\u0441\u0430\u0431\u0430\u0439-e1700140578746.jpg\",\"inLanguage\":\"en-US\"},{\"@type\":\"WebPage\",\"@id\":\"https:\/\/pozirk.online\/en\/news\/181297\/\",\"url\":\"https:\/\/pozirk.online\/en\/news\/181297\/\",\"name\":\"Interior ministry adds 24 names to its list of \u201cextremists\u201d | Pozirk\",\"isPartOf\":{\"@id\":\"https:\/\/pozirk.online\/en\/#website\"},\"primaryImageOfPage\":{\"@id\":\"https:\/\/pozirk.online\/en\/news\/181297\/#primaryimage\"},\"image\":{\"@id\":\"https:\/\/pozirk.online\/en\/news\/181297\/#primaryimage\"},\"thumbnailUrl\":\"https:\/\/pozirk.online\/wp-content\/uploads\/2023\/11\/\u0442\u044e\u0440\u044c\u043c\u0430-\u0441\u043e\u043b\u043d\u0446\u0435-\u043f\u0438\u043a\u0441\u0430\u0431\u0430\u0439-e1700140578746.jpg\",\"datePublished\":\"2026-03-27T13:35:16+00:00\",\"dateModified\":\"2026-03-27T13:35:18+00:00\",\"description\":\"March 27, Pozirk. Belarus\u2019 interior ministry has added 24 names to its list of \u201cextremists\u201d \u2013 in fact individuals associated with the opposition \u2013 taking\",\"breadcrumb\":{\"@id\":\"https:\/\/pozirk.online\/en\/news\/181297\/#breadcrumb\"},\"inLanguage\":\"en-US\",\"potentialAction\":[{\"@type\":\"ReadAction\",\"target\":[\"https:\/\/pozirk.online\/en\/news\/181297\/\"]}]},{\"@type\":\"ImageObject\",\"inLanguage\":\"en-US\",\"@id\":\"https:\/\/pozirk.online\/en\/news\/181297\/#primaryimage\",\"url\":\"https:\/\/pozirk.online\/wp-content\/uploads\/2023\/11\/\u0442\u044e\u0440\u044c\u043c\u0430-\u0441\u043e\u043b\u043d\u0446\u0435-\u043f\u0438\u043a\u0441\u0430\u0431\u0430\u0439-e1700140578746.jpg\",\"contentUrl\":\"https:\/\/pozirk.online\/wp-content\/uploads\/2023\/11\/\u0442\u044e\u0440\u044c\u043c\u0430-\u0441\u043e\u043b\u043d\u0446\u0435-\u043f\u0438\u043a\u0441\u0430\u0431\u0430\u0439-e1700140578746.jpg\",\"width\":1280,\"height\":853},{\"@type\":\"BreadcrumbList\",\"@id\":\"https:\/\/pozirk.online\/en\/news\/181297\/#breadcrumb\",\"itemListElement\":[{\"@type\":\"ListItem\",\"position\":1,\"name\":\"Home\",\"item\":\"https:\/\/pozirk.online\/en\/\"},{\"@type\":\"ListItem\",\"position\":2,\"name\":\"Interior ministry adds 24 names to its list of \u201cextremists\u201d\"}]},{\"@type\":\"WebSite\",\"@id\":\"https:\/\/pozirk.online\/en\/#website\",\"url\":\"https:\/\/pozirk.online\/en\/\",\"name\":\"Pozirk\",\"description\":\"\",\"publisher\":{\"@id\":\"https:\/\/pozirk.online\/en\/#organization\"},\"potentialAction\":[{\"@type\":\"SearchAction\",\"target\":{\"@type\":\"EntryPoint\",\"urlTemplate\":\"https:\/\/pozirk.online\/en\/?s={search_term_string}\"},\"query-input\":{\"@type\":\"PropertyValueSpecification\",\"valueRequired\":true,\"valueName\":\"search_term_string\"}}],\"inLanguage\":\"en-US\"},{\"@type\":\"Organization\",\"@id\":\"https:\/\/pozirk.online\/en\/#organization\",\"name\":\"Pozirk\",\"url\":\"https:\/\/pozirk.online\/en\/\",\"logo\":{\"@type\":\"ImageObject\",\"inLanguage\":\"en-US\",\"@id\":\"https:\/\/pozirk.online\/en\/#\/schema\/logo\/image\/\",\"url\":\"https:\/\/pozirk.online\/wp-content\/uploads\/2023\/11\/cropped-Logo_color_512.png\",\"contentUrl\":\"https:\/\/pozirk.online\/wp-content\/uploads\/2023\/11\/cropped-Logo_color_512.png\",\"width\":512,\"height\":512,\"caption\":\"Pozirk\"},\"image\":{\"@id\":\"https:\/\/pozirk.online\/en\/#\/schema\/logo\/image\/\"},\"sameAs\":[\"https:\/\/www.facebook.com\/pozirkonline\/\",\"https:\/\/x.com\/Pozirk_online\"]}]}<\/script>\n<!-- \/ Yoast SEO plugin. -->","yoast_head_json":{"title":"Interior ministry adds 24 names to its list of \u201cextremists\u201d | Pozirk","description":"March 27, Pozirk. Belarus\u2019 interior ministry has added 24 names to its list of \u201cextremists\u201d \u2013 in fact individuals associated with the opposition \u2013 taking","robots":{"index":"index","follow":"follow","max-snippet":"max-snippet:-1","max-image-preview":"max-image-preview:large","max-video-preview":"max-video-preview:-1"},"canonical":"https:\/\/pozirk.online\/en\/news\/181297\/","og_locale":"en_US","og_type":"article","og_title":"Interior ministry adds 24 names to its list of \u201cextremists\u201d | Pozirk","og_description":"March 27, Pozirk. Belarus\u2019 interior ministry has added 24 names to its list of \u201cextremists\u201d \u2013 in fact individuals associated with the opposition \u2013 taking","og_url":"https:\/\/pozirk.online\/en\/news\/181297\/","og_site_name":"Pozirk","article_publisher":"https:\/\/www.facebook.com\/pozirkonline\/","article_modified_time":"2026-03-27T13:35:18+00:00","og_image":[{"width":1280,"height":853,"url":"https:\/\/pozirk.online\/wp-content\/uploads\/2023\/11\/\u0442\u044e\u0440\u044c\u043c\u0430-\u0441\u043e\u043b\u043d\u0446\u0435-\u043f\u0438\u043a\u0441\u0430\u0431\u0430\u0439-e1700140578746.jpg","type":"image\/jpeg"}],"twitter_card":"summary_large_image","twitter_site":"@Pozirk_online","twitter_misc":{"Est. reading time":"1 minute"},"schema":{"@context":"https:\/\/schema.org","@graph":[{"@type":"NewsArticle","@id":"https:\/\/pozirk.online\/en\/news\/181297\/#article","isPartOf":{"@id":"https:\/\/pozirk.online\/en\/news\/181297\/"},"headline":"Interior ministry adds 24 names to its list of \u201cextremists\u201d","datePublished":"2026-03-27T13:35:16+00:00","dateModified":"2026-03-27T13:35:18+00:00","mainEntityOfPage":{"@id":"https:\/\/pozirk.online\/en\/news\/181297\/"},"wordCount":165,"publisher":{"@id":"https:\/\/pozirk.online\/en\/#organization"},"image":{"@id":"https:\/\/pozirk.online\/en\/news\/181297\/#primaryimage"},"thumbnailUrl":"https:\/\/pozirk.online\/wp-content\/uploads\/2023\/11\/\u0442\u044e\u0440\u044c\u043c\u0430-\u0441\u043e\u043b\u043d\u0446\u0435-\u043f\u0438\u043a\u0441\u0430\u0431\u0430\u0439-e1700140578746.jpg","inLanguage":"en-US"},{"@type":"WebPage","@id":"https:\/\/pozirk.online\/en\/news\/181297\/","url":"https:\/\/pozirk.online\/en\/news\/181297\/","name":"Interior ministry adds 24 names to its list of \u201cextremists\u201d | Pozirk","isPartOf":{"@id":"https:\/\/pozirk.online\/en\/#website"},"primaryImageOfPage":{"@id":"https:\/\/pozirk.online\/en\/news\/181297\/#primaryimage"},"image":{"@id":"https:\/\/pozirk.online\/en\/news\/181297\/#primaryimage"},"thumbnailUrl":"https:\/\/pozirk.online\/wp-content\/uploads\/2023\/11\/\u0442\u044e\u0440\u044c\u043c\u0430-\u0441\u043e\u043b\u043d\u0446\u0435-\u043f\u0438\u043a\u0441\u0430\u0431\u0430\u0439-e1700140578746.jpg","datePublished":"2026-03-27T13:35:16+00:00","dateModified":"2026-03-27T13:35:18+00:00","description":"March 27, Pozirk. Belarus\u2019 interior ministry has added 24 names to its list of \u201cextremists\u201d \u2013 in fact individuals associated with the opposition \u2013 taking","breadcrumb":{"@id":"https:\/\/pozirk.online\/en\/news\/181297\/#breadcrumb"},"inLanguage":"en-US","potentialAction":[{"@type":"ReadAction","target":["https:\/\/pozirk.online\/en\/news\/181297\/"]}]},{"@type":"ImageObject","inLanguage":"en-US","@id":"https:\/\/pozirk.online\/en\/news\/181297\/#primaryimage","url":"https:\/\/pozirk.online\/wp-content\/uploads\/2023\/11\/\u0442\u044e\u0440\u044c\u043c\u0430-\u0441\u043e\u043b\u043d\u0446\u0435-\u043f\u0438\u043a\u0441\u0430\u0431\u0430\u0439-e1700140578746.jpg","contentUrl":"https:\/\/pozirk.online\/wp-content\/uploads\/2023\/11\/\u0442\u044e\u0440\u044c\u043c\u0430-\u0441\u043e\u043b\u043d\u0446\u0435-\u043f\u0438\u043a\u0441\u0430\u0431\u0430\u0439-e1700140578746.jpg","width":1280,"height":853},{"@type":"BreadcrumbList","@id":"https:\/\/pozirk.online\/en\/news\/181297\/#breadcrumb","itemListElement":[{"@type":"ListItem","position":1,"name":"Home","item":"https:\/\/pozirk.online\/en\/"},{"@type":"ListItem","position":2,"name":"Interior ministry adds 24 names to its list of \u201cextremists\u201d"}]},{"@type":"WebSite","@id":"https:\/\/pozirk.online\/en\/#website","url":"https:\/\/pozirk.online\/en\/","name":"Pozirk","description":"","publisher":{"@id":"https:\/\/pozirk.online\/en\/#organization"},"potentialAction":[{"@type":"SearchAction","target":{"@type":"EntryPoint","urlTemplate":"https:\/\/pozirk.online\/en\/?s={search_term_string}"},"query-input":{"@type":"PropertyValueSpecification","valueRequired":true,"valueName":"search_term_string"}}],"inLanguage":"en-US"},{"@type":"Organization","@id":"https:\/\/pozirk.online\/en\/#organization","name":"Pozirk","url":"https:\/\/pozirk.online\/en\/","logo":{"@type":"ImageObject","inLanguage":"en-US","@id":"https:\/\/pozirk.online\/en\/#\/schema\/logo\/image\/","url":"https:\/\/pozirk.online\/wp-content\/uploads\/2023\/11\/cropped-Logo_color_512.png","contentUrl":"https:\/\/pozirk.online\/wp-content\/uploads\/2023\/11\/cropped-Logo_color_512.png","width":512,"height":512,"caption":"Pozirk"},"image":{"@id":"https:\/\/pozirk.online\/en\/#\/schema\/logo\/image\/"},"sameAs":["https:\/\/www.facebook.com\/pozirkonline\/","https:\/\/x.com\/Pozirk_online"]}]}},"_links":{"self":[{"href":"https:\/\/pozirk.online\/en\/wp-json\/wp\/v2\/articles\/181297","targetHints":{"allow":["GET"]}}],"collection":[{"href":"https:\/\/pozirk.online\/en\/wp-json\/wp\/v2\/articles"}],"about":[{"href":"https:\/\/pozirk.online\/en\/wp-json\/wp\/v2\/types\/articles"}],"author":[{"embeddable":true,"href":"https:\/\/pozirk.online\/en\/wp-json\/wp\/v2\/users\/83"}],"wp:featuredmedia":[{"embeddable":true,"href":"https:\/\/pozirk.online\/en\/wp-json\/wp\/v2\/media\/49661"}],"wp:attachment":[{"href":"https:\/\/pozirk.online\/en\/wp-json\/wp\/v2\/media?parent=181297"}],"wp:term":[{"taxonomy":"rubric","embeddable":true,"href":"https:\/\/pozirk.online\/en\/wp-json\/wp\/v2\/rubric?post=181297"}],"curies":[{"name":"wp","href":"https:\/\/api.w.org\/{rel}","templated":true}]}}