{"id":181320,"date":"2026-03-27T19:43:55","date_gmt":"2026-03-27T16:43:55","guid":{"rendered":"https:\/\/pozirk.online\/en\/news\/181320\/"},"modified":"2026-03-27T19:43:56","modified_gmt":"2026-03-27T16:43:56","slug":"lukasenka-appoints-new-military-academy-chief","status":"publish","type":"articles","link":"https:\/\/pozirk.online\/en\/news\/181320\/","title":{"rendered":"\u0141uka\u0161enka appoints new Military Academy chief"},"content":{"rendered":"\n<p><strong>March 27, <em>Pozirk.<\/em> <\/strong>Alaksandar \u0141uka\u0161enka has appointed Maj. Gen. D\u017amitryj Stra\u0161ynski as chief of the Military Academy, the Belarusian leader\u2019s press office reported.<\/p>\n\n\n\n<p>Stra\u0161ynski served as chief of the Main Military Inspectorate of the Belarusian Armed Forces. Earlier he served as chief of the Territorial Defense Department at the Ministry of Defense.<\/p>\n\n\n\n<p>The previous chief of the academy, Andrej Harbacienka, was appointed as deputy state secretary of the Security Council on March 3.<\/p>\n","protected":false},"excerpt":{"rendered":"<p>March 27, Pozirk. Alaksandar \u0141uka\u0161enka has appointed Maj. Gen. D\u017amitryj Stra\u0161ynski as chief of the Military Academy, the Belarusian leader\u2019s press office reported. Stra\u0161ynski served as chief of the Main Military Inspectorate of the Belarusian Armed Forces. Earlier he served as chief of the Territorial Defense Department at the Ministry of Defense. The previous chief [&hellip;]<\/p>\n","protected":false},"author":83,"featured_media":63993,"template":"","rubric":[14,30],"class_list":["post-181320","articles","type-articles","status-publish","has-post-thumbnail","hentry","rubric-politics","rubric-security"],"acf":[],"yoast_head":"<!-- This site is optimized with the Yoast SEO plugin v25.5 - https:\/\/yoast.com\/wordpress\/plugins\/seo\/ -->\n<title>\u0141uka\u0161enka appoints new Military Academy chief | Pozirk<\/title>\n<meta name=\"description\" content=\"March 27, Pozirk. Alaksandar \u0141uka\u0161enka has appointed Maj. Gen. D\u017amitryj Stra\u0161ynski as chief of the Military Academy, the Belarusian leader\u2019s press office\" \/>\n<meta name=\"robots\" content=\"index, follow, max-snippet:-1, max-image-preview:large, max-video-preview:-1\" \/>\n<link rel=\"canonical\" href=\"https:\/\/pozirk.online\/en\/news\/181320\/\" \/>\n<meta property=\"og:locale\" content=\"en_US\" \/>\n<meta property=\"og:type\" content=\"article\" \/>\n<meta property=\"og:title\" content=\"\u0141uka\u0161enka appoints new Military Academy chief | Pozirk\" \/>\n<meta property=\"og:description\" content=\"March 27, Pozirk. Alaksandar \u0141uka\u0161enka has appointed Maj. Gen. D\u017amitryj Stra\u0161ynski as chief of the Military Academy, the Belarusian leader\u2019s press office\" \/>\n<meta property=\"og:url\" content=\"https:\/\/pozirk.online\/en\/news\/181320\/\" \/>\n<meta property=\"og:site_name\" content=\"Pozirk\" \/>\n<meta property=\"article:publisher\" content=\"https:\/\/www.facebook.com\/pozirkonline\/\" \/>\n<meta property=\"article:modified_time\" content=\"2026-03-27T16:43:56+00:00\" \/>\n<meta property=\"og:image\" content=\"https:\/\/pozirk.online\/wp-content\/uploads\/2024\/01\/pozirk_color_blank_1128x752.jpg\" \/>\n\t<meta property=\"og:image:width\" content=\"1128\" \/>\n\t<meta property=\"og:image:height\" content=\"752\" \/>\n\t<meta property=\"og:image:type\" content=\"image\/jpeg\" \/>\n<meta name=\"twitter:card\" content=\"summary_large_image\" \/>\n<meta name=\"twitter:site\" content=\"@Pozirk_online\" \/>\n<meta name=\"twitter:label1\" content=\"Est. reading time\" \/>\n\t<meta name=\"twitter:data1\" content=\"1 minute\" \/>\n<script type=\"application\/ld+json\" class=\"yoast-schema-graph\">{\"@context\":\"https:\/\/schema.org\",\"@graph\":[{\"@type\":\"NewsArticle\",\"@id\":\"https:\/\/pozirk.online\/en\/news\/181320\/#article\",\"isPartOf\":{\"@id\":\"https:\/\/pozirk.online\/en\/news\/181320\/\"},\"headline\":\"\u0141uka\u0161enka appoints new Military Academy chief\",\"datePublished\":\"2026-03-27T16:43:55+00:00\",\"dateModified\":\"2026-03-27T16:43:56+00:00\",\"mainEntityOfPage\":{\"@id\":\"https:\/\/pozirk.online\/en\/news\/181320\/\"},\"wordCount\":83,\"publisher\":{\"@id\":\"https:\/\/pozirk.online\/en\/#organization\"},\"image\":{\"@id\":\"https:\/\/pozirk.online\/en\/news\/181320\/#primaryimage\"},\"thumbnailUrl\":\"https:\/\/pozirk.online\/wp-content\/uploads\/2024\/01\/pozirk_color_blank_1128x752.jpg\",\"inLanguage\":\"en-US\"},{\"@type\":\"WebPage\",\"@id\":\"https:\/\/pozirk.online\/en\/news\/181320\/\",\"url\":\"https:\/\/pozirk.online\/en\/news\/181320\/\",\"name\":\"\u0141uka\u0161enka appoints new Military Academy chief | Pozirk\",\"isPartOf\":{\"@id\":\"https:\/\/pozirk.online\/en\/#website\"},\"primaryImageOfPage\":{\"@id\":\"https:\/\/pozirk.online\/en\/news\/181320\/#primaryimage\"},\"image\":{\"@id\":\"https:\/\/pozirk.online\/en\/news\/181320\/#primaryimage\"},\"thumbnailUrl\":\"https:\/\/pozirk.online\/wp-content\/uploads\/2024\/01\/pozirk_color_blank_1128x752.jpg\",\"datePublished\":\"2026-03-27T16:43:55+00:00\",\"dateModified\":\"2026-03-27T16:43:56+00:00\",\"description\":\"March 27, Pozirk. Alaksandar \u0141uka\u0161enka has appointed Maj. Gen. D\u017amitryj Stra\u0161ynski as chief of the Military Academy, the Belarusian leader\u2019s press office\",\"breadcrumb\":{\"@id\":\"https:\/\/pozirk.online\/en\/news\/181320\/#breadcrumb\"},\"inLanguage\":\"en-US\",\"potentialAction\":[{\"@type\":\"ReadAction\",\"target\":[\"https:\/\/pozirk.online\/en\/news\/181320\/\"]}]},{\"@type\":\"ImageObject\",\"inLanguage\":\"en-US\",\"@id\":\"https:\/\/pozirk.online\/en\/news\/181320\/#primaryimage\",\"url\":\"https:\/\/pozirk.online\/wp-content\/uploads\/2024\/01\/pozirk_color_blank_1128x752.jpg\",\"contentUrl\":\"https:\/\/pozirk.online\/wp-content\/uploads\/2024\/01\/pozirk_color_blank_1128x752.jpg\",\"width\":1128,\"height\":752},{\"@type\":\"BreadcrumbList\",\"@id\":\"https:\/\/pozirk.online\/en\/news\/181320\/#breadcrumb\",\"itemListElement\":[{\"@type\":\"ListItem\",\"position\":1,\"name\":\"Home\",\"item\":\"https:\/\/pozirk.online\/en\/\"},{\"@type\":\"ListItem\",\"position\":2,\"name\":\"\u0141uka\u0161enka appoints new Military Academy chief\"}]},{\"@type\":\"WebSite\",\"@id\":\"https:\/\/pozirk.online\/en\/#website\",\"url\":\"https:\/\/pozirk.online\/en\/\",\"name\":\"Pozirk\",\"description\":\"\",\"publisher\":{\"@id\":\"https:\/\/pozirk.online\/en\/#organization\"},\"potentialAction\":[{\"@type\":\"SearchAction\",\"target\":{\"@type\":\"EntryPoint\",\"urlTemplate\":\"https:\/\/pozirk.online\/en\/?s={search_term_string}\"},\"query-input\":{\"@type\":\"PropertyValueSpecification\",\"valueRequired\":true,\"valueName\":\"search_term_string\"}}],\"inLanguage\":\"en-US\"},{\"@type\":\"Organization\",\"@id\":\"https:\/\/pozirk.online\/en\/#organization\",\"name\":\"Pozirk\",\"url\":\"https:\/\/pozirk.online\/en\/\",\"logo\":{\"@type\":\"ImageObject\",\"inLanguage\":\"en-US\",\"@id\":\"https:\/\/pozirk.online\/en\/#\/schema\/logo\/image\/\",\"url\":\"https:\/\/pozirk.online\/wp-content\/uploads\/2023\/11\/cropped-Logo_color_512.png\",\"contentUrl\":\"https:\/\/pozirk.online\/wp-content\/uploads\/2023\/11\/cropped-Logo_color_512.png\",\"width\":512,\"height\":512,\"caption\":\"Pozirk\"},\"image\":{\"@id\":\"https:\/\/pozirk.online\/en\/#\/schema\/logo\/image\/\"},\"sameAs\":[\"https:\/\/www.facebook.com\/pozirkonline\/\",\"https:\/\/x.com\/Pozirk_online\"]}]}<\/script>\n<!-- \/ Yoast SEO plugin. -->","yoast_head_json":{"title":"\u0141uka\u0161enka appoints new Military Academy chief | Pozirk","description":"March 27, Pozirk. Alaksandar \u0141uka\u0161enka has appointed Maj. Gen. D\u017amitryj Stra\u0161ynski as chief of the Military Academy, the Belarusian leader\u2019s press office","robots":{"index":"index","follow":"follow","max-snippet":"max-snippet:-1","max-image-preview":"max-image-preview:large","max-video-preview":"max-video-preview:-1"},"canonical":"https:\/\/pozirk.online\/en\/news\/181320\/","og_locale":"en_US","og_type":"article","og_title":"\u0141uka\u0161enka appoints new Military Academy chief | Pozirk","og_description":"March 27, Pozirk. Alaksandar \u0141uka\u0161enka has appointed Maj. Gen. D\u017amitryj Stra\u0161ynski as chief of the Military Academy, the Belarusian leader\u2019s press office","og_url":"https:\/\/pozirk.online\/en\/news\/181320\/","og_site_name":"Pozirk","article_publisher":"https:\/\/www.facebook.com\/pozirkonline\/","article_modified_time":"2026-03-27T16:43:56+00:00","og_image":[{"width":1128,"height":752,"url":"https:\/\/pozirk.online\/wp-content\/uploads\/2024\/01\/pozirk_color_blank_1128x752.jpg","type":"image\/jpeg"}],"twitter_card":"summary_large_image","twitter_site":"@Pozirk_online","twitter_misc":{"Est. reading time":"1 minute"},"schema":{"@context":"https:\/\/schema.org","@graph":[{"@type":"NewsArticle","@id":"https:\/\/pozirk.online\/en\/news\/181320\/#article","isPartOf":{"@id":"https:\/\/pozirk.online\/en\/news\/181320\/"},"headline":"\u0141uka\u0161enka appoints new Military Academy chief","datePublished":"2026-03-27T16:43:55+00:00","dateModified":"2026-03-27T16:43:56+00:00","mainEntityOfPage":{"@id":"https:\/\/pozirk.online\/en\/news\/181320\/"},"wordCount":83,"publisher":{"@id":"https:\/\/pozirk.online\/en\/#organization"},"image":{"@id":"https:\/\/pozirk.online\/en\/news\/181320\/#primaryimage"},"thumbnailUrl":"https:\/\/pozirk.online\/wp-content\/uploads\/2024\/01\/pozirk_color_blank_1128x752.jpg","inLanguage":"en-US"},{"@type":"WebPage","@id":"https:\/\/pozirk.online\/en\/news\/181320\/","url":"https:\/\/pozirk.online\/en\/news\/181320\/","name":"\u0141uka\u0161enka appoints new Military Academy chief | Pozirk","isPartOf":{"@id":"https:\/\/pozirk.online\/en\/#website"},"primaryImageOfPage":{"@id":"https:\/\/pozirk.online\/en\/news\/181320\/#primaryimage"},"image":{"@id":"https:\/\/pozirk.online\/en\/news\/181320\/#primaryimage"},"thumbnailUrl":"https:\/\/pozirk.online\/wp-content\/uploads\/2024\/01\/pozirk_color_blank_1128x752.jpg","datePublished":"2026-03-27T16:43:55+00:00","dateModified":"2026-03-27T16:43:56+00:00","description":"March 27, Pozirk. Alaksandar \u0141uka\u0161enka has appointed Maj. Gen. D\u017amitryj Stra\u0161ynski as chief of the Military Academy, the Belarusian leader\u2019s press office","breadcrumb":{"@id":"https:\/\/pozirk.online\/en\/news\/181320\/#breadcrumb"},"inLanguage":"en-US","potentialAction":[{"@type":"ReadAction","target":["https:\/\/pozirk.online\/en\/news\/181320\/"]}]},{"@type":"ImageObject","inLanguage":"en-US","@id":"https:\/\/pozirk.online\/en\/news\/181320\/#primaryimage","url":"https:\/\/pozirk.online\/wp-content\/uploads\/2024\/01\/pozirk_color_blank_1128x752.jpg","contentUrl":"https:\/\/pozirk.online\/wp-content\/uploads\/2024\/01\/pozirk_color_blank_1128x752.jpg","width":1128,"height":752},{"@type":"BreadcrumbList","@id":"https:\/\/pozirk.online\/en\/news\/181320\/#breadcrumb","itemListElement":[{"@type":"ListItem","position":1,"name":"Home","item":"https:\/\/pozirk.online\/en\/"},{"@type":"ListItem","position":2,"name":"\u0141uka\u0161enka appoints new Military Academy chief"}]},{"@type":"WebSite","@id":"https:\/\/pozirk.online\/en\/#website","url":"https:\/\/pozirk.online\/en\/","name":"Pozirk","description":"","publisher":{"@id":"https:\/\/pozirk.online\/en\/#organization"},"potentialAction":[{"@type":"SearchAction","target":{"@type":"EntryPoint","urlTemplate":"https:\/\/pozirk.online\/en\/?s={search_term_string}"},"query-input":{"@type":"PropertyValueSpecification","valueRequired":true,"valueName":"search_term_string"}}],"inLanguage":"en-US"},{"@type":"Organization","@id":"https:\/\/pozirk.online\/en\/#organization","name":"Pozirk","url":"https:\/\/pozirk.online\/en\/","logo":{"@type":"ImageObject","inLanguage":"en-US","@id":"https:\/\/pozirk.online\/en\/#\/schema\/logo\/image\/","url":"https:\/\/pozirk.online\/wp-content\/uploads\/2023\/11\/cropped-Logo_color_512.png","contentUrl":"https:\/\/pozirk.online\/wp-content\/uploads\/2023\/11\/cropped-Logo_color_512.png","width":512,"height":512,"caption":"Pozirk"},"image":{"@id":"https:\/\/pozirk.online\/en\/#\/schema\/logo\/image\/"},"sameAs":["https:\/\/www.facebook.com\/pozirkonline\/","https:\/\/x.com\/Pozirk_online"]}]}},"_links":{"self":[{"href":"https:\/\/pozirk.online\/en\/wp-json\/wp\/v2\/articles\/181320","targetHints":{"allow":["GET"]}}],"collection":[{"href":"https:\/\/pozirk.online\/en\/wp-json\/wp\/v2\/articles"}],"about":[{"href":"https:\/\/pozirk.online\/en\/wp-json\/wp\/v2\/types\/articles"}],"author":[{"embeddable":true,"href":"https:\/\/pozirk.online\/en\/wp-json\/wp\/v2\/users\/83"}],"wp:featuredmedia":[{"embeddable":true,"href":"https:\/\/pozirk.online\/en\/wp-json\/wp\/v2\/media\/63993"}],"wp:attachment":[{"href":"https:\/\/pozirk.online\/en\/wp-json\/wp\/v2\/media?parent=181320"}],"wp:term":[{"taxonomy":"rubric","embeddable":true,"href":"https:\/\/pozirk.online\/en\/wp-json\/wp\/v2\/rubric?post=181320"}],"curies":[{"name":"wp","href":"https:\/\/api.w.org\/{rel}","templated":true}]}}