{"id":181878,"date":"2026-04-01T15:44:07","date_gmt":"2026-04-01T12:44:07","guid":{"rendered":"https:\/\/pozirk.online\/en\/news\/181878\/"},"modified":"2026-04-01T15:44:09","modified_gmt":"2026-04-01T12:44:09","slug":"latuska-in-strasbourg-to-discuss-accountability-for-lukasenka","status":"publish","type":"articles","link":"https:\/\/pozirk.online\/en\/news\/181878\/","title":{"rendered":"\u0141atu\u0161ka in Strasbourg to discuss accountability for \u0141uka\u0161enka"},"content":{"rendered":"\n<figure class=\"block-image block-image-normal\">\n\n  <img decoding=\"async\" width=\"1128\" height=\"752\" src=\"https:\/\/pozirk.online\/wp-content\/uploads\/2026\/04\/latushko_kondratovich_opk_1128x752.jpg\" class=\"attachment-full size-full\" alt=\"\" srcset=\"https:\/\/pozirk.online\/wp-content\/uploads\/2026\/04\/latushko_kondratovich_opk_1128x752.jpg 1128w, https:\/\/pozirk.online\/wp-content\/uploads\/2026\/04\/latushko_kondratovich_opk_1128x752-354x236.jpg 354w, https:\/\/pozirk.online\/wp-content\/uploads\/2026\/04\/latushko_kondratovich_opk_1128x752-734x490.jpg 734w, https:\/\/pozirk.online\/wp-content\/uploads\/2026\/04\/latushko_kondratovich_opk_1128x752-178x118.jpg 178w, https:\/\/pozirk.online\/wp-content\/uploads\/2026\/04\/latushko_kondratovich_opk_1128x752-768x512.jpg 768w\" sizes=\"(max-width: 1128px) 100vw, 1128px\" \/>\n  <figcaption>\n      <div class=\"block-image__descr\">\n\n        \u0141atu\u0161ka (right) with Kondratovi\u010d\n    <\/div>\n  \n       <div class=\"block-image__author\">\n                <span>(UTC)<\/span>\n    <\/div>\n     <\/figcaption>\n<\/figure>\n\n\n\n<p><strong>April 1, <em>Pozirk.<\/em> <\/strong>Belarusian opposition politician Pavie\u0142 Latu\u0161ka is in Strasbourg to discuss ways to bring Alaksandar \u0141uka\u0161enka to account with diplomats and Council of Europe officials, the opposition cabinet reported.<\/p>\n\n\n\n<p>The politician accuses the Belarusian ruler of crimes against the Belarusian and Ukrainian peoples and war crimes linked to the illegal transfer of Ukrainian children to Belarus for indoctrination.<\/p>\n\n\n\n<p>The Belarusian politician met with Lithuanian Interior Minister Vladislav Kondratovi\u010d to express gratitude to Vilnius for its key role in pressing charges against the Belarusian authoritarian leader in the International Criminal Court (ICC).<\/p>\n\n\n\n<p>Last month the ICC launched an inquiry against \u0141uka\u0161enka.<\/p>\n\n\n\n<p>According to a statement on the ICC website, the Office has concluded that there is a \u201creasonable basis to believe that Rome Statute crimes were committed at least in part on the territory of the Republic of Lithuania.\u201d<strong><\/strong><\/p>\n\n\n\n<p>\u201cThere is a reasonable basis to believe that the coercive acts leading to deportation constituted a course of conduct against actual or perceived opponents of the Government of Belarus, pursuant to or in furtherance of a State policy,\u201d it said. The Office has concluded that the alleged crimes committed by the authorities were encouraged or approved by the highest levels of the Government.\u201d<\/p>\n\n\n\n<p>In addition, \u201cthere is a reasonable basis to believe that these crimes were committed as part of a widespread and systematic attack against the civilian population, considering their large scale, the number of victims, and the organised nature of the acts,\u201d it said.<\/p>\n\n\n\n<div class=\"insert-block\">\n\n    <div class=\"insert-block__img\">\n        <img decoding=\"async\" width=\"354\" height=\"236\" src=\"https:\/\/pozirk.online\/wp-content\/uploads\/2025\/10\/budris_tihanovskaja_POZ_1128x752-354x236.jpg\" class=\"attachment-medium size-medium\" alt=\"\" srcset=\"https:\/\/pozirk.online\/wp-content\/uploads\/2025\/10\/budris_tihanovskaja_POZ_1128x752-354x236.jpg 354w, https:\/\/pozirk.online\/wp-content\/uploads\/2025\/10\/budris_tihanovskaja_POZ_1128x752-734x490.jpg 734w, https:\/\/pozirk.online\/wp-content\/uploads\/2025\/10\/budris_tihanovskaja_POZ_1128x752-178x118.jpg 178w, https:\/\/pozirk.online\/wp-content\/uploads\/2025\/10\/budris_tihanovskaja_POZ_1128x752-768x512.jpg 768w, https:\/\/pozirk.online\/wp-content\/uploads\/2025\/10\/budris_tihanovskaja_POZ_1128x752.jpg 1128w\" sizes=\"(max-width: 354px) 100vw, 354px\" \/>                        <label class=\"insert-block__tag--mobile\"> Politics<\/label>\n\n                <\/div>\n    <div class=\"insert-block__text\">\n                    <label class=\"insert-block__tag\">Politics<\/label>\n                <h3 class=\"insert-block__title\">Lithuanian FM Budrys on ICC probe of Luka\u0161enka: justice must prevail<\/h3>\n        <div class=\"insert-block__descr\">March 13, Pozirk. Lithuanian Foreign Minister K\u0119stutis Budrys said his country strongly welcomes the decision by the International Criminal Court\u2019s (ICC) prosecutor to launch a probe into crimes against humanity allegedly committed in Belarus since 2020. Lithuania submitted a corresponding &#8230;<\/div>\n        <a class=\"insert-block__btn-block\" href=\"\/en\/news\/179263\">\n            <button class=\"btn\">\n                <div class='btn__text'>Read <\/div>\n            <\/button>\n        <\/a>\n    <\/div>\n<\/div>","protected":false},"excerpt":{"rendered":"<p>April 1, Pozirk. Belarusian opposition politician Pavie\u0142 Latu\u0161ka is in Strasbourg to discuss ways to bring Alaksandar \u0141uka\u0161enka to account with diplomats and Council of Europe officials, the opposition cabinet reported. The politician accuses the Belarusian ruler of crimes against the Belarusian and Ukrainian peoples and war crimes linked to the illegal transfer of Ukrainian [&hellip;]<\/p>\n","protected":false},"author":83,"featured_media":181874,"template":"","rubric":[16],"class_list":["post-181878","articles","type-articles","status-publish","has-post-thumbnail","hentry","rubric-politics"],"acf":[],"yoast_head":"<!-- This site is optimized with the Yoast SEO plugin v25.5 - https:\/\/yoast.com\/wordpress\/plugins\/seo\/ -->\n<title>\u0141atu\u0161ka in Strasbourg to discuss accountability for \u0141uka\u0161enka | Pozirk<\/title>\n<meta name=\"description\" content=\"April 1, Pozirk. Belarusian opposition politician Pavie\u0142 Latu\u0161ka is in Strasbourg to discuss ways to bring Alaksandar \u0141uka\u0161enka to account with diplomats\" \/>\n<meta name=\"robots\" content=\"index, follow, max-snippet:-1, max-image-preview:large, max-video-preview:-1\" \/>\n<link rel=\"canonical\" href=\"https:\/\/pozirk.online\/en\/news\/181878\/\" \/>\n<meta property=\"og:locale\" content=\"en_US\" \/>\n<meta property=\"og:type\" content=\"article\" \/>\n<meta property=\"og:title\" content=\"\u0141atu\u0161ka in Strasbourg to discuss accountability for \u0141uka\u0161enka | Pozirk\" \/>\n<meta property=\"og:description\" content=\"April 1, Pozirk. Belarusian opposition politician Pavie\u0142 Latu\u0161ka is in Strasbourg to discuss ways to bring Alaksandar \u0141uka\u0161enka to account with diplomats\" \/>\n<meta property=\"og:url\" content=\"https:\/\/pozirk.online\/en\/news\/181878\/\" \/>\n<meta property=\"og:site_name\" content=\"Pozirk\" \/>\n<meta property=\"article:publisher\" content=\"https:\/\/www.facebook.com\/pozirkonline\/\" \/>\n<meta property=\"article:modified_time\" content=\"2026-04-01T12:44:09+00:00\" \/>\n<meta property=\"og:image\" content=\"https:\/\/pozirk.online\/wp-content\/uploads\/2026\/04\/latushko_kondratovich_opk_1128x752.jpg\" \/>\n\t<meta property=\"og:image:width\" content=\"1128\" \/>\n\t<meta property=\"og:image:height\" content=\"752\" \/>\n\t<meta property=\"og:image:type\" content=\"image\/jpeg\" \/>\n<meta name=\"twitter:card\" content=\"summary_large_image\" \/>\n<meta name=\"twitter:site\" content=\"@Pozirk_online\" \/>\n<meta name=\"twitter:label1\" content=\"Est. reading time\" \/>\n\t<meta name=\"twitter:data1\" content=\"2 minutes\" \/>\n<script type=\"application\/ld+json\" class=\"yoast-schema-graph\">{\"@context\":\"https:\/\/schema.org\",\"@graph\":[{\"@type\":\"NewsArticle\",\"@id\":\"https:\/\/pozirk.online\/en\/news\/181878\/#article\",\"isPartOf\":{\"@id\":\"https:\/\/pozirk.online\/en\/news\/181878\/\"},\"headline\":\"\u0141atu\u0161ka in Strasbourg to discuss accountability for \u0141uka\u0161enka\",\"datePublished\":\"2026-04-01T12:44:07+00:00\",\"dateModified\":\"2026-04-01T12:44:09+00:00\",\"mainEntityOfPage\":{\"@id\":\"https:\/\/pozirk.online\/en\/news\/181878\/\"},\"wordCount\":258,\"publisher\":{\"@id\":\"https:\/\/pozirk.online\/en\/#organization\"},\"image\":{\"@id\":\"https:\/\/pozirk.online\/en\/news\/181878\/#primaryimage\"},\"thumbnailUrl\":\"https:\/\/pozirk.online\/wp-content\/uploads\/2026\/04\/latushko_kondratovich_opk_1128x752.jpg\",\"inLanguage\":\"en-US\"},{\"@type\":\"WebPage\",\"@id\":\"https:\/\/pozirk.online\/en\/news\/181878\/\",\"url\":\"https:\/\/pozirk.online\/en\/news\/181878\/\",\"name\":\"\u0141atu\u0161ka in Strasbourg to discuss accountability for \u0141uka\u0161enka | Pozirk\",\"isPartOf\":{\"@id\":\"https:\/\/pozirk.online\/en\/#website\"},\"primaryImageOfPage\":{\"@id\":\"https:\/\/pozirk.online\/en\/news\/181878\/#primaryimage\"},\"image\":{\"@id\":\"https:\/\/pozirk.online\/en\/news\/181878\/#primaryimage\"},\"thumbnailUrl\":\"https:\/\/pozirk.online\/wp-content\/uploads\/2026\/04\/latushko_kondratovich_opk_1128x752.jpg\",\"datePublished\":\"2026-04-01T12:44:07+00:00\",\"dateModified\":\"2026-04-01T12:44:09+00:00\",\"description\":\"April 1, Pozirk. Belarusian opposition politician Pavie\u0142 Latu\u0161ka is in Strasbourg to discuss ways to bring Alaksandar \u0141uka\u0161enka to account with diplomats\",\"breadcrumb\":{\"@id\":\"https:\/\/pozirk.online\/en\/news\/181878\/#breadcrumb\"},\"inLanguage\":\"en-US\",\"potentialAction\":[{\"@type\":\"ReadAction\",\"target\":[\"https:\/\/pozirk.online\/en\/news\/181878\/\"]}]},{\"@type\":\"ImageObject\",\"inLanguage\":\"en-US\",\"@id\":\"https:\/\/pozirk.online\/en\/news\/181878\/#primaryimage\",\"url\":\"https:\/\/pozirk.online\/wp-content\/uploads\/2026\/04\/latushko_kondratovich_opk_1128x752.jpg\",\"contentUrl\":\"https:\/\/pozirk.online\/wp-content\/uploads\/2026\/04\/latushko_kondratovich_opk_1128x752.jpg\",\"width\":1128,\"height\":752},{\"@type\":\"BreadcrumbList\",\"@id\":\"https:\/\/pozirk.online\/en\/news\/181878\/#breadcrumb\",\"itemListElement\":[{\"@type\":\"ListItem\",\"position\":1,\"name\":\"Home\",\"item\":\"https:\/\/pozirk.online\/en\/\"},{\"@type\":\"ListItem\",\"position\":2,\"name\":\"\u0141atu\u0161ka in Strasbourg to discuss accountability for \u0141uka\u0161enka\"}]},{\"@type\":\"WebSite\",\"@id\":\"https:\/\/pozirk.online\/en\/#website\",\"url\":\"https:\/\/pozirk.online\/en\/\",\"name\":\"Pozirk\",\"description\":\"\",\"publisher\":{\"@id\":\"https:\/\/pozirk.online\/en\/#organization\"},\"potentialAction\":[{\"@type\":\"SearchAction\",\"target\":{\"@type\":\"EntryPoint\",\"urlTemplate\":\"https:\/\/pozirk.online\/en\/?s={search_term_string}\"},\"query-input\":{\"@type\":\"PropertyValueSpecification\",\"valueRequired\":true,\"valueName\":\"search_term_string\"}}],\"inLanguage\":\"en-US\"},{\"@type\":\"Organization\",\"@id\":\"https:\/\/pozirk.online\/en\/#organization\",\"name\":\"Pozirk\",\"url\":\"https:\/\/pozirk.online\/en\/\",\"logo\":{\"@type\":\"ImageObject\",\"inLanguage\":\"en-US\",\"@id\":\"https:\/\/pozirk.online\/en\/#\/schema\/logo\/image\/\",\"url\":\"https:\/\/pozirk.online\/wp-content\/uploads\/2023\/11\/cropped-Logo_color_512.png\",\"contentUrl\":\"https:\/\/pozirk.online\/wp-content\/uploads\/2023\/11\/cropped-Logo_color_512.png\",\"width\":512,\"height\":512,\"caption\":\"Pozirk\"},\"image\":{\"@id\":\"https:\/\/pozirk.online\/en\/#\/schema\/logo\/image\/\"},\"sameAs\":[\"https:\/\/www.facebook.com\/pozirkonline\/\",\"https:\/\/x.com\/Pozirk_online\"]}]}<\/script>\n<!-- \/ Yoast SEO plugin. -->","yoast_head_json":{"title":"\u0141atu\u0161ka in Strasbourg to discuss accountability for \u0141uka\u0161enka | Pozirk","description":"April 1, Pozirk. Belarusian opposition politician Pavie\u0142 Latu\u0161ka is in Strasbourg to discuss ways to bring Alaksandar \u0141uka\u0161enka to account with diplomats","robots":{"index":"index","follow":"follow","max-snippet":"max-snippet:-1","max-image-preview":"max-image-preview:large","max-video-preview":"max-video-preview:-1"},"canonical":"https:\/\/pozirk.online\/en\/news\/181878\/","og_locale":"en_US","og_type":"article","og_title":"\u0141atu\u0161ka in Strasbourg to discuss accountability for \u0141uka\u0161enka | Pozirk","og_description":"April 1, Pozirk. Belarusian opposition politician Pavie\u0142 Latu\u0161ka is in Strasbourg to discuss ways to bring Alaksandar \u0141uka\u0161enka to account with diplomats","og_url":"https:\/\/pozirk.online\/en\/news\/181878\/","og_site_name":"Pozirk","article_publisher":"https:\/\/www.facebook.com\/pozirkonline\/","article_modified_time":"2026-04-01T12:44:09+00:00","og_image":[{"width":1128,"height":752,"url":"https:\/\/pozirk.online\/wp-content\/uploads\/2026\/04\/latushko_kondratovich_opk_1128x752.jpg","type":"image\/jpeg"}],"twitter_card":"summary_large_image","twitter_site":"@Pozirk_online","twitter_misc":{"Est. reading time":"2 minutes"},"schema":{"@context":"https:\/\/schema.org","@graph":[{"@type":"NewsArticle","@id":"https:\/\/pozirk.online\/en\/news\/181878\/#article","isPartOf":{"@id":"https:\/\/pozirk.online\/en\/news\/181878\/"},"headline":"\u0141atu\u0161ka in Strasbourg to discuss accountability for \u0141uka\u0161enka","datePublished":"2026-04-01T12:44:07+00:00","dateModified":"2026-04-01T12:44:09+00:00","mainEntityOfPage":{"@id":"https:\/\/pozirk.online\/en\/news\/181878\/"},"wordCount":258,"publisher":{"@id":"https:\/\/pozirk.online\/en\/#organization"},"image":{"@id":"https:\/\/pozirk.online\/en\/news\/181878\/#primaryimage"},"thumbnailUrl":"https:\/\/pozirk.online\/wp-content\/uploads\/2026\/04\/latushko_kondratovich_opk_1128x752.jpg","inLanguage":"en-US"},{"@type":"WebPage","@id":"https:\/\/pozirk.online\/en\/news\/181878\/","url":"https:\/\/pozirk.online\/en\/news\/181878\/","name":"\u0141atu\u0161ka in Strasbourg to discuss accountability for \u0141uka\u0161enka | Pozirk","isPartOf":{"@id":"https:\/\/pozirk.online\/en\/#website"},"primaryImageOfPage":{"@id":"https:\/\/pozirk.online\/en\/news\/181878\/#primaryimage"},"image":{"@id":"https:\/\/pozirk.online\/en\/news\/181878\/#primaryimage"},"thumbnailUrl":"https:\/\/pozirk.online\/wp-content\/uploads\/2026\/04\/latushko_kondratovich_opk_1128x752.jpg","datePublished":"2026-04-01T12:44:07+00:00","dateModified":"2026-04-01T12:44:09+00:00","description":"April 1, Pozirk. Belarusian opposition politician Pavie\u0142 Latu\u0161ka is in Strasbourg to discuss ways to bring Alaksandar \u0141uka\u0161enka to account with diplomats","breadcrumb":{"@id":"https:\/\/pozirk.online\/en\/news\/181878\/#breadcrumb"},"inLanguage":"en-US","potentialAction":[{"@type":"ReadAction","target":["https:\/\/pozirk.online\/en\/news\/181878\/"]}]},{"@type":"ImageObject","inLanguage":"en-US","@id":"https:\/\/pozirk.online\/en\/news\/181878\/#primaryimage","url":"https:\/\/pozirk.online\/wp-content\/uploads\/2026\/04\/latushko_kondratovich_opk_1128x752.jpg","contentUrl":"https:\/\/pozirk.online\/wp-content\/uploads\/2026\/04\/latushko_kondratovich_opk_1128x752.jpg","width":1128,"height":752},{"@type":"BreadcrumbList","@id":"https:\/\/pozirk.online\/en\/news\/181878\/#breadcrumb","itemListElement":[{"@type":"ListItem","position":1,"name":"Home","item":"https:\/\/pozirk.online\/en\/"},{"@type":"ListItem","position":2,"name":"\u0141atu\u0161ka in Strasbourg to discuss accountability for \u0141uka\u0161enka"}]},{"@type":"WebSite","@id":"https:\/\/pozirk.online\/en\/#website","url":"https:\/\/pozirk.online\/en\/","name":"Pozirk","description":"","publisher":{"@id":"https:\/\/pozirk.online\/en\/#organization"},"potentialAction":[{"@type":"SearchAction","target":{"@type":"EntryPoint","urlTemplate":"https:\/\/pozirk.online\/en\/?s={search_term_string}"},"query-input":{"@type":"PropertyValueSpecification","valueRequired":true,"valueName":"search_term_string"}}],"inLanguage":"en-US"},{"@type":"Organization","@id":"https:\/\/pozirk.online\/en\/#organization","name":"Pozirk","url":"https:\/\/pozirk.online\/en\/","logo":{"@type":"ImageObject","inLanguage":"en-US","@id":"https:\/\/pozirk.online\/en\/#\/schema\/logo\/image\/","url":"https:\/\/pozirk.online\/wp-content\/uploads\/2023\/11\/cropped-Logo_color_512.png","contentUrl":"https:\/\/pozirk.online\/wp-content\/uploads\/2023\/11\/cropped-Logo_color_512.png","width":512,"height":512,"caption":"Pozirk"},"image":{"@id":"https:\/\/pozirk.online\/en\/#\/schema\/logo\/image\/"},"sameAs":["https:\/\/www.facebook.com\/pozirkonline\/","https:\/\/x.com\/Pozirk_online"]}]}},"_links":{"self":[{"href":"https:\/\/pozirk.online\/en\/wp-json\/wp\/v2\/articles\/181878","targetHints":{"allow":["GET"]}}],"collection":[{"href":"https:\/\/pozirk.online\/en\/wp-json\/wp\/v2\/articles"}],"about":[{"href":"https:\/\/pozirk.online\/en\/wp-json\/wp\/v2\/types\/articles"}],"author":[{"embeddable":true,"href":"https:\/\/pozirk.online\/en\/wp-json\/wp\/v2\/users\/83"}],"wp:featuredmedia":[{"embeddable":true,"href":"https:\/\/pozirk.online\/en\/wp-json\/wp\/v2\/media\/181874"}],"wp:attachment":[{"href":"https:\/\/pozirk.online\/en\/wp-json\/wp\/v2\/media?parent=181878"}],"wp:term":[{"taxonomy":"rubric","embeddable":true,"href":"https:\/\/pozirk.online\/en\/wp-json\/wp\/v2\/rubric?post=181878"}],"curies":[{"name":"wp","href":"https:\/\/api.w.org\/{rel}","templated":true}]}}