{"id":185308,"date":"2026-04-28T14:46:22","date_gmt":"2026-04-28T11:46:22","guid":{"rendered":"https:\/\/pozirk.online\/en\/news\/185308\/"},"modified":"2026-04-28T18:21:40","modified_gmt":"2026-04-28T15:21:40","slug":"belarus-frees-journalist-andrej-pacobut","status":"publish","type":"articles","link":"https:\/\/pozirk.online\/en\/news\/185308\/","title":{"rendered":"Belarus frees journalist Andrej Pa\u010dobut (Live)"},"content":{"rendered":"\n<figure class=\"block-image block-image-normal\">\n\n  <img decoding=\"async\" width=\"1418\" height=\"945\" src=\"https:\/\/pozirk.online\/wp-content\/uploads\/2026\/04\/pochobut-tusk-x-20260428.jpg\" class=\"attachment-full size-full\" alt=\"\" srcset=\"https:\/\/pozirk.online\/wp-content\/uploads\/2026\/04\/pochobut-tusk-x-20260428.jpg 1418w, https:\/\/pozirk.online\/wp-content\/uploads\/2026\/04\/pochobut-tusk-x-20260428-354x236.jpg 354w, https:\/\/pozirk.online\/wp-content\/uploads\/2026\/04\/pochobut-tusk-x-20260428-734x490.jpg 734w, https:\/\/pozirk.online\/wp-content\/uploads\/2026\/04\/pochobut-tusk-x-20260428-178x118.jpg 178w, https:\/\/pozirk.online\/wp-content\/uploads\/2026\/04\/pochobut-tusk-x-20260428-768x512.jpg 768w\" sizes=\"(max-width: 1418px) 100vw, 1418px\" \/>\n  <figcaption>\n      <div class=\"block-image__descr\">\n\n        Polish Prime Minsiter Donald Tusk and Andrej Pa\u010dobut\n    <\/div>\n  \n       <div class=\"block-image__author\">\n                <span>(Tusk&#039;s X page)<\/span>\n    <\/div>\n     <\/figcaption>\n<\/figure>\n\n\n\n<p><strong>April 28, <em>Pozirk. <\/em><\/strong>Belarusian state-run media have reported the release and transfer from Belarus to Poland of journalist and Polish minority activist Andrej Pa\u010dobut in a five-for-five exchange at the Belarusian-Polish border.<\/p>\n\n\n\n<p><strong>18:21<\/strong><\/p>\n\n\n\n<p>Poczobut told <em>Gazeta Wyborcza<\/em> that guards woke him up at 3 a.m. to prepare for a transfer.<\/p>\n\n\n\n<p>\u201cI thought it would be good if I am transferred to the high-security prison in Mahilo\u016d. I was even happy because the conditions are better there than in Navapo\u0142ack. But I was surprised when they told me to take my things.\u201d<\/p>\n\n\n\n<p>He said he initially refused to be taken to Poland. \u201cI asked for guarantees that I will be allowed to come back. They brought an official from the presidential administration and phoned the Polish charge d\u2019affaires. I asked him whether I will be able to return to Belarus. He confirmed it. Belarusian officials also confirmed it.\u201d<\/p>\n\n\n\n<p><strong>17:49<\/strong><\/p>\n\n\n\n<p>The Polish prime minister&#8217;s office declined to identify one of those released, describing the person as a Belarusian who cooperated with Poland&#8217;s security service.<\/p>\n\n\n\n<p><strong>17:46<\/strong><\/p>\n\n\n\n<p>US Envoy Coale said he plans to travel to Belarus in two or three weeks, noting that Washington seeks the release of all political prisoners.<\/p>\n\n\n\n<p><strong>17:18<\/strong><\/p>\n\n\n\n<p><strong>What we know so far:<\/strong> Minsk released and handed over to Poland journalist and Polish minority activist Andrej Pa\u010dobut (Andrzej Poczobut) and Polish monk Grzegorz Gawe\u0142 and in a five-for-five exchange at the Belarusian-Polish border.<\/p>\n\n\n\n<p>In exchange, Poland released Aleksandr Butyagin, a Russian archeologist arrested in Poland at Ukraine&#8217;s request over excavations in annexed Crimea, while Moldova released Alexandru B\u0103lan, a former deputy chief of Moldova\u2019s Intelligence and Security Service sentenced to 18 months in prison earlier this month for allegedly leaking secret information relating to Romania to officers of Belarus\u2019 KGB.<\/p>\n\n\n\n<p><strong>17:10<\/strong><\/p>\n\n\n\n<p>And\u017celika Borys, Belarus-based chairwoman of the unofficial Union of Poles in Belarus, says Pa\u010dobut has not been restricted from returning to Belarus.<\/p>\n\n\n\n<p><strong>17:06<\/strong><\/p>\n\n\n\n<p>EP President Roberta Metsola on <a href=\"https:\/\/x.com\/EP_President\/status\/2049092942518763648?s=20\" target=\"_blank\" rel=\"nofollow\">X<\/a>: &#8220;Very happy to see <a href=\"https:\/\/x.com\/Europarl_EN\" target=\"_blank\" rel=\"nofollow\">@Europarl_EN<\/a> Sakharov Prize laureate Andrzej Poczobut free.&#8221;<\/p>\n\n\n\n<p><strong>17:03<\/strong><\/p>\n\n\n\n<p>President Nawrocki: Pa\u010dobut is &#8220;the man who proved how strong Polish identity is and his commitment to Polish values, and who paid for it a very high price in the \u0141uka\u0161enka regime&#8217;s tough prison.&#8221; He invited the journalist to his presidential palace to receive a White Eagle Order, Poland&#8217;s top award.<\/p>\n\n\n\n<p><strong>16:55<\/strong><\/p>\n\n\n\n<p>Sikorski expressed hope for a reset in relations between Minsk and Warsaw, but stressed that \u0141uka\u0161enka must take the initiative, <em>PAP <\/em>reported.<\/p>\n\n\n\n<p>\u201cI don&#8217;t want to make empty promises, because we have already had such false dawns,&#8221; he said, noting that bilateral relations improved in the past when Belarus held no political prisoners. <\/p>\n\n\n\n<figure class=\"block-image block-image-normal\">\n\n  <img decoding=\"async\" width=\"1080\" height=\"720\" src=\"https:\/\/pozirk.online\/wp-content\/uploads\/2026\/04\/koul_sikorski_tvp_pl.jpg\" class=\"attachment-full size-full\" alt=\"\" srcset=\"https:\/\/pozirk.online\/wp-content\/uploads\/2026\/04\/koul_sikorski_tvp_pl.jpg 1080w, https:\/\/pozirk.online\/wp-content\/uploads\/2026\/04\/koul_sikorski_tvp_pl-354x236.jpg 354w, https:\/\/pozirk.online\/wp-content\/uploads\/2026\/04\/koul_sikorski_tvp_pl-734x490.jpg 734w, https:\/\/pozirk.online\/wp-content\/uploads\/2026\/04\/koul_sikorski_tvp_pl-178x118.jpg 178w, https:\/\/pozirk.online\/wp-content\/uploads\/2026\/04\/koul_sikorski_tvp_pl-768x512.jpg 768w\" sizes=\"(max-width: 1080px) 100vw, 1080px\" \/>\n  <figcaption>\n  \n     <\/figcaption>\n<\/figure>\n\n\n\n<p><strong>16:48<\/strong><\/p>\n\n\n\n<p>Poland released Aleksandr Butyagin, a Russian archeologist arrested in Poland at Ukraine&#8217;s request over excavations in annexed Crimea, while Moldova released Alexandru B\u0103lan, a former deputy chief of Moldova\u2019s Intelligence and Security Service sentenced to 18 months in prison earlier this month for allegedly leaking secret information relating to Romania to officers of Belarus\u2019 KGB.<\/p>\n\n\n\n<p><strong>16:39<\/strong><\/p>\n\n\n\n<p>Belarus also freed Polish monk Grzegorz Gawe\u0142 arrested on suspicion of spying for Poland.<\/p>\n\n\n\n<figure class=\"block-image block-image-normal\">\n\n  <img decoding=\"async\" width=\"1050\" height=\"699\" src=\"https:\/\/pozirk.online\/wp-content\/uploads\/2025\/09\/gavel-BT-POZ-st-k.jpg\" class=\"attachment-full size-full\" alt=\"\" srcset=\"https:\/\/pozirk.online\/wp-content\/uploads\/2025\/09\/gavel-BT-POZ-st-k.jpg 1050w, https:\/\/pozirk.online\/wp-content\/uploads\/2025\/09\/gavel-BT-POZ-st-k-354x236.jpg 354w, https:\/\/pozirk.online\/wp-content\/uploads\/2025\/09\/gavel-BT-POZ-st-k-734x490.jpg 734w, https:\/\/pozirk.online\/wp-content\/uploads\/2025\/09\/gavel-BT-POZ-st-k-178x118.jpg 178w, https:\/\/pozirk.online\/wp-content\/uploads\/2025\/09\/gavel-BT-POZ-st-k-768x511.jpg 768w\" sizes=\"(max-width: 1050px) 100vw, 1050px\" \/>\n  <figcaption>\n  \n     <\/figcaption>\n<\/figure>\n\n\n\n<p><strong>16:16<\/strong><\/p>\n\n\n\n<p>Polish Foreign Minister Rados\u0142aw Sikorski and US Special Envoy John Coale held a news conference in Warsaw on the occasion.<\/p>\n\n\n\n<p><strong>16:13<\/strong><\/p>\n\n\n\n<p>\u201cI am very glad that journalist Andrej Pa\u010dobut, a real hero, has been released from \u0141uka\u0161enka\u2019s prison. But we should not forget that this prison still holds hundreds of political prisoners waiting to be released. Let\u2019s fight for their release until all Belarusian prisoners are free,\u201d said Ale\u015b Bialacki, head of the Viasna Human Rights Center.<\/p>\n\n\n\n<p><strong>15:53<\/strong><\/p>\n\n\n\n<p>Tusk is to give a news conference in Warsaw at 16:30 (local time). Pa\u010dobut may participate. Polish TV will broadcast it live.<\/p>\n\n\n\n<p><strong>15:50<\/strong><\/p>\n\n\n\n<p>&#8220;Andrzej Poczobut, a political prisoner of the \u0141ukaszenka regime, a Knight of the Order of the White Eagle, is free! I thank the President of the United States, Donald Trump, for securing the release of our compatriot. I thank all those who worked toward this success,&#8221; <a href=\"https:\/\/x.com\/NawrockiKn\/status\/2049095549840728513?s=20\" target=\"_blank\" rel=\"nofollow\">said <\/a>Polish President Karol Nawrocki.<\/p>\n\n\n\n<p><strong>15:48<\/strong><\/p>\n\n\n\n<p>&#8220;Deeply grateful to everybody who fought hard for the release of Andrzej Poczobut. An unbreakable hero, he was held hostage by the regime in Belarus for simply telling the truth,&#8221; Belarus&#8217; opposition laeader \u015aviat\u0142ana Cichano\u016dskaja <a href=\"https:\/\/x.com\/Tsihanouskaya\/status\/2049106323795509249\" target=\"_blank\" rel=\"nofollow\">said<\/a>.<\/p>\n\n\n\n<p><strong>15:45<\/strong><\/p>\n\n\n\n<p>The US ambassador to Poland <a href=\"https:\/\/x.com\/USAmbPoland\/status\/2049087516611895385\" target=\"_blank\" rel=\"nofollow\">said<\/a> on X:<\/p>\n\n\n\n<p>America delivers for its friends and allies. Under <a href=\"https:\/\/x.com\/POTUS\" target=\"_blank\" rel=\"nofollow\">@POTUS<\/a>\u2019s leadership, and with determined diplomacy led by Special Envoy for Belarus John Coale, Andrzej Poczobut is now free from detention in Belarus and can once again embrace his family. Our partners in Poland worked side by side with us to secure his release. We appreciate the incredible work of the Polish Special Services and Ministry of Foreign Affairs <a href=\"https:\/\/x.com\/MSZ_RP\" target=\"_blank\" rel=\"nofollow\">@MSZ_RP<\/a> to get this done.&nbsp;That is what real partners do.<\/p>\n\n\n\n<p><strong>15:41<\/strong><\/p>\n\n\n\n<p>Coale <a href=\"https:\/\/x.com\/johnpcoale\/status\/2049086750618788265?s=20\" target=\"_blank\" rel=\"nofollow\">posted<\/a> on X:<\/p>\n\n\n\n<p>Today, in my role as President Trump\u2019s Special Envoy for Belarus, my team and I helped secure the release of three Poles and two Moldovans. This historic outcome was made possible thanks to <a href=\"https:\/\/x.com\/POTUS\" target=\"_blank\" rel=\"nofollow\">@POTUS<\/a> Trump\u2019s leadership, <a href=\"https:\/\/x.com\/ChrisWelbySmith\" target=\"_blank\" rel=\"nofollow\">@ChrisWelbySmith<\/a> and his team <a href=\"https:\/\/x.com\/StateDept\" target=\"_blank\" rel=\"nofollow\">@StateDept<\/a>, and close coordination with several trusted partners. We thank Poland, Moldova, and Romania for their invaluable support in this effort, as well as President Lukashenka\u2019s willingness to pursue constructive engagement with the United States. Under President Trump, America shows up for its allies and delivers diplomatic victories no one else can.<\/p>\n\n\n\n<p><strong>15:38<\/strong><\/p>\n\n\n\n<p>Tusk <a href=\"https:\/\/www.facebook.com\/donaldtusk\/posts\/pfbid02Z6UjdPqxaTraQjqXXmFMu2h79HLm3xAJ4Fco9SosKW23u16JbLVXtpbD61PbBz2al\" target=\"_blank\" rel=\"nofollow\">thanked<\/a> &#8220;Moldovan friends&#8221; among others for Pa\u010dobut&#8217;s release.<\/p>\n\n\n\n<p><strong>15:34<\/strong><\/p>\n\n\n\n<figure class=\"block-image block-image-normal\">\n\n  <img decoding=\"async\" width=\"1600\" height=\"1200\" src=\"https:\/\/pozirk.online\/wp-content\/uploads\/2026\/04\/pochobut-imielski-roman-20260428.jpg\" class=\"attachment-full size-full\" alt=\"\" srcset=\"https:\/\/pozirk.online\/wp-content\/uploads\/2026\/04\/pochobut-imielski-roman-20260428.jpg 1600w, https:\/\/pozirk.online\/wp-content\/uploads\/2026\/04\/pochobut-imielski-roman-20260428-315x236.jpg 315w, https:\/\/pozirk.online\/wp-content\/uploads\/2026\/04\/pochobut-imielski-roman-20260428-653x490.jpg 653w, https:\/\/pozirk.online\/wp-content\/uploads\/2026\/04\/pochobut-imielski-roman-20260428-768x576.jpg 768w, https:\/\/pozirk.online\/wp-content\/uploads\/2026\/04\/pochobut-imielski-roman-20260428-1536x1152.jpg 1536w\" sizes=\"(max-width: 1600px) 100vw, 1600px\" \/>\n  <figcaption>\n      <div class=\"block-image__descr\">\n\n        Roman Imielski, deputy editor in chief of Gazeta Wyborcza, has published a picture of Pa\u010dobut, who has lost much weight.\n    <\/div>\n  \n     <\/figcaption>\n<\/figure>\n\n\n\n<p><strong>15:30<\/strong><\/p>\n\n\n\n<p>Belarus\u2019 state media said that the Committee for State Security (KGB) and Poland\u2019s Intelligence Agency engaged in negotiations on Pa\u010dobut\u2019s release since September 2025 on instructions from Alaksandar \u0141uka\u0161enka.<\/p>\n\n\n\n<p>\u0141uka\u0161enka gave the green light for the negotiations after appeals \u201cfrom the leaders of certain friendly countries\u201d and was personally involved in the discussions. In all, secret agencies of seven countries were involved in the talks, state media reported without specifying the countries.<\/p>\n\n\n\n<p>The five-for-five exchange resulted in the release of unnamed Belarusian citizens \u201cwho were carrying out especially important tasks in the interests of national security and defense capability of our country,\u201d according to the state media.<\/p>\n\n\n\n<p>Po\u010dobut was released after John Coale, the US special envoy for Belarus, met with Polish President Karol Nawrocki and Foreign Minister Rados\u0142aw Sikorski in Warsaw on April 27.<\/p>\n\n\n\n<p><strong>14:46<\/strong><\/p>\n\n\n\n<p>Polish Prime Minister Donald Tusk has confirmed Pa\u010dobut&#8217;s release by posting on X a photo with the journalist at the border and welcoming him in Poland. &nbsp;<\/p>\n\n\n\n<p>A press conference is expected shortly at the Polish foreign ministry.<\/p>\n\n\n\n<p>Pa\u010dobut, a contributor to&nbsp;<em>Gazeta Wyborcza<\/em>, had been in custody since March 2021. In February 2023, the Hrodna Regional Court sentenced him to eight years in prison after Judge D\u017amitryj Bubien\u010dyk found him guilty of inciting hatred and calling for sanctions. Human rights defenders have recognized him as a political prisoner.<\/p>\n\n\n\n<p>Pa\u010dobut was arrested on March 25, 2021, when masked police raided his home in Hrodna. That same day, the Prosecutor General\u2019s Office announced criminal proceedings against him and other individuals.<\/p>\n\n\n\n<p>The case was opened under Part Three of Article 130 of the Criminal Code, which penalizes incitement to racial, ethnic, religious, or other social hatred, as well as \u201cthe rehabilitation of Nazism.\u201d<\/p>\n\n\n\n<p>\u201cThe individuals. . . organized and held a number of illegal mass events with the participation of under-18s in Hrodna and other localities in the region since 2018. These events aimed to honor members of anti-Soviet gangs active during and after the [1941\u20131945] Great Patriotic War, who committed robberies, murdered Belarusian civilians, and destroyed property. Their actions were intended to rehabilitate Nazism and justify the genocide of the Belarusian people,\u201d the Prosecutor General\u2019s Office claimed.<\/p>\n\n\n\n<p>Later, prosecutors also accused Pa\u010dobut of calling for sanctions. In 2022, he refused to petition Alaksandar \u0141uka\u0161enka for a pardon. The Committee for State Security (KGB) subsequently placed him on its list of \u201cpersons involved in terrorist activities.\u201d<\/p>\n\n\n\n<div class=\"insert-block\">\n\n    <div class=\"insert-block__img\">\n        <img decoding=\"async\" width=\"354\" height=\"236\" src=\"https:\/\/pozirk.online\/wp-content\/uploads\/2026\/04\/beliacki_blonska_senat_RP_1128x752-354x236.jpg\" class=\"attachment-medium size-medium\" alt=\"\" srcset=\"https:\/\/pozirk.online\/wp-content\/uploads\/2026\/04\/beliacki_blonska_senat_RP_1128x752-354x236.jpg 354w, https:\/\/pozirk.online\/wp-content\/uploads\/2026\/04\/beliacki_blonska_senat_RP_1128x752-734x490.jpg 734w, https:\/\/pozirk.online\/wp-content\/uploads\/2026\/04\/beliacki_blonska_senat_RP_1128x752-178x118.jpg 178w, https:\/\/pozirk.online\/wp-content\/uploads\/2026\/04\/beliacki_blonska_senat_RP_1128x752-768x512.jpg 768w, https:\/\/pozirk.online\/wp-content\/uploads\/2026\/04\/beliacki_blonska_senat_RP_1128x752.jpg 1128w\" sizes=\"(max-width: 354px) 100vw, 354px\" \/>                        <label class=\"insert-block__tag--mobile\"> \u041f\u043e\u043b\u0438\u0442\u0438\u043a\u0430<\/label>\n\n                <\/div>\n    <div class=\"insert-block__text\">\n                    <label class=\"insert-block__tag\">\u041f\u043e\u043b\u0438\u0442\u0438\u043a\u0430<\/label>\n                <h3 class=\"insert-block__title\">Poland\u2019s Senate demands release of journalist Andrej Pa\u010dobut<\/h3>\n        <div class=\"insert-block__descr\">April 22, Pozirk. Poland\u2019s Senate has adopted, without reservations, a resolution demanding the release of journalist Andrzej Poczobut (Andrej Pa\u010dobut) from a Belarusian prison. The vote was timed to coincide with the 5th anniversary of his imprisonment. The resolution calls &#8230;<\/div>\n        <a class=\"insert-block__btn-block\" href=\"\/en\/news\/184491\">\n            <button class=\"btn\">\n                <div class='btn__text'>Read the article<\/div>\n            <\/button>\n        <\/a>\n    <\/div>\n<\/div>","protected":false},"excerpt":{"rendered":"<p>April 28, Pozirk. Belarusian state-run media have reported the release and transfer from Belarus to Poland of journalist and Polish minority activist Andrej Pa\u010dobut in a five-for-five exchange at the Belarusian-Polish border. 18:21 Poczobut told Gazeta Wyborcza that guards woke him up at 3 a.m. to prepare for a transfer. \u201cI thought it would be [&hellip;]<\/p>\n","protected":false},"author":84,"featured_media":185304,"template":"","rubric":[16],"class_list":["post-185308","articles","type-articles","status-publish","has-post-thumbnail","hentry","rubric-politics"],"acf":[],"yoast_head":"<!-- This site is optimized with the Yoast SEO plugin v25.5 - https:\/\/yoast.com\/wordpress\/plugins\/seo\/ -->\n<title>Belarus frees journalist Andrej Pa\u010dobut (Live) | Pozirk<\/title>\n<meta name=\"description\" content=\"April 28, Pozirk. Belarusian state-run media have reported the release and transfer from Belarus to Poland of journalist and Polish minority activist\" \/>\n<meta name=\"robots\" content=\"index, follow, max-snippet:-1, max-image-preview:large, max-video-preview:-1\" \/>\n<link rel=\"canonical\" href=\"https:\/\/pozirk.online\/en\/news\/185308\/\" \/>\n<meta property=\"og:locale\" content=\"en_US\" \/>\n<meta property=\"og:type\" content=\"article\" \/>\n<meta property=\"og:title\" content=\"Belarus frees journalist Andrej Pa\u010dobut (Live) | Pozirk\" \/>\n<meta property=\"og:description\" content=\"April 28, Pozirk. Belarusian state-run media have reported the release and transfer from Belarus to Poland of journalist and Polish minority activist\" \/>\n<meta property=\"og:url\" content=\"https:\/\/pozirk.online\/en\/news\/185308\/\" \/>\n<meta property=\"og:site_name\" content=\"Pozirk\" \/>\n<meta property=\"article:publisher\" content=\"https:\/\/www.facebook.com\/pozirkonline\/\" \/>\n<meta property=\"article:modified_time\" content=\"2026-04-28T15:21:40+00:00\" \/>\n<meta property=\"og:image\" content=\"https:\/\/pozirk.online\/wp-content\/uploads\/2026\/04\/pochobut-tusk-x-20260428.jpg\" \/>\n\t<meta property=\"og:image:width\" content=\"1418\" \/>\n\t<meta property=\"og:image:height\" content=\"945\" \/>\n\t<meta property=\"og:image:type\" content=\"image\/jpeg\" \/>\n<meta name=\"twitter:card\" content=\"summary_large_image\" \/>\n<meta name=\"twitter:site\" content=\"@Pozirk_online\" \/>\n<meta name=\"twitter:label1\" content=\"Est. reading time\" \/>\n\t<meta name=\"twitter:data1\" content=\"8 minutes\" \/>\n<script type=\"application\/ld+json\" class=\"yoast-schema-graph\">{\"@context\":\"https:\/\/schema.org\",\"@graph\":[{\"@type\":\"NewsArticle\",\"@id\":\"https:\/\/pozirk.online\/en\/news\/185308\/#article\",\"isPartOf\":{\"@id\":\"https:\/\/pozirk.online\/en\/news\/185308\/\"},\"headline\":\"Belarus frees journalist Andrej Pa\u010dobut (Live)\",\"datePublished\":\"2026-04-28T11:46:22+00:00\",\"dateModified\":\"2026-04-28T15:21:40+00:00\",\"mainEntityOfPage\":{\"@id\":\"https:\/\/pozirk.online\/en\/news\/185308\/\"},\"wordCount\":1321,\"publisher\":{\"@id\":\"https:\/\/pozirk.online\/en\/#organization\"},\"image\":{\"@id\":\"https:\/\/pozirk.online\/en\/news\/185308\/#primaryimage\"},\"thumbnailUrl\":\"https:\/\/pozirk.online\/wp-content\/uploads\/2026\/04\/pochobut-tusk-x-20260428.jpg\",\"inLanguage\":\"en-US\"},{\"@type\":\"WebPage\",\"@id\":\"https:\/\/pozirk.online\/en\/news\/185308\/\",\"url\":\"https:\/\/pozirk.online\/en\/news\/185308\/\",\"name\":\"Belarus frees journalist Andrej Pa\u010dobut (Live) | Pozirk\",\"isPartOf\":{\"@id\":\"https:\/\/pozirk.online\/en\/#website\"},\"primaryImageOfPage\":{\"@id\":\"https:\/\/pozirk.online\/en\/news\/185308\/#primaryimage\"},\"image\":{\"@id\":\"https:\/\/pozirk.online\/en\/news\/185308\/#primaryimage\"},\"thumbnailUrl\":\"https:\/\/pozirk.online\/wp-content\/uploads\/2026\/04\/pochobut-tusk-x-20260428.jpg\",\"datePublished\":\"2026-04-28T11:46:22+00:00\",\"dateModified\":\"2026-04-28T15:21:40+00:00\",\"description\":\"April 28, Pozirk. Belarusian state-run media have reported the release and transfer from Belarus to Poland of journalist and Polish minority activist\",\"breadcrumb\":{\"@id\":\"https:\/\/pozirk.online\/en\/news\/185308\/#breadcrumb\"},\"inLanguage\":\"en-US\",\"potentialAction\":[{\"@type\":\"ReadAction\",\"target\":[\"https:\/\/pozirk.online\/en\/news\/185308\/\"]}]},{\"@type\":\"ImageObject\",\"inLanguage\":\"en-US\",\"@id\":\"https:\/\/pozirk.online\/en\/news\/185308\/#primaryimage\",\"url\":\"https:\/\/pozirk.online\/wp-content\/uploads\/2026\/04\/pochobut-tusk-x-20260428.jpg\",\"contentUrl\":\"https:\/\/pozirk.online\/wp-content\/uploads\/2026\/04\/pochobut-tusk-x-20260428.jpg\",\"width\":1418,\"height\":945},{\"@type\":\"BreadcrumbList\",\"@id\":\"https:\/\/pozirk.online\/en\/news\/185308\/#breadcrumb\",\"itemListElement\":[{\"@type\":\"ListItem\",\"position\":1,\"name\":\"Home\",\"item\":\"https:\/\/pozirk.online\/en\/\"},{\"@type\":\"ListItem\",\"position\":2,\"name\":\"Belarus frees journalist Andrej Pa\u010dobut (Live)\"}]},{\"@type\":\"WebSite\",\"@id\":\"https:\/\/pozirk.online\/en\/#website\",\"url\":\"https:\/\/pozirk.online\/en\/\",\"name\":\"Pozirk\",\"description\":\"\",\"publisher\":{\"@id\":\"https:\/\/pozirk.online\/en\/#organization\"},\"potentialAction\":[{\"@type\":\"SearchAction\",\"target\":{\"@type\":\"EntryPoint\",\"urlTemplate\":\"https:\/\/pozirk.online\/en\/?s={search_term_string}\"},\"query-input\":{\"@type\":\"PropertyValueSpecification\",\"valueRequired\":true,\"valueName\":\"search_term_string\"}}],\"inLanguage\":\"en-US\"},{\"@type\":\"Organization\",\"@id\":\"https:\/\/pozirk.online\/en\/#organization\",\"name\":\"Pozirk\",\"url\":\"https:\/\/pozirk.online\/en\/\",\"logo\":{\"@type\":\"ImageObject\",\"inLanguage\":\"en-US\",\"@id\":\"https:\/\/pozirk.online\/en\/#\/schema\/logo\/image\/\",\"url\":\"https:\/\/pozirk.online\/wp-content\/uploads\/2023\/11\/cropped-Logo_color_512.png\",\"contentUrl\":\"https:\/\/pozirk.online\/wp-content\/uploads\/2023\/11\/cropped-Logo_color_512.png\",\"width\":512,\"height\":512,\"caption\":\"Pozirk\"},\"image\":{\"@id\":\"https:\/\/pozirk.online\/en\/#\/schema\/logo\/image\/\"},\"sameAs\":[\"https:\/\/www.facebook.com\/pozirkonline\/\",\"https:\/\/x.com\/Pozirk_online\"]}]}<\/script>\n<!-- \/ Yoast SEO plugin. -->","yoast_head_json":{"title":"Belarus frees journalist Andrej Pa\u010dobut (Live) | Pozirk","description":"April 28, Pozirk. Belarusian state-run media have reported the release and transfer from Belarus to Poland of journalist and Polish minority activist","robots":{"index":"index","follow":"follow","max-snippet":"max-snippet:-1","max-image-preview":"max-image-preview:large","max-video-preview":"max-video-preview:-1"},"canonical":"https:\/\/pozirk.online\/en\/news\/185308\/","og_locale":"en_US","og_type":"article","og_title":"Belarus frees journalist Andrej Pa\u010dobut (Live) | Pozirk","og_description":"April 28, Pozirk. Belarusian state-run media have reported the release and transfer from Belarus to Poland of journalist and Polish minority activist","og_url":"https:\/\/pozirk.online\/en\/news\/185308\/","og_site_name":"Pozirk","article_publisher":"https:\/\/www.facebook.com\/pozirkonline\/","article_modified_time":"2026-04-28T15:21:40+00:00","og_image":[{"width":1418,"height":945,"url":"https:\/\/pozirk.online\/wp-content\/uploads\/2026\/04\/pochobut-tusk-x-20260428.jpg","type":"image\/jpeg"}],"twitter_card":"summary_large_image","twitter_site":"@Pozirk_online","twitter_misc":{"Est. reading time":"8 minutes"},"schema":{"@context":"https:\/\/schema.org","@graph":[{"@type":"NewsArticle","@id":"https:\/\/pozirk.online\/en\/news\/185308\/#article","isPartOf":{"@id":"https:\/\/pozirk.online\/en\/news\/185308\/"},"headline":"Belarus frees journalist Andrej Pa\u010dobut (Live)","datePublished":"2026-04-28T11:46:22+00:00","dateModified":"2026-04-28T15:21:40+00:00","mainEntityOfPage":{"@id":"https:\/\/pozirk.online\/en\/news\/185308\/"},"wordCount":1321,"publisher":{"@id":"https:\/\/pozirk.online\/en\/#organization"},"image":{"@id":"https:\/\/pozirk.online\/en\/news\/185308\/#primaryimage"},"thumbnailUrl":"https:\/\/pozirk.online\/wp-content\/uploads\/2026\/04\/pochobut-tusk-x-20260428.jpg","inLanguage":"en-US"},{"@type":"WebPage","@id":"https:\/\/pozirk.online\/en\/news\/185308\/","url":"https:\/\/pozirk.online\/en\/news\/185308\/","name":"Belarus frees journalist Andrej Pa\u010dobut (Live) | Pozirk","isPartOf":{"@id":"https:\/\/pozirk.online\/en\/#website"},"primaryImageOfPage":{"@id":"https:\/\/pozirk.online\/en\/news\/185308\/#primaryimage"},"image":{"@id":"https:\/\/pozirk.online\/en\/news\/185308\/#primaryimage"},"thumbnailUrl":"https:\/\/pozirk.online\/wp-content\/uploads\/2026\/04\/pochobut-tusk-x-20260428.jpg","datePublished":"2026-04-28T11:46:22+00:00","dateModified":"2026-04-28T15:21:40+00:00","description":"April 28, Pozirk. Belarusian state-run media have reported the release and transfer from Belarus to Poland of journalist and Polish minority activist","breadcrumb":{"@id":"https:\/\/pozirk.online\/en\/news\/185308\/#breadcrumb"},"inLanguage":"en-US","potentialAction":[{"@type":"ReadAction","target":["https:\/\/pozirk.online\/en\/news\/185308\/"]}]},{"@type":"ImageObject","inLanguage":"en-US","@id":"https:\/\/pozirk.online\/en\/news\/185308\/#primaryimage","url":"https:\/\/pozirk.online\/wp-content\/uploads\/2026\/04\/pochobut-tusk-x-20260428.jpg","contentUrl":"https:\/\/pozirk.online\/wp-content\/uploads\/2026\/04\/pochobut-tusk-x-20260428.jpg","width":1418,"height":945},{"@type":"BreadcrumbList","@id":"https:\/\/pozirk.online\/en\/news\/185308\/#breadcrumb","itemListElement":[{"@type":"ListItem","position":1,"name":"Home","item":"https:\/\/pozirk.online\/en\/"},{"@type":"ListItem","position":2,"name":"Belarus frees journalist Andrej Pa\u010dobut (Live)"}]},{"@type":"WebSite","@id":"https:\/\/pozirk.online\/en\/#website","url":"https:\/\/pozirk.online\/en\/","name":"Pozirk","description":"","publisher":{"@id":"https:\/\/pozirk.online\/en\/#organization"},"potentialAction":[{"@type":"SearchAction","target":{"@type":"EntryPoint","urlTemplate":"https:\/\/pozirk.online\/en\/?s={search_term_string}"},"query-input":{"@type":"PropertyValueSpecification","valueRequired":true,"valueName":"search_term_string"}}],"inLanguage":"en-US"},{"@type":"Organization","@id":"https:\/\/pozirk.online\/en\/#organization","name":"Pozirk","url":"https:\/\/pozirk.online\/en\/","logo":{"@type":"ImageObject","inLanguage":"en-US","@id":"https:\/\/pozirk.online\/en\/#\/schema\/logo\/image\/","url":"https:\/\/pozirk.online\/wp-content\/uploads\/2023\/11\/cropped-Logo_color_512.png","contentUrl":"https:\/\/pozirk.online\/wp-content\/uploads\/2023\/11\/cropped-Logo_color_512.png","width":512,"height":512,"caption":"Pozirk"},"image":{"@id":"https:\/\/pozirk.online\/en\/#\/schema\/logo\/image\/"},"sameAs":["https:\/\/www.facebook.com\/pozirkonline\/","https:\/\/x.com\/Pozirk_online"]}]}},"_links":{"self":[{"href":"https:\/\/pozirk.online\/en\/wp-json\/wp\/v2\/articles\/185308","targetHints":{"allow":["GET"]}}],"collection":[{"href":"https:\/\/pozirk.online\/en\/wp-json\/wp\/v2\/articles"}],"about":[{"href":"https:\/\/pozirk.online\/en\/wp-json\/wp\/v2\/types\/articles"}],"author":[{"embeddable":true,"href":"https:\/\/pozirk.online\/en\/wp-json\/wp\/v2\/users\/84"}],"wp:featuredmedia":[{"embeddable":true,"href":"https:\/\/pozirk.online\/en\/wp-json\/wp\/v2\/media\/185304"}],"wp:attachment":[{"href":"https:\/\/pozirk.online\/en\/wp-json\/wp\/v2\/media?parent=185308"}],"wp:term":[{"taxonomy":"rubric","embeddable":true,"href":"https:\/\/pozirk.online\/en\/wp-json\/wp\/v2\/rubric?post=185308"}],"curies":[{"name":"wp","href":"https:\/\/api.w.org\/{rel}","templated":true}]}}