{"id":185492,"date":"2026-04-28T23:08:27","date_gmt":"2026-04-28T20:08:27","guid":{"rendered":"https:\/\/pozirk.online\/en\/news\/185492\/"},"modified":"2026-04-28T23:08:29","modified_gmt":"2026-04-28T20:08:29","slug":"cichanouskaja-discusses-support-for-belarusians-in-lithuania-with-nauseda","status":"publish","type":"articles","link":"https:\/\/pozirk.online\/en\/news\/185492\/","title":{"rendered":"Cichano\u016dskaja discusses \u201csupport for Belarusians in Lithuania\u201d with Naus\u0117da"},"content":{"rendered":"\n<p><strong>April 28, <em>Pozirk.<\/em> <\/strong>\u015aviat\u0142ana Cichano\u016dskaja met with Lithuanian President Gitanas Naus\u0117da on the sidelines of the Three Seas Initiative summit in Croatia\u2019s Dubrovnik to discuss \u201csupport for Belarusians in Lithuania.\u201d<\/p>\n\n\n\n<p>In addition, Cichano\u016dskaja and Naus\u0117da discussed efforts to liberate Belarusian political prisoners and Alaksandar \u0141uka\u0161enka regime\u2019s crackdown on European Humanities University in exile in Vilnius, reported the press office of Belarus\u2019 pro-democracy leader.<\/p>\n\n\n\n<p>\u201cI was pleased to meet with Lithuanian President Gitanas Naus\u0117da,\u201d Cichano\u016dskaja was quoted as saying. \u201cWe discussed current events in Belarus and Lithuania. I am very grateful for Lithuania\u2019s unwavering and consistent support for Belarusians in Lithuania. I especially value Lithuania\u2019s principled stance toward the \u0141uka\u0161enka regime.\u201d<\/p>\n\n\n\n<p>Cichano\u016dskaja also had meetings in Dubrovnik with Polish President Karol Nawrocki, Croatia\u2019s Minister of Foreign and European Affairs Gordan Grli\u0107-Radman and the German Foreign Office\u2019s envoy Helga Schmid.<\/p>\n\n\n\n<p>On April 29, Cichano\u016dskaja is scheduled to have a \u201cbrief handshake\u201d with Romanian President Nicu\u0219or Dan as well as meetings with Romania\u2019s Foreign Minister Oana-Silvia \u021aoiu and Lauri Hussar, president of the Riigikogu (Estonia\u2019s parliament).<\/p>\n\n\n\n<p>The three-day summit in Croatia began on April 27. The delegation of Belarus\u2019 pro-democracy forces includes Cichano\u016dskaja\u2019s aide Dzianis Ku\u010dynski and representative for parliamentary cooperation Anatol Labied\u017aka.<\/p>\n\n\n\n<p>Speaking at last year\u2019s summit of the Three Seas Initiative, Cichano\u016dskaja stressed that Belarus should be \u201cpart of a stable and safe region and not Russia\u2019s military staging ground.\u201d She played up the potential of the Three Seas Initiatives for the future \u201cfree Belarus.\u201d<\/p>\n\n\n\n<p>The Three Seas Initiative is a regional cooperation platform uniting 13 EU countries \u2013 Austria, Bulgaria, Croatia, the Czech Republic, Estonia, Greece, Hungary, Latvia, Lithuania, Poland, Romania, Slovakia, and Slovenia \u2013 to accelerate north-south infrastructure development across the energy, transport, and digital sectors.&nbsp;&nbsp;<\/p>\n\n\n\n<p>Launched in 2015 by Poland and Croatia, the Three Seas Initiative aims to close long-standing connectivity gaps in Central and Eastern Europe and strengthen economic and geopolitical resilience.&nbsp;&nbsp;&nbsp;<\/p>\n\n\n\n<p>The initiative also cooperates with strategic partners such as the United States, Germany, Japan, the European Commission, Spain, and Turkey, and maintains associated participation for Ukraine, Moldova, Albania, and Montenegro.<\/p>\n\n\n\n<div class=\"insert-block\">\n\n    <div class=\"insert-block__img\">\n        <img decoding=\"async\" width=\"354\" height=\"236\" src=\"https:\/\/pozirk.online\/wp-content\/uploads\/2026\/04\/kuchinskiy_egu-354x236.jpg\" class=\"attachment-medium size-medium\" alt=\"\" srcset=\"https:\/\/pozirk.online\/wp-content\/uploads\/2026\/04\/kuchinskiy_egu-354x236.jpg 354w, https:\/\/pozirk.online\/wp-content\/uploads\/2026\/04\/kuchinskiy_egu-734x490.jpg 734w, https:\/\/pozirk.online\/wp-content\/uploads\/2026\/04\/kuchinskiy_egu-178x118.jpg 178w, https:\/\/pozirk.online\/wp-content\/uploads\/2026\/04\/kuchinskiy_egu-768x513.jpg 768w, https:\/\/pozirk.online\/wp-content\/uploads\/2026\/04\/kuchinskiy_egu.jpg 1280w\" sizes=\"(max-width: 354px) 100vw, 354px\" \/>                        <label class=\"insert-block__tag--mobile\"> Politics<\/label>\n\n                <\/div>\n    <div class=\"insert-block__text\">\n                    <label class=\"insert-block__tag\">Politics<\/label>\n                <h3 class=\"insert-block__title\">Cichano\u016dskaja\u2019s aide meets with EHU board chair after Belarus brands it \u201cextremist\u201d<\/h3>\n        <div class=\"insert-block__descr\">April 28, Pozirk. \u015aviat\u0142ana Cichano\u016dskaja\u2019s aide Dzianis Ku\u010dynski had a meeting in Vilnius on April 27 with Community of Democracies Secretary General Mantas Adom\u0117nas, chairman of the Board of European Humanities University (EHU), following Belarus\u2019 move to designate the Vilnius-based &#8230;<\/div>\n        <a class=\"insert-block__btn-block\" href=\"\/en\/news\/185436\">\n            <button class=\"btn\">\n                <div class='btn__text'>Read <\/div>\n            <\/button>\n        <\/a>\n    <\/div>\n<\/div>","protected":false},"excerpt":{"rendered":"<p>April 28, Pozirk. \u015aviat\u0142ana Cichano\u016dskaja met with Lithuanian President Gitanas Naus\u0117da on the sidelines of the Three Seas Initiative summit in Croatia\u2019s Dubrovnik to discuss \u201csupport for Belarusians in Lithuania.\u201d In addition, Cichano\u016dskaja and Naus\u0117da discussed efforts to liberate Belarusian political prisoners and Alaksandar \u0141uka\u0161enka regime\u2019s crackdown on European Humanities University in exile in Vilnius, [&hellip;]<\/p>\n","protected":false},"author":83,"featured_media":185454,"template":"","rubric":[16],"class_list":["post-185492","articles","type-articles","status-publish","has-post-thumbnail","hentry","rubric-politics"],"acf":[],"yoast_head":"<!-- This site is optimized with the Yoast SEO plugin v25.5 - https:\/\/yoast.com\/wordpress\/plugins\/seo\/ -->\n<title>Cichano\u016dskaja discusses \u201csupport for Belarusians in Lithuania\u201d with Naus\u0117da | Pozirk<\/title>\n<meta name=\"description\" content=\"April 28, Pozirk. \u015aviat\u0142ana Cichano\u016dskaja met with Lithuanian President Gitanas Naus\u0117da on the sidelines of the Three Seas Initiative summit in Croatia\u2019s\" \/>\n<meta name=\"robots\" content=\"index, follow, max-snippet:-1, max-image-preview:large, max-video-preview:-1\" \/>\n<link rel=\"canonical\" href=\"https:\/\/pozirk.online\/en\/news\/185492\/\" \/>\n<meta property=\"og:locale\" content=\"en_US\" \/>\n<meta property=\"og:type\" content=\"article\" \/>\n<meta property=\"og:title\" content=\"Cichano\u016dskaja discusses \u201csupport for Belarusians in Lithuania\u201d with Naus\u0117da | Pozirk\" \/>\n<meta property=\"og:description\" content=\"April 28, Pozirk. \u015aviat\u0142ana Cichano\u016dskaja met with Lithuanian President Gitanas Naus\u0117da on the sidelines of the Three Seas Initiative summit in Croatia\u2019s\" \/>\n<meta property=\"og:url\" content=\"https:\/\/pozirk.online\/en\/news\/185492\/\" \/>\n<meta property=\"og:site_name\" content=\"Pozirk\" \/>\n<meta property=\"article:publisher\" content=\"https:\/\/www.facebook.com\/pozirkonline\/\" \/>\n<meta property=\"article:modified_time\" content=\"2026-04-28T20:08:29+00:00\" \/>\n<meta property=\"og:image\" content=\"https:\/\/pozirk.online\/wp-content\/uploads\/2026\/04\/tsikhanouskaia_nauseda_pressST.jpg\" \/>\n\t<meta property=\"og:image:width\" content=\"1127\" \/>\n\t<meta property=\"og:image:height\" content=\"753\" \/>\n\t<meta property=\"og:image:type\" content=\"image\/jpeg\" \/>\n<meta name=\"twitter:card\" content=\"summary_large_image\" \/>\n<meta name=\"twitter:site\" content=\"@Pozirk_online\" \/>\n<meta name=\"twitter:label1\" content=\"Est. reading time\" \/>\n\t<meta name=\"twitter:data1\" content=\"2 minutes\" \/>\n<script type=\"application\/ld+json\" class=\"yoast-schema-graph\">{\"@context\":\"https:\/\/schema.org\",\"@graph\":[{\"@type\":\"NewsArticle\",\"@id\":\"https:\/\/pozirk.online\/en\/news\/185492\/#article\",\"isPartOf\":{\"@id\":\"https:\/\/pozirk.online\/en\/news\/185492\/\"},\"headline\":\"Cichano\u016dskaja discusses \u201csupport for Belarusians in Lithuania\u201d with Naus\u0117da\",\"datePublished\":\"2026-04-28T20:08:27+00:00\",\"dateModified\":\"2026-04-28T20:08:29+00:00\",\"mainEntityOfPage\":{\"@id\":\"https:\/\/pozirk.online\/en\/news\/185492\/\"},\"wordCount\":382,\"publisher\":{\"@id\":\"https:\/\/pozirk.online\/en\/#organization\"},\"image\":{\"@id\":\"https:\/\/pozirk.online\/en\/news\/185492\/#primaryimage\"},\"thumbnailUrl\":\"https:\/\/pozirk.online\/wp-content\/uploads\/2026\/04\/tsikhanouskaia_nauseda_pressST.jpg\",\"inLanguage\":\"en-US\"},{\"@type\":\"WebPage\",\"@id\":\"https:\/\/pozirk.online\/en\/news\/185492\/\",\"url\":\"https:\/\/pozirk.online\/en\/news\/185492\/\",\"name\":\"Cichano\u016dskaja discusses \u201csupport for Belarusians in Lithuania\u201d with Naus\u0117da | Pozirk\",\"isPartOf\":{\"@id\":\"https:\/\/pozirk.online\/en\/#website\"},\"primaryImageOfPage\":{\"@id\":\"https:\/\/pozirk.online\/en\/news\/185492\/#primaryimage\"},\"image\":{\"@id\":\"https:\/\/pozirk.online\/en\/news\/185492\/#primaryimage\"},\"thumbnailUrl\":\"https:\/\/pozirk.online\/wp-content\/uploads\/2026\/04\/tsikhanouskaia_nauseda_pressST.jpg\",\"datePublished\":\"2026-04-28T20:08:27+00:00\",\"dateModified\":\"2026-04-28T20:08:29+00:00\",\"description\":\"April 28, Pozirk. \u015aviat\u0142ana Cichano\u016dskaja met with Lithuanian President Gitanas Naus\u0117da on the sidelines of the Three Seas Initiative summit in Croatia\u2019s\",\"breadcrumb\":{\"@id\":\"https:\/\/pozirk.online\/en\/news\/185492\/#breadcrumb\"},\"inLanguage\":\"en-US\",\"potentialAction\":[{\"@type\":\"ReadAction\",\"target\":[\"https:\/\/pozirk.online\/en\/news\/185492\/\"]}]},{\"@type\":\"ImageObject\",\"inLanguage\":\"en-US\",\"@id\":\"https:\/\/pozirk.online\/en\/news\/185492\/#primaryimage\",\"url\":\"https:\/\/pozirk.online\/wp-content\/uploads\/2026\/04\/tsikhanouskaia_nauseda_pressST.jpg\",\"contentUrl\":\"https:\/\/pozirk.online\/wp-content\/uploads\/2026\/04\/tsikhanouskaia_nauseda_pressST.jpg\",\"width\":1127,\"height\":753},{\"@type\":\"BreadcrumbList\",\"@id\":\"https:\/\/pozirk.online\/en\/news\/185492\/#breadcrumb\",\"itemListElement\":[{\"@type\":\"ListItem\",\"position\":1,\"name\":\"Home\",\"item\":\"https:\/\/pozirk.online\/en\/\"},{\"@type\":\"ListItem\",\"position\":2,\"name\":\"Cichano\u016dskaja discusses \u201csupport for Belarusians in Lithuania\u201d with Naus\u0117da\"}]},{\"@type\":\"WebSite\",\"@id\":\"https:\/\/pozirk.online\/en\/#website\",\"url\":\"https:\/\/pozirk.online\/en\/\",\"name\":\"Pozirk\",\"description\":\"\",\"publisher\":{\"@id\":\"https:\/\/pozirk.online\/en\/#organization\"},\"potentialAction\":[{\"@type\":\"SearchAction\",\"target\":{\"@type\":\"EntryPoint\",\"urlTemplate\":\"https:\/\/pozirk.online\/en\/?s={search_term_string}\"},\"query-input\":{\"@type\":\"PropertyValueSpecification\",\"valueRequired\":true,\"valueName\":\"search_term_string\"}}],\"inLanguage\":\"en-US\"},{\"@type\":\"Organization\",\"@id\":\"https:\/\/pozirk.online\/en\/#organization\",\"name\":\"Pozirk\",\"url\":\"https:\/\/pozirk.online\/en\/\",\"logo\":{\"@type\":\"ImageObject\",\"inLanguage\":\"en-US\",\"@id\":\"https:\/\/pozirk.online\/en\/#\/schema\/logo\/image\/\",\"url\":\"https:\/\/pozirk.online\/wp-content\/uploads\/2023\/11\/cropped-Logo_color_512.png\",\"contentUrl\":\"https:\/\/pozirk.online\/wp-content\/uploads\/2023\/11\/cropped-Logo_color_512.png\",\"width\":512,\"height\":512,\"caption\":\"Pozirk\"},\"image\":{\"@id\":\"https:\/\/pozirk.online\/en\/#\/schema\/logo\/image\/\"},\"sameAs\":[\"https:\/\/www.facebook.com\/pozirkonline\/\",\"https:\/\/x.com\/Pozirk_online\"]}]}<\/script>\n<!-- \/ Yoast SEO plugin. -->","yoast_head_json":{"title":"Cichano\u016dskaja discusses \u201csupport for Belarusians in Lithuania\u201d with Naus\u0117da | Pozirk","description":"April 28, Pozirk. \u015aviat\u0142ana Cichano\u016dskaja met with Lithuanian President Gitanas Naus\u0117da on the sidelines of the Three Seas Initiative summit in Croatia\u2019s","robots":{"index":"index","follow":"follow","max-snippet":"max-snippet:-1","max-image-preview":"max-image-preview:large","max-video-preview":"max-video-preview:-1"},"canonical":"https:\/\/pozirk.online\/en\/news\/185492\/","og_locale":"en_US","og_type":"article","og_title":"Cichano\u016dskaja discusses \u201csupport for Belarusians in Lithuania\u201d with Naus\u0117da | Pozirk","og_description":"April 28, Pozirk. \u015aviat\u0142ana Cichano\u016dskaja met with Lithuanian President Gitanas Naus\u0117da on the sidelines of the Three Seas Initiative summit in Croatia\u2019s","og_url":"https:\/\/pozirk.online\/en\/news\/185492\/","og_site_name":"Pozirk","article_publisher":"https:\/\/www.facebook.com\/pozirkonline\/","article_modified_time":"2026-04-28T20:08:29+00:00","og_image":[{"width":1127,"height":753,"url":"https:\/\/pozirk.online\/wp-content\/uploads\/2026\/04\/tsikhanouskaia_nauseda_pressST.jpg","type":"image\/jpeg"}],"twitter_card":"summary_large_image","twitter_site":"@Pozirk_online","twitter_misc":{"Est. reading time":"2 minutes"},"schema":{"@context":"https:\/\/schema.org","@graph":[{"@type":"NewsArticle","@id":"https:\/\/pozirk.online\/en\/news\/185492\/#article","isPartOf":{"@id":"https:\/\/pozirk.online\/en\/news\/185492\/"},"headline":"Cichano\u016dskaja discusses \u201csupport for Belarusians in Lithuania\u201d with Naus\u0117da","datePublished":"2026-04-28T20:08:27+00:00","dateModified":"2026-04-28T20:08:29+00:00","mainEntityOfPage":{"@id":"https:\/\/pozirk.online\/en\/news\/185492\/"},"wordCount":382,"publisher":{"@id":"https:\/\/pozirk.online\/en\/#organization"},"image":{"@id":"https:\/\/pozirk.online\/en\/news\/185492\/#primaryimage"},"thumbnailUrl":"https:\/\/pozirk.online\/wp-content\/uploads\/2026\/04\/tsikhanouskaia_nauseda_pressST.jpg","inLanguage":"en-US"},{"@type":"WebPage","@id":"https:\/\/pozirk.online\/en\/news\/185492\/","url":"https:\/\/pozirk.online\/en\/news\/185492\/","name":"Cichano\u016dskaja discusses \u201csupport for Belarusians in Lithuania\u201d with Naus\u0117da | Pozirk","isPartOf":{"@id":"https:\/\/pozirk.online\/en\/#website"},"primaryImageOfPage":{"@id":"https:\/\/pozirk.online\/en\/news\/185492\/#primaryimage"},"image":{"@id":"https:\/\/pozirk.online\/en\/news\/185492\/#primaryimage"},"thumbnailUrl":"https:\/\/pozirk.online\/wp-content\/uploads\/2026\/04\/tsikhanouskaia_nauseda_pressST.jpg","datePublished":"2026-04-28T20:08:27+00:00","dateModified":"2026-04-28T20:08:29+00:00","description":"April 28, Pozirk. \u015aviat\u0142ana Cichano\u016dskaja met with Lithuanian President Gitanas Naus\u0117da on the sidelines of the Three Seas Initiative summit in Croatia\u2019s","breadcrumb":{"@id":"https:\/\/pozirk.online\/en\/news\/185492\/#breadcrumb"},"inLanguage":"en-US","potentialAction":[{"@type":"ReadAction","target":["https:\/\/pozirk.online\/en\/news\/185492\/"]}]},{"@type":"ImageObject","inLanguage":"en-US","@id":"https:\/\/pozirk.online\/en\/news\/185492\/#primaryimage","url":"https:\/\/pozirk.online\/wp-content\/uploads\/2026\/04\/tsikhanouskaia_nauseda_pressST.jpg","contentUrl":"https:\/\/pozirk.online\/wp-content\/uploads\/2026\/04\/tsikhanouskaia_nauseda_pressST.jpg","width":1127,"height":753},{"@type":"BreadcrumbList","@id":"https:\/\/pozirk.online\/en\/news\/185492\/#breadcrumb","itemListElement":[{"@type":"ListItem","position":1,"name":"Home","item":"https:\/\/pozirk.online\/en\/"},{"@type":"ListItem","position":2,"name":"Cichano\u016dskaja discusses \u201csupport for Belarusians in Lithuania\u201d with Naus\u0117da"}]},{"@type":"WebSite","@id":"https:\/\/pozirk.online\/en\/#website","url":"https:\/\/pozirk.online\/en\/","name":"Pozirk","description":"","publisher":{"@id":"https:\/\/pozirk.online\/en\/#organization"},"potentialAction":[{"@type":"SearchAction","target":{"@type":"EntryPoint","urlTemplate":"https:\/\/pozirk.online\/en\/?s={search_term_string}"},"query-input":{"@type":"PropertyValueSpecification","valueRequired":true,"valueName":"search_term_string"}}],"inLanguage":"en-US"},{"@type":"Organization","@id":"https:\/\/pozirk.online\/en\/#organization","name":"Pozirk","url":"https:\/\/pozirk.online\/en\/","logo":{"@type":"ImageObject","inLanguage":"en-US","@id":"https:\/\/pozirk.online\/en\/#\/schema\/logo\/image\/","url":"https:\/\/pozirk.online\/wp-content\/uploads\/2023\/11\/cropped-Logo_color_512.png","contentUrl":"https:\/\/pozirk.online\/wp-content\/uploads\/2023\/11\/cropped-Logo_color_512.png","width":512,"height":512,"caption":"Pozirk"},"image":{"@id":"https:\/\/pozirk.online\/en\/#\/schema\/logo\/image\/"},"sameAs":["https:\/\/www.facebook.com\/pozirkonline\/","https:\/\/x.com\/Pozirk_online"]}]}},"_links":{"self":[{"href":"https:\/\/pozirk.online\/en\/wp-json\/wp\/v2\/articles\/185492","targetHints":{"allow":["GET"]}}],"collection":[{"href":"https:\/\/pozirk.online\/en\/wp-json\/wp\/v2\/articles"}],"about":[{"href":"https:\/\/pozirk.online\/en\/wp-json\/wp\/v2\/types\/articles"}],"author":[{"embeddable":true,"href":"https:\/\/pozirk.online\/en\/wp-json\/wp\/v2\/users\/83"}],"wp:featuredmedia":[{"embeddable":true,"href":"https:\/\/pozirk.online\/en\/wp-json\/wp\/v2\/media\/185454"}],"wp:attachment":[{"href":"https:\/\/pozirk.online\/en\/wp-json\/wp\/v2\/media?parent=185492"}],"wp:term":[{"taxonomy":"rubric","embeddable":true,"href":"https:\/\/pozirk.online\/en\/wp-json\/wp\/v2\/rubric?post=185492"}],"curies":[{"name":"wp","href":"https:\/\/api.w.org\/{rel}","templated":true}]}}