{"id":201793,"date":"2026-08-31T10:46:27","date_gmt":"2026-08-31T07:46:27","guid":{"rendered":"https:\/\/pozirk.online\/en\/news\/201793\/"},"modified":"2026-08-31T10:46:30","modified_gmt":"2026-08-31T07:46:30","slug":"cichanouskaja-commemorates-belarusian-victims-of-enforced-disappearances","status":"publish","type":"articles","link":"https:\/\/pozirk.online\/en\/news\/201793\/","title":{"rendered":"Cichano\u016dskaja commemorates Belarusian victims of enforced disappearances"},"content":{"rendered":"\n<figure class=\"block-image block-image-normal\">\n\n  <img decoding=\"async\" width=\"1260\" height=\"840\" src=\"https:\/\/pozirk.online\/wp-content\/uploads\/2024\/09\/gonchar_krasovskij_kollazh_vesna.jpg\" class=\"attachment-full size-full\" alt=\"\" srcset=\"https:\/\/pozirk.online\/wp-content\/uploads\/2024\/09\/gonchar_krasovskij_kollazh_vesna.jpg 1260w, https:\/\/pozirk.online\/wp-content\/uploads\/2024\/09\/gonchar_krasovskij_kollazh_vesna-354x236.jpg 354w, https:\/\/pozirk.online\/wp-content\/uploads\/2024\/09\/gonchar_krasovskij_kollazh_vesna-734x490.jpg 734w, https:\/\/pozirk.online\/wp-content\/uploads\/2024\/09\/gonchar_krasovskij_kollazh_vesna-178x118.jpg 178w, https:\/\/pozirk.online\/wp-content\/uploads\/2024\/09\/gonchar_krasovskij_kollazh_vesna-768x512.jpg 768w\" sizes=\"(max-width: 1260px) 100vw, 1260px\" \/>\n  <figcaption>\n  \n       <div class=\"block-image__author\">\n                <span>(spring96.org)<\/span>\n    <\/div>\n     <\/figcaption>\n<\/figure>\n\n\n\n<p><strong>August 31, <em>Pozirk.<\/em> <\/strong>Belarusian opposition leader \u015aviat\u0142ana Cichano\u016dskaja commemorated political opponents of Alaksandar \u0141uka\u0161enka \u201cabducted and murdered by the Belarus regime\u201d on August 30, marking the International Day of the Victims of Enforced Disappearances.<\/p>\n\n\n\n<p>Families have been denied answers for decades, she noted on X. \u201cThe regime tried to erase them. It failed. Those responsible will face justice,\u201d the politician stressed.<\/p>\n\n\n\n<p>The United Nations adopted the International Convention for the Protection of All Persons from Enforced Disappearances 20 years ago. \u201cThe anniversary puts victims and their rights to truth, justice and reparation at the center, while calling on states and other stakeholders to act to prevent enforced disappearances,\u201d the UN said, urging for universal ratification and full implementation of the convention.<\/p>\n\n\n\n<p>Enforced disappearances are often used to spread fear throughout society, the UN noted. The resulting sense of insecurity extends beyond the victims\u2019 immediate families, affecting their communities and society as a whole, it added.<\/p>\n\n\n\n<p>In Belarus, victims of enforced disappearances include former Interior Minister Juryj Zacharanka, businessman Anatol Kraso\u016dski and opposition politician Viktar Han\u010dar who were abducted between May and December 1999. Cameraman D\u017amitryj Zavadski has been missing since July 2000.<\/p>\n\n\n\n<p>Their families made numerous attempts to find out their whereabouts, but investigations conducted by authorities have not answered the key question: what happened to the victims of abductions.<\/p>\n\n\n\n<p>Authorities swept the issue under the carpet during the subsequent presidential election, in which Alaksandar \u0141uka\u0161enka was declared the winner.<\/p>\n\n\n\n<p>In 2001, Christos Pourgourides, rapporteur of the Council of Europe Parliamentary Assembly Committee on Legal Affairs and Human Rights, concluded after visiting Belarus that \u201csteps were taken at the highest level of the state to actively cover up the true background of the disappearances.\u201d Evidence suggested that \u201csenior officials of the state may themselves be involved in these disappearances,\u201d it said.<\/p>\n\n\n\n<p>In 2019, media reported that exiled former elite police unit Juryj Hara\u016dski admitted to being a member of a government-run death squad that allegedly abducted and killed Kraso\u016dski and Han\u010dar in 1999.<\/p>\n\n\n\n<p>Although he was acquitted at a trial in Switzerland in 2023, the hearing was important in itself because Belarusian investigators have never established the fact of the murder. The Belarusian investigators admitted that the opposition figures had vanished, but said they did not know what had happened to them.<\/p>\n\n\n\n<p>In the Hara\u016dski trial, the Swiss judge&nbsp;concluded that the ex-SOBR member might&nbsp;have been involved in crimes but his role remained unidentified.<\/p>\n","protected":false},"excerpt":{"rendered":"<p>August 31, Pozirk. Belarusian opposition leader \u015aviat\u0142ana Cichano\u016dskaja commemorated political opponents of Alaksandar \u0141uka\u0161enka \u201cabducted and murdered by the Belarus regime\u201d on August 30, marking the International Day of the Victims of Enforced Disappearances. Families have been denied answers for decades, she noted on X. \u201cThe regime tried to erase them. It failed. Those responsible [&hellip;]<\/p>\n","protected":false},"author":83,"featured_media":104995,"template":"","rubric":[16],"class_list":["post-201793","articles","type-articles","status-publish","has-post-thumbnail","hentry","rubric-politics"],"acf":[],"yoast_head":"<!-- This site is optimized with the Yoast SEO plugin v25.5 - https:\/\/yoast.com\/wordpress\/plugins\/seo\/ -->\n<title>Cichano\u016dskaja commemorates Belarusian victims of enforced disappearances | Pozirk<\/title>\n<meta name=\"description\" content=\"August 31, Pozirk. Belarusian opposition leader \u015aviat\u0142ana Cichano\u016dskaja commemorated political opponents of Alaksandar \u0141uka\u0161enka \u201cabducted and murdered by\" \/>\n<meta name=\"robots\" content=\"index, follow, max-snippet:-1, max-image-preview:large, max-video-preview:-1\" \/>\n<link rel=\"canonical\" href=\"https:\/\/pozirk.online\/en\/news\/201793\/\" \/>\n<meta property=\"og:locale\" content=\"en_US\" \/>\n<meta property=\"og:type\" content=\"article\" \/>\n<meta property=\"og:title\" content=\"Cichano\u016dskaja commemorates Belarusian victims of enforced disappearances | Pozirk\" \/>\n<meta property=\"og:description\" content=\"August 31, Pozirk. Belarusian opposition leader \u015aviat\u0142ana Cichano\u016dskaja commemorated political opponents of Alaksandar \u0141uka\u0161enka \u201cabducted and murdered by\" \/>\n<meta property=\"og:url\" content=\"https:\/\/pozirk.online\/en\/news\/201793\/\" \/>\n<meta property=\"og:site_name\" content=\"Pozirk\" \/>\n<meta property=\"article:publisher\" content=\"https:\/\/www.facebook.com\/pozirkonline\/\" \/>\n<meta property=\"article:modified_time\" content=\"2026-08-31T07:46:30+00:00\" \/>\n<meta property=\"og:image\" content=\"https:\/\/pozirk.online\/wp-content\/uploads\/2024\/09\/gonchar_krasovskij_kollazh_vesna.jpg\" \/>\n\t<meta property=\"og:image:width\" content=\"1260\" \/>\n\t<meta property=\"og:image:height\" content=\"840\" \/>\n\t<meta property=\"og:image:type\" content=\"image\/jpeg\" \/>\n<meta name=\"twitter:card\" content=\"summary_large_image\" \/>\n<meta name=\"twitter:site\" content=\"@Pozirk_online\" \/>\n<meta name=\"twitter:label1\" content=\"Est. reading time\" \/>\n\t<meta name=\"twitter:data1\" content=\"3 minutes\" \/>\n<script type=\"application\/ld+json\" class=\"yoast-schema-graph\">{\"@context\":\"https:\/\/schema.org\",\"@graph\":[{\"@type\":\"NewsArticle\",\"@id\":\"https:\/\/pozirk.online\/en\/news\/201793\/#article\",\"isPartOf\":{\"@id\":\"https:\/\/pozirk.online\/en\/news\/201793\/\"},\"headline\":\"Cichano\u016dskaja commemorates Belarusian victims of enforced disappearances\",\"datePublished\":\"2026-08-31T07:46:27+00:00\",\"dateModified\":\"2026-08-31T07:46:30+00:00\",\"mainEntityOfPage\":{\"@id\":\"https:\/\/pozirk.online\/en\/news\/201793\/\"},\"wordCount\":417,\"publisher\":{\"@id\":\"https:\/\/pozirk.online\/en\/#organization\"},\"image\":{\"@id\":\"https:\/\/pozirk.online\/en\/news\/201793\/#primaryimage\"},\"thumbnailUrl\":\"https:\/\/pozirk.online\/wp-content\/uploads\/2024\/09\/gonchar_krasovskij_kollazh_vesna.jpg\",\"inLanguage\":\"en-US\"},{\"@type\":\"WebPage\",\"@id\":\"https:\/\/pozirk.online\/en\/news\/201793\/\",\"url\":\"https:\/\/pozirk.online\/en\/news\/201793\/\",\"name\":\"Cichano\u016dskaja commemorates Belarusian victims of enforced disappearances | Pozirk\",\"isPartOf\":{\"@id\":\"https:\/\/pozirk.online\/en\/#website\"},\"primaryImageOfPage\":{\"@id\":\"https:\/\/pozirk.online\/en\/news\/201793\/#primaryimage\"},\"image\":{\"@id\":\"https:\/\/pozirk.online\/en\/news\/201793\/#primaryimage\"},\"thumbnailUrl\":\"https:\/\/pozirk.online\/wp-content\/uploads\/2024\/09\/gonchar_krasovskij_kollazh_vesna.jpg\",\"datePublished\":\"2026-08-31T07:46:27+00:00\",\"dateModified\":\"2026-08-31T07:46:30+00:00\",\"description\":\"August 31, Pozirk. Belarusian opposition leader \u015aviat\u0142ana Cichano\u016dskaja commemorated political opponents of Alaksandar \u0141uka\u0161enka \u201cabducted and murdered by\",\"breadcrumb\":{\"@id\":\"https:\/\/pozirk.online\/en\/news\/201793\/#breadcrumb\"},\"inLanguage\":\"en-US\",\"potentialAction\":[{\"@type\":\"ReadAction\",\"target\":[\"https:\/\/pozirk.online\/en\/news\/201793\/\"]}]},{\"@type\":\"ImageObject\",\"inLanguage\":\"en-US\",\"@id\":\"https:\/\/pozirk.online\/en\/news\/201793\/#primaryimage\",\"url\":\"https:\/\/pozirk.online\/wp-content\/uploads\/2024\/09\/gonchar_krasovskij_kollazh_vesna.jpg\",\"contentUrl\":\"https:\/\/pozirk.online\/wp-content\/uploads\/2024\/09\/gonchar_krasovskij_kollazh_vesna.jpg\",\"width\":1260,\"height\":840},{\"@type\":\"BreadcrumbList\",\"@id\":\"https:\/\/pozirk.online\/en\/news\/201793\/#breadcrumb\",\"itemListElement\":[{\"@type\":\"ListItem\",\"position\":1,\"name\":\"Home\",\"item\":\"https:\/\/pozirk.online\/en\/\"},{\"@type\":\"ListItem\",\"position\":2,\"name\":\"Cichano\u016dskaja commemorates Belarusian victims of enforced disappearances\"}]},{\"@type\":\"WebSite\",\"@id\":\"https:\/\/pozirk.online\/en\/#website\",\"url\":\"https:\/\/pozirk.online\/en\/\",\"name\":\"Pozirk\",\"description\":\"\",\"publisher\":{\"@id\":\"https:\/\/pozirk.online\/en\/#organization\"},\"potentialAction\":[{\"@type\":\"SearchAction\",\"target\":{\"@type\":\"EntryPoint\",\"urlTemplate\":\"https:\/\/pozirk.online\/en\/?s={search_term_string}\"},\"query-input\":{\"@type\":\"PropertyValueSpecification\",\"valueRequired\":true,\"valueName\":\"search_term_string\"}}],\"inLanguage\":\"en-US\"},{\"@type\":\"Organization\",\"@id\":\"https:\/\/pozirk.online\/en\/#organization\",\"name\":\"Pozirk\",\"url\":\"https:\/\/pozirk.online\/en\/\",\"logo\":{\"@type\":\"ImageObject\",\"inLanguage\":\"en-US\",\"@id\":\"https:\/\/pozirk.online\/en\/#\/schema\/logo\/image\/\",\"url\":\"https:\/\/pozirk.online\/wp-content\/uploads\/2023\/11\/cropped-Logo_color_512.png\",\"contentUrl\":\"https:\/\/pozirk.online\/wp-content\/uploads\/2023\/11\/cropped-Logo_color_512.png\",\"width\":512,\"height\":512,\"caption\":\"Pozirk\"},\"image\":{\"@id\":\"https:\/\/pozirk.online\/en\/#\/schema\/logo\/image\/\"},\"sameAs\":[\"https:\/\/www.facebook.com\/pozirkonline\/\",\"https:\/\/x.com\/Pozirk_online\"]}]}<\/script>\n<!-- \/ Yoast SEO plugin. -->","yoast_head_json":{"title":"Cichano\u016dskaja commemorates Belarusian victims of enforced disappearances | Pozirk","description":"August 31, Pozirk. Belarusian opposition leader \u015aviat\u0142ana Cichano\u016dskaja commemorated political opponents of Alaksandar \u0141uka\u0161enka \u201cabducted and murdered by","robots":{"index":"index","follow":"follow","max-snippet":"max-snippet:-1","max-image-preview":"max-image-preview:large","max-video-preview":"max-video-preview:-1"},"canonical":"https:\/\/pozirk.online\/en\/news\/201793\/","og_locale":"en_US","og_type":"article","og_title":"Cichano\u016dskaja commemorates Belarusian victims of enforced disappearances | Pozirk","og_description":"August 31, Pozirk. Belarusian opposition leader \u015aviat\u0142ana Cichano\u016dskaja commemorated political opponents of Alaksandar \u0141uka\u0161enka \u201cabducted and murdered by","og_url":"https:\/\/pozirk.online\/en\/news\/201793\/","og_site_name":"Pozirk","article_publisher":"https:\/\/www.facebook.com\/pozirkonline\/","article_modified_time":"2026-08-31T07:46:30+00:00","og_image":[{"width":1260,"height":840,"url":"https:\/\/pozirk.online\/wp-content\/uploads\/2024\/09\/gonchar_krasovskij_kollazh_vesna.jpg","type":"image\/jpeg"}],"twitter_card":"summary_large_image","twitter_site":"@Pozirk_online","twitter_misc":{"Est. reading time":"3 minutes"},"schema":{"@context":"https:\/\/schema.org","@graph":[{"@type":"NewsArticle","@id":"https:\/\/pozirk.online\/en\/news\/201793\/#article","isPartOf":{"@id":"https:\/\/pozirk.online\/en\/news\/201793\/"},"headline":"Cichano\u016dskaja commemorates Belarusian victims of enforced disappearances","datePublished":"2026-08-31T07:46:27+00:00","dateModified":"2026-08-31T07:46:30+00:00","mainEntityOfPage":{"@id":"https:\/\/pozirk.online\/en\/news\/201793\/"},"wordCount":417,"publisher":{"@id":"https:\/\/pozirk.online\/en\/#organization"},"image":{"@id":"https:\/\/pozirk.online\/en\/news\/201793\/#primaryimage"},"thumbnailUrl":"https:\/\/pozirk.online\/wp-content\/uploads\/2024\/09\/gonchar_krasovskij_kollazh_vesna.jpg","inLanguage":"en-US"},{"@type":"WebPage","@id":"https:\/\/pozirk.online\/en\/news\/201793\/","url":"https:\/\/pozirk.online\/en\/news\/201793\/","name":"Cichano\u016dskaja commemorates Belarusian victims of enforced disappearances | Pozirk","isPartOf":{"@id":"https:\/\/pozirk.online\/en\/#website"},"primaryImageOfPage":{"@id":"https:\/\/pozirk.online\/en\/news\/201793\/#primaryimage"},"image":{"@id":"https:\/\/pozirk.online\/en\/news\/201793\/#primaryimage"},"thumbnailUrl":"https:\/\/pozirk.online\/wp-content\/uploads\/2024\/09\/gonchar_krasovskij_kollazh_vesna.jpg","datePublished":"2026-08-31T07:46:27+00:00","dateModified":"2026-08-31T07:46:30+00:00","description":"August 31, Pozirk. Belarusian opposition leader \u015aviat\u0142ana Cichano\u016dskaja commemorated political opponents of Alaksandar \u0141uka\u0161enka \u201cabducted and murdered by","breadcrumb":{"@id":"https:\/\/pozirk.online\/en\/news\/201793\/#breadcrumb"},"inLanguage":"en-US","potentialAction":[{"@type":"ReadAction","target":["https:\/\/pozirk.online\/en\/news\/201793\/"]}]},{"@type":"ImageObject","inLanguage":"en-US","@id":"https:\/\/pozirk.online\/en\/news\/201793\/#primaryimage","url":"https:\/\/pozirk.online\/wp-content\/uploads\/2024\/09\/gonchar_krasovskij_kollazh_vesna.jpg","contentUrl":"https:\/\/pozirk.online\/wp-content\/uploads\/2024\/09\/gonchar_krasovskij_kollazh_vesna.jpg","width":1260,"height":840},{"@type":"BreadcrumbList","@id":"https:\/\/pozirk.online\/en\/news\/201793\/#breadcrumb","itemListElement":[{"@type":"ListItem","position":1,"name":"Home","item":"https:\/\/pozirk.online\/en\/"},{"@type":"ListItem","position":2,"name":"Cichano\u016dskaja commemorates Belarusian victims of enforced disappearances"}]},{"@type":"WebSite","@id":"https:\/\/pozirk.online\/en\/#website","url":"https:\/\/pozirk.online\/en\/","name":"Pozirk","description":"","publisher":{"@id":"https:\/\/pozirk.online\/en\/#organization"},"potentialAction":[{"@type":"SearchAction","target":{"@type":"EntryPoint","urlTemplate":"https:\/\/pozirk.online\/en\/?s={search_term_string}"},"query-input":{"@type":"PropertyValueSpecification","valueRequired":true,"valueName":"search_term_string"}}],"inLanguage":"en-US"},{"@type":"Organization","@id":"https:\/\/pozirk.online\/en\/#organization","name":"Pozirk","url":"https:\/\/pozirk.online\/en\/","logo":{"@type":"ImageObject","inLanguage":"en-US","@id":"https:\/\/pozirk.online\/en\/#\/schema\/logo\/image\/","url":"https:\/\/pozirk.online\/wp-content\/uploads\/2023\/11\/cropped-Logo_color_512.png","contentUrl":"https:\/\/pozirk.online\/wp-content\/uploads\/2023\/11\/cropped-Logo_color_512.png","width":512,"height":512,"caption":"Pozirk"},"image":{"@id":"https:\/\/pozirk.online\/en\/#\/schema\/logo\/image\/"},"sameAs":["https:\/\/www.facebook.com\/pozirkonline\/","https:\/\/x.com\/Pozirk_online"]}]}},"_links":{"self":[{"href":"https:\/\/pozirk.online\/en\/wp-json\/wp\/v2\/articles\/201793","targetHints":{"allow":["GET"]}}],"collection":[{"href":"https:\/\/pozirk.online\/en\/wp-json\/wp\/v2\/articles"}],"about":[{"href":"https:\/\/pozirk.online\/en\/wp-json\/wp\/v2\/types\/articles"}],"author":[{"embeddable":true,"href":"https:\/\/pozirk.online\/en\/wp-json\/wp\/v2\/users\/83"}],"wp:featuredmedia":[{"embeddable":true,"href":"https:\/\/pozirk.online\/en\/wp-json\/wp\/v2\/media\/104995"}],"wp:attachment":[{"href":"https:\/\/pozirk.online\/en\/wp-json\/wp\/v2\/media?parent=201793"}],"wp:term":[{"taxonomy":"rubric","embeddable":true,"href":"https:\/\/pozirk.online\/en\/wp-json\/wp\/v2\/rubric?post=201793"}],"curies":[{"name":"wp","href":"https:\/\/api.w.org\/{rel}","templated":true}]}}