{"id":202191,"date":"2026-09-02T16:50:10","date_gmt":"2026-09-02T13:50:10","guid":{"rendered":"https:\/\/pozirk.online\/en\/news\/202191\/"},"modified":"2026-09-02T17:21:57","modified_gmt":"2026-09-02T14:21:57","slug":"belarus-prosecutor-general-discusses-extradition-of-criminals-with-georgian-ambassador","status":"publish","type":"articles","link":"https:\/\/pozirk.online\/en\/news\/202191\/","title":{"rendered":"Belarus\u2019 prosecutor general discusses extradition of \u201ccriminals\u201d with Georgian ambassador"},"content":{"rendered":"\n<figure class=\"block-image block-image-normal\">\n\n  <img decoding=\"async\" width=\"1128\" height=\"752\" src=\"https:\/\/pozirk.online\/wp-content\/uploads\/2025\/05\/gruzika_flag_max_kukurudziak_unsplash_1128x752.jpg\" class=\"attachment-full size-full\" alt=\"\" srcset=\"https:\/\/pozirk.online\/wp-content\/uploads\/2025\/05\/gruzika_flag_max_kukurudziak_unsplash_1128x752.jpg 1128w, https:\/\/pozirk.online\/wp-content\/uploads\/2025\/05\/gruzika_flag_max_kukurudziak_unsplash_1128x752-354x236.jpg 354w, https:\/\/pozirk.online\/wp-content\/uploads\/2025\/05\/gruzika_flag_max_kukurudziak_unsplash_1128x752-734x490.jpg 734w, https:\/\/pozirk.online\/wp-content\/uploads\/2025\/05\/gruzika_flag_max_kukurudziak_unsplash_1128x752-178x118.jpg 178w, https:\/\/pozirk.online\/wp-content\/uploads\/2025\/05\/gruzika_flag_max_kukurudziak_unsplash_1128x752-768x512.jpg 768w\" sizes=\"(max-width: 1128px) 100vw, 1128px\" \/>\n  <figcaption>\n  \n       <div class=\"block-image__author\">\n                <span>(unsplash.com)<\/span>\n    <\/div>\n     <\/figcaption>\n<\/figure>\n\n\n\n<p><strong>September 2, <em>Pozirk<\/em>.<\/strong> Belarus\u2019 Prosecutor General D\u017amitryj Hara met with Georgian Ambassador Giorgi Saganelidze in Minsk on Wednesday to discuss the extradition of criminals, according to the Prosecutor General\u2019s Office.<\/p>\n\n\n\n<p>Hara and Saganelidze discussed cooperation \u201cin the area of criminal law,\u201d with Hara informing the ambassador \u201cabout the state of Belarusian\u2011Georgian cooperation in providing mutual legal assistance in criminal cases, handing over criminal cases for prosecution as well as extraditing persons who have committed crimes,\u201d the agency reported.<\/p>\n\n\n\n<p>They agreed \u201cto strengthen cooperation in every possible way for the sake of protecting the rights and legitimate interests of citizens of both states.\u201d<\/p>\n\n\n\n<p>Alaksandar \u0141uka\u0161enka\u2019s regime had stepped up its attempts to use Interpol for the persecution of its opponents, with new arrests occurring almost every week, said Leanid Maroza\u016d, an aide to Belarusian pro-democracy leader Sviat\u0142ana Cichano\u016dskaja, at the New Belarus Conference in Warsaw on August 9.<\/p>\n\n\n\n<p>According to Maroza\u016d, the regime is hunting for its opponents abroad and fabricating cases against them to make their extradition requests appear unrelated to politics. \u201cLiterally the latest case was in Argentina,\u201d he said. \u201c[Another one was] in very safe Italy. Not to mention Georgia.\u201d<\/p>\n\n\n\n<p>Georgia, a visa-free country for Belarusians, is home to about 12,000 citizens of Belarus, many of whom fled their country for fear of politically motivated persecution after the 2020 presidential election, but their number keeps shrinking. Georgia has not granted asylum to a single Belarusian under the Georgian Dream government of pro-Russian oligarch Bidzina Ivanishvili over the past seven years.<\/p>\n\n\n\n<p>Instead, Georgian authorities have been expelling Belarusians on a regular basis as part of their anti-immigration campaign, with eight expulsions in January-March 2026 alone, compared with six in 2025 and&nbsp;only three between 2019 and 2024.<\/p>\n\n\n\n<div class=\"insert-block\">\n\n    <div class=\"insert-block__img\">\n        <img decoding=\"async\" width=\"354\" height=\"236\" src=\"https:\/\/pozirk.online\/wp-content\/uploads\/2024\/01\/pozirk_color_blank_1128x752-354x236.jpg\" class=\"attachment-medium size-medium\" alt=\"\" srcset=\"https:\/\/pozirk.online\/wp-content\/uploads\/2024\/01\/pozirk_color_blank_1128x752-354x236.jpg 354w, https:\/\/pozirk.online\/wp-content\/uploads\/2024\/01\/pozirk_color_blank_1128x752-734x490.jpg 734w, https:\/\/pozirk.online\/wp-content\/uploads\/2024\/01\/pozirk_color_blank_1128x752-178x118.jpg 178w, https:\/\/pozirk.online\/wp-content\/uploads\/2024\/01\/pozirk_color_blank_1128x752-768x512.jpg 768w, https:\/\/pozirk.online\/wp-content\/uploads\/2024\/01\/pozirk_color_blank_1128x752.jpg 1128w\" sizes=\"(max-width: 354px) 100vw, 354px\" \/>                        <label class=\"insert-block__tag--mobile\"> Politics<\/label>\n\n                <\/div>\n    <div class=\"insert-block__text\">\n                    <label class=\"insert-block__tag\">Politics<\/label>\n                <h3 class=\"insert-block__title\">Tbilisi claims Belarusian activist poses greater danger to Georgia than he faces in Belarus<\/h3>\n        <div class=\"insert-block__descr\">August 2, Pozirk. The Georgian government has asked the UN Human Rights Committee to reject an appeal by Belarusian human rights activist Raman Ki\u015blak against the denial of his asylum application. Tbilisi claims that the activist poses a threat to &#8230;<\/div>\n        <a class=\"insert-block__btn-block\" href=\"\/en\/news\/198253\">\n            <button class=\"btn\">\n                <div class='btn__text'>Read the article<\/div>\n            <\/button>\n        <\/a>\n    <\/div>\n<\/div>","protected":false},"excerpt":{"rendered":"<p>September 2, Pozirk. Belarus\u2019 Prosecutor General D\u017amitryj Hara met with Georgian Ambassador Giorgi Saganelidze in Minsk on Wednesday to discuss the extradition of criminals, according to the Prosecutor General\u2019s Office. Hara and Saganelidze discussed cooperation \u201cin the area of criminal law,\u201d with Hara informing the ambassador \u201cabout the state of Belarusian\u2011Georgian cooperation in providing mutual [&hellip;]<\/p>\n","protected":false},"author":73,"featured_media":139816,"template":"","rubric":[16,30],"class_list":["post-202191","articles","type-articles","status-publish","has-post-thumbnail","hentry","rubric-politics","rubric-security"],"acf":[],"yoast_head":"<!-- This site is optimized with the Yoast SEO plugin v25.5 - https:\/\/yoast.com\/wordpress\/plugins\/seo\/ -->\n<title>Belarus\u2019 prosecutor general discusses extradition of \u201ccriminals\u201d with Georgian ambassador | Pozirk<\/title>\n<meta name=\"description\" content=\"September 2, Pozirk. Belarus\u2019 Prosecutor General D\u017amitryj Hara met with Georgian Ambassador Giorgi Saganelidze in Minsk on Wednesday to discuss the\" \/>\n<meta name=\"robots\" content=\"index, follow, max-snippet:-1, max-image-preview:large, max-video-preview:-1\" \/>\n<link rel=\"canonical\" href=\"https:\/\/pozirk.online\/en\/news\/202191\/\" \/>\n<meta property=\"og:locale\" content=\"en_US\" \/>\n<meta property=\"og:type\" content=\"article\" \/>\n<meta property=\"og:title\" content=\"Belarus\u2019 prosecutor general discusses extradition of \u201ccriminals\u201d with Georgian ambassador | Pozirk\" \/>\n<meta property=\"og:description\" content=\"September 2, Pozirk. Belarus\u2019 Prosecutor General D\u017amitryj Hara met with Georgian Ambassador Giorgi Saganelidze in Minsk on Wednesday to discuss the\" \/>\n<meta property=\"og:url\" content=\"https:\/\/pozirk.online\/en\/news\/202191\/\" \/>\n<meta property=\"og:site_name\" content=\"Pozirk\" \/>\n<meta property=\"article:publisher\" content=\"https:\/\/www.facebook.com\/pozirkonline\/\" \/>\n<meta property=\"article:modified_time\" content=\"2026-09-02T14:21:57+00:00\" \/>\n<meta property=\"og:image\" content=\"https:\/\/pozirk.online\/wp-content\/uploads\/2025\/05\/gruzika_flag_max_kukurudziak_unsplash_1128x752.jpg\" \/>\n\t<meta property=\"og:image:width\" content=\"1128\" \/>\n\t<meta property=\"og:image:height\" content=\"752\" \/>\n\t<meta property=\"og:image:type\" content=\"image\/jpeg\" \/>\n<meta name=\"twitter:card\" content=\"summary_large_image\" \/>\n<meta name=\"twitter:site\" content=\"@Pozirk_online\" \/>\n<meta name=\"twitter:label1\" content=\"Est. reading time\" \/>\n\t<meta name=\"twitter:data1\" content=\"2 minutes\" \/>\n<script type=\"application\/ld+json\" class=\"yoast-schema-graph\">{\"@context\":\"https:\/\/schema.org\",\"@graph\":[{\"@type\":\"NewsArticle\",\"@id\":\"https:\/\/pozirk.online\/en\/news\/202191\/#article\",\"isPartOf\":{\"@id\":\"https:\/\/pozirk.online\/en\/news\/202191\/\"},\"headline\":\"Belarus\u2019 prosecutor general discusses extradition of \u201ccriminals\u201d with Georgian ambassador\",\"datePublished\":\"2026-09-02T13:50:10+00:00\",\"dateModified\":\"2026-09-02T14:21:57+00:00\",\"mainEntityOfPage\":{\"@id\":\"https:\/\/pozirk.online\/en\/news\/202191\/\"},\"wordCount\":298,\"publisher\":{\"@id\":\"https:\/\/pozirk.online\/en\/#organization\"},\"image\":{\"@id\":\"https:\/\/pozirk.online\/en\/news\/202191\/#primaryimage\"},\"thumbnailUrl\":\"https:\/\/pozirk.online\/wp-content\/uploads\/2025\/05\/gruzika_flag_max_kukurudziak_unsplash_1128x752.jpg\",\"inLanguage\":\"en-US\"},{\"@type\":\"WebPage\",\"@id\":\"https:\/\/pozirk.online\/en\/news\/202191\/\",\"url\":\"https:\/\/pozirk.online\/en\/news\/202191\/\",\"name\":\"Belarus\u2019 prosecutor general discusses extradition of \u201ccriminals\u201d with Georgian ambassador | Pozirk\",\"isPartOf\":{\"@id\":\"https:\/\/pozirk.online\/en\/#website\"},\"primaryImageOfPage\":{\"@id\":\"https:\/\/pozirk.online\/en\/news\/202191\/#primaryimage\"},\"image\":{\"@id\":\"https:\/\/pozirk.online\/en\/news\/202191\/#primaryimage\"},\"thumbnailUrl\":\"https:\/\/pozirk.online\/wp-content\/uploads\/2025\/05\/gruzika_flag_max_kukurudziak_unsplash_1128x752.jpg\",\"datePublished\":\"2026-09-02T13:50:10+00:00\",\"dateModified\":\"2026-09-02T14:21:57+00:00\",\"description\":\"September 2, Pozirk. Belarus\u2019 Prosecutor General D\u017amitryj Hara met with Georgian Ambassador Giorgi Saganelidze in Minsk on Wednesday to discuss the\",\"breadcrumb\":{\"@id\":\"https:\/\/pozirk.online\/en\/news\/202191\/#breadcrumb\"},\"inLanguage\":\"en-US\",\"potentialAction\":[{\"@type\":\"ReadAction\",\"target\":[\"https:\/\/pozirk.online\/en\/news\/202191\/\"]}]},{\"@type\":\"ImageObject\",\"inLanguage\":\"en-US\",\"@id\":\"https:\/\/pozirk.online\/en\/news\/202191\/#primaryimage\",\"url\":\"https:\/\/pozirk.online\/wp-content\/uploads\/2025\/05\/gruzika_flag_max_kukurudziak_unsplash_1128x752.jpg\",\"contentUrl\":\"https:\/\/pozirk.online\/wp-content\/uploads\/2025\/05\/gruzika_flag_max_kukurudziak_unsplash_1128x752.jpg\",\"width\":1128,\"height\":752},{\"@type\":\"BreadcrumbList\",\"@id\":\"https:\/\/pozirk.online\/en\/news\/202191\/#breadcrumb\",\"itemListElement\":[{\"@type\":\"ListItem\",\"position\":1,\"name\":\"Home\",\"item\":\"https:\/\/pozirk.online\/en\/\"},{\"@type\":\"ListItem\",\"position\":2,\"name\":\"Belarus\u2019 prosecutor general discusses extradition of \u201ccriminals\u201d with Georgian ambassador\"}]},{\"@type\":\"WebSite\",\"@id\":\"https:\/\/pozirk.online\/en\/#website\",\"url\":\"https:\/\/pozirk.online\/en\/\",\"name\":\"Pozirk\",\"description\":\"\",\"publisher\":{\"@id\":\"https:\/\/pozirk.online\/en\/#organization\"},\"potentialAction\":[{\"@type\":\"SearchAction\",\"target\":{\"@type\":\"EntryPoint\",\"urlTemplate\":\"https:\/\/pozirk.online\/en\/?s={search_term_string}\"},\"query-input\":{\"@type\":\"PropertyValueSpecification\",\"valueRequired\":true,\"valueName\":\"search_term_string\"}}],\"inLanguage\":\"en-US\"},{\"@type\":\"Organization\",\"@id\":\"https:\/\/pozirk.online\/en\/#organization\",\"name\":\"Pozirk\",\"url\":\"https:\/\/pozirk.online\/en\/\",\"logo\":{\"@type\":\"ImageObject\",\"inLanguage\":\"en-US\",\"@id\":\"https:\/\/pozirk.online\/en\/#\/schema\/logo\/image\/\",\"url\":\"https:\/\/pozirk.online\/wp-content\/uploads\/2023\/11\/cropped-Logo_color_512.png\",\"contentUrl\":\"https:\/\/pozirk.online\/wp-content\/uploads\/2023\/11\/cropped-Logo_color_512.png\",\"width\":512,\"height\":512,\"caption\":\"Pozirk\"},\"image\":{\"@id\":\"https:\/\/pozirk.online\/en\/#\/schema\/logo\/image\/\"},\"sameAs\":[\"https:\/\/www.facebook.com\/pozirkonline\/\",\"https:\/\/x.com\/Pozirk_online\"]}]}<\/script>\n<!-- \/ Yoast SEO plugin. -->","yoast_head_json":{"title":"Belarus\u2019 prosecutor general discusses extradition of \u201ccriminals\u201d with Georgian ambassador | Pozirk","description":"September 2, Pozirk. Belarus\u2019 Prosecutor General D\u017amitryj Hara met with Georgian Ambassador Giorgi Saganelidze in Minsk on Wednesday to discuss the","robots":{"index":"index","follow":"follow","max-snippet":"max-snippet:-1","max-image-preview":"max-image-preview:large","max-video-preview":"max-video-preview:-1"},"canonical":"https:\/\/pozirk.online\/en\/news\/202191\/","og_locale":"en_US","og_type":"article","og_title":"Belarus\u2019 prosecutor general discusses extradition of \u201ccriminals\u201d with Georgian ambassador | Pozirk","og_description":"September 2, Pozirk. Belarus\u2019 Prosecutor General D\u017amitryj Hara met with Georgian Ambassador Giorgi Saganelidze in Minsk on Wednesday to discuss the","og_url":"https:\/\/pozirk.online\/en\/news\/202191\/","og_site_name":"Pozirk","article_publisher":"https:\/\/www.facebook.com\/pozirkonline\/","article_modified_time":"2026-09-02T14:21:57+00:00","og_image":[{"width":1128,"height":752,"url":"https:\/\/pozirk.online\/wp-content\/uploads\/2025\/05\/gruzika_flag_max_kukurudziak_unsplash_1128x752.jpg","type":"image\/jpeg"}],"twitter_card":"summary_large_image","twitter_site":"@Pozirk_online","twitter_misc":{"Est. reading time":"2 minutes"},"schema":{"@context":"https:\/\/schema.org","@graph":[{"@type":"NewsArticle","@id":"https:\/\/pozirk.online\/en\/news\/202191\/#article","isPartOf":{"@id":"https:\/\/pozirk.online\/en\/news\/202191\/"},"headline":"Belarus\u2019 prosecutor general discusses extradition of \u201ccriminals\u201d with Georgian ambassador","datePublished":"2026-09-02T13:50:10+00:00","dateModified":"2026-09-02T14:21:57+00:00","mainEntityOfPage":{"@id":"https:\/\/pozirk.online\/en\/news\/202191\/"},"wordCount":298,"publisher":{"@id":"https:\/\/pozirk.online\/en\/#organization"},"image":{"@id":"https:\/\/pozirk.online\/en\/news\/202191\/#primaryimage"},"thumbnailUrl":"https:\/\/pozirk.online\/wp-content\/uploads\/2025\/05\/gruzika_flag_max_kukurudziak_unsplash_1128x752.jpg","inLanguage":"en-US"},{"@type":"WebPage","@id":"https:\/\/pozirk.online\/en\/news\/202191\/","url":"https:\/\/pozirk.online\/en\/news\/202191\/","name":"Belarus\u2019 prosecutor general discusses extradition of \u201ccriminals\u201d with Georgian ambassador | Pozirk","isPartOf":{"@id":"https:\/\/pozirk.online\/en\/#website"},"primaryImageOfPage":{"@id":"https:\/\/pozirk.online\/en\/news\/202191\/#primaryimage"},"image":{"@id":"https:\/\/pozirk.online\/en\/news\/202191\/#primaryimage"},"thumbnailUrl":"https:\/\/pozirk.online\/wp-content\/uploads\/2025\/05\/gruzika_flag_max_kukurudziak_unsplash_1128x752.jpg","datePublished":"2026-09-02T13:50:10+00:00","dateModified":"2026-09-02T14:21:57+00:00","description":"September 2, Pozirk. Belarus\u2019 Prosecutor General D\u017amitryj Hara met with Georgian Ambassador Giorgi Saganelidze in Minsk on Wednesday to discuss the","breadcrumb":{"@id":"https:\/\/pozirk.online\/en\/news\/202191\/#breadcrumb"},"inLanguage":"en-US","potentialAction":[{"@type":"ReadAction","target":["https:\/\/pozirk.online\/en\/news\/202191\/"]}]},{"@type":"ImageObject","inLanguage":"en-US","@id":"https:\/\/pozirk.online\/en\/news\/202191\/#primaryimage","url":"https:\/\/pozirk.online\/wp-content\/uploads\/2025\/05\/gruzika_flag_max_kukurudziak_unsplash_1128x752.jpg","contentUrl":"https:\/\/pozirk.online\/wp-content\/uploads\/2025\/05\/gruzika_flag_max_kukurudziak_unsplash_1128x752.jpg","width":1128,"height":752},{"@type":"BreadcrumbList","@id":"https:\/\/pozirk.online\/en\/news\/202191\/#breadcrumb","itemListElement":[{"@type":"ListItem","position":1,"name":"Home","item":"https:\/\/pozirk.online\/en\/"},{"@type":"ListItem","position":2,"name":"Belarus\u2019 prosecutor general discusses extradition of \u201ccriminals\u201d with Georgian ambassador"}]},{"@type":"WebSite","@id":"https:\/\/pozirk.online\/en\/#website","url":"https:\/\/pozirk.online\/en\/","name":"Pozirk","description":"","publisher":{"@id":"https:\/\/pozirk.online\/en\/#organization"},"potentialAction":[{"@type":"SearchAction","target":{"@type":"EntryPoint","urlTemplate":"https:\/\/pozirk.online\/en\/?s={search_term_string}"},"query-input":{"@type":"PropertyValueSpecification","valueRequired":true,"valueName":"search_term_string"}}],"inLanguage":"en-US"},{"@type":"Organization","@id":"https:\/\/pozirk.online\/en\/#organization","name":"Pozirk","url":"https:\/\/pozirk.online\/en\/","logo":{"@type":"ImageObject","inLanguage":"en-US","@id":"https:\/\/pozirk.online\/en\/#\/schema\/logo\/image\/","url":"https:\/\/pozirk.online\/wp-content\/uploads\/2023\/11\/cropped-Logo_color_512.png","contentUrl":"https:\/\/pozirk.online\/wp-content\/uploads\/2023\/11\/cropped-Logo_color_512.png","width":512,"height":512,"caption":"Pozirk"},"image":{"@id":"https:\/\/pozirk.online\/en\/#\/schema\/logo\/image\/"},"sameAs":["https:\/\/www.facebook.com\/pozirkonline\/","https:\/\/x.com\/Pozirk_online"]}]}},"_links":{"self":[{"href":"https:\/\/pozirk.online\/en\/wp-json\/wp\/v2\/articles\/202191","targetHints":{"allow":["GET"]}}],"collection":[{"href":"https:\/\/pozirk.online\/en\/wp-json\/wp\/v2\/articles"}],"about":[{"href":"https:\/\/pozirk.online\/en\/wp-json\/wp\/v2\/types\/articles"}],"author":[{"embeddable":true,"href":"https:\/\/pozirk.online\/en\/wp-json\/wp\/v2\/users\/73"}],"wp:featuredmedia":[{"embeddable":true,"href":"https:\/\/pozirk.online\/en\/wp-json\/wp\/v2\/media\/139816"}],"wp:attachment":[{"href":"https:\/\/pozirk.online\/en\/wp-json\/wp\/v2\/media?parent=202191"}],"wp:term":[{"taxonomy":"rubric","embeddable":true,"href":"https:\/\/pozirk.online\/en\/wp-json\/wp\/v2\/rubric?post=202191"}],"curies":[{"name":"wp","href":"https:\/\/api.w.org\/{rel}","templated":true}]}}