{"id":2645,"date":"2023-09-21T14:49:00","date_gmt":"2023-09-21T11:49:00","guid":{"rendered":"https:\/\/api.pozirk.online\/?post_type=articles&#038;p=2645"},"modified":"2026-03-09T20:10:49","modified_gmt":"2026-03-09T20:10:49","slug":"opposition-leader-urges-canadas-italys-pms-to-discuss-belarus-at-g7","status":"publish","type":"articles","link":"https:\/\/pozirk.online\/en\/news\/2645\/","title":{"rendered":"Opposition leader urges Canada&#8217;s, Italy&#8217;s PMs to discuss Belarus at G7"},"content":{"rendered":"\n<p><strong>September 21,\u00a0<em>Pozirk<\/em>.\u00a0<\/strong>Belarusian opposition leader \u015aviat\u0142ana Cichano\u016dskaja met with Justin Trudeau and Giorgia Meloni, the prime ministers of Canada and Italy, on the sidelines of the UN General Assembly in New York, her press office reports.<\/p>\n\n\n\n<p>She asked Trudeau to discuss Belarus at G7 and thanked Canada for its support of the Belarusian opposition, independent media and human rights defenders collecting evidence on crimes committed by Alaksandar \u0141uka\u0161enka and his officials.<\/p>\n\n\n\n<p>Cichano\u016dskaja also asked Meloni to discuss Belarus with the UN secretary-general and at the next G7 summit, noting Italy&#8217;s readiness to increase its involvement in the Belarusian issues.<\/p>\n\n\n\n<p>Belarusian opposition leader, who is visiting the United States from September 17 to 23, has already met a number of high-ranking officials and executives, including Guatemalan President Alejandro Giammattei, Microsoft Vice President Teresa Hutson, the foreign ministers of Finland, Italy, Latvia and the Netherlands, and a US under secretary of state.<\/p>\n","protected":false},"excerpt":{"rendered":"<p>September 21,\u00a0Pozirk.\u00a0Belarusian opposition leader \u015aviat\u0142ana Cichano\u016dskaja met with Justin Trudeau and Giorgia Meloni, the prime ministers of Canada and Italy, on the sidelines of the UN General Assembly in New York, her press office reports. She asked Trudeau to discuss Belarus at G7 and thanked Canada for its support of the Belarusian opposition, independent media [&hellip;]<\/p>\n","protected":false},"author":83,"featured_media":0,"template":"","rubric":[14],"class_list":["post-2645","articles","type-articles","status-publish","hentry","rubric-politics"],"acf":[],"yoast_head":"<!-- This site is optimized with the Yoast SEO plugin v25.5 - https:\/\/yoast.com\/wordpress\/plugins\/seo\/ -->\n<title>Opposition leader urges Canada&#039;s, Italy&#039;s PMs to discuss Belarus at G7 | Pozirk<\/title>\n<meta name=\"description\" content=\"September 21,\u00a0Pozirk.\u00a0Belarusian opposition leader \u015aviat\u0142ana Cichano\u016dskaja met with Justin Trudeau and Giorgia Meloni, the prime ministers of Canada and\" \/>\n<meta name=\"robots\" content=\"index, follow, max-snippet:-1, max-image-preview:large, max-video-preview:-1\" \/>\n<link rel=\"canonical\" href=\"https:\/\/pozirk.online\/en\/news\/2645\/\" \/>\n<meta property=\"og:locale\" content=\"en_US\" \/>\n<meta property=\"og:type\" content=\"article\" \/>\n<meta property=\"og:title\" content=\"Opposition leader urges Canada&#039;s, Italy&#039;s PMs to discuss Belarus at G7 | Pozirk\" \/>\n<meta property=\"og:description\" content=\"September 21,\u00a0Pozirk.\u00a0Belarusian opposition leader \u015aviat\u0142ana Cichano\u016dskaja met with Justin Trudeau and Giorgia Meloni, the prime ministers of Canada and\" \/>\n<meta property=\"og:url\" content=\"https:\/\/pozirk.online\/en\/news\/2645\/\" \/>\n<meta property=\"og:site_name\" content=\"Pozirk\" \/>\n<meta property=\"article:publisher\" content=\"https:\/\/www.facebook.com\/pozirkonline\/\" \/>\n<meta property=\"article:modified_time\" content=\"2026-03-09T20:10:49+00:00\" \/>\n<meta name=\"twitter:card\" content=\"summary_large_image\" \/>\n<meta name=\"twitter:site\" content=\"@Pozirk_online\" \/>\n<meta name=\"twitter:label1\" content=\"Est. reading time\" \/>\n\t<meta name=\"twitter:data1\" content=\"1 minute\" \/>\n<script type=\"application\/ld+json\" class=\"yoast-schema-graph\">{\"@context\":\"https:\/\/schema.org\",\"@graph\":[{\"@type\":\"NewsArticle\",\"@id\":\"https:\/\/pozirk.online\/en\/news\/2645\/#article\",\"isPartOf\":{\"@id\":\"https:\/\/pozirk.online\/en\/news\/2645\/\"},\"headline\":\"Opposition leader urges Canada&#8217;s, Italy&#8217;s PMs to discuss Belarus at G7\",\"datePublished\":\"2023-09-21T11:49:00+00:00\",\"dateModified\":\"2026-03-09T20:10:49+00:00\",\"mainEntityOfPage\":{\"@id\":\"https:\/\/pozirk.online\/en\/news\/2645\/\"},\"wordCount\":166,\"publisher\":{\"@id\":\"https:\/\/pozirk.online\/en\/#organization\"},\"inLanguage\":\"en-US\"},{\"@type\":\"WebPage\",\"@id\":\"https:\/\/pozirk.online\/en\/news\/2645\/\",\"url\":\"https:\/\/pozirk.online\/en\/news\/2645\/\",\"name\":\"Opposition leader urges Canada's, Italy's PMs to discuss Belarus at G7 | Pozirk\",\"isPartOf\":{\"@id\":\"https:\/\/pozirk.online\/en\/#website\"},\"datePublished\":\"2023-09-21T11:49:00+00:00\",\"dateModified\":\"2026-03-09T20:10:49+00:00\",\"description\":\"September 21,\u00a0Pozirk.\u00a0Belarusian opposition leader \u015aviat\u0142ana Cichano\u016dskaja met with Justin Trudeau and Giorgia Meloni, the prime ministers of Canada and\",\"breadcrumb\":{\"@id\":\"https:\/\/pozirk.online\/en\/news\/2645\/#breadcrumb\"},\"inLanguage\":\"en-US\",\"potentialAction\":[{\"@type\":\"ReadAction\",\"target\":[\"https:\/\/pozirk.online\/en\/news\/2645\/\"]}]},{\"@type\":\"BreadcrumbList\",\"@id\":\"https:\/\/pozirk.online\/en\/news\/2645\/#breadcrumb\",\"itemListElement\":[{\"@type\":\"ListItem\",\"position\":1,\"name\":\"Home\",\"item\":\"https:\/\/pozirk.online\/en\/\"},{\"@type\":\"ListItem\",\"position\":2,\"name\":\"Opposition leader urges Canada&#8217;s, Italy&#8217;s PMs to discuss Belarus at G7\"}]},{\"@type\":\"WebSite\",\"@id\":\"https:\/\/pozirk.online\/en\/#website\",\"url\":\"https:\/\/pozirk.online\/en\/\",\"name\":\"Pozirk\",\"description\":\"\",\"publisher\":{\"@id\":\"https:\/\/pozirk.online\/en\/#organization\"},\"potentialAction\":[{\"@type\":\"SearchAction\",\"target\":{\"@type\":\"EntryPoint\",\"urlTemplate\":\"https:\/\/pozirk.online\/en\/?s={search_term_string}\"},\"query-input\":{\"@type\":\"PropertyValueSpecification\",\"valueRequired\":true,\"valueName\":\"search_term_string\"}}],\"inLanguage\":\"en-US\"},{\"@type\":\"Organization\",\"@id\":\"https:\/\/pozirk.online\/en\/#organization\",\"name\":\"Pozirk\",\"url\":\"https:\/\/pozirk.online\/en\/\",\"logo\":{\"@type\":\"ImageObject\",\"inLanguage\":\"en-US\",\"@id\":\"https:\/\/pozirk.online\/en\/#\/schema\/logo\/image\/\",\"url\":\"https:\/\/pozirk.online\/wp-content\/uploads\/2023\/11\/cropped-Logo_color_512.png\",\"contentUrl\":\"https:\/\/pozirk.online\/wp-content\/uploads\/2023\/11\/cropped-Logo_color_512.png\",\"width\":512,\"height\":512,\"caption\":\"Pozirk\"},\"image\":{\"@id\":\"https:\/\/pozirk.online\/en\/#\/schema\/logo\/image\/\"},\"sameAs\":[\"https:\/\/www.facebook.com\/pozirkonline\/\",\"https:\/\/x.com\/Pozirk_online\"]}]}<\/script>\n<!-- \/ Yoast SEO plugin. -->","yoast_head_json":{"title":"Opposition leader urges Canada's, Italy's PMs to discuss Belarus at G7 | Pozirk","description":"September 21,\u00a0Pozirk.\u00a0Belarusian opposition leader \u015aviat\u0142ana Cichano\u016dskaja met with Justin Trudeau and Giorgia Meloni, the prime ministers of Canada and","robots":{"index":"index","follow":"follow","max-snippet":"max-snippet:-1","max-image-preview":"max-image-preview:large","max-video-preview":"max-video-preview:-1"},"canonical":"https:\/\/pozirk.online\/en\/news\/2645\/","og_locale":"en_US","og_type":"article","og_title":"Opposition leader urges Canada's, Italy's PMs to discuss Belarus at G7 | Pozirk","og_description":"September 21,\u00a0Pozirk.\u00a0Belarusian opposition leader \u015aviat\u0142ana Cichano\u016dskaja met with Justin Trudeau and Giorgia Meloni, the prime ministers of Canada and","og_url":"https:\/\/pozirk.online\/en\/news\/2645\/","og_site_name":"Pozirk","article_publisher":"https:\/\/www.facebook.com\/pozirkonline\/","article_modified_time":"2026-03-09T20:10:49+00:00","twitter_card":"summary_large_image","twitter_site":"@Pozirk_online","twitter_misc":{"Est. reading time":"1 minute"},"schema":{"@context":"https:\/\/schema.org","@graph":[{"@type":"NewsArticle","@id":"https:\/\/pozirk.online\/en\/news\/2645\/#article","isPartOf":{"@id":"https:\/\/pozirk.online\/en\/news\/2645\/"},"headline":"Opposition leader urges Canada&#8217;s, Italy&#8217;s PMs to discuss Belarus at G7","datePublished":"2023-09-21T11:49:00+00:00","dateModified":"2026-03-09T20:10:49+00:00","mainEntityOfPage":{"@id":"https:\/\/pozirk.online\/en\/news\/2645\/"},"wordCount":166,"publisher":{"@id":"https:\/\/pozirk.online\/en\/#organization"},"inLanguage":"en-US"},{"@type":"WebPage","@id":"https:\/\/pozirk.online\/en\/news\/2645\/","url":"https:\/\/pozirk.online\/en\/news\/2645\/","name":"Opposition leader urges Canada's, Italy's PMs to discuss Belarus at G7 | Pozirk","isPartOf":{"@id":"https:\/\/pozirk.online\/en\/#website"},"datePublished":"2023-09-21T11:49:00+00:00","dateModified":"2026-03-09T20:10:49+00:00","description":"September 21,\u00a0Pozirk.\u00a0Belarusian opposition leader \u015aviat\u0142ana Cichano\u016dskaja met with Justin Trudeau and Giorgia Meloni, the prime ministers of Canada and","breadcrumb":{"@id":"https:\/\/pozirk.online\/en\/news\/2645\/#breadcrumb"},"inLanguage":"en-US","potentialAction":[{"@type":"ReadAction","target":["https:\/\/pozirk.online\/en\/news\/2645\/"]}]},{"@type":"BreadcrumbList","@id":"https:\/\/pozirk.online\/en\/news\/2645\/#breadcrumb","itemListElement":[{"@type":"ListItem","position":1,"name":"Home","item":"https:\/\/pozirk.online\/en\/"},{"@type":"ListItem","position":2,"name":"Opposition leader urges Canada&#8217;s, Italy&#8217;s PMs to discuss Belarus at G7"}]},{"@type":"WebSite","@id":"https:\/\/pozirk.online\/en\/#website","url":"https:\/\/pozirk.online\/en\/","name":"Pozirk","description":"","publisher":{"@id":"https:\/\/pozirk.online\/en\/#organization"},"potentialAction":[{"@type":"SearchAction","target":{"@type":"EntryPoint","urlTemplate":"https:\/\/pozirk.online\/en\/?s={search_term_string}"},"query-input":{"@type":"PropertyValueSpecification","valueRequired":true,"valueName":"search_term_string"}}],"inLanguage":"en-US"},{"@type":"Organization","@id":"https:\/\/pozirk.online\/en\/#organization","name":"Pozirk","url":"https:\/\/pozirk.online\/en\/","logo":{"@type":"ImageObject","inLanguage":"en-US","@id":"https:\/\/pozirk.online\/en\/#\/schema\/logo\/image\/","url":"https:\/\/pozirk.online\/wp-content\/uploads\/2023\/11\/cropped-Logo_color_512.png","contentUrl":"https:\/\/pozirk.online\/wp-content\/uploads\/2023\/11\/cropped-Logo_color_512.png","width":512,"height":512,"caption":"Pozirk"},"image":{"@id":"https:\/\/pozirk.online\/en\/#\/schema\/logo\/image\/"},"sameAs":["https:\/\/www.facebook.com\/pozirkonline\/","https:\/\/x.com\/Pozirk_online"]}]}},"_links":{"self":[{"href":"https:\/\/pozirk.online\/en\/wp-json\/wp\/v2\/articles\/2645","targetHints":{"allow":["GET"]}}],"collection":[{"href":"https:\/\/pozirk.online\/en\/wp-json\/wp\/v2\/articles"}],"about":[{"href":"https:\/\/pozirk.online\/en\/wp-json\/wp\/v2\/types\/articles"}],"author":[{"embeddable":true,"href":"https:\/\/pozirk.online\/en\/wp-json\/wp\/v2\/users\/83"}],"wp:attachment":[{"href":"https:\/\/pozirk.online\/en\/wp-json\/wp\/v2\/media?parent=2645"}],"wp:term":[{"taxonomy":"rubric","embeddable":true,"href":"https:\/\/pozirk.online\/en\/wp-json\/wp\/v2\/rubric?post=2645"}],"curies":[{"name":"wp","href":"https:\/\/api.w.org\/{rel}","templated":true}]}}