{"id":2891,"date":"2023-09-27T13:32:00","date_gmt":"2023-09-27T10:32:00","guid":{"rendered":"https:\/\/api.pozirk.online\/?post_type=articles&#038;p=2891"},"modified":"2026-03-09T20:10:49","modified_gmt":"2026-03-09T20:10:49","slug":"bialacki-themed-exhibition-opens-in-warsaw-in-belarusian","status":"publish","type":"articles","link":"https:\/\/pozirk.online\/en\/news\/2891\/","title":{"rendered":"Bialacki-themed exhibition opens in Warsaw in Belarusian"},"content":{"rendered":"\n<p><strong>September 27,\u00a0<em>Pozirk<\/em>.\u00a0<\/strong>An exhibition dedicated to Ale\u015b Bialacki, jailed founder of the Viasna Human Rights Center and Nobel Peace Prize winner, opened in Warsaw on September 26.<\/p>\n\n\n\n<p>It reflects on Bialacki&#8217;s life and his path to an independent, democratic Belarus, said Ale\u015b Zarembiuk, head of the Warsaw-based Belarusian House Foundation.<\/p>\n\n\n\n<p>Those who are free, unlike Bialacki and thousands of other political prisoners, have the duty to talk about it despite the war in Ukraine and all other global issues, he said. &#8220;No one will carry on our Belarusian cause for us.&#8221;<\/p>\n\n\n\n<p>The exhibition, &#8220;I am not afraid, let them be afraid,&#8221; has already been shown in Berlin and several German cities in English. &#8220;We translated it into Belarusian so that Belarusians could learn about Ale\u015b Bialacki&#8217;s conscious choice,&#8221; Zarembiuk noted.<\/p>\n\n\n\n<p>Bialacki and his associates have been advocating for democracy in Belarus since the 1980s, he stressed.<\/p>\n\n\n\n<p>The exhibition will be shown in several European countries and will be available in different languages, said Pavie\u0142 Maryni\u010d of&nbsp;<em>Ma\u0142anka Media<\/em>, a production company&nbsp;that made a documentary about Bialacki.<\/p>\n\n\n\n<p>It will also be shown at the Polish Sejm to &#8220;attract the attention of politicians and public figures and demonstrate that today&#8217;s Belarus is a universal prison, where the national elites are destroyed,&#8221; he noted.<\/p>\n","protected":false},"excerpt":{"rendered":"<p>September 27,\u00a0Pozirk.\u00a0An exhibition dedicated to Ale\u015b Bialacki, jailed founder of the Viasna Human Rights Center and Nobel Peace Prize winner, opened in Warsaw on September 26. It reflects on Bialacki&#8217;s life and his path to an independent, democratic Belarus, said Ale\u015b Zarembiuk, head of the Warsaw-based Belarusian House Foundation. Those who are free, unlike Bialacki [&hellip;]<\/p>\n","protected":false},"author":83,"featured_media":0,"template":"","rubric":[14],"class_list":["post-2891","articles","type-articles","status-publish","hentry","rubric-politics"],"acf":[],"yoast_head":"<!-- This site is optimized with the Yoast SEO plugin v25.5 - https:\/\/yoast.com\/wordpress\/plugins\/seo\/ -->\n<title>Bialacki-themed exhibition opens in Warsaw in Belarusian | Pozirk<\/title>\n<meta name=\"description\" content=\"September 27,\u00a0Pozirk.\u00a0An exhibition dedicated to Ale\u015b Bialacki, jailed founder of the Viasna Human Rights Center and Nobel Peace Prize winner, opened in\" \/>\n<meta name=\"robots\" content=\"index, follow, max-snippet:-1, max-image-preview:large, max-video-preview:-1\" \/>\n<link rel=\"canonical\" href=\"https:\/\/pozirk.online\/en\/news\/2891\/\" \/>\n<meta property=\"og:locale\" content=\"en_US\" \/>\n<meta property=\"og:type\" content=\"article\" \/>\n<meta property=\"og:title\" content=\"Bialacki-themed exhibition opens in Warsaw in Belarusian | Pozirk\" \/>\n<meta property=\"og:description\" content=\"September 27,\u00a0Pozirk.\u00a0An exhibition dedicated to Ale\u015b Bialacki, jailed founder of the Viasna Human Rights Center and Nobel Peace Prize winner, opened in\" \/>\n<meta property=\"og:url\" content=\"https:\/\/pozirk.online\/en\/news\/2891\/\" \/>\n<meta property=\"og:site_name\" content=\"Pozirk\" \/>\n<meta property=\"article:publisher\" content=\"https:\/\/www.facebook.com\/pozirkonline\/\" \/>\n<meta property=\"article:modified_time\" content=\"2026-03-09T20:10:49+00:00\" \/>\n<meta name=\"twitter:card\" content=\"summary_large_image\" \/>\n<meta name=\"twitter:site\" content=\"@Pozirk_online\" \/>\n<meta name=\"twitter:label1\" content=\"Est. reading time\" \/>\n\t<meta name=\"twitter:data1\" content=\"1 minute\" \/>\n<script type=\"application\/ld+json\" class=\"yoast-schema-graph\">{\"@context\":\"https:\/\/schema.org\",\"@graph\":[{\"@type\":\"NewsArticle\",\"@id\":\"https:\/\/pozirk.online\/en\/news\/2891\/#article\",\"isPartOf\":{\"@id\":\"https:\/\/pozirk.online\/en\/news\/2891\/\"},\"headline\":\"Bialacki-themed exhibition opens in Warsaw in Belarusian\",\"datePublished\":\"2023-09-27T10:32:00+00:00\",\"dateModified\":\"2026-03-09T20:10:49+00:00\",\"mainEntityOfPage\":{\"@id\":\"https:\/\/pozirk.online\/en\/news\/2891\/\"},\"wordCount\":224,\"publisher\":{\"@id\":\"https:\/\/pozirk.online\/en\/#organization\"},\"inLanguage\":\"en-US\"},{\"@type\":\"WebPage\",\"@id\":\"https:\/\/pozirk.online\/en\/news\/2891\/\",\"url\":\"https:\/\/pozirk.online\/en\/news\/2891\/\",\"name\":\"Bialacki-themed exhibition opens in Warsaw in Belarusian | Pozirk\",\"isPartOf\":{\"@id\":\"https:\/\/pozirk.online\/en\/#website\"},\"datePublished\":\"2023-09-27T10:32:00+00:00\",\"dateModified\":\"2026-03-09T20:10:49+00:00\",\"description\":\"September 27,\u00a0Pozirk.\u00a0An exhibition dedicated to Ale\u015b Bialacki, jailed founder of the Viasna Human Rights Center and Nobel Peace Prize winner, opened in\",\"breadcrumb\":{\"@id\":\"https:\/\/pozirk.online\/en\/news\/2891\/#breadcrumb\"},\"inLanguage\":\"en-US\",\"potentialAction\":[{\"@type\":\"ReadAction\",\"target\":[\"https:\/\/pozirk.online\/en\/news\/2891\/\"]}]},{\"@type\":\"BreadcrumbList\",\"@id\":\"https:\/\/pozirk.online\/en\/news\/2891\/#breadcrumb\",\"itemListElement\":[{\"@type\":\"ListItem\",\"position\":1,\"name\":\"Home\",\"item\":\"https:\/\/pozirk.online\/en\/\"},{\"@type\":\"ListItem\",\"position\":2,\"name\":\"Bialacki-themed exhibition opens in Warsaw in Belarusian\"}]},{\"@type\":\"WebSite\",\"@id\":\"https:\/\/pozirk.online\/en\/#website\",\"url\":\"https:\/\/pozirk.online\/en\/\",\"name\":\"Pozirk\",\"description\":\"\",\"publisher\":{\"@id\":\"https:\/\/pozirk.online\/en\/#organization\"},\"potentialAction\":[{\"@type\":\"SearchAction\",\"target\":{\"@type\":\"EntryPoint\",\"urlTemplate\":\"https:\/\/pozirk.online\/en\/?s={search_term_string}\"},\"query-input\":{\"@type\":\"PropertyValueSpecification\",\"valueRequired\":true,\"valueName\":\"search_term_string\"}}],\"inLanguage\":\"en-US\"},{\"@type\":\"Organization\",\"@id\":\"https:\/\/pozirk.online\/en\/#organization\",\"name\":\"Pozirk\",\"url\":\"https:\/\/pozirk.online\/en\/\",\"logo\":{\"@type\":\"ImageObject\",\"inLanguage\":\"en-US\",\"@id\":\"https:\/\/pozirk.online\/en\/#\/schema\/logo\/image\/\",\"url\":\"https:\/\/pozirk.online\/wp-content\/uploads\/2023\/11\/cropped-Logo_color_512.png\",\"contentUrl\":\"https:\/\/pozirk.online\/wp-content\/uploads\/2023\/11\/cropped-Logo_color_512.png\",\"width\":512,\"height\":512,\"caption\":\"Pozirk\"},\"image\":{\"@id\":\"https:\/\/pozirk.online\/en\/#\/schema\/logo\/image\/\"},\"sameAs\":[\"https:\/\/www.facebook.com\/pozirkonline\/\",\"https:\/\/x.com\/Pozirk_online\"]}]}<\/script>\n<!-- \/ Yoast SEO plugin. -->","yoast_head_json":{"title":"Bialacki-themed exhibition opens in Warsaw in Belarusian | Pozirk","description":"September 27,\u00a0Pozirk.\u00a0An exhibition dedicated to Ale\u015b Bialacki, jailed founder of the Viasna Human Rights Center and Nobel Peace Prize winner, opened in","robots":{"index":"index","follow":"follow","max-snippet":"max-snippet:-1","max-image-preview":"max-image-preview:large","max-video-preview":"max-video-preview:-1"},"canonical":"https:\/\/pozirk.online\/en\/news\/2891\/","og_locale":"en_US","og_type":"article","og_title":"Bialacki-themed exhibition opens in Warsaw in Belarusian | Pozirk","og_description":"September 27,\u00a0Pozirk.\u00a0An exhibition dedicated to Ale\u015b Bialacki, jailed founder of the Viasna Human Rights Center and Nobel Peace Prize winner, opened in","og_url":"https:\/\/pozirk.online\/en\/news\/2891\/","og_site_name":"Pozirk","article_publisher":"https:\/\/www.facebook.com\/pozirkonline\/","article_modified_time":"2026-03-09T20:10:49+00:00","twitter_card":"summary_large_image","twitter_site":"@Pozirk_online","twitter_misc":{"Est. reading time":"1 minute"},"schema":{"@context":"https:\/\/schema.org","@graph":[{"@type":"NewsArticle","@id":"https:\/\/pozirk.online\/en\/news\/2891\/#article","isPartOf":{"@id":"https:\/\/pozirk.online\/en\/news\/2891\/"},"headline":"Bialacki-themed exhibition opens in Warsaw in Belarusian","datePublished":"2023-09-27T10:32:00+00:00","dateModified":"2026-03-09T20:10:49+00:00","mainEntityOfPage":{"@id":"https:\/\/pozirk.online\/en\/news\/2891\/"},"wordCount":224,"publisher":{"@id":"https:\/\/pozirk.online\/en\/#organization"},"inLanguage":"en-US"},{"@type":"WebPage","@id":"https:\/\/pozirk.online\/en\/news\/2891\/","url":"https:\/\/pozirk.online\/en\/news\/2891\/","name":"Bialacki-themed exhibition opens in Warsaw in Belarusian | Pozirk","isPartOf":{"@id":"https:\/\/pozirk.online\/en\/#website"},"datePublished":"2023-09-27T10:32:00+00:00","dateModified":"2026-03-09T20:10:49+00:00","description":"September 27,\u00a0Pozirk.\u00a0An exhibition dedicated to Ale\u015b Bialacki, jailed founder of the Viasna Human Rights Center and Nobel Peace Prize winner, opened in","breadcrumb":{"@id":"https:\/\/pozirk.online\/en\/news\/2891\/#breadcrumb"},"inLanguage":"en-US","potentialAction":[{"@type":"ReadAction","target":["https:\/\/pozirk.online\/en\/news\/2891\/"]}]},{"@type":"BreadcrumbList","@id":"https:\/\/pozirk.online\/en\/news\/2891\/#breadcrumb","itemListElement":[{"@type":"ListItem","position":1,"name":"Home","item":"https:\/\/pozirk.online\/en\/"},{"@type":"ListItem","position":2,"name":"Bialacki-themed exhibition opens in Warsaw in Belarusian"}]},{"@type":"WebSite","@id":"https:\/\/pozirk.online\/en\/#website","url":"https:\/\/pozirk.online\/en\/","name":"Pozirk","description":"","publisher":{"@id":"https:\/\/pozirk.online\/en\/#organization"},"potentialAction":[{"@type":"SearchAction","target":{"@type":"EntryPoint","urlTemplate":"https:\/\/pozirk.online\/en\/?s={search_term_string}"},"query-input":{"@type":"PropertyValueSpecification","valueRequired":true,"valueName":"search_term_string"}}],"inLanguage":"en-US"},{"@type":"Organization","@id":"https:\/\/pozirk.online\/en\/#organization","name":"Pozirk","url":"https:\/\/pozirk.online\/en\/","logo":{"@type":"ImageObject","inLanguage":"en-US","@id":"https:\/\/pozirk.online\/en\/#\/schema\/logo\/image\/","url":"https:\/\/pozirk.online\/wp-content\/uploads\/2023\/11\/cropped-Logo_color_512.png","contentUrl":"https:\/\/pozirk.online\/wp-content\/uploads\/2023\/11\/cropped-Logo_color_512.png","width":512,"height":512,"caption":"Pozirk"},"image":{"@id":"https:\/\/pozirk.online\/en\/#\/schema\/logo\/image\/"},"sameAs":["https:\/\/www.facebook.com\/pozirkonline\/","https:\/\/x.com\/Pozirk_online"]}]}},"_links":{"self":[{"href":"https:\/\/pozirk.online\/en\/wp-json\/wp\/v2\/articles\/2891","targetHints":{"allow":["GET"]}}],"collection":[{"href":"https:\/\/pozirk.online\/en\/wp-json\/wp\/v2\/articles"}],"about":[{"href":"https:\/\/pozirk.online\/en\/wp-json\/wp\/v2\/types\/articles"}],"author":[{"embeddable":true,"href":"https:\/\/pozirk.online\/en\/wp-json\/wp\/v2\/users\/83"}],"wp:attachment":[{"href":"https:\/\/pozirk.online\/en\/wp-json\/wp\/v2\/media?parent=2891"}],"wp:term":[{"taxonomy":"rubric","embeddable":true,"href":"https:\/\/pozirk.online\/en\/wp-json\/wp\/v2\/rubric?post=2891"}],"curies":[{"name":"wp","href":"https:\/\/api.w.org\/{rel}","templated":true}]}}