{"id":2921,"date":"2023-09-26T00:33:00","date_gmt":"2023-09-25T21:33:00","guid":{"rendered":"https:\/\/api.pozirk.online\/?post_type=articles&#038;p=2921"},"modified":"2026-03-09T20:10:49","modified_gmt":"2026-03-09T20:10:49","slug":"father-of-teen-arrested-during-protests-declared-political-prisoner","status":"publish","type":"articles","link":"https:\/\/pozirk.online\/en\/news\/2921\/","title":{"rendered":"Father of teen arrested during protests declared political prisoner"},"content":{"rendered":"\n<p><strong>September 26,\u00a0<em>Pozirk.<\/em><\/strong>\u00a0Belarusian human rights activists have declared Michai\u0142 \u0141apuno\u016d, who has spent 45 days in jail under the Administrative Offenses Code, a political prisoner.<\/p>\n\n\n\n<p>\u0141apuno\u016d, the father of political prisoner Mikita Za\u0142ataro\u016d, was sentenced to four consecutive jail terms for disseminating &#8220;extremist&#8221; content.<\/p>\n\n\n\n<p>Belarusian human rights organizations issued a statement calling for the court rulings to be overturned and for the immediate release of \u0141apuno\u016d. They also called for an end to reprisals against dissidents and peaceful protesters and for the immediate release of all political prisoners.<\/p>\n\n\n\n<p>Za\u0142ataro\u016d was arrested in August 2020 at the age of 16. He was tried twice for different alleged crimes and sentenced to a total of four and a half years in prison.<\/p>\n","protected":false},"excerpt":{"rendered":"<p>September 26,\u00a0Pozirk.\u00a0Belarusian human rights activists have declared Michai\u0142 \u0141apuno\u016d, who has spent 45 days in jail under the Administrative Offenses Code, a political prisoner. \u0141apuno\u016d, the father of political prisoner Mikita Za\u0142ataro\u016d, was sentenced to four consecutive jail terms for disseminating &#8220;extremist&#8221; content. Belarusian human rights organizations issued a statement calling for the court rulings [&hellip;]<\/p>\n","protected":false},"author":83,"featured_media":0,"template":"","rubric":[14],"class_list":["post-2921","articles","type-articles","status-publish","hentry","rubric-politics"],"acf":[],"yoast_head":"<!-- This site is optimized with the Yoast SEO plugin v25.5 - https:\/\/yoast.com\/wordpress\/plugins\/seo\/ -->\n<title>Father of teen arrested during protests declared political prisoner | Pozirk<\/title>\n<meta name=\"description\" content=\"September 26,\u00a0Pozirk.\u00a0Belarusian human rights activists have declared Michai\u0142 \u0141apuno\u016d, who has spent 45 days in jail under the Administrative Offenses\" \/>\n<meta name=\"robots\" content=\"index, follow, max-snippet:-1, max-image-preview:large, max-video-preview:-1\" \/>\n<link rel=\"canonical\" href=\"https:\/\/pozirk.online\/en\/news\/2921\/\" \/>\n<meta property=\"og:locale\" content=\"en_US\" \/>\n<meta property=\"og:type\" content=\"article\" \/>\n<meta property=\"og:title\" content=\"Father of teen arrested during protests declared political prisoner | Pozirk\" \/>\n<meta property=\"og:description\" content=\"September 26,\u00a0Pozirk.\u00a0Belarusian human rights activists have declared Michai\u0142 \u0141apuno\u016d, who has spent 45 days in jail under the Administrative Offenses\" \/>\n<meta property=\"og:url\" content=\"https:\/\/pozirk.online\/en\/news\/2921\/\" \/>\n<meta property=\"og:site_name\" content=\"Pozirk\" \/>\n<meta property=\"article:publisher\" content=\"https:\/\/www.facebook.com\/pozirkonline\/\" \/>\n<meta property=\"article:modified_time\" content=\"2026-03-09T20:10:49+00:00\" \/>\n<meta name=\"twitter:card\" content=\"summary_large_image\" \/>\n<meta name=\"twitter:site\" content=\"@Pozirk_online\" \/>\n<meta name=\"twitter:label1\" content=\"Est. reading time\" \/>\n\t<meta name=\"twitter:data1\" content=\"1 minute\" \/>\n<script type=\"application\/ld+json\" class=\"yoast-schema-graph\">{\"@context\":\"https:\/\/schema.org\",\"@graph\":[{\"@type\":\"NewsArticle\",\"@id\":\"https:\/\/pozirk.online\/en\/news\/2921\/#article\",\"isPartOf\":{\"@id\":\"https:\/\/pozirk.online\/en\/news\/2921\/\"},\"headline\":\"Father of teen arrested during protests declared political prisoner\",\"datePublished\":\"2023-09-25T21:33:00+00:00\",\"dateModified\":\"2026-03-09T20:10:49+00:00\",\"mainEntityOfPage\":{\"@id\":\"https:\/\/pozirk.online\/en\/news\/2921\/\"},\"wordCount\":128,\"publisher\":{\"@id\":\"https:\/\/pozirk.online\/en\/#organization\"},\"inLanguage\":\"en-US\"},{\"@type\":\"WebPage\",\"@id\":\"https:\/\/pozirk.online\/en\/news\/2921\/\",\"url\":\"https:\/\/pozirk.online\/en\/news\/2921\/\",\"name\":\"Father of teen arrested during protests declared political prisoner | Pozirk\",\"isPartOf\":{\"@id\":\"https:\/\/pozirk.online\/en\/#website\"},\"datePublished\":\"2023-09-25T21:33:00+00:00\",\"dateModified\":\"2026-03-09T20:10:49+00:00\",\"description\":\"September 26,\u00a0Pozirk.\u00a0Belarusian human rights activists have declared Michai\u0142 \u0141apuno\u016d, who has spent 45 days in jail under the Administrative Offenses\",\"breadcrumb\":{\"@id\":\"https:\/\/pozirk.online\/en\/news\/2921\/#breadcrumb\"},\"inLanguage\":\"en-US\",\"potentialAction\":[{\"@type\":\"ReadAction\",\"target\":[\"https:\/\/pozirk.online\/en\/news\/2921\/\"]}]},{\"@type\":\"BreadcrumbList\",\"@id\":\"https:\/\/pozirk.online\/en\/news\/2921\/#breadcrumb\",\"itemListElement\":[{\"@type\":\"ListItem\",\"position\":1,\"name\":\"Home\",\"item\":\"https:\/\/pozirk.online\/en\/\"},{\"@type\":\"ListItem\",\"position\":2,\"name\":\"Father of teen arrested during protests declared political prisoner\"}]},{\"@type\":\"WebSite\",\"@id\":\"https:\/\/pozirk.online\/en\/#website\",\"url\":\"https:\/\/pozirk.online\/en\/\",\"name\":\"Pozirk\",\"description\":\"\",\"publisher\":{\"@id\":\"https:\/\/pozirk.online\/en\/#organization\"},\"potentialAction\":[{\"@type\":\"SearchAction\",\"target\":{\"@type\":\"EntryPoint\",\"urlTemplate\":\"https:\/\/pozirk.online\/en\/?s={search_term_string}\"},\"query-input\":{\"@type\":\"PropertyValueSpecification\",\"valueRequired\":true,\"valueName\":\"search_term_string\"}}],\"inLanguage\":\"en-US\"},{\"@type\":\"Organization\",\"@id\":\"https:\/\/pozirk.online\/en\/#organization\",\"name\":\"Pozirk\",\"url\":\"https:\/\/pozirk.online\/en\/\",\"logo\":{\"@type\":\"ImageObject\",\"inLanguage\":\"en-US\",\"@id\":\"https:\/\/pozirk.online\/en\/#\/schema\/logo\/image\/\",\"url\":\"https:\/\/pozirk.online\/wp-content\/uploads\/2023\/11\/cropped-Logo_color_512.png\",\"contentUrl\":\"https:\/\/pozirk.online\/wp-content\/uploads\/2023\/11\/cropped-Logo_color_512.png\",\"width\":512,\"height\":512,\"caption\":\"Pozirk\"},\"image\":{\"@id\":\"https:\/\/pozirk.online\/en\/#\/schema\/logo\/image\/\"},\"sameAs\":[\"https:\/\/www.facebook.com\/pozirkonline\/\",\"https:\/\/x.com\/Pozirk_online\"]}]}<\/script>\n<!-- \/ Yoast SEO plugin. -->","yoast_head_json":{"title":"Father of teen arrested during protests declared political prisoner | Pozirk","description":"September 26,\u00a0Pozirk.\u00a0Belarusian human rights activists have declared Michai\u0142 \u0141apuno\u016d, who has spent 45 days in jail under the Administrative Offenses","robots":{"index":"index","follow":"follow","max-snippet":"max-snippet:-1","max-image-preview":"max-image-preview:large","max-video-preview":"max-video-preview:-1"},"canonical":"https:\/\/pozirk.online\/en\/news\/2921\/","og_locale":"en_US","og_type":"article","og_title":"Father of teen arrested during protests declared political prisoner | Pozirk","og_description":"September 26,\u00a0Pozirk.\u00a0Belarusian human rights activists have declared Michai\u0142 \u0141apuno\u016d, who has spent 45 days in jail under the Administrative Offenses","og_url":"https:\/\/pozirk.online\/en\/news\/2921\/","og_site_name":"Pozirk","article_publisher":"https:\/\/www.facebook.com\/pozirkonline\/","article_modified_time":"2026-03-09T20:10:49+00:00","twitter_card":"summary_large_image","twitter_site":"@Pozirk_online","twitter_misc":{"Est. reading time":"1 minute"},"schema":{"@context":"https:\/\/schema.org","@graph":[{"@type":"NewsArticle","@id":"https:\/\/pozirk.online\/en\/news\/2921\/#article","isPartOf":{"@id":"https:\/\/pozirk.online\/en\/news\/2921\/"},"headline":"Father of teen arrested during protests declared political prisoner","datePublished":"2023-09-25T21:33:00+00:00","dateModified":"2026-03-09T20:10:49+00:00","mainEntityOfPage":{"@id":"https:\/\/pozirk.online\/en\/news\/2921\/"},"wordCount":128,"publisher":{"@id":"https:\/\/pozirk.online\/en\/#organization"},"inLanguage":"en-US"},{"@type":"WebPage","@id":"https:\/\/pozirk.online\/en\/news\/2921\/","url":"https:\/\/pozirk.online\/en\/news\/2921\/","name":"Father of teen arrested during protests declared political prisoner | Pozirk","isPartOf":{"@id":"https:\/\/pozirk.online\/en\/#website"},"datePublished":"2023-09-25T21:33:00+00:00","dateModified":"2026-03-09T20:10:49+00:00","description":"September 26,\u00a0Pozirk.\u00a0Belarusian human rights activists have declared Michai\u0142 \u0141apuno\u016d, who has spent 45 days in jail under the Administrative Offenses","breadcrumb":{"@id":"https:\/\/pozirk.online\/en\/news\/2921\/#breadcrumb"},"inLanguage":"en-US","potentialAction":[{"@type":"ReadAction","target":["https:\/\/pozirk.online\/en\/news\/2921\/"]}]},{"@type":"BreadcrumbList","@id":"https:\/\/pozirk.online\/en\/news\/2921\/#breadcrumb","itemListElement":[{"@type":"ListItem","position":1,"name":"Home","item":"https:\/\/pozirk.online\/en\/"},{"@type":"ListItem","position":2,"name":"Father of teen arrested during protests declared political prisoner"}]},{"@type":"WebSite","@id":"https:\/\/pozirk.online\/en\/#website","url":"https:\/\/pozirk.online\/en\/","name":"Pozirk","description":"","publisher":{"@id":"https:\/\/pozirk.online\/en\/#organization"},"potentialAction":[{"@type":"SearchAction","target":{"@type":"EntryPoint","urlTemplate":"https:\/\/pozirk.online\/en\/?s={search_term_string}"},"query-input":{"@type":"PropertyValueSpecification","valueRequired":true,"valueName":"search_term_string"}}],"inLanguage":"en-US"},{"@type":"Organization","@id":"https:\/\/pozirk.online\/en\/#organization","name":"Pozirk","url":"https:\/\/pozirk.online\/en\/","logo":{"@type":"ImageObject","inLanguage":"en-US","@id":"https:\/\/pozirk.online\/en\/#\/schema\/logo\/image\/","url":"https:\/\/pozirk.online\/wp-content\/uploads\/2023\/11\/cropped-Logo_color_512.png","contentUrl":"https:\/\/pozirk.online\/wp-content\/uploads\/2023\/11\/cropped-Logo_color_512.png","width":512,"height":512,"caption":"Pozirk"},"image":{"@id":"https:\/\/pozirk.online\/en\/#\/schema\/logo\/image\/"},"sameAs":["https:\/\/www.facebook.com\/pozirkonline\/","https:\/\/x.com\/Pozirk_online"]}]}},"_links":{"self":[{"href":"https:\/\/pozirk.online\/en\/wp-json\/wp\/v2\/articles\/2921","targetHints":{"allow":["GET"]}}],"collection":[{"href":"https:\/\/pozirk.online\/en\/wp-json\/wp\/v2\/articles"}],"about":[{"href":"https:\/\/pozirk.online\/en\/wp-json\/wp\/v2\/types\/articles"}],"author":[{"embeddable":true,"href":"https:\/\/pozirk.online\/en\/wp-json\/wp\/v2\/users\/83"}],"wp:attachment":[{"href":"https:\/\/pozirk.online\/en\/wp-json\/wp\/v2\/media?parent=2921"}],"wp:term":[{"taxonomy":"rubric","embeddable":true,"href":"https:\/\/pozirk.online\/en\/wp-json\/wp\/v2\/rubric?post=2921"}],"curies":[{"name":"wp","href":"https:\/\/api.w.org\/{rel}","templated":true}]}}