{"id":4294,"date":"2023-10-10T13:16:00","date_gmt":"2023-10-10T10:16:00","guid":{"rendered":"https:\/\/api.pozirk.online\/?post_type=articles&#038;p=4294"},"modified":"2026-03-09T20:10:49","modified_gmt":"2026-03-09T20:10:49","slug":"belarus-opposition-granted-office-at-council-of-europe","status":"publish","type":"articles","link":"https:\/\/pozirk.online\/en\/news\/4294\/","title":{"rendered":"Belarus&#8217; opposition granted office at Council of Europe"},"content":{"rendered":"\n<p><strong>October 10,\u00a0<em>Pozirk.<\/em><\/strong>\u00a0The Belarusian opposition has\u00a0an office in the building of the Council of Europe (CoE) in Strasbourg, the press office of its leader \u015aviat\u0142ana Cichano\u016dskaja has told\u00a0<em>Pozirk<\/em>.<\/p>\n\n\n\n<p>The office will be used for CoE Contact Group on Belarus meetings and inter-parliamentary consultations, it noted. &nbsp;<\/p>\n\n\n\n<p>The office deal&nbsp;shows that cooperation has been institutionalised&nbsp;and that the democratic forces are recognized by the CoE, it added.&nbsp;\ufeff<\/p>\n\n\n\n<p>The CoE Contact Group on Belarus first met in November 2022. It includes executives of the European Union\u2019s institutions and Belarusian politicians and civil society leaders.<br>\ufeff<br>\ufeff<\/p>\n","protected":false},"excerpt":{"rendered":"<p>October 10,\u00a0Pozirk.\u00a0The Belarusian opposition has\u00a0an office in the building of the Council of Europe (CoE) in Strasbourg, the press office of its leader \u015aviat\u0142ana Cichano\u016dskaja has told\u00a0Pozirk. The office will be used for CoE Contact Group on Belarus meetings and inter-parliamentary consultations, it noted. &nbsp; The office deal&nbsp;shows that cooperation has been institutionalised&nbsp;and that the [&hellip;]<\/p>\n","protected":false},"author":83,"featured_media":0,"template":"","rubric":[14],"class_list":["post-4294","articles","type-articles","status-publish","hentry","rubric-politics"],"acf":[],"yoast_head":"<!-- This site is optimized with the Yoast SEO plugin v25.5 - https:\/\/yoast.com\/wordpress\/plugins\/seo\/ -->\n<title>Belarus&#039; opposition granted office at Council of Europe | Pozirk<\/title>\n<meta name=\"description\" content=\"October 10,\u00a0Pozirk.\u00a0The Belarusian opposition has\u00a0an office in the building of the Council of Europe (CoE) in Strasbourg, the press office of its leader\" \/>\n<meta name=\"robots\" content=\"index, follow, max-snippet:-1, max-image-preview:large, max-video-preview:-1\" \/>\n<link rel=\"canonical\" href=\"https:\/\/pozirk.online\/en\/news\/4294\/\" \/>\n<meta property=\"og:locale\" content=\"en_US\" \/>\n<meta property=\"og:type\" content=\"article\" \/>\n<meta property=\"og:title\" content=\"Belarus&#039; opposition granted office at Council of Europe | Pozirk\" \/>\n<meta property=\"og:description\" content=\"October 10,\u00a0Pozirk.\u00a0The Belarusian opposition has\u00a0an office in the building of the Council of Europe (CoE) in Strasbourg, the press office of its leader\" \/>\n<meta property=\"og:url\" content=\"https:\/\/pozirk.online\/en\/news\/4294\/\" \/>\n<meta property=\"og:site_name\" content=\"Pozirk\" \/>\n<meta property=\"article:publisher\" content=\"https:\/\/www.facebook.com\/pozirkonline\/\" \/>\n<meta property=\"article:modified_time\" content=\"2026-03-09T20:10:49+00:00\" \/>\n<meta name=\"twitter:card\" content=\"summary_large_image\" \/>\n<meta name=\"twitter:site\" content=\"@Pozirk_online\" \/>\n<meta name=\"twitter:label1\" content=\"Est. reading time\" \/>\n\t<meta name=\"twitter:data1\" content=\"1 minute\" \/>\n<script type=\"application\/ld+json\" class=\"yoast-schema-graph\">{\"@context\":\"https:\/\/schema.org\",\"@graph\":[{\"@type\":\"NewsArticle\",\"@id\":\"https:\/\/pozirk.online\/en\/news\/4294\/#article\",\"isPartOf\":{\"@id\":\"https:\/\/pozirk.online\/en\/news\/4294\/\"},\"headline\":\"Belarus&#8217; opposition granted office at Council of Europe\",\"datePublished\":\"2023-10-10T10:16:00+00:00\",\"dateModified\":\"2026-03-09T20:10:49+00:00\",\"mainEntityOfPage\":{\"@id\":\"https:\/\/pozirk.online\/en\/news\/4294\/\"},\"wordCount\":108,\"publisher\":{\"@id\":\"https:\/\/pozirk.online\/en\/#organization\"},\"inLanguage\":\"en-US\"},{\"@type\":\"WebPage\",\"@id\":\"https:\/\/pozirk.online\/en\/news\/4294\/\",\"url\":\"https:\/\/pozirk.online\/en\/news\/4294\/\",\"name\":\"Belarus' opposition granted office at Council of Europe | Pozirk\",\"isPartOf\":{\"@id\":\"https:\/\/pozirk.online\/en\/#website\"},\"datePublished\":\"2023-10-10T10:16:00+00:00\",\"dateModified\":\"2026-03-09T20:10:49+00:00\",\"description\":\"October 10,\u00a0Pozirk.\u00a0The Belarusian opposition has\u00a0an office in the building of the Council of Europe (CoE) in Strasbourg, the press office of its leader\",\"breadcrumb\":{\"@id\":\"https:\/\/pozirk.online\/en\/news\/4294\/#breadcrumb\"},\"inLanguage\":\"en-US\",\"potentialAction\":[{\"@type\":\"ReadAction\",\"target\":[\"https:\/\/pozirk.online\/en\/news\/4294\/\"]}]},{\"@type\":\"BreadcrumbList\",\"@id\":\"https:\/\/pozirk.online\/en\/news\/4294\/#breadcrumb\",\"itemListElement\":[{\"@type\":\"ListItem\",\"position\":1,\"name\":\"Home\",\"item\":\"https:\/\/pozirk.online\/en\/\"},{\"@type\":\"ListItem\",\"position\":2,\"name\":\"Belarus&#8217; opposition granted office at Council of Europe\"}]},{\"@type\":\"WebSite\",\"@id\":\"https:\/\/pozirk.online\/en\/#website\",\"url\":\"https:\/\/pozirk.online\/en\/\",\"name\":\"Pozirk\",\"description\":\"\",\"publisher\":{\"@id\":\"https:\/\/pozirk.online\/en\/#organization\"},\"potentialAction\":[{\"@type\":\"SearchAction\",\"target\":{\"@type\":\"EntryPoint\",\"urlTemplate\":\"https:\/\/pozirk.online\/en\/?s={search_term_string}\"},\"query-input\":{\"@type\":\"PropertyValueSpecification\",\"valueRequired\":true,\"valueName\":\"search_term_string\"}}],\"inLanguage\":\"en-US\"},{\"@type\":\"Organization\",\"@id\":\"https:\/\/pozirk.online\/en\/#organization\",\"name\":\"Pozirk\",\"url\":\"https:\/\/pozirk.online\/en\/\",\"logo\":{\"@type\":\"ImageObject\",\"inLanguage\":\"en-US\",\"@id\":\"https:\/\/pozirk.online\/en\/#\/schema\/logo\/image\/\",\"url\":\"https:\/\/pozirk.online\/wp-content\/uploads\/2023\/11\/cropped-Logo_color_512.png\",\"contentUrl\":\"https:\/\/pozirk.online\/wp-content\/uploads\/2023\/11\/cropped-Logo_color_512.png\",\"width\":512,\"height\":512,\"caption\":\"Pozirk\"},\"image\":{\"@id\":\"https:\/\/pozirk.online\/en\/#\/schema\/logo\/image\/\"},\"sameAs\":[\"https:\/\/www.facebook.com\/pozirkonline\/\",\"https:\/\/x.com\/Pozirk_online\"]}]}<\/script>\n<!-- \/ Yoast SEO plugin. -->","yoast_head_json":{"title":"Belarus' opposition granted office at Council of Europe | Pozirk","description":"October 10,\u00a0Pozirk.\u00a0The Belarusian opposition has\u00a0an office in the building of the Council of Europe (CoE) in Strasbourg, the press office of its leader","robots":{"index":"index","follow":"follow","max-snippet":"max-snippet:-1","max-image-preview":"max-image-preview:large","max-video-preview":"max-video-preview:-1"},"canonical":"https:\/\/pozirk.online\/en\/news\/4294\/","og_locale":"en_US","og_type":"article","og_title":"Belarus' opposition granted office at Council of Europe | Pozirk","og_description":"October 10,\u00a0Pozirk.\u00a0The Belarusian opposition has\u00a0an office in the building of the Council of Europe (CoE) in Strasbourg, the press office of its leader","og_url":"https:\/\/pozirk.online\/en\/news\/4294\/","og_site_name":"Pozirk","article_publisher":"https:\/\/www.facebook.com\/pozirkonline\/","article_modified_time":"2026-03-09T20:10:49+00:00","twitter_card":"summary_large_image","twitter_site":"@Pozirk_online","twitter_misc":{"Est. reading time":"1 minute"},"schema":{"@context":"https:\/\/schema.org","@graph":[{"@type":"NewsArticle","@id":"https:\/\/pozirk.online\/en\/news\/4294\/#article","isPartOf":{"@id":"https:\/\/pozirk.online\/en\/news\/4294\/"},"headline":"Belarus&#8217; opposition granted office at Council of Europe","datePublished":"2023-10-10T10:16:00+00:00","dateModified":"2026-03-09T20:10:49+00:00","mainEntityOfPage":{"@id":"https:\/\/pozirk.online\/en\/news\/4294\/"},"wordCount":108,"publisher":{"@id":"https:\/\/pozirk.online\/en\/#organization"},"inLanguage":"en-US"},{"@type":"WebPage","@id":"https:\/\/pozirk.online\/en\/news\/4294\/","url":"https:\/\/pozirk.online\/en\/news\/4294\/","name":"Belarus' opposition granted office at Council of Europe | Pozirk","isPartOf":{"@id":"https:\/\/pozirk.online\/en\/#website"},"datePublished":"2023-10-10T10:16:00+00:00","dateModified":"2026-03-09T20:10:49+00:00","description":"October 10,\u00a0Pozirk.\u00a0The Belarusian opposition has\u00a0an office in the building of the Council of Europe (CoE) in Strasbourg, the press office of its leader","breadcrumb":{"@id":"https:\/\/pozirk.online\/en\/news\/4294\/#breadcrumb"},"inLanguage":"en-US","potentialAction":[{"@type":"ReadAction","target":["https:\/\/pozirk.online\/en\/news\/4294\/"]}]},{"@type":"BreadcrumbList","@id":"https:\/\/pozirk.online\/en\/news\/4294\/#breadcrumb","itemListElement":[{"@type":"ListItem","position":1,"name":"Home","item":"https:\/\/pozirk.online\/en\/"},{"@type":"ListItem","position":2,"name":"Belarus&#8217; opposition granted office at Council of Europe"}]},{"@type":"WebSite","@id":"https:\/\/pozirk.online\/en\/#website","url":"https:\/\/pozirk.online\/en\/","name":"Pozirk","description":"","publisher":{"@id":"https:\/\/pozirk.online\/en\/#organization"},"potentialAction":[{"@type":"SearchAction","target":{"@type":"EntryPoint","urlTemplate":"https:\/\/pozirk.online\/en\/?s={search_term_string}"},"query-input":{"@type":"PropertyValueSpecification","valueRequired":true,"valueName":"search_term_string"}}],"inLanguage":"en-US"},{"@type":"Organization","@id":"https:\/\/pozirk.online\/en\/#organization","name":"Pozirk","url":"https:\/\/pozirk.online\/en\/","logo":{"@type":"ImageObject","inLanguage":"en-US","@id":"https:\/\/pozirk.online\/en\/#\/schema\/logo\/image\/","url":"https:\/\/pozirk.online\/wp-content\/uploads\/2023\/11\/cropped-Logo_color_512.png","contentUrl":"https:\/\/pozirk.online\/wp-content\/uploads\/2023\/11\/cropped-Logo_color_512.png","width":512,"height":512,"caption":"Pozirk"},"image":{"@id":"https:\/\/pozirk.online\/en\/#\/schema\/logo\/image\/"},"sameAs":["https:\/\/www.facebook.com\/pozirkonline\/","https:\/\/x.com\/Pozirk_online"]}]}},"_links":{"self":[{"href":"https:\/\/pozirk.online\/en\/wp-json\/wp\/v2\/articles\/4294","targetHints":{"allow":["GET"]}}],"collection":[{"href":"https:\/\/pozirk.online\/en\/wp-json\/wp\/v2\/articles"}],"about":[{"href":"https:\/\/pozirk.online\/en\/wp-json\/wp\/v2\/types\/articles"}],"author":[{"embeddable":true,"href":"https:\/\/pozirk.online\/en\/wp-json\/wp\/v2\/users\/83"}],"wp:attachment":[{"href":"https:\/\/pozirk.online\/en\/wp-json\/wp\/v2\/media?parent=4294"}],"wp:term":[{"taxonomy":"rubric","embeddable":true,"href":"https:\/\/pozirk.online\/en\/wp-json\/wp\/v2\/rubric?post=4294"}],"curies":[{"name":"wp","href":"https:\/\/api.w.org\/{rel}","templated":true}]}}