{"id":43461,"date":"2022-08-24T11:52:25","date_gmt":"2022-08-24T08:52:25","guid":{"rendered":"https:\/\/api.pozirk.online\/articles\/ucp-leader-accused-of-leading-a-radical-crowd-during-2020-protests\/"},"modified":"2026-02-24T20:29:13","modified_gmt":"2026-02-24T20:29:13","slug":"ucp-leader-accused-of-leading-a-radical-crowd-during-2020-protests","status":"publish","type":"articles","link":"https:\/\/pozirk.online\/en\/news\/43461\/","title":{"rendered":"UCP leader accused of leading &#8220;a radical crowd&#8221; during 2020 protests"},"content":{"rendered":"<p>\n <b>August 24, <span>BPN<\/span>. <\/b>Mika\u0142aj Kaz\u0142o\u016d, chair of the United Civic Party (UCP), arrested on July 27, is charged with organizing and participating in gross violations of public order, state-run media reported, citing Siarhiej Pasko, head of the Investigative Committee in Minsk.\n<\/p>\n<p>\n\t Pasko is quoted as saying that Kaz\u0142o\u016d &#8220;controlled the radical crowd, gave orders to the protesters, and urged them to block the traffic.&#8221;\n<\/p>\n<p>\n\t According to the Investigative Committee, over 280 people have been arrested in criminal cases relating to the &#8220;mass riots&#8221; over the past six months, 238 of whom have already been charged and sentenced to prison terms.\n<\/p>\n<p>\n\t The police reportedly have created a forensic video library with hundreds of thousands of files that allowed them to identify more than 1,400 protesters so far.<\/p>\n","protected":false},"excerpt":{"rendered":"<p>August 24, BPN. Mika\u0142aj Kaz\u0142o\u016d, chair of the United Civic Party (UCP), arrested on July 27, is charged with organizing and participating in gross violations of public order, state-run media reported, citing Siarhiej Pasko, head of the Investigative Committee in Minsk. Pasko is quoted as saying that Kaz\u0142o\u016d &#8220;controlled the radical crowd, gave orders to [&hellip;]<\/p>\n","protected":false},"author":75,"featured_media":0,"template":"","rubric":[16],"class_list":["post-43461","articles","type-articles","status-publish","hentry","rubric-politics"],"acf":[],"yoast_head":"<!-- This site is optimized with the Yoast SEO plugin v25.5 - https:\/\/yoast.com\/wordpress\/plugins\/seo\/ -->\n<title>UCP leader accused of leading &quot;a radical crowd&quot; during 2020 protests | Pozirk<\/title>\n<meta name=\"description\" content=\"August 24, BPN. Mika\u0142aj Kaz\u0142o\u016d, chair of the United Civic Party (UCP), arrested on July 27, is charged with organizing and participating in gross\" \/>\n<meta name=\"robots\" content=\"index, follow, max-snippet:-1, max-image-preview:large, max-video-preview:-1\" \/>\n<link rel=\"canonical\" href=\"https:\/\/pozirk.online\/en\/news\/43461\/\" \/>\n<meta property=\"og:locale\" content=\"en_US\" \/>\n<meta property=\"og:type\" content=\"article\" \/>\n<meta property=\"og:title\" content=\"UCP leader accused of leading &quot;a radical crowd&quot; during 2020 protests | Pozirk\" \/>\n<meta property=\"og:description\" content=\"August 24, BPN. Mika\u0142aj Kaz\u0142o\u016d, chair of the United Civic Party (UCP), arrested on July 27, is charged with organizing and participating in gross\" \/>\n<meta property=\"og:url\" content=\"https:\/\/pozirk.online\/en\/news\/43461\/\" \/>\n<meta property=\"og:site_name\" content=\"Pozirk\" \/>\n<meta property=\"article:publisher\" content=\"https:\/\/www.facebook.com\/pozirkonline\/\" \/>\n<meta property=\"article:modified_time\" content=\"2026-02-24T20:29:13+00:00\" \/>\n<meta name=\"twitter:card\" content=\"summary_large_image\" \/>\n<meta name=\"twitter:site\" content=\"@Pozirk_online\" \/>\n<meta name=\"twitter:label1\" content=\"Est. reading time\" \/>\n\t<meta name=\"twitter:data1\" content=\"1 minute\" \/>\n<script type=\"application\/ld+json\" class=\"yoast-schema-graph\">{\"@context\":\"https:\/\/schema.org\",\"@graph\":[{\"@type\":\"NewsArticle\",\"@id\":\"https:\/\/pozirk.online\/en\/news\/43461\/#article\",\"isPartOf\":{\"@id\":\"https:\/\/pozirk.online\/en\/news\/43461\/\"},\"headline\":\"UCP leader accused of leading &#8220;a radical crowd&#8221; during 2020 protests\",\"datePublished\":\"2022-08-24T08:52:25+00:00\",\"dateModified\":\"2026-02-24T20:29:13+00:00\",\"mainEntityOfPage\":{\"@id\":\"https:\/\/pozirk.online\/en\/news\/43461\/\"},\"wordCount\":134,\"publisher\":{\"@id\":\"https:\/\/pozirk.online\/en\/#organization\"},\"inLanguage\":\"en-US\"},{\"@type\":\"WebPage\",\"@id\":\"https:\/\/pozirk.online\/en\/news\/43461\/\",\"url\":\"https:\/\/pozirk.online\/en\/news\/43461\/\",\"name\":\"UCP leader accused of leading \\\"a radical crowd\\\" during 2020 protests | Pozirk\",\"isPartOf\":{\"@id\":\"https:\/\/pozirk.online\/en\/#website\"},\"datePublished\":\"2022-08-24T08:52:25+00:00\",\"dateModified\":\"2026-02-24T20:29:13+00:00\",\"description\":\"August 24, BPN. Mika\u0142aj Kaz\u0142o\u016d, chair of the United Civic Party (UCP), arrested on July 27, is charged with organizing and participating in gross\",\"breadcrumb\":{\"@id\":\"https:\/\/pozirk.online\/en\/news\/43461\/#breadcrumb\"},\"inLanguage\":\"en-US\",\"potentialAction\":[{\"@type\":\"ReadAction\",\"target\":[\"https:\/\/pozirk.online\/en\/news\/43461\/\"]}]},{\"@type\":\"BreadcrumbList\",\"@id\":\"https:\/\/pozirk.online\/en\/news\/43461\/#breadcrumb\",\"itemListElement\":[{\"@type\":\"ListItem\",\"position\":1,\"name\":\"Home\",\"item\":\"https:\/\/pozirk.online\/en\/\"},{\"@type\":\"ListItem\",\"position\":2,\"name\":\"UCP leader accused of leading &#8220;a radical crowd&#8221; during 2020 protests\"}]},{\"@type\":\"WebSite\",\"@id\":\"https:\/\/pozirk.online\/en\/#website\",\"url\":\"https:\/\/pozirk.online\/en\/\",\"name\":\"Pozirk\",\"description\":\"\",\"publisher\":{\"@id\":\"https:\/\/pozirk.online\/en\/#organization\"},\"potentialAction\":[{\"@type\":\"SearchAction\",\"target\":{\"@type\":\"EntryPoint\",\"urlTemplate\":\"https:\/\/pozirk.online\/en\/?s={search_term_string}\"},\"query-input\":{\"@type\":\"PropertyValueSpecification\",\"valueRequired\":true,\"valueName\":\"search_term_string\"}}],\"inLanguage\":\"en-US\"},{\"@type\":\"Organization\",\"@id\":\"https:\/\/pozirk.online\/en\/#organization\",\"name\":\"Pozirk\",\"url\":\"https:\/\/pozirk.online\/en\/\",\"logo\":{\"@type\":\"ImageObject\",\"inLanguage\":\"en-US\",\"@id\":\"https:\/\/pozirk.online\/en\/#\/schema\/logo\/image\/\",\"url\":\"https:\/\/pozirk.online\/wp-content\/uploads\/2023\/11\/cropped-Logo_color_512.png\",\"contentUrl\":\"https:\/\/pozirk.online\/wp-content\/uploads\/2023\/11\/cropped-Logo_color_512.png\",\"width\":512,\"height\":512,\"caption\":\"Pozirk\"},\"image\":{\"@id\":\"https:\/\/pozirk.online\/en\/#\/schema\/logo\/image\/\"},\"sameAs\":[\"https:\/\/www.facebook.com\/pozirkonline\/\",\"https:\/\/x.com\/Pozirk_online\"]}]}<\/script>\n<!-- \/ Yoast SEO plugin. -->","yoast_head_json":{"title":"UCP leader accused of leading \"a radical crowd\" during 2020 protests | Pozirk","description":"August 24, BPN. Mika\u0142aj Kaz\u0142o\u016d, chair of the United Civic Party (UCP), arrested on July 27, is charged with organizing and participating in gross","robots":{"index":"index","follow":"follow","max-snippet":"max-snippet:-1","max-image-preview":"max-image-preview:large","max-video-preview":"max-video-preview:-1"},"canonical":"https:\/\/pozirk.online\/en\/news\/43461\/","og_locale":"en_US","og_type":"article","og_title":"UCP leader accused of leading \"a radical crowd\" during 2020 protests | Pozirk","og_description":"August 24, BPN. Mika\u0142aj Kaz\u0142o\u016d, chair of the United Civic Party (UCP), arrested on July 27, is charged with organizing and participating in gross","og_url":"https:\/\/pozirk.online\/en\/news\/43461\/","og_site_name":"Pozirk","article_publisher":"https:\/\/www.facebook.com\/pozirkonline\/","article_modified_time":"2026-02-24T20:29:13+00:00","twitter_card":"summary_large_image","twitter_site":"@Pozirk_online","twitter_misc":{"Est. reading time":"1 minute"},"schema":{"@context":"https:\/\/schema.org","@graph":[{"@type":"NewsArticle","@id":"https:\/\/pozirk.online\/en\/news\/43461\/#article","isPartOf":{"@id":"https:\/\/pozirk.online\/en\/news\/43461\/"},"headline":"UCP leader accused of leading &#8220;a radical crowd&#8221; during 2020 protests","datePublished":"2022-08-24T08:52:25+00:00","dateModified":"2026-02-24T20:29:13+00:00","mainEntityOfPage":{"@id":"https:\/\/pozirk.online\/en\/news\/43461\/"},"wordCount":134,"publisher":{"@id":"https:\/\/pozirk.online\/en\/#organization"},"inLanguage":"en-US"},{"@type":"WebPage","@id":"https:\/\/pozirk.online\/en\/news\/43461\/","url":"https:\/\/pozirk.online\/en\/news\/43461\/","name":"UCP leader accused of leading \"a radical crowd\" during 2020 protests | Pozirk","isPartOf":{"@id":"https:\/\/pozirk.online\/en\/#website"},"datePublished":"2022-08-24T08:52:25+00:00","dateModified":"2026-02-24T20:29:13+00:00","description":"August 24, BPN. Mika\u0142aj Kaz\u0142o\u016d, chair of the United Civic Party (UCP), arrested on July 27, is charged with organizing and participating in gross","breadcrumb":{"@id":"https:\/\/pozirk.online\/en\/news\/43461\/#breadcrumb"},"inLanguage":"en-US","potentialAction":[{"@type":"ReadAction","target":["https:\/\/pozirk.online\/en\/news\/43461\/"]}]},{"@type":"BreadcrumbList","@id":"https:\/\/pozirk.online\/en\/news\/43461\/#breadcrumb","itemListElement":[{"@type":"ListItem","position":1,"name":"Home","item":"https:\/\/pozirk.online\/en\/"},{"@type":"ListItem","position":2,"name":"UCP leader accused of leading &#8220;a radical crowd&#8221; during 2020 protests"}]},{"@type":"WebSite","@id":"https:\/\/pozirk.online\/en\/#website","url":"https:\/\/pozirk.online\/en\/","name":"Pozirk","description":"","publisher":{"@id":"https:\/\/pozirk.online\/en\/#organization"},"potentialAction":[{"@type":"SearchAction","target":{"@type":"EntryPoint","urlTemplate":"https:\/\/pozirk.online\/en\/?s={search_term_string}"},"query-input":{"@type":"PropertyValueSpecification","valueRequired":true,"valueName":"search_term_string"}}],"inLanguage":"en-US"},{"@type":"Organization","@id":"https:\/\/pozirk.online\/en\/#organization","name":"Pozirk","url":"https:\/\/pozirk.online\/en\/","logo":{"@type":"ImageObject","inLanguage":"en-US","@id":"https:\/\/pozirk.online\/en\/#\/schema\/logo\/image\/","url":"https:\/\/pozirk.online\/wp-content\/uploads\/2023\/11\/cropped-Logo_color_512.png","contentUrl":"https:\/\/pozirk.online\/wp-content\/uploads\/2023\/11\/cropped-Logo_color_512.png","width":512,"height":512,"caption":"Pozirk"},"image":{"@id":"https:\/\/pozirk.online\/en\/#\/schema\/logo\/image\/"},"sameAs":["https:\/\/www.facebook.com\/pozirkonline\/","https:\/\/x.com\/Pozirk_online"]}]}},"_links":{"self":[{"href":"https:\/\/pozirk.online\/en\/wp-json\/wp\/v2\/articles\/43461","targetHints":{"allow":["GET"]}}],"collection":[{"href":"https:\/\/pozirk.online\/en\/wp-json\/wp\/v2\/articles"}],"about":[{"href":"https:\/\/pozirk.online\/en\/wp-json\/wp\/v2\/types\/articles"}],"author":[{"embeddable":true,"href":"https:\/\/pozirk.online\/en\/wp-json\/wp\/v2\/users\/75"}],"wp:attachment":[{"href":"https:\/\/pozirk.online\/en\/wp-json\/wp\/v2\/media?parent=43461"}],"wp:term":[{"taxonomy":"rubric","embeddable":true,"href":"https:\/\/pozirk.online\/en\/wp-json\/wp\/v2\/rubric?post=43461"}],"curies":[{"name":"wp","href":"https:\/\/api.w.org\/{rel}","templated":true}]}}