{"id":43476,"date":"2022-08-25T12:43:31","date_gmt":"2022-08-25T09:43:31","guid":{"rendered":"https:\/\/api.pozirk.online\/articles\/four-more-belarusians-blacklisted-as-extremists\/"},"modified":"2026-02-24T20:29:13","modified_gmt":"2026-02-24T20:29:13","slug":"four-more-belarusians-blacklisted-as-extremists","status":"publish","type":"articles","link":"https:\/\/pozirk.online\/en\/news\/43476\/","title":{"rendered":"Four more Belarusians blacklisted as &#8220;extremists&#8221;"},"content":{"rendered":"<p>\n <b>August 25, <span>BPN<\/span>. <\/b>Four more people have been added to the list of individuals &#8220;involved in extremist activities&#8221; posted on the interior ministry&#8217;s website, including D\u017amitryj Siadun, 38, convicted on charges of insulting Alaksandr \u0141uka\u0161enka, and Alina Zaba\u0161tanskaja, 30, for inciting hatred.\n<\/p>\n<p>\n\t Alaksandr Papok, 57, was convicted of gross violations of public order and is currently undergoing &#8220;a compulsory psychiatric treatment in an outpatient facility.&#8221;\n<\/p>\n<p>\n\t Arciom Kasako\u016dski, 24, was convicted on charges of desecrating and damaging property and violence or threat of violence against a police officer.\n<\/p>\n<p>\n\t The list of those &#8220;involved in extremist activities&#8221; features 464 people, most of whom are Belarusians.<\/p>\n","protected":false},"excerpt":{"rendered":"<p>August 25, BPN. Four more people have been added to the list of individuals &#8220;involved in extremist activities&#8221; posted on the interior ministry&#8217;s website, including D\u017amitryj Siadun, 38, convicted on charges of insulting Alaksandr \u0141uka\u0161enka, and Alina Zaba\u0161tanskaja, 30, for inciting hatred. Alaksandr Papok, 57, was convicted of gross violations of public order and is [&hellip;]<\/p>\n","protected":false},"author":75,"featured_media":0,"template":"","rubric":[16],"class_list":["post-43476","articles","type-articles","status-publish","hentry","rubric-politics"],"acf":[],"yoast_head":"<!-- This site is optimized with the Yoast SEO plugin v25.5 - https:\/\/yoast.com\/wordpress\/plugins\/seo\/ -->\n<title>Four more Belarusians blacklisted as &quot;extremists&quot; | Pozirk<\/title>\n<meta name=\"description\" content=\"August 25, BPN. Four more people have been added to the list of individuals &quot;involved in extremist activities&quot; posted on the interior ministry&#039;s website,\" \/>\n<meta name=\"robots\" content=\"index, follow, max-snippet:-1, max-image-preview:large, max-video-preview:-1\" \/>\n<link rel=\"canonical\" href=\"https:\/\/pozirk.online\/en\/news\/43476\/\" \/>\n<meta property=\"og:locale\" content=\"en_US\" \/>\n<meta property=\"og:type\" content=\"article\" \/>\n<meta property=\"og:title\" content=\"Four more Belarusians blacklisted as &quot;extremists&quot; | Pozirk\" \/>\n<meta property=\"og:description\" content=\"August 25, BPN. Four more people have been added to the list of individuals &quot;involved in extremist activities&quot; posted on the interior ministry&#039;s website,\" \/>\n<meta property=\"og:url\" content=\"https:\/\/pozirk.online\/en\/news\/43476\/\" \/>\n<meta property=\"og:site_name\" content=\"Pozirk\" \/>\n<meta property=\"article:publisher\" content=\"https:\/\/www.facebook.com\/pozirkonline\/\" \/>\n<meta property=\"article:modified_time\" content=\"2026-02-24T20:29:13+00:00\" \/>\n<meta name=\"twitter:card\" content=\"summary_large_image\" \/>\n<meta name=\"twitter:site\" content=\"@Pozirk_online\" \/>\n<meta name=\"twitter:label1\" content=\"Est. reading time\" \/>\n\t<meta name=\"twitter:data1\" content=\"1 minute\" \/>\n<script type=\"application\/ld+json\" class=\"yoast-schema-graph\">{\"@context\":\"https:\/\/schema.org\",\"@graph\":[{\"@type\":\"NewsArticle\",\"@id\":\"https:\/\/pozirk.online\/en\/news\/43476\/#article\",\"isPartOf\":{\"@id\":\"https:\/\/pozirk.online\/en\/news\/43476\/\"},\"headline\":\"Four more Belarusians blacklisted as &#8220;extremists&#8221;\",\"datePublished\":\"2022-08-25T09:43:31+00:00\",\"dateModified\":\"2026-02-24T20:29:13+00:00\",\"mainEntityOfPage\":{\"@id\":\"https:\/\/pozirk.online\/en\/news\/43476\/\"},\"wordCount\":108,\"publisher\":{\"@id\":\"https:\/\/pozirk.online\/en\/#organization\"},\"inLanguage\":\"en-US\"},{\"@type\":\"WebPage\",\"@id\":\"https:\/\/pozirk.online\/en\/news\/43476\/\",\"url\":\"https:\/\/pozirk.online\/en\/news\/43476\/\",\"name\":\"Four more Belarusians blacklisted as \\\"extremists\\\" | Pozirk\",\"isPartOf\":{\"@id\":\"https:\/\/pozirk.online\/en\/#website\"},\"datePublished\":\"2022-08-25T09:43:31+00:00\",\"dateModified\":\"2026-02-24T20:29:13+00:00\",\"description\":\"August 25, BPN. Four more people have been added to the list of individuals \\\"involved in extremist activities\\\" posted on the interior ministry's website,\",\"breadcrumb\":{\"@id\":\"https:\/\/pozirk.online\/en\/news\/43476\/#breadcrumb\"},\"inLanguage\":\"en-US\",\"potentialAction\":[{\"@type\":\"ReadAction\",\"target\":[\"https:\/\/pozirk.online\/en\/news\/43476\/\"]}]},{\"@type\":\"BreadcrumbList\",\"@id\":\"https:\/\/pozirk.online\/en\/news\/43476\/#breadcrumb\",\"itemListElement\":[{\"@type\":\"ListItem\",\"position\":1,\"name\":\"Home\",\"item\":\"https:\/\/pozirk.online\/en\/\"},{\"@type\":\"ListItem\",\"position\":2,\"name\":\"Four more Belarusians blacklisted as &#8220;extremists&#8221;\"}]},{\"@type\":\"WebSite\",\"@id\":\"https:\/\/pozirk.online\/en\/#website\",\"url\":\"https:\/\/pozirk.online\/en\/\",\"name\":\"Pozirk\",\"description\":\"\",\"publisher\":{\"@id\":\"https:\/\/pozirk.online\/en\/#organization\"},\"potentialAction\":[{\"@type\":\"SearchAction\",\"target\":{\"@type\":\"EntryPoint\",\"urlTemplate\":\"https:\/\/pozirk.online\/en\/?s={search_term_string}\"},\"query-input\":{\"@type\":\"PropertyValueSpecification\",\"valueRequired\":true,\"valueName\":\"search_term_string\"}}],\"inLanguage\":\"en-US\"},{\"@type\":\"Organization\",\"@id\":\"https:\/\/pozirk.online\/en\/#organization\",\"name\":\"Pozirk\",\"url\":\"https:\/\/pozirk.online\/en\/\",\"logo\":{\"@type\":\"ImageObject\",\"inLanguage\":\"en-US\",\"@id\":\"https:\/\/pozirk.online\/en\/#\/schema\/logo\/image\/\",\"url\":\"https:\/\/pozirk.online\/wp-content\/uploads\/2023\/11\/cropped-Logo_color_512.png\",\"contentUrl\":\"https:\/\/pozirk.online\/wp-content\/uploads\/2023\/11\/cropped-Logo_color_512.png\",\"width\":512,\"height\":512,\"caption\":\"Pozirk\"},\"image\":{\"@id\":\"https:\/\/pozirk.online\/en\/#\/schema\/logo\/image\/\"},\"sameAs\":[\"https:\/\/www.facebook.com\/pozirkonline\/\",\"https:\/\/x.com\/Pozirk_online\"]}]}<\/script>\n<!-- \/ Yoast SEO plugin. -->","yoast_head_json":{"title":"Four more Belarusians blacklisted as \"extremists\" | Pozirk","description":"August 25, BPN. Four more people have been added to the list of individuals \"involved in extremist activities\" posted on the interior ministry's website,","robots":{"index":"index","follow":"follow","max-snippet":"max-snippet:-1","max-image-preview":"max-image-preview:large","max-video-preview":"max-video-preview:-1"},"canonical":"https:\/\/pozirk.online\/en\/news\/43476\/","og_locale":"en_US","og_type":"article","og_title":"Four more Belarusians blacklisted as \"extremists\" | Pozirk","og_description":"August 25, BPN. Four more people have been added to the list of individuals \"involved in extremist activities\" posted on the interior ministry's website,","og_url":"https:\/\/pozirk.online\/en\/news\/43476\/","og_site_name":"Pozirk","article_publisher":"https:\/\/www.facebook.com\/pozirkonline\/","article_modified_time":"2026-02-24T20:29:13+00:00","twitter_card":"summary_large_image","twitter_site":"@Pozirk_online","twitter_misc":{"Est. reading time":"1 minute"},"schema":{"@context":"https:\/\/schema.org","@graph":[{"@type":"NewsArticle","@id":"https:\/\/pozirk.online\/en\/news\/43476\/#article","isPartOf":{"@id":"https:\/\/pozirk.online\/en\/news\/43476\/"},"headline":"Four more Belarusians blacklisted as &#8220;extremists&#8221;","datePublished":"2022-08-25T09:43:31+00:00","dateModified":"2026-02-24T20:29:13+00:00","mainEntityOfPage":{"@id":"https:\/\/pozirk.online\/en\/news\/43476\/"},"wordCount":108,"publisher":{"@id":"https:\/\/pozirk.online\/en\/#organization"},"inLanguage":"en-US"},{"@type":"WebPage","@id":"https:\/\/pozirk.online\/en\/news\/43476\/","url":"https:\/\/pozirk.online\/en\/news\/43476\/","name":"Four more Belarusians blacklisted as \"extremists\" | Pozirk","isPartOf":{"@id":"https:\/\/pozirk.online\/en\/#website"},"datePublished":"2022-08-25T09:43:31+00:00","dateModified":"2026-02-24T20:29:13+00:00","description":"August 25, BPN. Four more people have been added to the list of individuals \"involved in extremist activities\" posted on the interior ministry's website,","breadcrumb":{"@id":"https:\/\/pozirk.online\/en\/news\/43476\/#breadcrumb"},"inLanguage":"en-US","potentialAction":[{"@type":"ReadAction","target":["https:\/\/pozirk.online\/en\/news\/43476\/"]}]},{"@type":"BreadcrumbList","@id":"https:\/\/pozirk.online\/en\/news\/43476\/#breadcrumb","itemListElement":[{"@type":"ListItem","position":1,"name":"Home","item":"https:\/\/pozirk.online\/en\/"},{"@type":"ListItem","position":2,"name":"Four more Belarusians blacklisted as &#8220;extremists&#8221;"}]},{"@type":"WebSite","@id":"https:\/\/pozirk.online\/en\/#website","url":"https:\/\/pozirk.online\/en\/","name":"Pozirk","description":"","publisher":{"@id":"https:\/\/pozirk.online\/en\/#organization"},"potentialAction":[{"@type":"SearchAction","target":{"@type":"EntryPoint","urlTemplate":"https:\/\/pozirk.online\/en\/?s={search_term_string}"},"query-input":{"@type":"PropertyValueSpecification","valueRequired":true,"valueName":"search_term_string"}}],"inLanguage":"en-US"},{"@type":"Organization","@id":"https:\/\/pozirk.online\/en\/#organization","name":"Pozirk","url":"https:\/\/pozirk.online\/en\/","logo":{"@type":"ImageObject","inLanguage":"en-US","@id":"https:\/\/pozirk.online\/en\/#\/schema\/logo\/image\/","url":"https:\/\/pozirk.online\/wp-content\/uploads\/2023\/11\/cropped-Logo_color_512.png","contentUrl":"https:\/\/pozirk.online\/wp-content\/uploads\/2023\/11\/cropped-Logo_color_512.png","width":512,"height":512,"caption":"Pozirk"},"image":{"@id":"https:\/\/pozirk.online\/en\/#\/schema\/logo\/image\/"},"sameAs":["https:\/\/www.facebook.com\/pozirkonline\/","https:\/\/x.com\/Pozirk_online"]}]}},"_links":{"self":[{"href":"https:\/\/pozirk.online\/en\/wp-json\/wp\/v2\/articles\/43476","targetHints":{"allow":["GET"]}}],"collection":[{"href":"https:\/\/pozirk.online\/en\/wp-json\/wp\/v2\/articles"}],"about":[{"href":"https:\/\/pozirk.online\/en\/wp-json\/wp\/v2\/types\/articles"}],"author":[{"embeddable":true,"href":"https:\/\/pozirk.online\/en\/wp-json\/wp\/v2\/users\/75"}],"wp:attachment":[{"href":"https:\/\/pozirk.online\/en\/wp-json\/wp\/v2\/media?parent=43476"}],"wp:term":[{"taxonomy":"rubric","embeddable":true,"href":"https:\/\/pozirk.online\/en\/wp-json\/wp\/v2\/rubric?post=43476"}],"curies":[{"name":"wp","href":"https:\/\/api.w.org\/{rel}","templated":true}]}}