{"id":43539,"date":"2022-08-30T19:01:25","date_gmt":"2022-08-30T16:01:25","guid":{"rendered":"https:\/\/api.pozirk.online\/articles\/convicted-anarchists-added-to-extremist-list\/"},"modified":"2026-02-24T20:29:13","modified_gmt":"2026-02-24T20:29:13","slug":"convicted-anarchists-added-to-extremist-list","status":"publish","type":"articles","link":"https:\/\/pozirk.online\/en\/news\/43539\/","title":{"rendered":"Convicted anarchists added to extremist list"},"content":{"rendered":"<p><b>August 30, <span>BPN.<\/span><\/b> Convicted anarchists Alaksandr Bia\u0142o\u016d, Ja\u016dhien Ruba\u0161ka, Arciom D\u017amitryjevi\u010d Sa\u0142aviej and Arciom Siarhiejevi\u010d Sa\u0142aviej have been included in the list of \u201ccitizens involved in extremist activities\u201d on the interior ministry\u2019s website.<\/p>\n<p> At the moment, the list includes 469 people.<\/p>\n<p> The Ministry of Internal Affairs says blacklisted nationals are prohibited from \u201cengaging in activities to traffic narcotic drugs, weapons or explosives, in pedagogical or publishing activities,\u201d as well as from \u201cholding public offices or serving in the military.\u201d<\/p>\n<p> Financial transactions of those on the list \u201care subject to special control in order to prevent the legalization of proceeds from crime and the financing of extremist activities.\u201d<\/p>\n<p> Blacklisted foreigners can be denied visas or entry.<\/p>\n<p> On April 22, the Minsk Regional Court sentenced Alaksandr Bia\u0142o\u016d, Ja\u016dhien Ruba\u0161ka and Arciom D\u017amitryjevi\u010d Sa\u0142aviej to five years in prison. Arciom Siarhiejevi\u010d Sa\u0142aviej was given&nbsp;four-and-a-half years in prison. <\/p>\n<p> Judge Alena Mi\u015bnik found them guilty of organization of\/active participation in group actions grossly disturbing public order, and of creation of\/participation in an extremist formation.<\/p>\n<p> The anarchists were tried behind closed doors, and details of their case have notbeen made public. A Supreme Court session chaired by Juryj Rutko\u016dski upheld the verdict on July 12.<\/p>\n<p> Arciom D\u017amitryjevi\u010d Sa\u0142aviej was arrested on August 4, 2021, and beaten by police officers. After 15 days of arrest for disorderly conduct, he was detained as a suspect in the&nbsp;criminal case.<\/p>\n<p> Arciom Siarhiejevi\u010d Sa\u0142aviej was also detained on August 4, 2021.<\/p>\n<p> Ruba\u0161ka and Bia\u0142o\u016d were arrested on July 29, 2021, in Minsk. Their apartments were searched, and they were beaten during the arrest.<\/p>\n<p>Human rights activists say their persecution is politically motivated.<\/p>\n","protected":false},"excerpt":{"rendered":"<p>August 30, BPN. Convicted anarchists Alaksandr Bia\u0142o\u016d, Ja\u016dhien Ruba\u0161ka, Arciom D\u017amitryjevi\u010d Sa\u0142aviej and Arciom Siarhiejevi\u010d Sa\u0142aviej have been included in the list of \u201ccitizens involved in extremist activities\u201d on the interior ministry\u2019s website. At the moment, the list includes 469 people. The Ministry of Internal Affairs says blacklisted nationals are prohibited from \u201cengaging in activities [&hellip;]<\/p>\n","protected":false},"author":75,"featured_media":0,"template":"","rubric":[16],"class_list":["post-43539","articles","type-articles","status-publish","hentry","rubric-politics"],"acf":[],"yoast_head":"<!-- This site is optimized with the Yoast SEO plugin v25.5 - https:\/\/yoast.com\/wordpress\/plugins\/seo\/ -->\n<title>Convicted anarchists added to extremist list | Pozirk<\/title>\n<meta name=\"description\" content=\"August 30, BPN. Convicted anarchists Alaksandr Bia\u0142o\u016d, Ja\u016dhien Ruba\u0161ka, Arciom D\u017amitryjevi\u010d Sa\u0142aviej and Arciom Siarhiejevi\u010d Sa\u0142aviej have been included\" \/>\n<meta name=\"robots\" content=\"index, follow, max-snippet:-1, max-image-preview:large, max-video-preview:-1\" \/>\n<link rel=\"canonical\" href=\"https:\/\/pozirk.online\/en\/news\/43539\/\" \/>\n<meta property=\"og:locale\" content=\"en_US\" \/>\n<meta property=\"og:type\" content=\"article\" \/>\n<meta property=\"og:title\" content=\"Convicted anarchists added to extremist list | Pozirk\" \/>\n<meta property=\"og:description\" content=\"August 30, BPN. Convicted anarchists Alaksandr Bia\u0142o\u016d, Ja\u016dhien Ruba\u0161ka, Arciom D\u017amitryjevi\u010d Sa\u0142aviej and Arciom Siarhiejevi\u010d Sa\u0142aviej have been included\" \/>\n<meta property=\"og:url\" content=\"https:\/\/pozirk.online\/en\/news\/43539\/\" \/>\n<meta property=\"og:site_name\" content=\"Pozirk\" \/>\n<meta property=\"article:publisher\" content=\"https:\/\/www.facebook.com\/pozirkonline\/\" \/>\n<meta property=\"article:modified_time\" content=\"2026-02-24T20:29:13+00:00\" \/>\n<meta name=\"twitter:card\" content=\"summary_large_image\" \/>\n<meta name=\"twitter:site\" content=\"@Pozirk_online\" \/>\n<meta name=\"twitter:label1\" content=\"Est. reading time\" \/>\n\t<meta name=\"twitter:data1\" content=\"1 minute\" \/>\n<script type=\"application\/ld+json\" class=\"yoast-schema-graph\">{\"@context\":\"https:\/\/schema.org\",\"@graph\":[{\"@type\":\"NewsArticle\",\"@id\":\"https:\/\/pozirk.online\/en\/news\/43539\/#article\",\"isPartOf\":{\"@id\":\"https:\/\/pozirk.online\/en\/news\/43539\/\"},\"headline\":\"Convicted anarchists added to extremist list\",\"datePublished\":\"2022-08-30T16:01:25+00:00\",\"dateModified\":\"2026-02-24T20:29:13+00:00\",\"mainEntityOfPage\":{\"@id\":\"https:\/\/pozirk.online\/en\/news\/43539\/\"},\"wordCount\":292,\"publisher\":{\"@id\":\"https:\/\/pozirk.online\/en\/#organization\"},\"inLanguage\":\"en-US\"},{\"@type\":\"WebPage\",\"@id\":\"https:\/\/pozirk.online\/en\/news\/43539\/\",\"url\":\"https:\/\/pozirk.online\/en\/news\/43539\/\",\"name\":\"Convicted anarchists added to extremist list | Pozirk\",\"isPartOf\":{\"@id\":\"https:\/\/pozirk.online\/en\/#website\"},\"datePublished\":\"2022-08-30T16:01:25+00:00\",\"dateModified\":\"2026-02-24T20:29:13+00:00\",\"description\":\"August 30, BPN. Convicted anarchists Alaksandr Bia\u0142o\u016d, Ja\u016dhien Ruba\u0161ka, Arciom D\u017amitryjevi\u010d Sa\u0142aviej and Arciom Siarhiejevi\u010d Sa\u0142aviej have been included\",\"breadcrumb\":{\"@id\":\"https:\/\/pozirk.online\/en\/news\/43539\/#breadcrumb\"},\"inLanguage\":\"en-US\",\"potentialAction\":[{\"@type\":\"ReadAction\",\"target\":[\"https:\/\/pozirk.online\/en\/news\/43539\/\"]}]},{\"@type\":\"BreadcrumbList\",\"@id\":\"https:\/\/pozirk.online\/en\/news\/43539\/#breadcrumb\",\"itemListElement\":[{\"@type\":\"ListItem\",\"position\":1,\"name\":\"Home\",\"item\":\"https:\/\/pozirk.online\/en\/\"},{\"@type\":\"ListItem\",\"position\":2,\"name\":\"Convicted anarchists added to extremist list\"}]},{\"@type\":\"WebSite\",\"@id\":\"https:\/\/pozirk.online\/en\/#website\",\"url\":\"https:\/\/pozirk.online\/en\/\",\"name\":\"Pozirk\",\"description\":\"\",\"publisher\":{\"@id\":\"https:\/\/pozirk.online\/en\/#organization\"},\"potentialAction\":[{\"@type\":\"SearchAction\",\"target\":{\"@type\":\"EntryPoint\",\"urlTemplate\":\"https:\/\/pozirk.online\/en\/?s={search_term_string}\"},\"query-input\":{\"@type\":\"PropertyValueSpecification\",\"valueRequired\":true,\"valueName\":\"search_term_string\"}}],\"inLanguage\":\"en-US\"},{\"@type\":\"Organization\",\"@id\":\"https:\/\/pozirk.online\/en\/#organization\",\"name\":\"Pozirk\",\"url\":\"https:\/\/pozirk.online\/en\/\",\"logo\":{\"@type\":\"ImageObject\",\"inLanguage\":\"en-US\",\"@id\":\"https:\/\/pozirk.online\/en\/#\/schema\/logo\/image\/\",\"url\":\"https:\/\/pozirk.online\/wp-content\/uploads\/2023\/11\/cropped-Logo_color_512.png\",\"contentUrl\":\"https:\/\/pozirk.online\/wp-content\/uploads\/2023\/11\/cropped-Logo_color_512.png\",\"width\":512,\"height\":512,\"caption\":\"Pozirk\"},\"image\":{\"@id\":\"https:\/\/pozirk.online\/en\/#\/schema\/logo\/image\/\"},\"sameAs\":[\"https:\/\/www.facebook.com\/pozirkonline\/\",\"https:\/\/x.com\/Pozirk_online\"]}]}<\/script>\n<!-- \/ Yoast SEO plugin. -->","yoast_head_json":{"title":"Convicted anarchists added to extremist list | Pozirk","description":"August 30, BPN. Convicted anarchists Alaksandr Bia\u0142o\u016d, Ja\u016dhien Ruba\u0161ka, Arciom D\u017amitryjevi\u010d Sa\u0142aviej and Arciom Siarhiejevi\u010d Sa\u0142aviej have been included","robots":{"index":"index","follow":"follow","max-snippet":"max-snippet:-1","max-image-preview":"max-image-preview:large","max-video-preview":"max-video-preview:-1"},"canonical":"https:\/\/pozirk.online\/en\/news\/43539\/","og_locale":"en_US","og_type":"article","og_title":"Convicted anarchists added to extremist list | Pozirk","og_description":"August 30, BPN. Convicted anarchists Alaksandr Bia\u0142o\u016d, Ja\u016dhien Ruba\u0161ka, Arciom D\u017amitryjevi\u010d Sa\u0142aviej and Arciom Siarhiejevi\u010d Sa\u0142aviej have been included","og_url":"https:\/\/pozirk.online\/en\/news\/43539\/","og_site_name":"Pozirk","article_publisher":"https:\/\/www.facebook.com\/pozirkonline\/","article_modified_time":"2026-02-24T20:29:13+00:00","twitter_card":"summary_large_image","twitter_site":"@Pozirk_online","twitter_misc":{"Est. reading time":"1 minute"},"schema":{"@context":"https:\/\/schema.org","@graph":[{"@type":"NewsArticle","@id":"https:\/\/pozirk.online\/en\/news\/43539\/#article","isPartOf":{"@id":"https:\/\/pozirk.online\/en\/news\/43539\/"},"headline":"Convicted anarchists added to extremist list","datePublished":"2022-08-30T16:01:25+00:00","dateModified":"2026-02-24T20:29:13+00:00","mainEntityOfPage":{"@id":"https:\/\/pozirk.online\/en\/news\/43539\/"},"wordCount":292,"publisher":{"@id":"https:\/\/pozirk.online\/en\/#organization"},"inLanguage":"en-US"},{"@type":"WebPage","@id":"https:\/\/pozirk.online\/en\/news\/43539\/","url":"https:\/\/pozirk.online\/en\/news\/43539\/","name":"Convicted anarchists added to extremist list | Pozirk","isPartOf":{"@id":"https:\/\/pozirk.online\/en\/#website"},"datePublished":"2022-08-30T16:01:25+00:00","dateModified":"2026-02-24T20:29:13+00:00","description":"August 30, BPN. Convicted anarchists Alaksandr Bia\u0142o\u016d, Ja\u016dhien Ruba\u0161ka, Arciom D\u017amitryjevi\u010d Sa\u0142aviej and Arciom Siarhiejevi\u010d Sa\u0142aviej have been included","breadcrumb":{"@id":"https:\/\/pozirk.online\/en\/news\/43539\/#breadcrumb"},"inLanguage":"en-US","potentialAction":[{"@type":"ReadAction","target":["https:\/\/pozirk.online\/en\/news\/43539\/"]}]},{"@type":"BreadcrumbList","@id":"https:\/\/pozirk.online\/en\/news\/43539\/#breadcrumb","itemListElement":[{"@type":"ListItem","position":1,"name":"Home","item":"https:\/\/pozirk.online\/en\/"},{"@type":"ListItem","position":2,"name":"Convicted anarchists added to extremist list"}]},{"@type":"WebSite","@id":"https:\/\/pozirk.online\/en\/#website","url":"https:\/\/pozirk.online\/en\/","name":"Pozirk","description":"","publisher":{"@id":"https:\/\/pozirk.online\/en\/#organization"},"potentialAction":[{"@type":"SearchAction","target":{"@type":"EntryPoint","urlTemplate":"https:\/\/pozirk.online\/en\/?s={search_term_string}"},"query-input":{"@type":"PropertyValueSpecification","valueRequired":true,"valueName":"search_term_string"}}],"inLanguage":"en-US"},{"@type":"Organization","@id":"https:\/\/pozirk.online\/en\/#organization","name":"Pozirk","url":"https:\/\/pozirk.online\/en\/","logo":{"@type":"ImageObject","inLanguage":"en-US","@id":"https:\/\/pozirk.online\/en\/#\/schema\/logo\/image\/","url":"https:\/\/pozirk.online\/wp-content\/uploads\/2023\/11\/cropped-Logo_color_512.png","contentUrl":"https:\/\/pozirk.online\/wp-content\/uploads\/2023\/11\/cropped-Logo_color_512.png","width":512,"height":512,"caption":"Pozirk"},"image":{"@id":"https:\/\/pozirk.online\/en\/#\/schema\/logo\/image\/"},"sameAs":["https:\/\/www.facebook.com\/pozirkonline\/","https:\/\/x.com\/Pozirk_online"]}]}},"_links":{"self":[{"href":"https:\/\/pozirk.online\/en\/wp-json\/wp\/v2\/articles\/43539","targetHints":{"allow":["GET"]}}],"collection":[{"href":"https:\/\/pozirk.online\/en\/wp-json\/wp\/v2\/articles"}],"about":[{"href":"https:\/\/pozirk.online\/en\/wp-json\/wp\/v2\/types\/articles"}],"author":[{"embeddable":true,"href":"https:\/\/pozirk.online\/en\/wp-json\/wp\/v2\/users\/75"}],"wp:attachment":[{"href":"https:\/\/pozirk.online\/en\/wp-json\/wp\/v2\/media?parent=43539"}],"wp:term":[{"taxonomy":"rubric","embeddable":true,"href":"https:\/\/pozirk.online\/en\/wp-json\/wp\/v2\/rubric?post=43539"}],"curies":[{"name":"wp","href":"https:\/\/api.w.org\/{rel}","templated":true}]}}