{"id":43544,"date":"2022-08-31T00:17:11","date_gmt":"2022-08-30T21:17:11","guid":{"rendered":"https:\/\/api.pozirk.online\/articles\/three-added-to-political-prisoners-list\/"},"modified":"2026-02-24T20:29:13","modified_gmt":"2026-02-24T20:29:13","slug":"three-added-to-political-prisoners-list","status":"publish","type":"articles","link":"https:\/\/pozirk.online\/en\/news\/43544\/","title":{"rendered":"Three added to political prisoners list"},"content":{"rendered":"<p><b>August 31, <span>BPN.<\/span><\/b> Human rights defenders on August 30 declared three more people political prisoners.<\/p>\n<p> The Viasna Human Rights Center named them as Alaksiej Ivan\u010dyka\u016d, Andrej Andreje\u016d and Alaksandr Komar. They were sentenced to prison terms of two to three years for alleged resistance to police and threats of violence&nbsp;against internal affairs officers. Komar was also prosecuted for registering with the oppositions Pieramoha plan.<\/p>\n<p> The defenders demanded that their cases should be immediately reviewed.<\/p>\n<p> Apart from Viasna, the statement was signed by Pravavaja Inicyjatyva and Belarusian PEN.<\/p>\n<p>A total of 1,309 political prisoners have been registered in Belarus, but the real figure must be even higher because, according to activists, some political detainees cannot contact them, or do not want to for fear of repercussions.<\/p>\n","protected":false},"excerpt":{"rendered":"<p>August 31, BPN. Human rights defenders on August 30 declared three more people political prisoners. The Viasna Human Rights Center named them as Alaksiej Ivan\u010dyka\u016d, Andrej Andreje\u016d and Alaksandr Komar. They were sentenced to prison terms of two to three years for alleged resistance to police and threats of violence&nbsp;against internal affairs officers. Komar was [&hellip;]<\/p>\n","protected":false},"author":75,"featured_media":0,"template":"","rubric":[16],"class_list":["post-43544","articles","type-articles","status-publish","hentry","rubric-politics"],"acf":[],"yoast_head":"<!-- This site is optimized with the Yoast SEO plugin v25.5 - https:\/\/yoast.com\/wordpress\/plugins\/seo\/ -->\n<title>Three added to political prisoners list | Pozirk<\/title>\n<meta name=\"description\" content=\"August 31, BPN. Human rights defenders on August 30 declared three more people political prisoners. The Viasna Human Rights Center named them as Alaksiej\" \/>\n<meta name=\"robots\" content=\"index, follow, max-snippet:-1, max-image-preview:large, max-video-preview:-1\" \/>\n<link rel=\"canonical\" href=\"https:\/\/pozirk.online\/en\/news\/43544\/\" \/>\n<meta property=\"og:locale\" content=\"en_US\" \/>\n<meta property=\"og:type\" content=\"article\" \/>\n<meta property=\"og:title\" content=\"Three added to political prisoners list | Pozirk\" \/>\n<meta property=\"og:description\" content=\"August 31, BPN. Human rights defenders on August 30 declared three more people political prisoners. The Viasna Human Rights Center named them as Alaksiej\" \/>\n<meta property=\"og:url\" content=\"https:\/\/pozirk.online\/en\/news\/43544\/\" \/>\n<meta property=\"og:site_name\" content=\"Pozirk\" \/>\n<meta property=\"article:publisher\" content=\"https:\/\/www.facebook.com\/pozirkonline\/\" \/>\n<meta property=\"article:modified_time\" content=\"2026-02-24T20:29:13+00:00\" \/>\n<meta name=\"twitter:card\" content=\"summary_large_image\" \/>\n<meta name=\"twitter:site\" content=\"@Pozirk_online\" \/>\n<meta name=\"twitter:label1\" content=\"Est. reading time\" \/>\n\t<meta name=\"twitter:data1\" content=\"1 minute\" \/>\n<script type=\"application\/ld+json\" class=\"yoast-schema-graph\">{\"@context\":\"https:\/\/schema.org\",\"@graph\":[{\"@type\":\"NewsArticle\",\"@id\":\"https:\/\/pozirk.online\/en\/news\/43544\/#article\",\"isPartOf\":{\"@id\":\"https:\/\/pozirk.online\/en\/news\/43544\/\"},\"headline\":\"Three added to political prisoners list\",\"datePublished\":\"2022-08-30T21:17:11+00:00\",\"dateModified\":\"2026-02-24T20:29:13+00:00\",\"mainEntityOfPage\":{\"@id\":\"https:\/\/pozirk.online\/en\/news\/43544\/\"},\"wordCount\":131,\"publisher\":{\"@id\":\"https:\/\/pozirk.online\/en\/#organization\"},\"inLanguage\":\"en-US\"},{\"@type\":\"WebPage\",\"@id\":\"https:\/\/pozirk.online\/en\/news\/43544\/\",\"url\":\"https:\/\/pozirk.online\/en\/news\/43544\/\",\"name\":\"Three added to political prisoners list | Pozirk\",\"isPartOf\":{\"@id\":\"https:\/\/pozirk.online\/en\/#website\"},\"datePublished\":\"2022-08-30T21:17:11+00:00\",\"dateModified\":\"2026-02-24T20:29:13+00:00\",\"description\":\"August 31, BPN. Human rights defenders on August 30 declared three more people political prisoners. The Viasna Human Rights Center named them as Alaksiej\",\"breadcrumb\":{\"@id\":\"https:\/\/pozirk.online\/en\/news\/43544\/#breadcrumb\"},\"inLanguage\":\"en-US\",\"potentialAction\":[{\"@type\":\"ReadAction\",\"target\":[\"https:\/\/pozirk.online\/en\/news\/43544\/\"]}]},{\"@type\":\"BreadcrumbList\",\"@id\":\"https:\/\/pozirk.online\/en\/news\/43544\/#breadcrumb\",\"itemListElement\":[{\"@type\":\"ListItem\",\"position\":1,\"name\":\"Home\",\"item\":\"https:\/\/pozirk.online\/en\/\"},{\"@type\":\"ListItem\",\"position\":2,\"name\":\"Three added to political prisoners list\"}]},{\"@type\":\"WebSite\",\"@id\":\"https:\/\/pozirk.online\/en\/#website\",\"url\":\"https:\/\/pozirk.online\/en\/\",\"name\":\"Pozirk\",\"description\":\"\",\"publisher\":{\"@id\":\"https:\/\/pozirk.online\/en\/#organization\"},\"potentialAction\":[{\"@type\":\"SearchAction\",\"target\":{\"@type\":\"EntryPoint\",\"urlTemplate\":\"https:\/\/pozirk.online\/en\/?s={search_term_string}\"},\"query-input\":{\"@type\":\"PropertyValueSpecification\",\"valueRequired\":true,\"valueName\":\"search_term_string\"}}],\"inLanguage\":\"en-US\"},{\"@type\":\"Organization\",\"@id\":\"https:\/\/pozirk.online\/en\/#organization\",\"name\":\"Pozirk\",\"url\":\"https:\/\/pozirk.online\/en\/\",\"logo\":{\"@type\":\"ImageObject\",\"inLanguage\":\"en-US\",\"@id\":\"https:\/\/pozirk.online\/en\/#\/schema\/logo\/image\/\",\"url\":\"https:\/\/pozirk.online\/wp-content\/uploads\/2023\/11\/cropped-Logo_color_512.png\",\"contentUrl\":\"https:\/\/pozirk.online\/wp-content\/uploads\/2023\/11\/cropped-Logo_color_512.png\",\"width\":512,\"height\":512,\"caption\":\"Pozirk\"},\"image\":{\"@id\":\"https:\/\/pozirk.online\/en\/#\/schema\/logo\/image\/\"},\"sameAs\":[\"https:\/\/www.facebook.com\/pozirkonline\/\",\"https:\/\/x.com\/Pozirk_online\"]}]}<\/script>\n<!-- \/ Yoast SEO plugin. -->","yoast_head_json":{"title":"Three added to political prisoners list | Pozirk","description":"August 31, BPN. Human rights defenders on August 30 declared three more people political prisoners. The Viasna Human Rights Center named them as Alaksiej","robots":{"index":"index","follow":"follow","max-snippet":"max-snippet:-1","max-image-preview":"max-image-preview:large","max-video-preview":"max-video-preview:-1"},"canonical":"https:\/\/pozirk.online\/en\/news\/43544\/","og_locale":"en_US","og_type":"article","og_title":"Three added to political prisoners list | Pozirk","og_description":"August 31, BPN. Human rights defenders on August 30 declared three more people political prisoners. The Viasna Human Rights Center named them as Alaksiej","og_url":"https:\/\/pozirk.online\/en\/news\/43544\/","og_site_name":"Pozirk","article_publisher":"https:\/\/www.facebook.com\/pozirkonline\/","article_modified_time":"2026-02-24T20:29:13+00:00","twitter_card":"summary_large_image","twitter_site":"@Pozirk_online","twitter_misc":{"Est. reading time":"1 minute"},"schema":{"@context":"https:\/\/schema.org","@graph":[{"@type":"NewsArticle","@id":"https:\/\/pozirk.online\/en\/news\/43544\/#article","isPartOf":{"@id":"https:\/\/pozirk.online\/en\/news\/43544\/"},"headline":"Three added to political prisoners list","datePublished":"2022-08-30T21:17:11+00:00","dateModified":"2026-02-24T20:29:13+00:00","mainEntityOfPage":{"@id":"https:\/\/pozirk.online\/en\/news\/43544\/"},"wordCount":131,"publisher":{"@id":"https:\/\/pozirk.online\/en\/#organization"},"inLanguage":"en-US"},{"@type":"WebPage","@id":"https:\/\/pozirk.online\/en\/news\/43544\/","url":"https:\/\/pozirk.online\/en\/news\/43544\/","name":"Three added to political prisoners list | Pozirk","isPartOf":{"@id":"https:\/\/pozirk.online\/en\/#website"},"datePublished":"2022-08-30T21:17:11+00:00","dateModified":"2026-02-24T20:29:13+00:00","description":"August 31, BPN. Human rights defenders on August 30 declared three more people political prisoners. The Viasna Human Rights Center named them as Alaksiej","breadcrumb":{"@id":"https:\/\/pozirk.online\/en\/news\/43544\/#breadcrumb"},"inLanguage":"en-US","potentialAction":[{"@type":"ReadAction","target":["https:\/\/pozirk.online\/en\/news\/43544\/"]}]},{"@type":"BreadcrumbList","@id":"https:\/\/pozirk.online\/en\/news\/43544\/#breadcrumb","itemListElement":[{"@type":"ListItem","position":1,"name":"Home","item":"https:\/\/pozirk.online\/en\/"},{"@type":"ListItem","position":2,"name":"Three added to political prisoners list"}]},{"@type":"WebSite","@id":"https:\/\/pozirk.online\/en\/#website","url":"https:\/\/pozirk.online\/en\/","name":"Pozirk","description":"","publisher":{"@id":"https:\/\/pozirk.online\/en\/#organization"},"potentialAction":[{"@type":"SearchAction","target":{"@type":"EntryPoint","urlTemplate":"https:\/\/pozirk.online\/en\/?s={search_term_string}"},"query-input":{"@type":"PropertyValueSpecification","valueRequired":true,"valueName":"search_term_string"}}],"inLanguage":"en-US"},{"@type":"Organization","@id":"https:\/\/pozirk.online\/en\/#organization","name":"Pozirk","url":"https:\/\/pozirk.online\/en\/","logo":{"@type":"ImageObject","inLanguage":"en-US","@id":"https:\/\/pozirk.online\/en\/#\/schema\/logo\/image\/","url":"https:\/\/pozirk.online\/wp-content\/uploads\/2023\/11\/cropped-Logo_color_512.png","contentUrl":"https:\/\/pozirk.online\/wp-content\/uploads\/2023\/11\/cropped-Logo_color_512.png","width":512,"height":512,"caption":"Pozirk"},"image":{"@id":"https:\/\/pozirk.online\/en\/#\/schema\/logo\/image\/"},"sameAs":["https:\/\/www.facebook.com\/pozirkonline\/","https:\/\/x.com\/Pozirk_online"]}]}},"_links":{"self":[{"href":"https:\/\/pozirk.online\/en\/wp-json\/wp\/v2\/articles\/43544","targetHints":{"allow":["GET"]}}],"collection":[{"href":"https:\/\/pozirk.online\/en\/wp-json\/wp\/v2\/articles"}],"about":[{"href":"https:\/\/pozirk.online\/en\/wp-json\/wp\/v2\/types\/articles"}],"author":[{"embeddable":true,"href":"https:\/\/pozirk.online\/en\/wp-json\/wp\/v2\/users\/75"}],"wp:attachment":[{"href":"https:\/\/pozirk.online\/en\/wp-json\/wp\/v2\/media?parent=43544"}],"wp:term":[{"taxonomy":"rubric","embeddable":true,"href":"https:\/\/pozirk.online\/en\/wp-json\/wp\/v2\/rubric?post=43544"}],"curies":[{"name":"wp","href":"https:\/\/api.w.org\/{rel}","templated":true}]}}