{"id":43571,"date":"2022-09-01T17:16:13","date_gmt":"2022-09-01T14:16:13","guid":{"rendered":"https:\/\/api.pozirk.online\/articles\/opposition-leaders-cousin-to-stand-trial-on-september-12\/"},"modified":"2026-02-24T20:29:13","modified_gmt":"2026-02-24T20:29:13","slug":"opposition-leaders-cousin-to-stand-trial-on-september-12","status":"publish","type":"articles","link":"https:\/\/pozirk.online\/en\/news\/43571\/","title":{"rendered":"Opposition leader\u2019s cousin to stand trial on September 12"},"content":{"rendered":"<p><b>September 1, <span>BPN.<\/span><\/b> The Viasna Human Rights Center reports that Anatol \u0141atu\u0161ka, Lilija Ananian and Alena Malino\u016dskaja, widely regarded as political prisoners, will go on trial in a district court in Minsk on September 12.<\/p>\n<p> The case will be proceeded before Judge D\u017amitryj Karsiuk, who made a number of politically motivated decisions and was sanctioned by the European Union.<\/p>\n<p> Anatol \u0141atu\u0161ka, Alena Malino\u016dskaja and Lilija Ananian were arrested in January 2022 for allegedly drawing the Pahonia coat of arms on mailboxes.<\/p>\n<p> Anatol \u0141atu\u0161ka\u2019s cousin, Europe-based opposition politician Pavie\u0142 \u0141atu\u0161ka, is investigated for terrorism and bribe-taking. In January 2022, there were reports that the State Control Committee opened a criminal case against Pavie\u0142\u2019s daughter Jana \u0141atu\u0161ka, who lives in Poland.<\/p>\n<p>On August 25, police arrested Anatol \u0141atu\u0161ka\u2019s wife Alena \u0141atu\u0161ka. Her home was searched as part of a criminal investigation into gross violations of public order.<\/p>\n","protected":false},"excerpt":{"rendered":"<p>September 1, BPN. The Viasna Human Rights Center reports that Anatol \u0141atu\u0161ka, Lilija Ananian and Alena Malino\u016dskaja, widely regarded as political prisoners, will go on trial in a district court in Minsk on September 12. The case will be proceeded before Judge D\u017amitryj Karsiuk, who made a number of politically motivated decisions and was sanctioned [&hellip;]<\/p>\n","protected":false},"author":75,"featured_media":0,"template":"","rubric":[16],"class_list":["post-43571","articles","type-articles","status-publish","hentry","rubric-politics"],"acf":[],"yoast_head":"<!-- This site is optimized with the Yoast SEO plugin v25.5 - https:\/\/yoast.com\/wordpress\/plugins\/seo\/ -->\n<title>Opposition leader\u2019s cousin to stand trial on September 12 | Pozirk<\/title>\n<meta name=\"description\" content=\"September 1, BPN. The Viasna Human Rights Center reports that Anatol \u0141atu\u0161ka, Lilija Ananian and Alena Malino\u016dskaja, widely regarded as political\" \/>\n<meta name=\"robots\" content=\"index, follow, max-snippet:-1, max-image-preview:large, max-video-preview:-1\" \/>\n<link rel=\"canonical\" href=\"https:\/\/pozirk.online\/en\/news\/43571\/\" \/>\n<meta property=\"og:locale\" content=\"en_US\" \/>\n<meta property=\"og:type\" content=\"article\" \/>\n<meta property=\"og:title\" content=\"Opposition leader\u2019s cousin to stand trial on September 12 | Pozirk\" \/>\n<meta property=\"og:description\" content=\"September 1, BPN. The Viasna Human Rights Center reports that Anatol \u0141atu\u0161ka, Lilija Ananian and Alena Malino\u016dskaja, widely regarded as political\" \/>\n<meta property=\"og:url\" content=\"https:\/\/pozirk.online\/en\/news\/43571\/\" \/>\n<meta property=\"og:site_name\" content=\"Pozirk\" \/>\n<meta property=\"article:publisher\" content=\"https:\/\/www.facebook.com\/pozirkonline\/\" \/>\n<meta property=\"article:modified_time\" content=\"2026-02-24T20:29:13+00:00\" \/>\n<meta name=\"twitter:card\" content=\"summary_large_image\" \/>\n<meta name=\"twitter:site\" content=\"@Pozirk_online\" \/>\n<meta name=\"twitter:label1\" content=\"Est. reading time\" \/>\n\t<meta name=\"twitter:data1\" content=\"1 minute\" \/>\n<script type=\"application\/ld+json\" class=\"yoast-schema-graph\">{\"@context\":\"https:\/\/schema.org\",\"@graph\":[{\"@type\":\"NewsArticle\",\"@id\":\"https:\/\/pozirk.online\/en\/news\/43571\/#article\",\"isPartOf\":{\"@id\":\"https:\/\/pozirk.online\/en\/news\/43571\/\"},\"headline\":\"Opposition leader\u2019s cousin to stand trial on September 12\",\"datePublished\":\"2022-09-01T14:16:13+00:00\",\"dateModified\":\"2026-02-24T20:29:13+00:00\",\"mainEntityOfPage\":{\"@id\":\"https:\/\/pozirk.online\/en\/news\/43571\/\"},\"wordCount\":162,\"publisher\":{\"@id\":\"https:\/\/pozirk.online\/en\/#organization\"},\"inLanguage\":\"en-US\"},{\"@type\":\"WebPage\",\"@id\":\"https:\/\/pozirk.online\/en\/news\/43571\/\",\"url\":\"https:\/\/pozirk.online\/en\/news\/43571\/\",\"name\":\"Opposition leader\u2019s cousin to stand trial on September 12 | Pozirk\",\"isPartOf\":{\"@id\":\"https:\/\/pozirk.online\/en\/#website\"},\"datePublished\":\"2022-09-01T14:16:13+00:00\",\"dateModified\":\"2026-02-24T20:29:13+00:00\",\"description\":\"September 1, BPN. The Viasna Human Rights Center reports that Anatol \u0141atu\u0161ka, Lilija Ananian and Alena Malino\u016dskaja, widely regarded as political\",\"breadcrumb\":{\"@id\":\"https:\/\/pozirk.online\/en\/news\/43571\/#breadcrumb\"},\"inLanguage\":\"en-US\",\"potentialAction\":[{\"@type\":\"ReadAction\",\"target\":[\"https:\/\/pozirk.online\/en\/news\/43571\/\"]}]},{\"@type\":\"BreadcrumbList\",\"@id\":\"https:\/\/pozirk.online\/en\/news\/43571\/#breadcrumb\",\"itemListElement\":[{\"@type\":\"ListItem\",\"position\":1,\"name\":\"Home\",\"item\":\"https:\/\/pozirk.online\/en\/\"},{\"@type\":\"ListItem\",\"position\":2,\"name\":\"Opposition leader\u2019s cousin to stand trial on September 12\"}]},{\"@type\":\"WebSite\",\"@id\":\"https:\/\/pozirk.online\/en\/#website\",\"url\":\"https:\/\/pozirk.online\/en\/\",\"name\":\"Pozirk\",\"description\":\"\",\"publisher\":{\"@id\":\"https:\/\/pozirk.online\/en\/#organization\"},\"potentialAction\":[{\"@type\":\"SearchAction\",\"target\":{\"@type\":\"EntryPoint\",\"urlTemplate\":\"https:\/\/pozirk.online\/en\/?s={search_term_string}\"},\"query-input\":{\"@type\":\"PropertyValueSpecification\",\"valueRequired\":true,\"valueName\":\"search_term_string\"}}],\"inLanguage\":\"en-US\"},{\"@type\":\"Organization\",\"@id\":\"https:\/\/pozirk.online\/en\/#organization\",\"name\":\"Pozirk\",\"url\":\"https:\/\/pozirk.online\/en\/\",\"logo\":{\"@type\":\"ImageObject\",\"inLanguage\":\"en-US\",\"@id\":\"https:\/\/pozirk.online\/en\/#\/schema\/logo\/image\/\",\"url\":\"https:\/\/pozirk.online\/wp-content\/uploads\/2023\/11\/cropped-Logo_color_512.png\",\"contentUrl\":\"https:\/\/pozirk.online\/wp-content\/uploads\/2023\/11\/cropped-Logo_color_512.png\",\"width\":512,\"height\":512,\"caption\":\"Pozirk\"},\"image\":{\"@id\":\"https:\/\/pozirk.online\/en\/#\/schema\/logo\/image\/\"},\"sameAs\":[\"https:\/\/www.facebook.com\/pozirkonline\/\",\"https:\/\/x.com\/Pozirk_online\"]}]}<\/script>\n<!-- \/ Yoast SEO plugin. -->","yoast_head_json":{"title":"Opposition leader\u2019s cousin to stand trial on September 12 | Pozirk","description":"September 1, BPN. The Viasna Human Rights Center reports that Anatol \u0141atu\u0161ka, Lilija Ananian and Alena Malino\u016dskaja, widely regarded as political","robots":{"index":"index","follow":"follow","max-snippet":"max-snippet:-1","max-image-preview":"max-image-preview:large","max-video-preview":"max-video-preview:-1"},"canonical":"https:\/\/pozirk.online\/en\/news\/43571\/","og_locale":"en_US","og_type":"article","og_title":"Opposition leader\u2019s cousin to stand trial on September 12 | Pozirk","og_description":"September 1, BPN. The Viasna Human Rights Center reports that Anatol \u0141atu\u0161ka, Lilija Ananian and Alena Malino\u016dskaja, widely regarded as political","og_url":"https:\/\/pozirk.online\/en\/news\/43571\/","og_site_name":"Pozirk","article_publisher":"https:\/\/www.facebook.com\/pozirkonline\/","article_modified_time":"2026-02-24T20:29:13+00:00","twitter_card":"summary_large_image","twitter_site":"@Pozirk_online","twitter_misc":{"Est. reading time":"1 minute"},"schema":{"@context":"https:\/\/schema.org","@graph":[{"@type":"NewsArticle","@id":"https:\/\/pozirk.online\/en\/news\/43571\/#article","isPartOf":{"@id":"https:\/\/pozirk.online\/en\/news\/43571\/"},"headline":"Opposition leader\u2019s cousin to stand trial on September 12","datePublished":"2022-09-01T14:16:13+00:00","dateModified":"2026-02-24T20:29:13+00:00","mainEntityOfPage":{"@id":"https:\/\/pozirk.online\/en\/news\/43571\/"},"wordCount":162,"publisher":{"@id":"https:\/\/pozirk.online\/en\/#organization"},"inLanguage":"en-US"},{"@type":"WebPage","@id":"https:\/\/pozirk.online\/en\/news\/43571\/","url":"https:\/\/pozirk.online\/en\/news\/43571\/","name":"Opposition leader\u2019s cousin to stand trial on September 12 | Pozirk","isPartOf":{"@id":"https:\/\/pozirk.online\/en\/#website"},"datePublished":"2022-09-01T14:16:13+00:00","dateModified":"2026-02-24T20:29:13+00:00","description":"September 1, BPN. The Viasna Human Rights Center reports that Anatol \u0141atu\u0161ka, Lilija Ananian and Alena Malino\u016dskaja, widely regarded as political","breadcrumb":{"@id":"https:\/\/pozirk.online\/en\/news\/43571\/#breadcrumb"},"inLanguage":"en-US","potentialAction":[{"@type":"ReadAction","target":["https:\/\/pozirk.online\/en\/news\/43571\/"]}]},{"@type":"BreadcrumbList","@id":"https:\/\/pozirk.online\/en\/news\/43571\/#breadcrumb","itemListElement":[{"@type":"ListItem","position":1,"name":"Home","item":"https:\/\/pozirk.online\/en\/"},{"@type":"ListItem","position":2,"name":"Opposition leader\u2019s cousin to stand trial on September 12"}]},{"@type":"WebSite","@id":"https:\/\/pozirk.online\/en\/#website","url":"https:\/\/pozirk.online\/en\/","name":"Pozirk","description":"","publisher":{"@id":"https:\/\/pozirk.online\/en\/#organization"},"potentialAction":[{"@type":"SearchAction","target":{"@type":"EntryPoint","urlTemplate":"https:\/\/pozirk.online\/en\/?s={search_term_string}"},"query-input":{"@type":"PropertyValueSpecification","valueRequired":true,"valueName":"search_term_string"}}],"inLanguage":"en-US"},{"@type":"Organization","@id":"https:\/\/pozirk.online\/en\/#organization","name":"Pozirk","url":"https:\/\/pozirk.online\/en\/","logo":{"@type":"ImageObject","inLanguage":"en-US","@id":"https:\/\/pozirk.online\/en\/#\/schema\/logo\/image\/","url":"https:\/\/pozirk.online\/wp-content\/uploads\/2023\/11\/cropped-Logo_color_512.png","contentUrl":"https:\/\/pozirk.online\/wp-content\/uploads\/2023\/11\/cropped-Logo_color_512.png","width":512,"height":512,"caption":"Pozirk"},"image":{"@id":"https:\/\/pozirk.online\/en\/#\/schema\/logo\/image\/"},"sameAs":["https:\/\/www.facebook.com\/pozirkonline\/","https:\/\/x.com\/Pozirk_online"]}]}},"_links":{"self":[{"href":"https:\/\/pozirk.online\/en\/wp-json\/wp\/v2\/articles\/43571","targetHints":{"allow":["GET"]}}],"collection":[{"href":"https:\/\/pozirk.online\/en\/wp-json\/wp\/v2\/articles"}],"about":[{"href":"https:\/\/pozirk.online\/en\/wp-json\/wp\/v2\/types\/articles"}],"author":[{"embeddable":true,"href":"https:\/\/pozirk.online\/en\/wp-json\/wp\/v2\/users\/75"}],"wp:attachment":[{"href":"https:\/\/pozirk.online\/en\/wp-json\/wp\/v2\/media?parent=43571"}],"wp:term":[{"taxonomy":"rubric","embeddable":true,"href":"https:\/\/pozirk.online\/en\/wp-json\/wp\/v2\/rubric?post=43571"}],"curies":[{"name":"wp","href":"https:\/\/api.w.org\/{rel}","templated":true}]}}