{"id":43591,"date":"2022-09-02T19:29:26","date_gmt":"2022-09-02T16:29:26","guid":{"rendered":"https:\/\/api.pozirk.online\/articles\/interior-ministry-adds-five-to-extremist-list\/"},"modified":"2026-02-24T20:29:13","modified_gmt":"2026-02-24T20:29:13","slug":"interior-ministry-adds-five-to-extremist-list","status":"publish","type":"articles","link":"https:\/\/pozirk.online\/en\/news\/43591\/","title":{"rendered":"Interior ministry adds five to extremist list"},"content":{"rendered":"<p><b>September 2, <span>BPN.<\/span><\/b> The Belarusian interior ministry has blacklisted five more people as \u201ccitizens involved in extremist activities.\u201d<\/p>\n<p> They are: Ja\u016dhien B\u0142achinski, Aleh Harba\u010do\u016d, U\u0142adzimir Sivun, Pavie\u0142 Ku\u010daravienka, and Siarhiej Baka\u010d.<\/p>\n<p> At the moment, the list includes 474 names.<\/p>\n<p> The Ministry of Internal Affairs says the blacklisted individuals are prohibited from \u201cengaging in activities to traffic narcotic drugs, weapons or explosives, in pedagogical or publishing activities,\u201d as well as from \u201cholding public offices or serving in the military.\u201d<\/p>\n<p> Financial transactions of those on the list \u201care subject to special control in order to prevent the legalization of proceeds from crime and the financing of extremist activities.\u201d<\/p>\n<p>The blacklisted foreigners can be denied visas or entry.<\/p>\n","protected":false},"excerpt":{"rendered":"<p>September 2, BPN. The Belarusian interior ministry has blacklisted five more people as \u201ccitizens involved in extremist activities.\u201d They are: Ja\u016dhien B\u0142achinski, Aleh Harba\u010do\u016d, U\u0142adzimir Sivun, Pavie\u0142 Ku\u010daravienka, and Siarhiej Baka\u010d. At the moment, the list includes 474 names. The Ministry of Internal Affairs says the blacklisted individuals are prohibited from \u201cengaging in activities to [&hellip;]<\/p>\n","protected":false},"author":75,"featured_media":0,"template":"","rubric":[16],"class_list":["post-43591","articles","type-articles","status-publish","hentry","rubric-politics"],"acf":[],"yoast_head":"<!-- This site is optimized with the Yoast SEO plugin v25.5 - https:\/\/yoast.com\/wordpress\/plugins\/seo\/ -->\n<title>Interior ministry adds five to extremist list | Pozirk<\/title>\n<meta name=\"description\" content=\"September 2, BPN. The Belarusian interior ministry has blacklisted five more people as \u201ccitizens involved in extremist activities.\u201d They are: Ja\u016dhien\" \/>\n<meta name=\"robots\" content=\"index, follow, max-snippet:-1, max-image-preview:large, max-video-preview:-1\" \/>\n<link rel=\"canonical\" href=\"https:\/\/pozirk.online\/en\/news\/43591\/\" \/>\n<meta property=\"og:locale\" content=\"en_US\" \/>\n<meta property=\"og:type\" content=\"article\" \/>\n<meta property=\"og:title\" content=\"Interior ministry adds five to extremist list | Pozirk\" \/>\n<meta property=\"og:description\" content=\"September 2, BPN. The Belarusian interior ministry has blacklisted five more people as \u201ccitizens involved in extremist activities.\u201d They are: Ja\u016dhien\" \/>\n<meta property=\"og:url\" content=\"https:\/\/pozirk.online\/en\/news\/43591\/\" \/>\n<meta property=\"og:site_name\" content=\"Pozirk\" \/>\n<meta property=\"article:publisher\" content=\"https:\/\/www.facebook.com\/pozirkonline\/\" \/>\n<meta property=\"article:modified_time\" content=\"2026-02-24T20:29:13+00:00\" \/>\n<meta name=\"twitter:card\" content=\"summary_large_image\" \/>\n<meta name=\"twitter:site\" content=\"@Pozirk_online\" \/>\n<meta name=\"twitter:label1\" content=\"Est. reading time\" \/>\n\t<meta name=\"twitter:data1\" content=\"1 minute\" \/>\n<script type=\"application\/ld+json\" class=\"yoast-schema-graph\">{\"@context\":\"https:\/\/schema.org\",\"@graph\":[{\"@type\":\"NewsArticle\",\"@id\":\"https:\/\/pozirk.online\/en\/news\/43591\/#article\",\"isPartOf\":{\"@id\":\"https:\/\/pozirk.online\/en\/news\/43591\/\"},\"headline\":\"Interior ministry adds five to extremist list\",\"datePublished\":\"2022-09-02T16:29:26+00:00\",\"dateModified\":\"2026-02-24T20:29:13+00:00\",\"mainEntityOfPage\":{\"@id\":\"https:\/\/pozirk.online\/en\/news\/43591\/\"},\"wordCount\":125,\"publisher\":{\"@id\":\"https:\/\/pozirk.online\/en\/#organization\"},\"inLanguage\":\"en-US\"},{\"@type\":\"WebPage\",\"@id\":\"https:\/\/pozirk.online\/en\/news\/43591\/\",\"url\":\"https:\/\/pozirk.online\/en\/news\/43591\/\",\"name\":\"Interior ministry adds five to extremist list | Pozirk\",\"isPartOf\":{\"@id\":\"https:\/\/pozirk.online\/en\/#website\"},\"datePublished\":\"2022-09-02T16:29:26+00:00\",\"dateModified\":\"2026-02-24T20:29:13+00:00\",\"description\":\"September 2, BPN. The Belarusian interior ministry has blacklisted five more people as \u201ccitizens involved in extremist activities.\u201d They are: Ja\u016dhien\",\"breadcrumb\":{\"@id\":\"https:\/\/pozirk.online\/en\/news\/43591\/#breadcrumb\"},\"inLanguage\":\"en-US\",\"potentialAction\":[{\"@type\":\"ReadAction\",\"target\":[\"https:\/\/pozirk.online\/en\/news\/43591\/\"]}]},{\"@type\":\"BreadcrumbList\",\"@id\":\"https:\/\/pozirk.online\/en\/news\/43591\/#breadcrumb\",\"itemListElement\":[{\"@type\":\"ListItem\",\"position\":1,\"name\":\"Home\",\"item\":\"https:\/\/pozirk.online\/en\/\"},{\"@type\":\"ListItem\",\"position\":2,\"name\":\"Interior ministry adds five to extremist list\"}]},{\"@type\":\"WebSite\",\"@id\":\"https:\/\/pozirk.online\/en\/#website\",\"url\":\"https:\/\/pozirk.online\/en\/\",\"name\":\"Pozirk\",\"description\":\"\",\"publisher\":{\"@id\":\"https:\/\/pozirk.online\/en\/#organization\"},\"potentialAction\":[{\"@type\":\"SearchAction\",\"target\":{\"@type\":\"EntryPoint\",\"urlTemplate\":\"https:\/\/pozirk.online\/en\/?s={search_term_string}\"},\"query-input\":{\"@type\":\"PropertyValueSpecification\",\"valueRequired\":true,\"valueName\":\"search_term_string\"}}],\"inLanguage\":\"en-US\"},{\"@type\":\"Organization\",\"@id\":\"https:\/\/pozirk.online\/en\/#organization\",\"name\":\"Pozirk\",\"url\":\"https:\/\/pozirk.online\/en\/\",\"logo\":{\"@type\":\"ImageObject\",\"inLanguage\":\"en-US\",\"@id\":\"https:\/\/pozirk.online\/en\/#\/schema\/logo\/image\/\",\"url\":\"https:\/\/pozirk.online\/wp-content\/uploads\/2023\/11\/cropped-Logo_color_512.png\",\"contentUrl\":\"https:\/\/pozirk.online\/wp-content\/uploads\/2023\/11\/cropped-Logo_color_512.png\",\"width\":512,\"height\":512,\"caption\":\"Pozirk\"},\"image\":{\"@id\":\"https:\/\/pozirk.online\/en\/#\/schema\/logo\/image\/\"},\"sameAs\":[\"https:\/\/www.facebook.com\/pozirkonline\/\",\"https:\/\/x.com\/Pozirk_online\"]}]}<\/script>\n<!-- \/ Yoast SEO plugin. -->","yoast_head_json":{"title":"Interior ministry adds five to extremist list | Pozirk","description":"September 2, BPN. The Belarusian interior ministry has blacklisted five more people as \u201ccitizens involved in extremist activities.\u201d They are: Ja\u016dhien","robots":{"index":"index","follow":"follow","max-snippet":"max-snippet:-1","max-image-preview":"max-image-preview:large","max-video-preview":"max-video-preview:-1"},"canonical":"https:\/\/pozirk.online\/en\/news\/43591\/","og_locale":"en_US","og_type":"article","og_title":"Interior ministry adds five to extremist list | Pozirk","og_description":"September 2, BPN. The Belarusian interior ministry has blacklisted five more people as \u201ccitizens involved in extremist activities.\u201d They are: Ja\u016dhien","og_url":"https:\/\/pozirk.online\/en\/news\/43591\/","og_site_name":"Pozirk","article_publisher":"https:\/\/www.facebook.com\/pozirkonline\/","article_modified_time":"2026-02-24T20:29:13+00:00","twitter_card":"summary_large_image","twitter_site":"@Pozirk_online","twitter_misc":{"Est. reading time":"1 minute"},"schema":{"@context":"https:\/\/schema.org","@graph":[{"@type":"NewsArticle","@id":"https:\/\/pozirk.online\/en\/news\/43591\/#article","isPartOf":{"@id":"https:\/\/pozirk.online\/en\/news\/43591\/"},"headline":"Interior ministry adds five to extremist list","datePublished":"2022-09-02T16:29:26+00:00","dateModified":"2026-02-24T20:29:13+00:00","mainEntityOfPage":{"@id":"https:\/\/pozirk.online\/en\/news\/43591\/"},"wordCount":125,"publisher":{"@id":"https:\/\/pozirk.online\/en\/#organization"},"inLanguage":"en-US"},{"@type":"WebPage","@id":"https:\/\/pozirk.online\/en\/news\/43591\/","url":"https:\/\/pozirk.online\/en\/news\/43591\/","name":"Interior ministry adds five to extremist list | Pozirk","isPartOf":{"@id":"https:\/\/pozirk.online\/en\/#website"},"datePublished":"2022-09-02T16:29:26+00:00","dateModified":"2026-02-24T20:29:13+00:00","description":"September 2, BPN. The Belarusian interior ministry has blacklisted five more people as \u201ccitizens involved in extremist activities.\u201d They are: Ja\u016dhien","breadcrumb":{"@id":"https:\/\/pozirk.online\/en\/news\/43591\/#breadcrumb"},"inLanguage":"en-US","potentialAction":[{"@type":"ReadAction","target":["https:\/\/pozirk.online\/en\/news\/43591\/"]}]},{"@type":"BreadcrumbList","@id":"https:\/\/pozirk.online\/en\/news\/43591\/#breadcrumb","itemListElement":[{"@type":"ListItem","position":1,"name":"Home","item":"https:\/\/pozirk.online\/en\/"},{"@type":"ListItem","position":2,"name":"Interior ministry adds five to extremist list"}]},{"@type":"WebSite","@id":"https:\/\/pozirk.online\/en\/#website","url":"https:\/\/pozirk.online\/en\/","name":"Pozirk","description":"","publisher":{"@id":"https:\/\/pozirk.online\/en\/#organization"},"potentialAction":[{"@type":"SearchAction","target":{"@type":"EntryPoint","urlTemplate":"https:\/\/pozirk.online\/en\/?s={search_term_string}"},"query-input":{"@type":"PropertyValueSpecification","valueRequired":true,"valueName":"search_term_string"}}],"inLanguage":"en-US"},{"@type":"Organization","@id":"https:\/\/pozirk.online\/en\/#organization","name":"Pozirk","url":"https:\/\/pozirk.online\/en\/","logo":{"@type":"ImageObject","inLanguage":"en-US","@id":"https:\/\/pozirk.online\/en\/#\/schema\/logo\/image\/","url":"https:\/\/pozirk.online\/wp-content\/uploads\/2023\/11\/cropped-Logo_color_512.png","contentUrl":"https:\/\/pozirk.online\/wp-content\/uploads\/2023\/11\/cropped-Logo_color_512.png","width":512,"height":512,"caption":"Pozirk"},"image":{"@id":"https:\/\/pozirk.online\/en\/#\/schema\/logo\/image\/"},"sameAs":["https:\/\/www.facebook.com\/pozirkonline\/","https:\/\/x.com\/Pozirk_online"]}]}},"_links":{"self":[{"href":"https:\/\/pozirk.online\/en\/wp-json\/wp\/v2\/articles\/43591","targetHints":{"allow":["GET"]}}],"collection":[{"href":"https:\/\/pozirk.online\/en\/wp-json\/wp\/v2\/articles"}],"about":[{"href":"https:\/\/pozirk.online\/en\/wp-json\/wp\/v2\/types\/articles"}],"author":[{"embeddable":true,"href":"https:\/\/pozirk.online\/en\/wp-json\/wp\/v2\/users\/75"}],"wp:attachment":[{"href":"https:\/\/pozirk.online\/en\/wp-json\/wp\/v2\/media?parent=43591"}],"wp:term":[{"taxonomy":"rubric","embeddable":true,"href":"https:\/\/pozirk.online\/en\/wp-json\/wp\/v2\/rubric?post=43591"}],"curies":[{"name":"wp","href":"https:\/\/api.w.org\/{rel}","templated":true}]}}