{"id":43605,"date":"2022-09-05T11:10:16","date_gmt":"2022-09-05T08:10:16","guid":{"rendered":"https:\/\/api.pozirk.online\/articles\/kalinouski-regiment-to-have-political-representation\/"},"modified":"2026-02-24T20:29:13","modified_gmt":"2026-02-24T20:29:13","slug":"kalinouski-regiment-to-have-political-representation","status":"publish","type":"articles","link":"https:\/\/pozirk.online\/en\/news\/43605\/","title":{"rendered":"Kalino\u016dski Regiment to have political representation"},"content":{"rendered":"<p>\n <b>September 5, <span>BPN<\/span>. <\/b>The Kastu\u015b Kalino\u016dski Regiment, consisting of Belarusian volunteers fighting Russia in Ukraine, will soon appoint its political representatives, Deputy Commander Vadzim Kaban\u010duk told journalists on September 5.\n<\/p>\n<p>\n\t According to Kaban\u010duk, the regiment will also announce &#8220;an initiative to form a military reserve in Belarus.&#8221;\n<\/p>\n<p>\n\t The Kalino\u016dski regiment was formed of Belarusian volunteers in Ukraine in March 2022, initially as a battalion.\n<\/p>\n<p>\n\t On February 24, Russia started a full-scale war against Ukraine. Authorities in Minsk deny Belarusian army troops\u2019 involvement in combat operations on the Russian side. However, Belarus allowed Russian troops and weapons to move freely through the country, use its airspace, refuel and store military equipment and attack Ukraine from its territory.\n<\/p>\n<p>\n\t A 20,000-strong grouping of Russian forces crossed into Ukraine from Belarus at the outset of the war, Alaksandr \u0141uka\u0161enka told <span>AFP<\/span> in an interview on July 21. Russian troops retreated from northern Ukraine later.<\/p>\n","protected":false},"excerpt":{"rendered":"<p>September 5, BPN. The Kastu\u015b Kalino\u016dski Regiment, consisting of Belarusian volunteers fighting Russia in Ukraine, will soon appoint its political representatives, Deputy Commander Vadzim Kaban\u010duk told journalists on September 5. According to Kaban\u010duk, the regiment will also announce &#8220;an initiative to form a military reserve in Belarus.&#8221; The Kalino\u016dski regiment was formed of Belarusian volunteers [&hellip;]<\/p>\n","protected":false},"author":75,"featured_media":0,"template":"","rubric":[16],"class_list":["post-43605","articles","type-articles","status-publish","hentry","rubric-politics"],"acf":[],"yoast_head":"<!-- This site is optimized with the Yoast SEO plugin v25.5 - https:\/\/yoast.com\/wordpress\/plugins\/seo\/ -->\n<title>Kalino\u016dski Regiment to have political representation | Pozirk<\/title>\n<meta name=\"description\" content=\"September 5, BPN. The Kastu\u015b Kalino\u016dski Regiment, consisting of Belarusian volunteers fighting Russia in Ukraine, will soon appoint its political\" \/>\n<meta name=\"robots\" content=\"index, follow, max-snippet:-1, max-image-preview:large, max-video-preview:-1\" \/>\n<link rel=\"canonical\" href=\"https:\/\/pozirk.online\/en\/news\/43605\/\" \/>\n<meta property=\"og:locale\" content=\"en_US\" \/>\n<meta property=\"og:type\" content=\"article\" \/>\n<meta property=\"og:title\" content=\"Kalino\u016dski Regiment to have political representation | Pozirk\" \/>\n<meta property=\"og:description\" content=\"September 5, BPN. The Kastu\u015b Kalino\u016dski Regiment, consisting of Belarusian volunteers fighting Russia in Ukraine, will soon appoint its political\" \/>\n<meta property=\"og:url\" content=\"https:\/\/pozirk.online\/en\/news\/43605\/\" \/>\n<meta property=\"og:site_name\" content=\"Pozirk\" \/>\n<meta property=\"article:publisher\" content=\"https:\/\/www.facebook.com\/pozirkonline\/\" \/>\n<meta property=\"article:modified_time\" content=\"2026-02-24T20:29:13+00:00\" \/>\n<meta name=\"twitter:card\" content=\"summary_large_image\" \/>\n<meta name=\"twitter:site\" content=\"@Pozirk_online\" \/>\n<meta name=\"twitter:label1\" content=\"Est. reading time\" \/>\n\t<meta name=\"twitter:data1\" content=\"1 minute\" \/>\n<script type=\"application\/ld+json\" class=\"yoast-schema-graph\">{\"@context\":\"https:\/\/schema.org\",\"@graph\":[{\"@type\":\"NewsArticle\",\"@id\":\"https:\/\/pozirk.online\/en\/news\/43605\/#article\",\"isPartOf\":{\"@id\":\"https:\/\/pozirk.online\/en\/news\/43605\/\"},\"headline\":\"Kalino\u016dski Regiment to have political representation\",\"datePublished\":\"2022-09-05T08:10:16+00:00\",\"dateModified\":\"2026-02-24T20:29:13+00:00\",\"mainEntityOfPage\":{\"@id\":\"https:\/\/pozirk.online\/en\/news\/43605\/\"},\"wordCount\":157,\"publisher\":{\"@id\":\"https:\/\/pozirk.online\/en\/#organization\"},\"inLanguage\":\"en-US\"},{\"@type\":\"WebPage\",\"@id\":\"https:\/\/pozirk.online\/en\/news\/43605\/\",\"url\":\"https:\/\/pozirk.online\/en\/news\/43605\/\",\"name\":\"Kalino\u016dski Regiment to have political representation | Pozirk\",\"isPartOf\":{\"@id\":\"https:\/\/pozirk.online\/en\/#website\"},\"datePublished\":\"2022-09-05T08:10:16+00:00\",\"dateModified\":\"2026-02-24T20:29:13+00:00\",\"description\":\"September 5, BPN. The Kastu\u015b Kalino\u016dski Regiment, consisting of Belarusian volunteers fighting Russia in Ukraine, will soon appoint its political\",\"breadcrumb\":{\"@id\":\"https:\/\/pozirk.online\/en\/news\/43605\/#breadcrumb\"},\"inLanguage\":\"en-US\",\"potentialAction\":[{\"@type\":\"ReadAction\",\"target\":[\"https:\/\/pozirk.online\/en\/news\/43605\/\"]}]},{\"@type\":\"BreadcrumbList\",\"@id\":\"https:\/\/pozirk.online\/en\/news\/43605\/#breadcrumb\",\"itemListElement\":[{\"@type\":\"ListItem\",\"position\":1,\"name\":\"Home\",\"item\":\"https:\/\/pozirk.online\/en\/\"},{\"@type\":\"ListItem\",\"position\":2,\"name\":\"Kalino\u016dski Regiment to have political representation\"}]},{\"@type\":\"WebSite\",\"@id\":\"https:\/\/pozirk.online\/en\/#website\",\"url\":\"https:\/\/pozirk.online\/en\/\",\"name\":\"Pozirk\",\"description\":\"\",\"publisher\":{\"@id\":\"https:\/\/pozirk.online\/en\/#organization\"},\"potentialAction\":[{\"@type\":\"SearchAction\",\"target\":{\"@type\":\"EntryPoint\",\"urlTemplate\":\"https:\/\/pozirk.online\/en\/?s={search_term_string}\"},\"query-input\":{\"@type\":\"PropertyValueSpecification\",\"valueRequired\":true,\"valueName\":\"search_term_string\"}}],\"inLanguage\":\"en-US\"},{\"@type\":\"Organization\",\"@id\":\"https:\/\/pozirk.online\/en\/#organization\",\"name\":\"Pozirk\",\"url\":\"https:\/\/pozirk.online\/en\/\",\"logo\":{\"@type\":\"ImageObject\",\"inLanguage\":\"en-US\",\"@id\":\"https:\/\/pozirk.online\/en\/#\/schema\/logo\/image\/\",\"url\":\"https:\/\/pozirk.online\/wp-content\/uploads\/2023\/11\/cropped-Logo_color_512.png\",\"contentUrl\":\"https:\/\/pozirk.online\/wp-content\/uploads\/2023\/11\/cropped-Logo_color_512.png\",\"width\":512,\"height\":512,\"caption\":\"Pozirk\"},\"image\":{\"@id\":\"https:\/\/pozirk.online\/en\/#\/schema\/logo\/image\/\"},\"sameAs\":[\"https:\/\/www.facebook.com\/pozirkonline\/\",\"https:\/\/x.com\/Pozirk_online\"]}]}<\/script>\n<!-- \/ Yoast SEO plugin. -->","yoast_head_json":{"title":"Kalino\u016dski Regiment to have political representation | Pozirk","description":"September 5, BPN. The Kastu\u015b Kalino\u016dski Regiment, consisting of Belarusian volunteers fighting Russia in Ukraine, will soon appoint its political","robots":{"index":"index","follow":"follow","max-snippet":"max-snippet:-1","max-image-preview":"max-image-preview:large","max-video-preview":"max-video-preview:-1"},"canonical":"https:\/\/pozirk.online\/en\/news\/43605\/","og_locale":"en_US","og_type":"article","og_title":"Kalino\u016dski Regiment to have political representation | Pozirk","og_description":"September 5, BPN. The Kastu\u015b Kalino\u016dski Regiment, consisting of Belarusian volunteers fighting Russia in Ukraine, will soon appoint its political","og_url":"https:\/\/pozirk.online\/en\/news\/43605\/","og_site_name":"Pozirk","article_publisher":"https:\/\/www.facebook.com\/pozirkonline\/","article_modified_time":"2026-02-24T20:29:13+00:00","twitter_card":"summary_large_image","twitter_site":"@Pozirk_online","twitter_misc":{"Est. reading time":"1 minute"},"schema":{"@context":"https:\/\/schema.org","@graph":[{"@type":"NewsArticle","@id":"https:\/\/pozirk.online\/en\/news\/43605\/#article","isPartOf":{"@id":"https:\/\/pozirk.online\/en\/news\/43605\/"},"headline":"Kalino\u016dski Regiment to have political representation","datePublished":"2022-09-05T08:10:16+00:00","dateModified":"2026-02-24T20:29:13+00:00","mainEntityOfPage":{"@id":"https:\/\/pozirk.online\/en\/news\/43605\/"},"wordCount":157,"publisher":{"@id":"https:\/\/pozirk.online\/en\/#organization"},"inLanguage":"en-US"},{"@type":"WebPage","@id":"https:\/\/pozirk.online\/en\/news\/43605\/","url":"https:\/\/pozirk.online\/en\/news\/43605\/","name":"Kalino\u016dski Regiment to have political representation | Pozirk","isPartOf":{"@id":"https:\/\/pozirk.online\/en\/#website"},"datePublished":"2022-09-05T08:10:16+00:00","dateModified":"2026-02-24T20:29:13+00:00","description":"September 5, BPN. The Kastu\u015b Kalino\u016dski Regiment, consisting of Belarusian volunteers fighting Russia in Ukraine, will soon appoint its political","breadcrumb":{"@id":"https:\/\/pozirk.online\/en\/news\/43605\/#breadcrumb"},"inLanguage":"en-US","potentialAction":[{"@type":"ReadAction","target":["https:\/\/pozirk.online\/en\/news\/43605\/"]}]},{"@type":"BreadcrumbList","@id":"https:\/\/pozirk.online\/en\/news\/43605\/#breadcrumb","itemListElement":[{"@type":"ListItem","position":1,"name":"Home","item":"https:\/\/pozirk.online\/en\/"},{"@type":"ListItem","position":2,"name":"Kalino\u016dski Regiment to have political representation"}]},{"@type":"WebSite","@id":"https:\/\/pozirk.online\/en\/#website","url":"https:\/\/pozirk.online\/en\/","name":"Pozirk","description":"","publisher":{"@id":"https:\/\/pozirk.online\/en\/#organization"},"potentialAction":[{"@type":"SearchAction","target":{"@type":"EntryPoint","urlTemplate":"https:\/\/pozirk.online\/en\/?s={search_term_string}"},"query-input":{"@type":"PropertyValueSpecification","valueRequired":true,"valueName":"search_term_string"}}],"inLanguage":"en-US"},{"@type":"Organization","@id":"https:\/\/pozirk.online\/en\/#organization","name":"Pozirk","url":"https:\/\/pozirk.online\/en\/","logo":{"@type":"ImageObject","inLanguage":"en-US","@id":"https:\/\/pozirk.online\/en\/#\/schema\/logo\/image\/","url":"https:\/\/pozirk.online\/wp-content\/uploads\/2023\/11\/cropped-Logo_color_512.png","contentUrl":"https:\/\/pozirk.online\/wp-content\/uploads\/2023\/11\/cropped-Logo_color_512.png","width":512,"height":512,"caption":"Pozirk"},"image":{"@id":"https:\/\/pozirk.online\/en\/#\/schema\/logo\/image\/"},"sameAs":["https:\/\/www.facebook.com\/pozirkonline\/","https:\/\/x.com\/Pozirk_online"]}]}},"_links":{"self":[{"href":"https:\/\/pozirk.online\/en\/wp-json\/wp\/v2\/articles\/43605","targetHints":{"allow":["GET"]}}],"collection":[{"href":"https:\/\/pozirk.online\/en\/wp-json\/wp\/v2\/articles"}],"about":[{"href":"https:\/\/pozirk.online\/en\/wp-json\/wp\/v2\/types\/articles"}],"author":[{"embeddable":true,"href":"https:\/\/pozirk.online\/en\/wp-json\/wp\/v2\/users\/75"}],"wp:attachment":[{"href":"https:\/\/pozirk.online\/en\/wp-json\/wp\/v2\/media?parent=43605"}],"wp:term":[{"taxonomy":"rubric","embeddable":true,"href":"https:\/\/pozirk.online\/en\/wp-json\/wp\/v2\/rubric?post=43605"}],"curies":[{"name":"wp","href":"https:\/\/api.w.org\/{rel}","templated":true}]}}