{"id":43612,"date":"2022-09-05T14:32:52","date_gmt":"2022-09-05T11:32:52","guid":{"rendered":"https:\/\/api.pozirk.online\/articles\/five-added-to-political-prisoners-list\/"},"modified":"2026-02-24T20:29:13","modified_gmt":"2026-02-24T20:29:13","slug":"five-added-to-political-prisoners-list","status":"publish","type":"articles","link":"https:\/\/pozirk.online\/en\/news\/43612\/","title":{"rendered":"Five added to political prisoners list"},"content":{"rendered":"<p>\n <b>September 5, <span>BPN<\/span>.<\/b>&nbsp;The Belarusian human rights community has declared five more people political prisoners, says a joint statement by the Viasna Human Rights Centre, Belarusian PEN, Belarusian Association of Journalists, Pravavaja Inicyjatyva, and Lawtrend, published on Viasna&#8217;s website.\n<\/p>\n<p>\n\t The list now includes Illa Holca\u016d and Alaksiej Reznika\u016d recently sentenced for social media posts. Holca\u016d was given two years in prison on charges of inciting hatred; Reznika\u016d, four years for inciting hatred, rehabilitating Nazism, abusing the state symbols, insulting Alaksandr \u0141uka\u0161enka and public officials.\n<\/p>\n<p>\n\t Anastasija Lazarenka and Natalla \u0141a\u0161\u010d are in custody for passing data on security forces officials to the Telegram channels deemed extremist. D\u017amitryj Ivan\u010danka was arrested for inciting hatred, insulting \u0141uka\u0161enka and calling for sanctions.\n<\/p>\n<p>\n\t Human rights defenders demand that the authorities review their decisions, release all political prisoners and stop political persecution of Belarusians.\n<\/p>\n<p>\n\t A total of 1,327 political prisoners have been registered in Belarus, but the real figure must be higher because, according to human rights defenders, some political detainees cannot contact them, or do not want to for fear of repercussions.<\/p>\n","protected":false},"excerpt":{"rendered":"<p>September 5, BPN.&nbsp;The Belarusian human rights community has declared five more people political prisoners, says a joint statement by the Viasna Human Rights Centre, Belarusian PEN, Belarusian Association of Journalists, Pravavaja Inicyjatyva, and Lawtrend, published on Viasna&#8217;s website. The list now includes Illa Holca\u016d and Alaksiej Reznika\u016d recently sentenced for social media posts. Holca\u016d was [&hellip;]<\/p>\n","protected":false},"author":75,"featured_media":0,"template":"","rubric":[16],"class_list":["post-43612","articles","type-articles","status-publish","hentry","rubric-politics"],"acf":[],"yoast_head":"<!-- This site is optimized with the Yoast SEO plugin v25.5 - https:\/\/yoast.com\/wordpress\/plugins\/seo\/ -->\n<title>Five added to political prisoners list | Pozirk<\/title>\n<meta name=\"description\" content=\"September 5, BPN.&nbsp;The Belarusian human rights community has declared five more people political prisoners, says a joint statement by the Viasna Human\" \/>\n<meta name=\"robots\" content=\"index, follow, max-snippet:-1, max-image-preview:large, max-video-preview:-1\" \/>\n<link rel=\"canonical\" href=\"https:\/\/pozirk.online\/en\/news\/43612\/\" \/>\n<meta property=\"og:locale\" content=\"en_US\" \/>\n<meta property=\"og:type\" content=\"article\" \/>\n<meta property=\"og:title\" content=\"Five added to political prisoners list | Pozirk\" \/>\n<meta property=\"og:description\" content=\"September 5, BPN.&nbsp;The Belarusian human rights community has declared five more people political prisoners, says a joint statement by the Viasna Human\" \/>\n<meta property=\"og:url\" content=\"https:\/\/pozirk.online\/en\/news\/43612\/\" \/>\n<meta property=\"og:site_name\" content=\"Pozirk\" \/>\n<meta property=\"article:publisher\" content=\"https:\/\/www.facebook.com\/pozirkonline\/\" \/>\n<meta property=\"article:modified_time\" content=\"2026-02-24T20:29:13+00:00\" \/>\n<meta name=\"twitter:card\" content=\"summary_large_image\" \/>\n<meta name=\"twitter:site\" content=\"@Pozirk_online\" \/>\n<meta name=\"twitter:label1\" content=\"Est. reading time\" \/>\n\t<meta name=\"twitter:data1\" content=\"1 minute\" \/>\n<script type=\"application\/ld+json\" class=\"yoast-schema-graph\">{\"@context\":\"https:\/\/schema.org\",\"@graph\":[{\"@type\":\"NewsArticle\",\"@id\":\"https:\/\/pozirk.online\/en\/news\/43612\/#article\",\"isPartOf\":{\"@id\":\"https:\/\/pozirk.online\/en\/news\/43612\/\"},\"headline\":\"Five added to political prisoners list\",\"datePublished\":\"2022-09-05T11:32:52+00:00\",\"dateModified\":\"2026-02-24T20:29:13+00:00\",\"mainEntityOfPage\":{\"@id\":\"https:\/\/pozirk.online\/en\/news\/43612\/\"},\"wordCount\":187,\"publisher\":{\"@id\":\"https:\/\/pozirk.online\/en\/#organization\"},\"inLanguage\":\"en-US\"},{\"@type\":\"WebPage\",\"@id\":\"https:\/\/pozirk.online\/en\/news\/43612\/\",\"url\":\"https:\/\/pozirk.online\/en\/news\/43612\/\",\"name\":\"Five added to political prisoners list | Pozirk\",\"isPartOf\":{\"@id\":\"https:\/\/pozirk.online\/en\/#website\"},\"datePublished\":\"2022-09-05T11:32:52+00:00\",\"dateModified\":\"2026-02-24T20:29:13+00:00\",\"description\":\"September 5, BPN.&nbsp;The Belarusian human rights community has declared five more people political prisoners, says a joint statement by the Viasna Human\",\"breadcrumb\":{\"@id\":\"https:\/\/pozirk.online\/en\/news\/43612\/#breadcrumb\"},\"inLanguage\":\"en-US\",\"potentialAction\":[{\"@type\":\"ReadAction\",\"target\":[\"https:\/\/pozirk.online\/en\/news\/43612\/\"]}]},{\"@type\":\"BreadcrumbList\",\"@id\":\"https:\/\/pozirk.online\/en\/news\/43612\/#breadcrumb\",\"itemListElement\":[{\"@type\":\"ListItem\",\"position\":1,\"name\":\"Home\",\"item\":\"https:\/\/pozirk.online\/en\/\"},{\"@type\":\"ListItem\",\"position\":2,\"name\":\"Five added to political prisoners list\"}]},{\"@type\":\"WebSite\",\"@id\":\"https:\/\/pozirk.online\/en\/#website\",\"url\":\"https:\/\/pozirk.online\/en\/\",\"name\":\"Pozirk\",\"description\":\"\",\"publisher\":{\"@id\":\"https:\/\/pozirk.online\/en\/#organization\"},\"potentialAction\":[{\"@type\":\"SearchAction\",\"target\":{\"@type\":\"EntryPoint\",\"urlTemplate\":\"https:\/\/pozirk.online\/en\/?s={search_term_string}\"},\"query-input\":{\"@type\":\"PropertyValueSpecification\",\"valueRequired\":true,\"valueName\":\"search_term_string\"}}],\"inLanguage\":\"en-US\"},{\"@type\":\"Organization\",\"@id\":\"https:\/\/pozirk.online\/en\/#organization\",\"name\":\"Pozirk\",\"url\":\"https:\/\/pozirk.online\/en\/\",\"logo\":{\"@type\":\"ImageObject\",\"inLanguage\":\"en-US\",\"@id\":\"https:\/\/pozirk.online\/en\/#\/schema\/logo\/image\/\",\"url\":\"https:\/\/pozirk.online\/wp-content\/uploads\/2023\/11\/cropped-Logo_color_512.png\",\"contentUrl\":\"https:\/\/pozirk.online\/wp-content\/uploads\/2023\/11\/cropped-Logo_color_512.png\",\"width\":512,\"height\":512,\"caption\":\"Pozirk\"},\"image\":{\"@id\":\"https:\/\/pozirk.online\/en\/#\/schema\/logo\/image\/\"},\"sameAs\":[\"https:\/\/www.facebook.com\/pozirkonline\/\",\"https:\/\/x.com\/Pozirk_online\"]}]}<\/script>\n<!-- \/ Yoast SEO plugin. -->","yoast_head_json":{"title":"Five added to political prisoners list | Pozirk","description":"September 5, BPN.&nbsp;The Belarusian human rights community has declared five more people political prisoners, says a joint statement by the Viasna Human","robots":{"index":"index","follow":"follow","max-snippet":"max-snippet:-1","max-image-preview":"max-image-preview:large","max-video-preview":"max-video-preview:-1"},"canonical":"https:\/\/pozirk.online\/en\/news\/43612\/","og_locale":"en_US","og_type":"article","og_title":"Five added to political prisoners list | Pozirk","og_description":"September 5, BPN.&nbsp;The Belarusian human rights community has declared five more people political prisoners, says a joint statement by the Viasna Human","og_url":"https:\/\/pozirk.online\/en\/news\/43612\/","og_site_name":"Pozirk","article_publisher":"https:\/\/www.facebook.com\/pozirkonline\/","article_modified_time":"2026-02-24T20:29:13+00:00","twitter_card":"summary_large_image","twitter_site":"@Pozirk_online","twitter_misc":{"Est. reading time":"1 minute"},"schema":{"@context":"https:\/\/schema.org","@graph":[{"@type":"NewsArticle","@id":"https:\/\/pozirk.online\/en\/news\/43612\/#article","isPartOf":{"@id":"https:\/\/pozirk.online\/en\/news\/43612\/"},"headline":"Five added to political prisoners list","datePublished":"2022-09-05T11:32:52+00:00","dateModified":"2026-02-24T20:29:13+00:00","mainEntityOfPage":{"@id":"https:\/\/pozirk.online\/en\/news\/43612\/"},"wordCount":187,"publisher":{"@id":"https:\/\/pozirk.online\/en\/#organization"},"inLanguage":"en-US"},{"@type":"WebPage","@id":"https:\/\/pozirk.online\/en\/news\/43612\/","url":"https:\/\/pozirk.online\/en\/news\/43612\/","name":"Five added to political prisoners list | Pozirk","isPartOf":{"@id":"https:\/\/pozirk.online\/en\/#website"},"datePublished":"2022-09-05T11:32:52+00:00","dateModified":"2026-02-24T20:29:13+00:00","description":"September 5, BPN.&nbsp;The Belarusian human rights community has declared five more people political prisoners, says a joint statement by the Viasna Human","breadcrumb":{"@id":"https:\/\/pozirk.online\/en\/news\/43612\/#breadcrumb"},"inLanguage":"en-US","potentialAction":[{"@type":"ReadAction","target":["https:\/\/pozirk.online\/en\/news\/43612\/"]}]},{"@type":"BreadcrumbList","@id":"https:\/\/pozirk.online\/en\/news\/43612\/#breadcrumb","itemListElement":[{"@type":"ListItem","position":1,"name":"Home","item":"https:\/\/pozirk.online\/en\/"},{"@type":"ListItem","position":2,"name":"Five added to political prisoners list"}]},{"@type":"WebSite","@id":"https:\/\/pozirk.online\/en\/#website","url":"https:\/\/pozirk.online\/en\/","name":"Pozirk","description":"","publisher":{"@id":"https:\/\/pozirk.online\/en\/#organization"},"potentialAction":[{"@type":"SearchAction","target":{"@type":"EntryPoint","urlTemplate":"https:\/\/pozirk.online\/en\/?s={search_term_string}"},"query-input":{"@type":"PropertyValueSpecification","valueRequired":true,"valueName":"search_term_string"}}],"inLanguage":"en-US"},{"@type":"Organization","@id":"https:\/\/pozirk.online\/en\/#organization","name":"Pozirk","url":"https:\/\/pozirk.online\/en\/","logo":{"@type":"ImageObject","inLanguage":"en-US","@id":"https:\/\/pozirk.online\/en\/#\/schema\/logo\/image\/","url":"https:\/\/pozirk.online\/wp-content\/uploads\/2023\/11\/cropped-Logo_color_512.png","contentUrl":"https:\/\/pozirk.online\/wp-content\/uploads\/2023\/11\/cropped-Logo_color_512.png","width":512,"height":512,"caption":"Pozirk"},"image":{"@id":"https:\/\/pozirk.online\/en\/#\/schema\/logo\/image\/"},"sameAs":["https:\/\/www.facebook.com\/pozirkonline\/","https:\/\/x.com\/Pozirk_online"]}]}},"_links":{"self":[{"href":"https:\/\/pozirk.online\/en\/wp-json\/wp\/v2\/articles\/43612","targetHints":{"allow":["GET"]}}],"collection":[{"href":"https:\/\/pozirk.online\/en\/wp-json\/wp\/v2\/articles"}],"about":[{"href":"https:\/\/pozirk.online\/en\/wp-json\/wp\/v2\/types\/articles"}],"author":[{"embeddable":true,"href":"https:\/\/pozirk.online\/en\/wp-json\/wp\/v2\/users\/75"}],"wp:attachment":[{"href":"https:\/\/pozirk.online\/en\/wp-json\/wp\/v2\/media?parent=43612"}],"wp:term":[{"taxonomy":"rubric","embeddable":true,"href":"https:\/\/pozirk.online\/en\/wp-json\/wp\/v2\/rubric?post=43612"}],"curies":[{"name":"wp","href":"https:\/\/api.w.org\/{rel}","templated":true}]}}