{"id":43692,"date":"2022-09-10T18:42:35","date_gmt":"2022-09-10T15:42:35","guid":{"rendered":"https:\/\/api.pozirk.online\/articles\/transition-cabinets-extremist-group-label-proves-lukasenkas-fears-of-opposition-cichanouskaja\/"},"modified":"2026-02-24T20:29:13","modified_gmt":"2026-02-24T20:29:13","slug":"transition-cabinets-extremist-group-label-proves-lukasenkas-fears-of-opposition-cichanouskaja","status":"publish","type":"articles","link":"https:\/\/pozirk.online\/en\/news\/43692\/","title":{"rendered":"Transition cabinet&#8217;s &#8220;extremist group&#8221; label proves \u0141uka\u0161enka\u2019s fears of opposition &#8211; Cichano\u016dskaja"},"content":{"rendered":"<p>\n <b>September 10, <span>BPN<\/span>. <\/b>The \u201cextremist group\u201d label recently attached to the opposition\u2019s transition cabinet exposes fears of the Alaksandr \u0141uka\u0161enka&#8217;s regime, said Belarusian democratic leader Sviat\u0142ana Cichano\u016dskaja.\n<\/p>\n<p>\n\t &#8220;It is not surprising for us &#8211; we know that they are afraid of our democratic forces. The Cabinet represents the interests of our people &#8211; \u0141uka\u0161enka only represents himself,&#8221; the politician wrote on <a href=\"https:\/\/twitter.com\/Tsihanouskaya\/status\/1568553536933269504\" target=\"_blank\" rel=\"nofollow\">Twitter<\/a>.\n<\/p>\n<p>\n\t On August 30, the Committee for the State Security (KGB) branded &#8220;the leaders, founders, and participants of the initiative Joint Transition Cabinet&#8221; an extremist group and added a corresponding entry on its list of extremist organizations on September 5.\n<\/p>\n<p>\n\t Cichano\u016dskaja announced the creation of the opposition&#8217;s transition cabinet at a conference in Vilnius on August 9.\n<\/p>\n<p>\n\t It includes Pavie\u0142 \u0141atu\u0161ka, in charge of power transition; Alaksandar Azara\u016d from the BYPOL association of former security forces as a representative for the restoration of law and order; Valer Kavale\u016dski, currently head of Cichano\u016dskaja\u2019s apparatus, responsible for foreign affairs; Lieutenant Colonel Valer Sacha\u0161\u010dyk, in charge of defense and national security, and Ta\u0107ciana Zareckaja, in charge of finance and economy.\n<\/p>\n<p>\n\t According to Cichano\u016dskaja, the goals of the Transition Cabinet include \u201cprotecting Belarus\u2019 independence and sovereignty, representing national interests and working toward the country\u2019s actual de-occupation.\u201d<\/p>\n","protected":false},"excerpt":{"rendered":"<p>September 10, BPN. The \u201cextremist group\u201d label recently attached to the opposition\u2019s transition cabinet exposes fears of the Alaksandr \u0141uka\u0161enka&#8217;s regime, said Belarusian democratic leader Sviat\u0142ana Cichano\u016dskaja. &#8220;It is not surprising for us &#8211; we know that they are afraid of our democratic forces. The Cabinet represents the interests of our people &#8211; \u0141uka\u0161enka only [&hellip;]<\/p>\n","protected":false},"author":75,"featured_media":0,"template":"","rubric":[16],"class_list":["post-43692","articles","type-articles","status-publish","hentry","rubric-politics"],"acf":[],"yoast_head":"<!-- This site is optimized with the Yoast SEO plugin v25.5 - https:\/\/yoast.com\/wordpress\/plugins\/seo\/ -->\n<title>Transition cabinet&#039;s &quot;extremist group&quot; label proves \u0141uka\u0161enka\u2019s fears of opposition - Cichano\u016dskaja | Pozirk<\/title>\n<meta name=\"description\" content=\"September 10, BPN. The \u201cextremist group\u201d label recently attached to the opposition\u2019s transition cabinet exposes fears of the Alaksandr \u0141uka\u0161enka&#039;s regime,\" \/>\n<meta name=\"robots\" content=\"index, follow, max-snippet:-1, max-image-preview:large, max-video-preview:-1\" \/>\n<link rel=\"canonical\" href=\"https:\/\/pozirk.online\/en\/news\/43692\/\" \/>\n<meta property=\"og:locale\" content=\"en_US\" \/>\n<meta property=\"og:type\" content=\"article\" \/>\n<meta property=\"og:title\" content=\"Transition cabinet&#039;s &quot;extremist group&quot; label proves \u0141uka\u0161enka\u2019s fears of opposition - Cichano\u016dskaja | Pozirk\" \/>\n<meta property=\"og:description\" content=\"September 10, BPN. The \u201cextremist group\u201d label recently attached to the opposition\u2019s transition cabinet exposes fears of the Alaksandr \u0141uka\u0161enka&#039;s regime,\" \/>\n<meta property=\"og:url\" content=\"https:\/\/pozirk.online\/en\/news\/43692\/\" \/>\n<meta property=\"og:site_name\" content=\"Pozirk\" \/>\n<meta property=\"article:publisher\" content=\"https:\/\/www.facebook.com\/pozirkonline\/\" \/>\n<meta property=\"article:modified_time\" content=\"2026-02-24T20:29:13+00:00\" \/>\n<meta name=\"twitter:card\" content=\"summary_large_image\" \/>\n<meta name=\"twitter:site\" content=\"@Pozirk_online\" \/>\n<meta name=\"twitter:label1\" content=\"Est. reading time\" \/>\n\t<meta name=\"twitter:data1\" content=\"1 minute\" \/>\n<script type=\"application\/ld+json\" class=\"yoast-schema-graph\">{\"@context\":\"https:\/\/schema.org\",\"@graph\":[{\"@type\":\"NewsArticle\",\"@id\":\"https:\/\/pozirk.online\/en\/news\/43692\/#article\",\"isPartOf\":{\"@id\":\"https:\/\/pozirk.online\/en\/news\/43692\/\"},\"headline\":\"Transition cabinet&#8217;s &#8220;extremist group&#8221; label proves \u0141uka\u0161enka\u2019s fears of opposition &#8211; Cichano\u016dskaja\",\"datePublished\":\"2022-09-10T15:42:35+00:00\",\"dateModified\":\"2026-02-24T20:29:13+00:00\",\"mainEntityOfPage\":{\"@id\":\"https:\/\/pozirk.online\/en\/news\/43692\/\"},\"wordCount\":231,\"publisher\":{\"@id\":\"https:\/\/pozirk.online\/en\/#organization\"},\"inLanguage\":\"en-US\"},{\"@type\":\"WebPage\",\"@id\":\"https:\/\/pozirk.online\/en\/news\/43692\/\",\"url\":\"https:\/\/pozirk.online\/en\/news\/43692\/\",\"name\":\"Transition cabinet's \\\"extremist group\\\" label proves \u0141uka\u0161enka\u2019s fears of opposition - Cichano\u016dskaja | Pozirk\",\"isPartOf\":{\"@id\":\"https:\/\/pozirk.online\/en\/#website\"},\"datePublished\":\"2022-09-10T15:42:35+00:00\",\"dateModified\":\"2026-02-24T20:29:13+00:00\",\"description\":\"September 10, BPN. The \u201cextremist group\u201d label recently attached to the opposition\u2019s transition cabinet exposes fears of the Alaksandr \u0141uka\u0161enka's regime,\",\"breadcrumb\":{\"@id\":\"https:\/\/pozirk.online\/en\/news\/43692\/#breadcrumb\"},\"inLanguage\":\"en-US\",\"potentialAction\":[{\"@type\":\"ReadAction\",\"target\":[\"https:\/\/pozirk.online\/en\/news\/43692\/\"]}]},{\"@type\":\"BreadcrumbList\",\"@id\":\"https:\/\/pozirk.online\/en\/news\/43692\/#breadcrumb\",\"itemListElement\":[{\"@type\":\"ListItem\",\"position\":1,\"name\":\"Home\",\"item\":\"https:\/\/pozirk.online\/en\/\"},{\"@type\":\"ListItem\",\"position\":2,\"name\":\"Transition cabinet&#8217;s &#8220;extremist group&#8221; label proves \u0141uka\u0161enka\u2019s fears of opposition &#8211; Cichano\u016dskaja\"}]},{\"@type\":\"WebSite\",\"@id\":\"https:\/\/pozirk.online\/en\/#website\",\"url\":\"https:\/\/pozirk.online\/en\/\",\"name\":\"Pozirk\",\"description\":\"\",\"publisher\":{\"@id\":\"https:\/\/pozirk.online\/en\/#organization\"},\"potentialAction\":[{\"@type\":\"SearchAction\",\"target\":{\"@type\":\"EntryPoint\",\"urlTemplate\":\"https:\/\/pozirk.online\/en\/?s={search_term_string}\"},\"query-input\":{\"@type\":\"PropertyValueSpecification\",\"valueRequired\":true,\"valueName\":\"search_term_string\"}}],\"inLanguage\":\"en-US\"},{\"@type\":\"Organization\",\"@id\":\"https:\/\/pozirk.online\/en\/#organization\",\"name\":\"Pozirk\",\"url\":\"https:\/\/pozirk.online\/en\/\",\"logo\":{\"@type\":\"ImageObject\",\"inLanguage\":\"en-US\",\"@id\":\"https:\/\/pozirk.online\/en\/#\/schema\/logo\/image\/\",\"url\":\"https:\/\/pozirk.online\/wp-content\/uploads\/2023\/11\/cropped-Logo_color_512.png\",\"contentUrl\":\"https:\/\/pozirk.online\/wp-content\/uploads\/2023\/11\/cropped-Logo_color_512.png\",\"width\":512,\"height\":512,\"caption\":\"Pozirk\"},\"image\":{\"@id\":\"https:\/\/pozirk.online\/en\/#\/schema\/logo\/image\/\"},\"sameAs\":[\"https:\/\/www.facebook.com\/pozirkonline\/\",\"https:\/\/x.com\/Pozirk_online\"]}]}<\/script>\n<!-- \/ Yoast SEO plugin. -->","yoast_head_json":{"title":"Transition cabinet's \"extremist group\" label proves \u0141uka\u0161enka\u2019s fears of opposition - Cichano\u016dskaja | Pozirk","description":"September 10, BPN. The \u201cextremist group\u201d label recently attached to the opposition\u2019s transition cabinet exposes fears of the Alaksandr \u0141uka\u0161enka's regime,","robots":{"index":"index","follow":"follow","max-snippet":"max-snippet:-1","max-image-preview":"max-image-preview:large","max-video-preview":"max-video-preview:-1"},"canonical":"https:\/\/pozirk.online\/en\/news\/43692\/","og_locale":"en_US","og_type":"article","og_title":"Transition cabinet's \"extremist group\" label proves \u0141uka\u0161enka\u2019s fears of opposition - Cichano\u016dskaja | Pozirk","og_description":"September 10, BPN. The \u201cextremist group\u201d label recently attached to the opposition\u2019s transition cabinet exposes fears of the Alaksandr \u0141uka\u0161enka's regime,","og_url":"https:\/\/pozirk.online\/en\/news\/43692\/","og_site_name":"Pozirk","article_publisher":"https:\/\/www.facebook.com\/pozirkonline\/","article_modified_time":"2026-02-24T20:29:13+00:00","twitter_card":"summary_large_image","twitter_site":"@Pozirk_online","twitter_misc":{"Est. reading time":"1 minute"},"schema":{"@context":"https:\/\/schema.org","@graph":[{"@type":"NewsArticle","@id":"https:\/\/pozirk.online\/en\/news\/43692\/#article","isPartOf":{"@id":"https:\/\/pozirk.online\/en\/news\/43692\/"},"headline":"Transition cabinet&#8217;s &#8220;extremist group&#8221; label proves \u0141uka\u0161enka\u2019s fears of opposition &#8211; Cichano\u016dskaja","datePublished":"2022-09-10T15:42:35+00:00","dateModified":"2026-02-24T20:29:13+00:00","mainEntityOfPage":{"@id":"https:\/\/pozirk.online\/en\/news\/43692\/"},"wordCount":231,"publisher":{"@id":"https:\/\/pozirk.online\/en\/#organization"},"inLanguage":"en-US"},{"@type":"WebPage","@id":"https:\/\/pozirk.online\/en\/news\/43692\/","url":"https:\/\/pozirk.online\/en\/news\/43692\/","name":"Transition cabinet's \"extremist group\" label proves \u0141uka\u0161enka\u2019s fears of opposition - Cichano\u016dskaja | Pozirk","isPartOf":{"@id":"https:\/\/pozirk.online\/en\/#website"},"datePublished":"2022-09-10T15:42:35+00:00","dateModified":"2026-02-24T20:29:13+00:00","description":"September 10, BPN. The \u201cextremist group\u201d label recently attached to the opposition\u2019s transition cabinet exposes fears of the Alaksandr \u0141uka\u0161enka's regime,","breadcrumb":{"@id":"https:\/\/pozirk.online\/en\/news\/43692\/#breadcrumb"},"inLanguage":"en-US","potentialAction":[{"@type":"ReadAction","target":["https:\/\/pozirk.online\/en\/news\/43692\/"]}]},{"@type":"BreadcrumbList","@id":"https:\/\/pozirk.online\/en\/news\/43692\/#breadcrumb","itemListElement":[{"@type":"ListItem","position":1,"name":"Home","item":"https:\/\/pozirk.online\/en\/"},{"@type":"ListItem","position":2,"name":"Transition cabinet&#8217;s &#8220;extremist group&#8221; label proves \u0141uka\u0161enka\u2019s fears of opposition &#8211; Cichano\u016dskaja"}]},{"@type":"WebSite","@id":"https:\/\/pozirk.online\/en\/#website","url":"https:\/\/pozirk.online\/en\/","name":"Pozirk","description":"","publisher":{"@id":"https:\/\/pozirk.online\/en\/#organization"},"potentialAction":[{"@type":"SearchAction","target":{"@type":"EntryPoint","urlTemplate":"https:\/\/pozirk.online\/en\/?s={search_term_string}"},"query-input":{"@type":"PropertyValueSpecification","valueRequired":true,"valueName":"search_term_string"}}],"inLanguage":"en-US"},{"@type":"Organization","@id":"https:\/\/pozirk.online\/en\/#organization","name":"Pozirk","url":"https:\/\/pozirk.online\/en\/","logo":{"@type":"ImageObject","inLanguage":"en-US","@id":"https:\/\/pozirk.online\/en\/#\/schema\/logo\/image\/","url":"https:\/\/pozirk.online\/wp-content\/uploads\/2023\/11\/cropped-Logo_color_512.png","contentUrl":"https:\/\/pozirk.online\/wp-content\/uploads\/2023\/11\/cropped-Logo_color_512.png","width":512,"height":512,"caption":"Pozirk"},"image":{"@id":"https:\/\/pozirk.online\/en\/#\/schema\/logo\/image\/"},"sameAs":["https:\/\/www.facebook.com\/pozirkonline\/","https:\/\/x.com\/Pozirk_online"]}]}},"_links":{"self":[{"href":"https:\/\/pozirk.online\/en\/wp-json\/wp\/v2\/articles\/43692","targetHints":{"allow":["GET"]}}],"collection":[{"href":"https:\/\/pozirk.online\/en\/wp-json\/wp\/v2\/articles"}],"about":[{"href":"https:\/\/pozirk.online\/en\/wp-json\/wp\/v2\/types\/articles"}],"author":[{"embeddable":true,"href":"https:\/\/pozirk.online\/en\/wp-json\/wp\/v2\/users\/75"}],"wp:attachment":[{"href":"https:\/\/pozirk.online\/en\/wp-json\/wp\/v2\/media?parent=43692"}],"wp:term":[{"taxonomy":"rubric","embeddable":true,"href":"https:\/\/pozirk.online\/en\/wp-json\/wp\/v2\/rubric?post=43692"}],"curies":[{"name":"wp","href":"https:\/\/api.w.org\/{rel}","templated":true}]}}