{"id":43706,"date":"2022-09-12T16:36:44","date_gmt":"2022-09-12T13:36:44","guid":{"rendered":"https:\/\/api.pozirk.online\/articles\/active-phase-of-command-and-staff-drill-begins-in-brest\/"},"modified":"2026-02-24T20:29:13","modified_gmt":"2026-02-24T20:29:13","slug":"active-phase-of-command-and-staff-drill-begins-in-brest","status":"publish","type":"articles","link":"https:\/\/pozirk.online\/en\/news\/43706\/","title":{"rendered":"Active phase of command and staff drill begins in Brest"},"content":{"rendered":"<p><b>September 12, <span>BPN.<\/span><\/b> Brest City Executive Committee Chairman Alaksandr Raha\u010duk has told the region\u2019s residents that a command and staff exercise enters its active phase on September 12.<\/p>\n<p> \u201cDuring the afternoon, Brest would hear the hum of aircraft and a cannonade. Various types of hardware would be moved,\u201d the official said on Telegram. \u201cThere is no cause for concern at all. All these activities would be carried out as part of exercises.\u201d<\/p>\n<p> Defense Minister Viktar Chrenin, Interior Minister Ivan Kubrako\u016d, Emergencies Minister Vadzim Sinia\u016dski and State Border Committee Chairman Anatol \u0141apo are observing the game\u2019s final tactical episode&nbsp;at the Brescki training ground, the Ministry of Defense reported.<\/p>\n<p> The Belarusian Armed Forces\u2019 command and staff exercises are held on September 8-14 under the leadership of Chief of the General Staff Viktar Hulevi\u010d.<\/p>\n<p> Their declared goal&nbsp;is to practice recapturing&nbsp;territories seized by \u201cenemy forces,\u201d restoring control over the state border, backing troops with aircraft, enforcing martial law and suppressing sabotage and illegal armed groups.<\/p>\n<p> On February 24, Russia started a full-scale war against Ukraine. Authorities in Minsk deny Belarusian army troops\u2019 involvement in combat operations on the Russian side. However, Belarus allowed Russian troops and weapons to move freely through the country, use its airspace, refuel and store military equipment and attack Ukraine from its territory.<\/p>\n<p> A 20,000-strong grouping of Russian forces crossed into Ukraine from Belarus at the outset of the war, Alaksandr \u0141uka\u0161enka told <span>AFP <\/span>in an interview on July 21. Russian troops retreated from northern Ukraine later.<\/p>\n","protected":false},"excerpt":{"rendered":"<p>September 12, BPN. Brest City Executive Committee Chairman Alaksandr Raha\u010duk has told the region\u2019s residents that a command and staff exercise enters its active phase on September 12. \u201cDuring the afternoon, Brest would hear the hum of aircraft and a cannonade. Various types of hardware would be moved,\u201d the official said on Telegram. \u201cThere is [&hellip;]<\/p>\n","protected":false},"author":75,"featured_media":0,"template":"","rubric":[16],"class_list":["post-43706","articles","type-articles","status-publish","hentry","rubric-politics"],"acf":[],"yoast_head":"<!-- This site is optimized with the Yoast SEO plugin v25.5 - https:\/\/yoast.com\/wordpress\/plugins\/seo\/ -->\n<title>Active phase of command and staff drill begins in Brest | Pozirk<\/title>\n<meta name=\"description\" content=\"September 12, BPN. Brest City Executive Committee Chairman Alaksandr Raha\u010duk has told the region\u2019s residents that a command and staff exercise enters its\" \/>\n<meta name=\"robots\" content=\"index, follow, max-snippet:-1, max-image-preview:large, max-video-preview:-1\" \/>\n<link rel=\"canonical\" href=\"https:\/\/pozirk.online\/en\/news\/43706\/\" \/>\n<meta property=\"og:locale\" content=\"en_US\" \/>\n<meta property=\"og:type\" content=\"article\" \/>\n<meta property=\"og:title\" content=\"Active phase of command and staff drill begins in Brest | Pozirk\" \/>\n<meta property=\"og:description\" content=\"September 12, BPN. Brest City Executive Committee Chairman Alaksandr Raha\u010duk has told the region\u2019s residents that a command and staff exercise enters its\" \/>\n<meta property=\"og:url\" content=\"https:\/\/pozirk.online\/en\/news\/43706\/\" \/>\n<meta property=\"og:site_name\" content=\"Pozirk\" \/>\n<meta property=\"article:publisher\" content=\"https:\/\/www.facebook.com\/pozirkonline\/\" \/>\n<meta property=\"article:modified_time\" content=\"2026-02-24T20:29:13+00:00\" \/>\n<meta name=\"twitter:card\" content=\"summary_large_image\" \/>\n<meta name=\"twitter:site\" content=\"@Pozirk_online\" \/>\n<meta name=\"twitter:label1\" content=\"Est. reading time\" \/>\n\t<meta name=\"twitter:data1\" content=\"1 minute\" \/>\n<script type=\"application\/ld+json\" class=\"yoast-schema-graph\">{\"@context\":\"https:\/\/schema.org\",\"@graph\":[{\"@type\":\"NewsArticle\",\"@id\":\"https:\/\/pozirk.online\/en\/news\/43706\/#article\",\"isPartOf\":{\"@id\":\"https:\/\/pozirk.online\/en\/news\/43706\/\"},\"headline\":\"Active phase of command and staff drill begins in Brest\",\"datePublished\":\"2022-09-12T13:36:44+00:00\",\"dateModified\":\"2026-02-24T20:29:13+00:00\",\"mainEntityOfPage\":{\"@id\":\"https:\/\/pozirk.online\/en\/news\/43706\/\"},\"wordCount\":264,\"publisher\":{\"@id\":\"https:\/\/pozirk.online\/en\/#organization\"},\"inLanguage\":\"en-US\"},{\"@type\":\"WebPage\",\"@id\":\"https:\/\/pozirk.online\/en\/news\/43706\/\",\"url\":\"https:\/\/pozirk.online\/en\/news\/43706\/\",\"name\":\"Active phase of command and staff drill begins in Brest | Pozirk\",\"isPartOf\":{\"@id\":\"https:\/\/pozirk.online\/en\/#website\"},\"datePublished\":\"2022-09-12T13:36:44+00:00\",\"dateModified\":\"2026-02-24T20:29:13+00:00\",\"description\":\"September 12, BPN. Brest City Executive Committee Chairman Alaksandr Raha\u010duk has told the region\u2019s residents that a command and staff exercise enters its\",\"breadcrumb\":{\"@id\":\"https:\/\/pozirk.online\/en\/news\/43706\/#breadcrumb\"},\"inLanguage\":\"en-US\",\"potentialAction\":[{\"@type\":\"ReadAction\",\"target\":[\"https:\/\/pozirk.online\/en\/news\/43706\/\"]}]},{\"@type\":\"BreadcrumbList\",\"@id\":\"https:\/\/pozirk.online\/en\/news\/43706\/#breadcrumb\",\"itemListElement\":[{\"@type\":\"ListItem\",\"position\":1,\"name\":\"Home\",\"item\":\"https:\/\/pozirk.online\/en\/\"},{\"@type\":\"ListItem\",\"position\":2,\"name\":\"Active phase of command and staff drill begins in Brest\"}]},{\"@type\":\"WebSite\",\"@id\":\"https:\/\/pozirk.online\/en\/#website\",\"url\":\"https:\/\/pozirk.online\/en\/\",\"name\":\"Pozirk\",\"description\":\"\",\"publisher\":{\"@id\":\"https:\/\/pozirk.online\/en\/#organization\"},\"potentialAction\":[{\"@type\":\"SearchAction\",\"target\":{\"@type\":\"EntryPoint\",\"urlTemplate\":\"https:\/\/pozirk.online\/en\/?s={search_term_string}\"},\"query-input\":{\"@type\":\"PropertyValueSpecification\",\"valueRequired\":true,\"valueName\":\"search_term_string\"}}],\"inLanguage\":\"en-US\"},{\"@type\":\"Organization\",\"@id\":\"https:\/\/pozirk.online\/en\/#organization\",\"name\":\"Pozirk\",\"url\":\"https:\/\/pozirk.online\/en\/\",\"logo\":{\"@type\":\"ImageObject\",\"inLanguage\":\"en-US\",\"@id\":\"https:\/\/pozirk.online\/en\/#\/schema\/logo\/image\/\",\"url\":\"https:\/\/pozirk.online\/wp-content\/uploads\/2023\/11\/cropped-Logo_color_512.png\",\"contentUrl\":\"https:\/\/pozirk.online\/wp-content\/uploads\/2023\/11\/cropped-Logo_color_512.png\",\"width\":512,\"height\":512,\"caption\":\"Pozirk\"},\"image\":{\"@id\":\"https:\/\/pozirk.online\/en\/#\/schema\/logo\/image\/\"},\"sameAs\":[\"https:\/\/www.facebook.com\/pozirkonline\/\",\"https:\/\/x.com\/Pozirk_online\"]}]}<\/script>\n<!-- \/ Yoast SEO plugin. -->","yoast_head_json":{"title":"Active phase of command and staff drill begins in Brest | Pozirk","description":"September 12, BPN. Brest City Executive Committee Chairman Alaksandr Raha\u010duk has told the region\u2019s residents that a command and staff exercise enters its","robots":{"index":"index","follow":"follow","max-snippet":"max-snippet:-1","max-image-preview":"max-image-preview:large","max-video-preview":"max-video-preview:-1"},"canonical":"https:\/\/pozirk.online\/en\/news\/43706\/","og_locale":"en_US","og_type":"article","og_title":"Active phase of command and staff drill begins in Brest | Pozirk","og_description":"September 12, BPN. Brest City Executive Committee Chairman Alaksandr Raha\u010duk has told the region\u2019s residents that a command and staff exercise enters its","og_url":"https:\/\/pozirk.online\/en\/news\/43706\/","og_site_name":"Pozirk","article_publisher":"https:\/\/www.facebook.com\/pozirkonline\/","article_modified_time":"2026-02-24T20:29:13+00:00","twitter_card":"summary_large_image","twitter_site":"@Pozirk_online","twitter_misc":{"Est. reading time":"1 minute"},"schema":{"@context":"https:\/\/schema.org","@graph":[{"@type":"NewsArticle","@id":"https:\/\/pozirk.online\/en\/news\/43706\/#article","isPartOf":{"@id":"https:\/\/pozirk.online\/en\/news\/43706\/"},"headline":"Active phase of command and staff drill begins in Brest","datePublished":"2022-09-12T13:36:44+00:00","dateModified":"2026-02-24T20:29:13+00:00","mainEntityOfPage":{"@id":"https:\/\/pozirk.online\/en\/news\/43706\/"},"wordCount":264,"publisher":{"@id":"https:\/\/pozirk.online\/en\/#organization"},"inLanguage":"en-US"},{"@type":"WebPage","@id":"https:\/\/pozirk.online\/en\/news\/43706\/","url":"https:\/\/pozirk.online\/en\/news\/43706\/","name":"Active phase of command and staff drill begins in Brest | Pozirk","isPartOf":{"@id":"https:\/\/pozirk.online\/en\/#website"},"datePublished":"2022-09-12T13:36:44+00:00","dateModified":"2026-02-24T20:29:13+00:00","description":"September 12, BPN. Brest City Executive Committee Chairman Alaksandr Raha\u010duk has told the region\u2019s residents that a command and staff exercise enters its","breadcrumb":{"@id":"https:\/\/pozirk.online\/en\/news\/43706\/#breadcrumb"},"inLanguage":"en-US","potentialAction":[{"@type":"ReadAction","target":["https:\/\/pozirk.online\/en\/news\/43706\/"]}]},{"@type":"BreadcrumbList","@id":"https:\/\/pozirk.online\/en\/news\/43706\/#breadcrumb","itemListElement":[{"@type":"ListItem","position":1,"name":"Home","item":"https:\/\/pozirk.online\/en\/"},{"@type":"ListItem","position":2,"name":"Active phase of command and staff drill begins in Brest"}]},{"@type":"WebSite","@id":"https:\/\/pozirk.online\/en\/#website","url":"https:\/\/pozirk.online\/en\/","name":"Pozirk","description":"","publisher":{"@id":"https:\/\/pozirk.online\/en\/#organization"},"potentialAction":[{"@type":"SearchAction","target":{"@type":"EntryPoint","urlTemplate":"https:\/\/pozirk.online\/en\/?s={search_term_string}"},"query-input":{"@type":"PropertyValueSpecification","valueRequired":true,"valueName":"search_term_string"}}],"inLanguage":"en-US"},{"@type":"Organization","@id":"https:\/\/pozirk.online\/en\/#organization","name":"Pozirk","url":"https:\/\/pozirk.online\/en\/","logo":{"@type":"ImageObject","inLanguage":"en-US","@id":"https:\/\/pozirk.online\/en\/#\/schema\/logo\/image\/","url":"https:\/\/pozirk.online\/wp-content\/uploads\/2023\/11\/cropped-Logo_color_512.png","contentUrl":"https:\/\/pozirk.online\/wp-content\/uploads\/2023\/11\/cropped-Logo_color_512.png","width":512,"height":512,"caption":"Pozirk"},"image":{"@id":"https:\/\/pozirk.online\/en\/#\/schema\/logo\/image\/"},"sameAs":["https:\/\/www.facebook.com\/pozirkonline\/","https:\/\/x.com\/Pozirk_online"]}]}},"_links":{"self":[{"href":"https:\/\/pozirk.online\/en\/wp-json\/wp\/v2\/articles\/43706","targetHints":{"allow":["GET"]}}],"collection":[{"href":"https:\/\/pozirk.online\/en\/wp-json\/wp\/v2\/articles"}],"about":[{"href":"https:\/\/pozirk.online\/en\/wp-json\/wp\/v2\/types\/articles"}],"author":[{"embeddable":true,"href":"https:\/\/pozirk.online\/en\/wp-json\/wp\/v2\/users\/75"}],"wp:attachment":[{"href":"https:\/\/pozirk.online\/en\/wp-json\/wp\/v2\/media?parent=43706"}],"wp:term":[{"taxonomy":"rubric","embeddable":true,"href":"https:\/\/pozirk.online\/en\/wp-json\/wp\/v2\/rubric?post=43706"}],"curies":[{"name":"wp","href":"https:\/\/api.w.org\/{rel}","templated":true}]}}