{"id":43839,"date":"2022-09-22T10:57:23","date_gmt":"2022-09-22T07:57:23","guid":{"rendered":"https:\/\/api.pozirk.online\/articles\/belarus-to-stay-on-eu-agenda-von-der-leyen-assures-cichanouskaja\/"},"modified":"2026-02-24T20:29:13","modified_gmt":"2026-02-24T20:29:13","slug":"belarus-to-stay-on-eu-agenda-von-der-leyen-assures-cichanouskaja","status":"publish","type":"articles","link":"https:\/\/pozirk.online\/en\/news\/43839\/","title":{"rendered":"Belarus to stay on EU agenda, von der Leyen assures Cichano\u016dskaja"},"content":{"rendered":"<p>\n <b>September 22, <span>BPN<\/span>.<\/b> Belarusian opposition leader Sviat\u0142ana Cichano\u016dskaja discussed sanctions against Alaksandr \u0141uka\u0161enka&#8217;s regime during her meeting with the European Commission President Ursula von der Leyen on the sidelines of the UN General Assembly session in New York on September 21.\n<\/p>\n<p>\n\t &#8220;We are proud to have the EU as our ally in the fight for freedom and independence. I was assured that Belarus will stay on the agenda,&#8221; the politician <a href=\"https:\/\/twitter.com\/Tsihanouskaya\/status\/1572651513859944448\" target=\"_blank\" rel=\"nofollow\">said<\/a><a href=\"https:\/\/twitter.com\/Tsihanouskaya\/status\/1572651513859944448\" target=\"_blank\" rel=\"nofollow\">&nbsp;<\/a>on Twitter.\n<\/p>\n<p>\n\t Valer Kavale\u016dski, responsible for foreign affairs in opposition&#8217;s transition cabinet, described the meeting as warm and fruitful. &#8220;Belarusians are working hard to resolve internal crisis and protect independence against hostile Russia. EU&#8217;s further involvement in both tasks is crucial,&#8221; he <a href=\"https:\/\/twitter.com\/kavaleuski\/status\/1572629111734169601\" target=\"_blank\" rel=\"nofollow\">tweeted<\/a>.\n<\/p>\n<p>\n\t Von der Leyen <a href=\"https:\/\/twitter.com\/vonderleyen\/status\/1572648170294738951\" target=\"_blank\" rel=\"nofollow\">tweeted<\/a> that the EU stood by the &#8220;Belarusian people for a democratic Belarus and free and fair elections.&#8221; She added that it had allocated 100 million euros to support Belarusians since 2020.<\/p>\n","protected":false},"excerpt":{"rendered":"<p>September 22, BPN. Belarusian opposition leader Sviat\u0142ana Cichano\u016dskaja discussed sanctions against Alaksandr \u0141uka\u0161enka&#8217;s regime during her meeting with the European Commission President Ursula von der Leyen on the sidelines of the UN General Assembly session in New York on September 21. &#8220;We are proud to have the EU as our ally in the fight for [&hellip;]<\/p>\n","protected":false},"author":75,"featured_media":0,"template":"","rubric":[16],"class_list":["post-43839","articles","type-articles","status-publish","hentry","rubric-politics"],"acf":[],"yoast_head":"<!-- This site is optimized with the Yoast SEO plugin v25.5 - https:\/\/yoast.com\/wordpress\/plugins\/seo\/ -->\n<title>Belarus to stay on EU agenda, von der Leyen assures Cichano\u016dskaja | Pozirk<\/title>\n<meta name=\"description\" content=\"September 22, BPN. Belarusian opposition leader Sviat\u0142ana Cichano\u016dskaja discussed sanctions against Alaksandr \u0141uka\u0161enka&#039;s regime during her meeting with\" \/>\n<meta name=\"robots\" content=\"index, follow, max-snippet:-1, max-image-preview:large, max-video-preview:-1\" \/>\n<link rel=\"canonical\" href=\"https:\/\/pozirk.online\/en\/news\/43839\/\" \/>\n<meta property=\"og:locale\" content=\"en_US\" \/>\n<meta property=\"og:type\" content=\"article\" \/>\n<meta property=\"og:title\" content=\"Belarus to stay on EU agenda, von der Leyen assures Cichano\u016dskaja | Pozirk\" \/>\n<meta property=\"og:description\" content=\"September 22, BPN. Belarusian opposition leader Sviat\u0142ana Cichano\u016dskaja discussed sanctions against Alaksandr \u0141uka\u0161enka&#039;s regime during her meeting with\" \/>\n<meta property=\"og:url\" content=\"https:\/\/pozirk.online\/en\/news\/43839\/\" \/>\n<meta property=\"og:site_name\" content=\"Pozirk\" \/>\n<meta property=\"article:publisher\" content=\"https:\/\/www.facebook.com\/pozirkonline\/\" \/>\n<meta property=\"article:modified_time\" content=\"2026-02-24T20:29:13+00:00\" \/>\n<meta name=\"twitter:card\" content=\"summary_large_image\" \/>\n<meta name=\"twitter:site\" content=\"@Pozirk_online\" \/>\n<meta name=\"twitter:label1\" content=\"Est. reading time\" \/>\n\t<meta name=\"twitter:data1\" content=\"1 minute\" \/>\n<script type=\"application\/ld+json\" class=\"yoast-schema-graph\">{\"@context\":\"https:\/\/schema.org\",\"@graph\":[{\"@type\":\"NewsArticle\",\"@id\":\"https:\/\/pozirk.online\/en\/news\/43839\/#article\",\"isPartOf\":{\"@id\":\"https:\/\/pozirk.online\/en\/news\/43839\/\"},\"headline\":\"Belarus to stay on EU agenda, von der Leyen assures Cichano\u016dskaja\",\"datePublished\":\"2022-09-22T07:57:23+00:00\",\"dateModified\":\"2026-02-24T20:29:13+00:00\",\"mainEntityOfPage\":{\"@id\":\"https:\/\/pozirk.online\/en\/news\/43839\/\"},\"wordCount\":165,\"publisher\":{\"@id\":\"https:\/\/pozirk.online\/en\/#organization\"},\"inLanguage\":\"en-US\"},{\"@type\":\"WebPage\",\"@id\":\"https:\/\/pozirk.online\/en\/news\/43839\/\",\"url\":\"https:\/\/pozirk.online\/en\/news\/43839\/\",\"name\":\"Belarus to stay on EU agenda, von der Leyen assures Cichano\u016dskaja | Pozirk\",\"isPartOf\":{\"@id\":\"https:\/\/pozirk.online\/en\/#website\"},\"datePublished\":\"2022-09-22T07:57:23+00:00\",\"dateModified\":\"2026-02-24T20:29:13+00:00\",\"description\":\"September 22, BPN. Belarusian opposition leader Sviat\u0142ana Cichano\u016dskaja discussed sanctions against Alaksandr \u0141uka\u0161enka's regime during her meeting with\",\"breadcrumb\":{\"@id\":\"https:\/\/pozirk.online\/en\/news\/43839\/#breadcrumb\"},\"inLanguage\":\"en-US\",\"potentialAction\":[{\"@type\":\"ReadAction\",\"target\":[\"https:\/\/pozirk.online\/en\/news\/43839\/\"]}]},{\"@type\":\"BreadcrumbList\",\"@id\":\"https:\/\/pozirk.online\/en\/news\/43839\/#breadcrumb\",\"itemListElement\":[{\"@type\":\"ListItem\",\"position\":1,\"name\":\"Home\",\"item\":\"https:\/\/pozirk.online\/en\/\"},{\"@type\":\"ListItem\",\"position\":2,\"name\":\"Belarus to stay on EU agenda, von der Leyen assures Cichano\u016dskaja\"}]},{\"@type\":\"WebSite\",\"@id\":\"https:\/\/pozirk.online\/en\/#website\",\"url\":\"https:\/\/pozirk.online\/en\/\",\"name\":\"Pozirk\",\"description\":\"\",\"publisher\":{\"@id\":\"https:\/\/pozirk.online\/en\/#organization\"},\"potentialAction\":[{\"@type\":\"SearchAction\",\"target\":{\"@type\":\"EntryPoint\",\"urlTemplate\":\"https:\/\/pozirk.online\/en\/?s={search_term_string}\"},\"query-input\":{\"@type\":\"PropertyValueSpecification\",\"valueRequired\":true,\"valueName\":\"search_term_string\"}}],\"inLanguage\":\"en-US\"},{\"@type\":\"Organization\",\"@id\":\"https:\/\/pozirk.online\/en\/#organization\",\"name\":\"Pozirk\",\"url\":\"https:\/\/pozirk.online\/en\/\",\"logo\":{\"@type\":\"ImageObject\",\"inLanguage\":\"en-US\",\"@id\":\"https:\/\/pozirk.online\/en\/#\/schema\/logo\/image\/\",\"url\":\"https:\/\/pozirk.online\/wp-content\/uploads\/2023\/11\/cropped-Logo_color_512.png\",\"contentUrl\":\"https:\/\/pozirk.online\/wp-content\/uploads\/2023\/11\/cropped-Logo_color_512.png\",\"width\":512,\"height\":512,\"caption\":\"Pozirk\"},\"image\":{\"@id\":\"https:\/\/pozirk.online\/en\/#\/schema\/logo\/image\/\"},\"sameAs\":[\"https:\/\/www.facebook.com\/pozirkonline\/\",\"https:\/\/x.com\/Pozirk_online\"]}]}<\/script>\n<!-- \/ Yoast SEO plugin. -->","yoast_head_json":{"title":"Belarus to stay on EU agenda, von der Leyen assures Cichano\u016dskaja | Pozirk","description":"September 22, BPN. Belarusian opposition leader Sviat\u0142ana Cichano\u016dskaja discussed sanctions against Alaksandr \u0141uka\u0161enka's regime during her meeting with","robots":{"index":"index","follow":"follow","max-snippet":"max-snippet:-1","max-image-preview":"max-image-preview:large","max-video-preview":"max-video-preview:-1"},"canonical":"https:\/\/pozirk.online\/en\/news\/43839\/","og_locale":"en_US","og_type":"article","og_title":"Belarus to stay on EU agenda, von der Leyen assures Cichano\u016dskaja | Pozirk","og_description":"September 22, BPN. Belarusian opposition leader Sviat\u0142ana Cichano\u016dskaja discussed sanctions against Alaksandr \u0141uka\u0161enka's regime during her meeting with","og_url":"https:\/\/pozirk.online\/en\/news\/43839\/","og_site_name":"Pozirk","article_publisher":"https:\/\/www.facebook.com\/pozirkonline\/","article_modified_time":"2026-02-24T20:29:13+00:00","twitter_card":"summary_large_image","twitter_site":"@Pozirk_online","twitter_misc":{"Est. reading time":"1 minute"},"schema":{"@context":"https:\/\/schema.org","@graph":[{"@type":"NewsArticle","@id":"https:\/\/pozirk.online\/en\/news\/43839\/#article","isPartOf":{"@id":"https:\/\/pozirk.online\/en\/news\/43839\/"},"headline":"Belarus to stay on EU agenda, von der Leyen assures Cichano\u016dskaja","datePublished":"2022-09-22T07:57:23+00:00","dateModified":"2026-02-24T20:29:13+00:00","mainEntityOfPage":{"@id":"https:\/\/pozirk.online\/en\/news\/43839\/"},"wordCount":165,"publisher":{"@id":"https:\/\/pozirk.online\/en\/#organization"},"inLanguage":"en-US"},{"@type":"WebPage","@id":"https:\/\/pozirk.online\/en\/news\/43839\/","url":"https:\/\/pozirk.online\/en\/news\/43839\/","name":"Belarus to stay on EU agenda, von der Leyen assures Cichano\u016dskaja | Pozirk","isPartOf":{"@id":"https:\/\/pozirk.online\/en\/#website"},"datePublished":"2022-09-22T07:57:23+00:00","dateModified":"2026-02-24T20:29:13+00:00","description":"September 22, BPN. Belarusian opposition leader Sviat\u0142ana Cichano\u016dskaja discussed sanctions against Alaksandr \u0141uka\u0161enka's regime during her meeting with","breadcrumb":{"@id":"https:\/\/pozirk.online\/en\/news\/43839\/#breadcrumb"},"inLanguage":"en-US","potentialAction":[{"@type":"ReadAction","target":["https:\/\/pozirk.online\/en\/news\/43839\/"]}]},{"@type":"BreadcrumbList","@id":"https:\/\/pozirk.online\/en\/news\/43839\/#breadcrumb","itemListElement":[{"@type":"ListItem","position":1,"name":"Home","item":"https:\/\/pozirk.online\/en\/"},{"@type":"ListItem","position":2,"name":"Belarus to stay on EU agenda, von der Leyen assures Cichano\u016dskaja"}]},{"@type":"WebSite","@id":"https:\/\/pozirk.online\/en\/#website","url":"https:\/\/pozirk.online\/en\/","name":"Pozirk","description":"","publisher":{"@id":"https:\/\/pozirk.online\/en\/#organization"},"potentialAction":[{"@type":"SearchAction","target":{"@type":"EntryPoint","urlTemplate":"https:\/\/pozirk.online\/en\/?s={search_term_string}"},"query-input":{"@type":"PropertyValueSpecification","valueRequired":true,"valueName":"search_term_string"}}],"inLanguage":"en-US"},{"@type":"Organization","@id":"https:\/\/pozirk.online\/en\/#organization","name":"Pozirk","url":"https:\/\/pozirk.online\/en\/","logo":{"@type":"ImageObject","inLanguage":"en-US","@id":"https:\/\/pozirk.online\/en\/#\/schema\/logo\/image\/","url":"https:\/\/pozirk.online\/wp-content\/uploads\/2023\/11\/cropped-Logo_color_512.png","contentUrl":"https:\/\/pozirk.online\/wp-content\/uploads\/2023\/11\/cropped-Logo_color_512.png","width":512,"height":512,"caption":"Pozirk"},"image":{"@id":"https:\/\/pozirk.online\/en\/#\/schema\/logo\/image\/"},"sameAs":["https:\/\/www.facebook.com\/pozirkonline\/","https:\/\/x.com\/Pozirk_online"]}]}},"_links":{"self":[{"href":"https:\/\/pozirk.online\/en\/wp-json\/wp\/v2\/articles\/43839","targetHints":{"allow":["GET"]}}],"collection":[{"href":"https:\/\/pozirk.online\/en\/wp-json\/wp\/v2\/articles"}],"about":[{"href":"https:\/\/pozirk.online\/en\/wp-json\/wp\/v2\/types\/articles"}],"author":[{"embeddable":true,"href":"https:\/\/pozirk.online\/en\/wp-json\/wp\/v2\/users\/75"}],"wp:attachment":[{"href":"https:\/\/pozirk.online\/en\/wp-json\/wp\/v2\/media?parent=43839"}],"wp:term":[{"taxonomy":"rubric","embeddable":true,"href":"https:\/\/pozirk.online\/en\/wp-json\/wp\/v2\/rubric?post=43839"}],"curies":[{"name":"wp","href":"https:\/\/api.w.org\/{rel}","templated":true}]}}