{"id":43873,"date":"2022-09-24T14:16:26","date_gmt":"2022-09-24T11:16:26","guid":{"rendered":"https:\/\/api.pozirk.online\/articles\/prominent-human-rights-defender-lasica-freed-from-prison\/"},"modified":"2026-02-24T20:29:13","modified_gmt":"2026-02-24T20:29:13","slug":"prominent-human-rights-defender-lasica-freed-from-prison","status":"publish","type":"articles","link":"https:\/\/pozirk.online\/en\/news\/43873\/","title":{"rendered":"Prominent human rights defender \u0141asica freed from prison"},"content":{"rendered":"<p>\n <b>September 24, <span>BPN<\/span>.<\/b> Authorities have released from prison human rights defender Ta\u0107ciana \u0141asica, the Homiel branch of the Viasna Human Rights Center reported.\n<\/p>\n<p>\n\t No further details of her release are available.\n<\/p>\n<p>\n\t \u0141asica was an assistant to Leanid Sudalenka, head of the Homiel\u2019s branch of Viasna. In November 2021, a court in Homiel sentenced Sudalenka to three years in prison, and \u0141asica, to two and a half years for allegedly financing protests.\n<\/p>\n<p>\n\t Human rights organizations dismissed the charges as politically motivated.<\/p>\n","protected":false},"excerpt":{"rendered":"<p>September 24, BPN. Authorities have released from prison human rights defender Ta\u0107ciana \u0141asica, the Homiel branch of the Viasna Human Rights Center reported. No further details of her release are available. \u0141asica was an assistant to Leanid Sudalenka, head of the Homiel\u2019s branch of Viasna. In November 2021, a court in Homiel sentenced Sudalenka to [&hellip;]<\/p>\n","protected":false},"author":75,"featured_media":0,"template":"","rubric":[16],"class_list":["post-43873","articles","type-articles","status-publish","hentry","rubric-politics"],"acf":[],"yoast_head":"<!-- This site is optimized with the Yoast SEO plugin v25.5 - https:\/\/yoast.com\/wordpress\/plugins\/seo\/ -->\n<title>Prominent human rights defender \u0141asica freed from prison | Pozirk<\/title>\n<meta name=\"description\" content=\"September 24, BPN. Authorities have released from prison human rights defender Ta\u0107ciana \u0141asica, the Homiel branch of the Viasna Human Rights Center\" \/>\n<meta name=\"robots\" content=\"index, follow, max-snippet:-1, max-image-preview:large, max-video-preview:-1\" \/>\n<link rel=\"canonical\" href=\"https:\/\/pozirk.online\/en\/news\/43873\/\" \/>\n<meta property=\"og:locale\" content=\"en_US\" \/>\n<meta property=\"og:type\" content=\"article\" \/>\n<meta property=\"og:title\" content=\"Prominent human rights defender \u0141asica freed from prison | Pozirk\" \/>\n<meta property=\"og:description\" content=\"September 24, BPN. Authorities have released from prison human rights defender Ta\u0107ciana \u0141asica, the Homiel branch of the Viasna Human Rights Center\" \/>\n<meta property=\"og:url\" content=\"https:\/\/pozirk.online\/en\/news\/43873\/\" \/>\n<meta property=\"og:site_name\" content=\"Pozirk\" \/>\n<meta property=\"article:publisher\" content=\"https:\/\/www.facebook.com\/pozirkonline\/\" \/>\n<meta property=\"article:modified_time\" content=\"2026-02-24T20:29:13+00:00\" \/>\n<meta name=\"twitter:card\" content=\"summary_large_image\" \/>\n<meta name=\"twitter:site\" content=\"@Pozirk_online\" \/>\n<script type=\"application\/ld+json\" class=\"yoast-schema-graph\">{\"@context\":\"https:\/\/schema.org\",\"@graph\":[{\"@type\":\"NewsArticle\",\"@id\":\"https:\/\/pozirk.online\/en\/news\/43873\/#article\",\"isPartOf\":{\"@id\":\"https:\/\/pozirk.online\/en\/news\/43873\/\"},\"headline\":\"Prominent human rights defender \u0141asica freed from prison\",\"datePublished\":\"2022-09-24T11:16:26+00:00\",\"dateModified\":\"2026-02-24T20:29:13+00:00\",\"mainEntityOfPage\":{\"@id\":\"https:\/\/pozirk.online\/en\/news\/43873\/\"},\"wordCount\":88,\"publisher\":{\"@id\":\"https:\/\/pozirk.online\/en\/#organization\"},\"inLanguage\":\"en-US\"},{\"@type\":\"WebPage\",\"@id\":\"https:\/\/pozirk.online\/en\/news\/43873\/\",\"url\":\"https:\/\/pozirk.online\/en\/news\/43873\/\",\"name\":\"Prominent human rights defender \u0141asica freed from prison | Pozirk\",\"isPartOf\":{\"@id\":\"https:\/\/pozirk.online\/en\/#website\"},\"datePublished\":\"2022-09-24T11:16:26+00:00\",\"dateModified\":\"2026-02-24T20:29:13+00:00\",\"description\":\"September 24, BPN. Authorities have released from prison human rights defender Ta\u0107ciana \u0141asica, the Homiel branch of the Viasna Human Rights Center\",\"breadcrumb\":{\"@id\":\"https:\/\/pozirk.online\/en\/news\/43873\/#breadcrumb\"},\"inLanguage\":\"en-US\",\"potentialAction\":[{\"@type\":\"ReadAction\",\"target\":[\"https:\/\/pozirk.online\/en\/news\/43873\/\"]}]},{\"@type\":\"BreadcrumbList\",\"@id\":\"https:\/\/pozirk.online\/en\/news\/43873\/#breadcrumb\",\"itemListElement\":[{\"@type\":\"ListItem\",\"position\":1,\"name\":\"Home\",\"item\":\"https:\/\/pozirk.online\/en\/\"},{\"@type\":\"ListItem\",\"position\":2,\"name\":\"Prominent human rights defender \u0141asica freed from prison\"}]},{\"@type\":\"WebSite\",\"@id\":\"https:\/\/pozirk.online\/en\/#website\",\"url\":\"https:\/\/pozirk.online\/en\/\",\"name\":\"Pozirk\",\"description\":\"\",\"publisher\":{\"@id\":\"https:\/\/pozirk.online\/en\/#organization\"},\"potentialAction\":[{\"@type\":\"SearchAction\",\"target\":{\"@type\":\"EntryPoint\",\"urlTemplate\":\"https:\/\/pozirk.online\/en\/?s={search_term_string}\"},\"query-input\":{\"@type\":\"PropertyValueSpecification\",\"valueRequired\":true,\"valueName\":\"search_term_string\"}}],\"inLanguage\":\"en-US\"},{\"@type\":\"Organization\",\"@id\":\"https:\/\/pozirk.online\/en\/#organization\",\"name\":\"Pozirk\",\"url\":\"https:\/\/pozirk.online\/en\/\",\"logo\":{\"@type\":\"ImageObject\",\"inLanguage\":\"en-US\",\"@id\":\"https:\/\/pozirk.online\/en\/#\/schema\/logo\/image\/\",\"url\":\"https:\/\/pozirk.online\/wp-content\/uploads\/2023\/11\/cropped-Logo_color_512.png\",\"contentUrl\":\"https:\/\/pozirk.online\/wp-content\/uploads\/2023\/11\/cropped-Logo_color_512.png\",\"width\":512,\"height\":512,\"caption\":\"Pozirk\"},\"image\":{\"@id\":\"https:\/\/pozirk.online\/en\/#\/schema\/logo\/image\/\"},\"sameAs\":[\"https:\/\/www.facebook.com\/pozirkonline\/\",\"https:\/\/x.com\/Pozirk_online\"]}]}<\/script>\n<!-- \/ Yoast SEO plugin. -->","yoast_head_json":{"title":"Prominent human rights defender \u0141asica freed from prison | Pozirk","description":"September 24, BPN. Authorities have released from prison human rights defender Ta\u0107ciana \u0141asica, the Homiel branch of the Viasna Human Rights Center","robots":{"index":"index","follow":"follow","max-snippet":"max-snippet:-1","max-image-preview":"max-image-preview:large","max-video-preview":"max-video-preview:-1"},"canonical":"https:\/\/pozirk.online\/en\/news\/43873\/","og_locale":"en_US","og_type":"article","og_title":"Prominent human rights defender \u0141asica freed from prison | Pozirk","og_description":"September 24, BPN. Authorities have released from prison human rights defender Ta\u0107ciana \u0141asica, the Homiel branch of the Viasna Human Rights Center","og_url":"https:\/\/pozirk.online\/en\/news\/43873\/","og_site_name":"Pozirk","article_publisher":"https:\/\/www.facebook.com\/pozirkonline\/","article_modified_time":"2026-02-24T20:29:13+00:00","twitter_card":"summary_large_image","twitter_site":"@Pozirk_online","schema":{"@context":"https:\/\/schema.org","@graph":[{"@type":"NewsArticle","@id":"https:\/\/pozirk.online\/en\/news\/43873\/#article","isPartOf":{"@id":"https:\/\/pozirk.online\/en\/news\/43873\/"},"headline":"Prominent human rights defender \u0141asica freed from prison","datePublished":"2022-09-24T11:16:26+00:00","dateModified":"2026-02-24T20:29:13+00:00","mainEntityOfPage":{"@id":"https:\/\/pozirk.online\/en\/news\/43873\/"},"wordCount":88,"publisher":{"@id":"https:\/\/pozirk.online\/en\/#organization"},"inLanguage":"en-US"},{"@type":"WebPage","@id":"https:\/\/pozirk.online\/en\/news\/43873\/","url":"https:\/\/pozirk.online\/en\/news\/43873\/","name":"Prominent human rights defender \u0141asica freed from prison | Pozirk","isPartOf":{"@id":"https:\/\/pozirk.online\/en\/#website"},"datePublished":"2022-09-24T11:16:26+00:00","dateModified":"2026-02-24T20:29:13+00:00","description":"September 24, BPN. Authorities have released from prison human rights defender Ta\u0107ciana \u0141asica, the Homiel branch of the Viasna Human Rights Center","breadcrumb":{"@id":"https:\/\/pozirk.online\/en\/news\/43873\/#breadcrumb"},"inLanguage":"en-US","potentialAction":[{"@type":"ReadAction","target":["https:\/\/pozirk.online\/en\/news\/43873\/"]}]},{"@type":"BreadcrumbList","@id":"https:\/\/pozirk.online\/en\/news\/43873\/#breadcrumb","itemListElement":[{"@type":"ListItem","position":1,"name":"Home","item":"https:\/\/pozirk.online\/en\/"},{"@type":"ListItem","position":2,"name":"Prominent human rights defender \u0141asica freed from prison"}]},{"@type":"WebSite","@id":"https:\/\/pozirk.online\/en\/#website","url":"https:\/\/pozirk.online\/en\/","name":"Pozirk","description":"","publisher":{"@id":"https:\/\/pozirk.online\/en\/#organization"},"potentialAction":[{"@type":"SearchAction","target":{"@type":"EntryPoint","urlTemplate":"https:\/\/pozirk.online\/en\/?s={search_term_string}"},"query-input":{"@type":"PropertyValueSpecification","valueRequired":true,"valueName":"search_term_string"}}],"inLanguage":"en-US"},{"@type":"Organization","@id":"https:\/\/pozirk.online\/en\/#organization","name":"Pozirk","url":"https:\/\/pozirk.online\/en\/","logo":{"@type":"ImageObject","inLanguage":"en-US","@id":"https:\/\/pozirk.online\/en\/#\/schema\/logo\/image\/","url":"https:\/\/pozirk.online\/wp-content\/uploads\/2023\/11\/cropped-Logo_color_512.png","contentUrl":"https:\/\/pozirk.online\/wp-content\/uploads\/2023\/11\/cropped-Logo_color_512.png","width":512,"height":512,"caption":"Pozirk"},"image":{"@id":"https:\/\/pozirk.online\/en\/#\/schema\/logo\/image\/"},"sameAs":["https:\/\/www.facebook.com\/pozirkonline\/","https:\/\/x.com\/Pozirk_online"]}]}},"_links":{"self":[{"href":"https:\/\/pozirk.online\/en\/wp-json\/wp\/v2\/articles\/43873","targetHints":{"allow":["GET"]}}],"collection":[{"href":"https:\/\/pozirk.online\/en\/wp-json\/wp\/v2\/articles"}],"about":[{"href":"https:\/\/pozirk.online\/en\/wp-json\/wp\/v2\/types\/articles"}],"author":[{"embeddable":true,"href":"https:\/\/pozirk.online\/en\/wp-json\/wp\/v2\/users\/75"}],"wp:attachment":[{"href":"https:\/\/pozirk.online\/en\/wp-json\/wp\/v2\/media?parent=43873"}],"wp:term":[{"taxonomy":"rubric","embeddable":true,"href":"https:\/\/pozirk.online\/en\/wp-json\/wp\/v2\/rubric?post=43873"}],"curies":[{"name":"wp","href":"https:\/\/api.w.org\/{rel}","templated":true}]}}