{"id":4508,"date":"2023-09-12T13:45:00","date_gmt":"2023-09-12T10:45:00","guid":{"rendered":"https:\/\/api.pozirk.online\/?post_type=articles&#038;p=4508"},"modified":"2026-02-24T20:40:57","modified_gmt":"2026-02-24T20:40:57","slug":"opposition-cabinet-to-represent-belarusians-in-slovakia-after-embassy-closure","status":"publish","type":"articles","link":"https:\/\/pozirk.online\/en\/news\/4508\/","title":{"rendered":"Opposition cabinet to represent Belarusians in Slovakia after embassy closure"},"content":{"rendered":"\n<p><strong>September 12,\u00a0<em>Pozirk<\/em>.<\/strong>\u00a0The closure of the Belarusian embassy in Slovakia is &#8220;yet another defeat for the illegitimate [Alaksandar \u0141uka\u0161enka&#8217;s] regime at the international arena,&#8221; said Valer Kavale\u016dski, the foreign affairs chief at the opposition transition cabinet.<\/p>\n\n\n\n<p>The government\u2019s decision to close the embassy will not affect Belarusians in Slovakia because the mission no longer fulfils its basic consular duties and &#8220;represents only the dictator&#8217;s interests,&#8221; the cabinet\u2019s press office quoted him as saying.<\/p>\n\n\n\n<p>The Belarusian opposition\u2019s cabinet will continue to expand its &#8220;strong ties with Slovakia&#8217;s leadership&#8221; to advance the interests of Belarusians living in that country, Kavale\u016dski stressed.<\/p>\n\n\n\n<p>&#8220;Slovakia is an important partner of democratic Belarus on the path of European choice,&#8221; the politician said. &#8220;We are grateful to its leadership for its support and are confident that a democratic and European Belarus will allow us to fully unlock and realize the great potential of bilateral relations.&#8221;<\/p>\n\n\n\n<p>The Belarusian government\u2019s recent directive says the embassy in Bratislava will wind down its operations by December 1.<\/p>\n","protected":false},"excerpt":{"rendered":"<p>September 12,\u00a0Pozirk.\u00a0The closure of the Belarusian embassy in Slovakia is &#8220;yet another defeat for the illegitimate [Alaksandar \u0141uka\u0161enka&#8217;s] regime at the international arena,&#8221; said Valer Kavale\u016dski, the foreign affairs chief at the opposition transition cabinet. The government\u2019s decision to close the embassy will not affect Belarusians in Slovakia because the mission no longer fulfils its [&hellip;]<\/p>\n","protected":false},"author":75,"featured_media":0,"template":"","rubric":[14],"class_list":["post-4508","articles","type-articles","status-publish","hentry","rubric-politics"],"acf":[],"yoast_head":"<!-- This site is optimized with the Yoast SEO plugin v25.5 - https:\/\/yoast.com\/wordpress\/plugins\/seo\/ -->\n<title>Opposition cabinet to represent Belarusians in Slovakia after embassy closure | Pozirk<\/title>\n<meta name=\"description\" content=\"September 12,\u00a0Pozirk.\u00a0The closure of the Belarusian embassy in Slovakia is &quot;yet another defeat for the illegitimate regime at the international arena,&quot;\" \/>\n<meta name=\"robots\" content=\"index, follow, max-snippet:-1, max-image-preview:large, max-video-preview:-1\" \/>\n<link rel=\"canonical\" href=\"https:\/\/pozirk.online\/en\/news\/4508\/\" \/>\n<meta property=\"og:locale\" content=\"en_US\" \/>\n<meta property=\"og:type\" content=\"article\" \/>\n<meta property=\"og:title\" content=\"Opposition cabinet to represent Belarusians in Slovakia after embassy closure | Pozirk\" \/>\n<meta property=\"og:description\" content=\"September 12,\u00a0Pozirk.\u00a0The closure of the Belarusian embassy in Slovakia is &quot;yet another defeat for the illegitimate regime at the international arena,&quot;\" \/>\n<meta property=\"og:url\" content=\"https:\/\/pozirk.online\/en\/news\/4508\/\" \/>\n<meta property=\"og:site_name\" content=\"Pozirk\" \/>\n<meta property=\"article:publisher\" content=\"https:\/\/www.facebook.com\/pozirkonline\/\" \/>\n<meta property=\"article:modified_time\" content=\"2026-02-24T20:40:57+00:00\" \/>\n<meta name=\"twitter:card\" content=\"summary_large_image\" \/>\n<meta name=\"twitter:site\" content=\"@Pozirk_online\" \/>\n<meta name=\"twitter:label1\" content=\"Est. reading time\" \/>\n\t<meta name=\"twitter:data1\" content=\"1 minute\" \/>\n<script type=\"application\/ld+json\" class=\"yoast-schema-graph\">{\"@context\":\"https:\/\/schema.org\",\"@graph\":[{\"@type\":\"NewsArticle\",\"@id\":\"https:\/\/pozirk.online\/en\/news\/4508\/#article\",\"isPartOf\":{\"@id\":\"https:\/\/pozirk.online\/en\/news\/4508\/\"},\"headline\":\"Opposition cabinet to represent Belarusians in Slovakia after embassy closure\",\"datePublished\":\"2023-09-12T10:45:00+00:00\",\"dateModified\":\"2026-02-24T20:40:57+00:00\",\"mainEntityOfPage\":{\"@id\":\"https:\/\/pozirk.online\/en\/news\/4508\/\"},\"wordCount\":185,\"publisher\":{\"@id\":\"https:\/\/pozirk.online\/en\/#organization\"},\"inLanguage\":\"en-US\"},{\"@type\":\"WebPage\",\"@id\":\"https:\/\/pozirk.online\/en\/news\/4508\/\",\"url\":\"https:\/\/pozirk.online\/en\/news\/4508\/\",\"name\":\"Opposition cabinet to represent Belarusians in Slovakia after embassy closure | Pozirk\",\"isPartOf\":{\"@id\":\"https:\/\/pozirk.online\/en\/#website\"},\"datePublished\":\"2023-09-12T10:45:00+00:00\",\"dateModified\":\"2026-02-24T20:40:57+00:00\",\"description\":\"September 12,\u00a0Pozirk.\u00a0The closure of the Belarusian embassy in Slovakia is \\\"yet another defeat for the illegitimate regime at the international arena,\\\"\",\"breadcrumb\":{\"@id\":\"https:\/\/pozirk.online\/en\/news\/4508\/#breadcrumb\"},\"inLanguage\":\"en-US\",\"potentialAction\":[{\"@type\":\"ReadAction\",\"target\":[\"https:\/\/pozirk.online\/en\/news\/4508\/\"]}]},{\"@type\":\"BreadcrumbList\",\"@id\":\"https:\/\/pozirk.online\/en\/news\/4508\/#breadcrumb\",\"itemListElement\":[{\"@type\":\"ListItem\",\"position\":1,\"name\":\"Home\",\"item\":\"https:\/\/pozirk.online\/en\/\"},{\"@type\":\"ListItem\",\"position\":2,\"name\":\"Opposition cabinet to represent Belarusians in Slovakia after embassy closure\"}]},{\"@type\":\"WebSite\",\"@id\":\"https:\/\/pozirk.online\/en\/#website\",\"url\":\"https:\/\/pozirk.online\/en\/\",\"name\":\"Pozirk\",\"description\":\"\",\"publisher\":{\"@id\":\"https:\/\/pozirk.online\/en\/#organization\"},\"potentialAction\":[{\"@type\":\"SearchAction\",\"target\":{\"@type\":\"EntryPoint\",\"urlTemplate\":\"https:\/\/pozirk.online\/en\/?s={search_term_string}\"},\"query-input\":{\"@type\":\"PropertyValueSpecification\",\"valueRequired\":true,\"valueName\":\"search_term_string\"}}],\"inLanguage\":\"en-US\"},{\"@type\":\"Organization\",\"@id\":\"https:\/\/pozirk.online\/en\/#organization\",\"name\":\"Pozirk\",\"url\":\"https:\/\/pozirk.online\/en\/\",\"logo\":{\"@type\":\"ImageObject\",\"inLanguage\":\"en-US\",\"@id\":\"https:\/\/pozirk.online\/en\/#\/schema\/logo\/image\/\",\"url\":\"https:\/\/pozirk.online\/wp-content\/uploads\/2023\/11\/cropped-Logo_color_512.png\",\"contentUrl\":\"https:\/\/pozirk.online\/wp-content\/uploads\/2023\/11\/cropped-Logo_color_512.png\",\"width\":512,\"height\":512,\"caption\":\"Pozirk\"},\"image\":{\"@id\":\"https:\/\/pozirk.online\/en\/#\/schema\/logo\/image\/\"},\"sameAs\":[\"https:\/\/www.facebook.com\/pozirkonline\/\",\"https:\/\/x.com\/Pozirk_online\"]}]}<\/script>\n<!-- \/ Yoast SEO plugin. -->","yoast_head_json":{"title":"Opposition cabinet to represent Belarusians in Slovakia after embassy closure | Pozirk","description":"September 12,\u00a0Pozirk.\u00a0The closure of the Belarusian embassy in Slovakia is \"yet another defeat for the illegitimate regime at the international arena,\"","robots":{"index":"index","follow":"follow","max-snippet":"max-snippet:-1","max-image-preview":"max-image-preview:large","max-video-preview":"max-video-preview:-1"},"canonical":"https:\/\/pozirk.online\/en\/news\/4508\/","og_locale":"en_US","og_type":"article","og_title":"Opposition cabinet to represent Belarusians in Slovakia after embassy closure | Pozirk","og_description":"September 12,\u00a0Pozirk.\u00a0The closure of the Belarusian embassy in Slovakia is \"yet another defeat for the illegitimate regime at the international arena,\"","og_url":"https:\/\/pozirk.online\/en\/news\/4508\/","og_site_name":"Pozirk","article_publisher":"https:\/\/www.facebook.com\/pozirkonline\/","article_modified_time":"2026-02-24T20:40:57+00:00","twitter_card":"summary_large_image","twitter_site":"@Pozirk_online","twitter_misc":{"Est. reading time":"1 minute"},"schema":{"@context":"https:\/\/schema.org","@graph":[{"@type":"NewsArticle","@id":"https:\/\/pozirk.online\/en\/news\/4508\/#article","isPartOf":{"@id":"https:\/\/pozirk.online\/en\/news\/4508\/"},"headline":"Opposition cabinet to represent Belarusians in Slovakia after embassy closure","datePublished":"2023-09-12T10:45:00+00:00","dateModified":"2026-02-24T20:40:57+00:00","mainEntityOfPage":{"@id":"https:\/\/pozirk.online\/en\/news\/4508\/"},"wordCount":185,"publisher":{"@id":"https:\/\/pozirk.online\/en\/#organization"},"inLanguage":"en-US"},{"@type":"WebPage","@id":"https:\/\/pozirk.online\/en\/news\/4508\/","url":"https:\/\/pozirk.online\/en\/news\/4508\/","name":"Opposition cabinet to represent Belarusians in Slovakia after embassy closure | Pozirk","isPartOf":{"@id":"https:\/\/pozirk.online\/en\/#website"},"datePublished":"2023-09-12T10:45:00+00:00","dateModified":"2026-02-24T20:40:57+00:00","description":"September 12,\u00a0Pozirk.\u00a0The closure of the Belarusian embassy in Slovakia is \"yet another defeat for the illegitimate regime at the international arena,\"","breadcrumb":{"@id":"https:\/\/pozirk.online\/en\/news\/4508\/#breadcrumb"},"inLanguage":"en-US","potentialAction":[{"@type":"ReadAction","target":["https:\/\/pozirk.online\/en\/news\/4508\/"]}]},{"@type":"BreadcrumbList","@id":"https:\/\/pozirk.online\/en\/news\/4508\/#breadcrumb","itemListElement":[{"@type":"ListItem","position":1,"name":"Home","item":"https:\/\/pozirk.online\/en\/"},{"@type":"ListItem","position":2,"name":"Opposition cabinet to represent Belarusians in Slovakia after embassy closure"}]},{"@type":"WebSite","@id":"https:\/\/pozirk.online\/en\/#website","url":"https:\/\/pozirk.online\/en\/","name":"Pozirk","description":"","publisher":{"@id":"https:\/\/pozirk.online\/en\/#organization"},"potentialAction":[{"@type":"SearchAction","target":{"@type":"EntryPoint","urlTemplate":"https:\/\/pozirk.online\/en\/?s={search_term_string}"},"query-input":{"@type":"PropertyValueSpecification","valueRequired":true,"valueName":"search_term_string"}}],"inLanguage":"en-US"},{"@type":"Organization","@id":"https:\/\/pozirk.online\/en\/#organization","name":"Pozirk","url":"https:\/\/pozirk.online\/en\/","logo":{"@type":"ImageObject","inLanguage":"en-US","@id":"https:\/\/pozirk.online\/en\/#\/schema\/logo\/image\/","url":"https:\/\/pozirk.online\/wp-content\/uploads\/2023\/11\/cropped-Logo_color_512.png","contentUrl":"https:\/\/pozirk.online\/wp-content\/uploads\/2023\/11\/cropped-Logo_color_512.png","width":512,"height":512,"caption":"Pozirk"},"image":{"@id":"https:\/\/pozirk.online\/en\/#\/schema\/logo\/image\/"},"sameAs":["https:\/\/www.facebook.com\/pozirkonline\/","https:\/\/x.com\/Pozirk_online"]}]}},"_links":{"self":[{"href":"https:\/\/pozirk.online\/en\/wp-json\/wp\/v2\/articles\/4508","targetHints":{"allow":["GET"]}}],"collection":[{"href":"https:\/\/pozirk.online\/en\/wp-json\/wp\/v2\/articles"}],"about":[{"href":"https:\/\/pozirk.online\/en\/wp-json\/wp\/v2\/types\/articles"}],"author":[{"embeddable":true,"href":"https:\/\/pozirk.online\/en\/wp-json\/wp\/v2\/users\/75"}],"wp:attachment":[{"href":"https:\/\/pozirk.online\/en\/wp-json\/wp\/v2\/media?parent=4508"}],"wp:term":[{"taxonomy":"rubric","embeddable":true,"href":"https:\/\/pozirk.online\/en\/wp-json\/wp\/v2\/rubric?post=4508"}],"curies":[{"name":"wp","href":"https:\/\/api.w.org\/{rel}","templated":true}]}}