{"id":4519,"date":"2023-09-09T17:47:00","date_gmt":"2023-09-09T14:47:00","guid":{"rendered":"https:\/\/api.pozirk.online\/?post_type=articles&#038;p=4519"},"modified":"2026-03-10T12:05:06","modified_gmt":"2026-03-10T12:05:06","slug":"update-on-arrests-trials-politically-motivated-persecution-45","status":"publish","type":"articles","link":"https:\/\/pozirk.online\/en\/news\/4519\/","title":{"rendered":"Update on arrests, trials, politically-motivated persecution"},"content":{"rendered":"\n<p><strong>September 9,\u00a0<em>Pozirk<\/em>.<\/strong>\u00a0New cases of politically-motivated persecution were documented in Belarus on September 8 with\u00a0reprisals for sharing opposition content and 2020 protests continuing unabated.<\/p>\n\n\n\n<p>Arrested and released<\/p>\n\n\n\n<p>Police in Brest arrested Alaksandar Kazak, a bar owner, for sharing opposition content on social media,&nbsp;<em>Mediazona<\/em>&nbsp;reported.<\/p>\n\n\n\n<p>A supermarket cashier was arrested in Brest for following opposition Telegram channels, a pro-government Telegram channel said.<\/p>\n\n\n\n<p>An accountant is under arrest in Mahilo\u016d&nbsp;for following and sharing opposition content on social media, the Viasna Human Rights Center reported.<\/p>\n\n\n\n<p>Trials<\/p>\n\n\n\n<p>A beauty parlor owner in&nbsp;Mahilo\u016d was fined 3,700 rubles ($1,127) over her white-red-white manicure,&nbsp;<em>Mediazona<\/em>&nbsp;reported. Police reportedly found white-red-white and Ukrainian flags during the search at&nbsp;her home as well as pictures from 2020 protests on her smartphone.<\/p>\n\n\n\n<p>Mechanic Siarhiej Maciuk from the Viciebsk region&#8217;s Miory district was jailed for five days on charges of sharing opposition content on the Telegram messaging app, the Viciebsk branch of Viasna reported.<\/p>\n\n\n\n<p>Alaksiej Ivana\u016d was jailed in&nbsp;Or\u0161a, Viciebsk region, for seven days on similar charges over an Instagram post, the&nbsp;<em>Vitebsk, ja gulayu!<\/em>&nbsp;Telegram channel said.<\/p>\n\n\n\n<p>Anton Bubo\u0142a, 81, will go on trial in Vierchniad\u017avinsk, Viciebsk region, the same Telegram channel said. Authorities accuse the local history researcher and former inmate of the Nazi concentration camp of sharing opposition content. Three other defendants in the same case are Natalla \u0141akotka, Valeryj Turonak and Anatol Selivon\u010dyk. In January, authorities fined Bubo\u0142a 740 ($225) rubels on similar charges.<\/p>\n\n\n\n<p>Authorities released Viktoryja Navickaja after she had served a prison term on protest-related charges, activist Ja\u016dhienija Do\u016dhaja said on Facebook. Naviskaja&#8217;s brother, Jan Mielnika\u016d, is currently fighting Russia in Ukraine.<\/p>\n\n\n\n<p>Criminal proceedings<\/p>\n\n\n\n<p>A judge in&nbsp;Kruh\u0142aje, Mahilo\u016d region, sentenced Alina Horava and Alesia Fryhina to 18 months of restricted freedom in home confinement over 2020 protests,&nbsp;and Pavie\u0142 Ta\u0142ana\u016d, to two years, Viasna reported. Horava had been sentenced to one year of restricted freedom in home confinement on similar charges.<\/p>\n\n\n\n<p>Siarhiej Mickievic, 60, was given two years of restricted freedom in home confinement and a fine of 3,700 rubles ($1,127) for allegedly insulting Alaksandar \u0141uka\u0161enka online, Viasna said.<\/p>\n\n\n\n<p>A judge in Mahilo\u016d sentenced Alaksandar Nikana\u016d&nbsp;to two years in prison over a like on Odnoklassniki which authorities interpreted as slandering and insulting \u0141uka\u0161enka, Viasna reported.<\/p>\n\n\n\n<p>Other instances of persecution<\/p>\n\n\n\n<p>Homiel prison authorities refuse to accept parcels for jailed opposition activist Palina \u0160arenda-Panasiuk who needs a special diet after a hunger strike,&nbsp;<em>Radyjo Svaboda<\/em>&nbsp;reported.<\/p>\n\n\n\n<p>Extremist list update<\/p>\n\n\n\n<p>The interior ministry added 18 more people to the list of &#8220;persons involved in extremist activities,&#8221; taking their total to 3,268, its website said. The additions include lawyer Alaksandar Danilevi\u010d and journalist Ja\u016dhien Mierkis. Both are currently serving lengthy prison terms on extremism-related charges.<\/p>\n\n\n\n<p>New political prisoners<\/p>\n\n\n\n<p>Belarusian human rights activists labeled ten more people as political prisoners, including trade unionists Volha Brycikava, Alaksandar Ba\u0142onkin and Alaksandar Kucharonak, Viasna said.<\/p>\n\n\n\n<p>As of September 9, human rights defenders identified at least 1,519 political prisoners but the real number is considerably higher because many cases go undocumented. Opposition sources estimate the number of political prisoners at around 5,000.<\/p>\n","protected":false},"excerpt":{"rendered":"<p>September 9,\u00a0Pozirk.\u00a0New cases of politically-motivated persecution were documented in Belarus on September 8 with\u00a0reprisals for sharing opposition content and 2020 protests continuing unabated. Arrested and released Police in Brest arrested Alaksandar Kazak, a bar owner, for sharing opposition content on social media,&nbsp;Mediazona&nbsp;reported. A supermarket cashier was arrested in Brest for following opposition Telegram channels, a [&hellip;]<\/p>\n","protected":false},"author":84,"featured_media":0,"template":"","rubric":[14],"class_list":["post-4519","articles","type-articles","status-publish","hentry","rubric-politics"],"acf":[],"yoast_head":"<!-- This site is optimized with the Yoast SEO plugin v25.5 - https:\/\/yoast.com\/wordpress\/plugins\/seo\/ -->\n<title>Update on arrests, trials, politically-motivated persecution | Pozirk<\/title>\n<meta name=\"description\" content=\"September 9,\u00a0Pozirk.\u00a0New cases of politically-motivated persecution were documented in Belarus on September 8 with\u00a0reprisals for sharing opposition\" \/>\n<meta name=\"robots\" content=\"index, follow, max-snippet:-1, max-image-preview:large, max-video-preview:-1\" \/>\n<link rel=\"canonical\" href=\"https:\/\/pozirk.online\/en\/news\/4519\/\" \/>\n<meta property=\"og:locale\" content=\"en_US\" \/>\n<meta property=\"og:type\" content=\"article\" \/>\n<meta property=\"og:title\" content=\"Update on arrests, trials, politically-motivated persecution | Pozirk\" \/>\n<meta property=\"og:description\" content=\"September 9,\u00a0Pozirk.\u00a0New cases of politically-motivated persecution were documented in Belarus on September 8 with\u00a0reprisals for sharing opposition\" \/>\n<meta property=\"og:url\" content=\"https:\/\/pozirk.online\/en\/news\/4519\/\" \/>\n<meta property=\"og:site_name\" content=\"Pozirk\" \/>\n<meta property=\"article:publisher\" content=\"https:\/\/www.facebook.com\/pozirkonline\/\" \/>\n<meta property=\"article:modified_time\" content=\"2026-03-10T12:05:06+00:00\" \/>\n<meta name=\"twitter:card\" content=\"summary_large_image\" \/>\n<meta name=\"twitter:site\" content=\"@Pozirk_online\" \/>\n<meta name=\"twitter:label1\" content=\"Est. reading time\" \/>\n\t<meta name=\"twitter:data1\" content=\"3 minutes\" \/>\n<script type=\"application\/ld+json\" class=\"yoast-schema-graph\">{\"@context\":\"https:\/\/schema.org\",\"@graph\":[{\"@type\":\"NewsArticle\",\"@id\":\"https:\/\/pozirk.online\/en\/news\/4519\/#article\",\"isPartOf\":{\"@id\":\"https:\/\/pozirk.online\/en\/news\/4519\/\"},\"headline\":\"Update on arrests, trials, politically-motivated persecution\",\"datePublished\":\"2023-09-09T14:47:00+00:00\",\"dateModified\":\"2026-03-10T12:05:06+00:00\",\"mainEntityOfPage\":{\"@id\":\"https:\/\/pozirk.online\/en\/news\/4519\/\"},\"wordCount\":533,\"publisher\":{\"@id\":\"https:\/\/pozirk.online\/en\/#organization\"},\"inLanguage\":\"en-US\"},{\"@type\":\"WebPage\",\"@id\":\"https:\/\/pozirk.online\/en\/news\/4519\/\",\"url\":\"https:\/\/pozirk.online\/en\/news\/4519\/\",\"name\":\"Update on arrests, trials, politically-motivated persecution | Pozirk\",\"isPartOf\":{\"@id\":\"https:\/\/pozirk.online\/en\/#website\"},\"datePublished\":\"2023-09-09T14:47:00+00:00\",\"dateModified\":\"2026-03-10T12:05:06+00:00\",\"description\":\"September 9,\u00a0Pozirk.\u00a0New cases of politically-motivated persecution were documented in Belarus on September 8 with\u00a0reprisals for sharing opposition\",\"breadcrumb\":{\"@id\":\"https:\/\/pozirk.online\/en\/news\/4519\/#breadcrumb\"},\"inLanguage\":\"en-US\",\"potentialAction\":[{\"@type\":\"ReadAction\",\"target\":[\"https:\/\/pozirk.online\/en\/news\/4519\/\"]}]},{\"@type\":\"BreadcrumbList\",\"@id\":\"https:\/\/pozirk.online\/en\/news\/4519\/#breadcrumb\",\"itemListElement\":[{\"@type\":\"ListItem\",\"position\":1,\"name\":\"Home\",\"item\":\"https:\/\/pozirk.online\/en\/\"},{\"@type\":\"ListItem\",\"position\":2,\"name\":\"Update on arrests, trials, politically-motivated persecution\"}]},{\"@type\":\"WebSite\",\"@id\":\"https:\/\/pozirk.online\/en\/#website\",\"url\":\"https:\/\/pozirk.online\/en\/\",\"name\":\"Pozirk\",\"description\":\"\",\"publisher\":{\"@id\":\"https:\/\/pozirk.online\/en\/#organization\"},\"potentialAction\":[{\"@type\":\"SearchAction\",\"target\":{\"@type\":\"EntryPoint\",\"urlTemplate\":\"https:\/\/pozirk.online\/en\/?s={search_term_string}\"},\"query-input\":{\"@type\":\"PropertyValueSpecification\",\"valueRequired\":true,\"valueName\":\"search_term_string\"}}],\"inLanguage\":\"en-US\"},{\"@type\":\"Organization\",\"@id\":\"https:\/\/pozirk.online\/en\/#organization\",\"name\":\"Pozirk\",\"url\":\"https:\/\/pozirk.online\/en\/\",\"logo\":{\"@type\":\"ImageObject\",\"inLanguage\":\"en-US\",\"@id\":\"https:\/\/pozirk.online\/en\/#\/schema\/logo\/image\/\",\"url\":\"https:\/\/pozirk.online\/wp-content\/uploads\/2023\/11\/cropped-Logo_color_512.png\",\"contentUrl\":\"https:\/\/pozirk.online\/wp-content\/uploads\/2023\/11\/cropped-Logo_color_512.png\",\"width\":512,\"height\":512,\"caption\":\"Pozirk\"},\"image\":{\"@id\":\"https:\/\/pozirk.online\/en\/#\/schema\/logo\/image\/\"},\"sameAs\":[\"https:\/\/www.facebook.com\/pozirkonline\/\",\"https:\/\/x.com\/Pozirk_online\"]}]}<\/script>\n<!-- \/ Yoast SEO plugin. -->","yoast_head_json":{"title":"Update on arrests, trials, politically-motivated persecution | Pozirk","description":"September 9,\u00a0Pozirk.\u00a0New cases of politically-motivated persecution were documented in Belarus on September 8 with\u00a0reprisals for sharing opposition","robots":{"index":"index","follow":"follow","max-snippet":"max-snippet:-1","max-image-preview":"max-image-preview:large","max-video-preview":"max-video-preview:-1"},"canonical":"https:\/\/pozirk.online\/en\/news\/4519\/","og_locale":"en_US","og_type":"article","og_title":"Update on arrests, trials, politically-motivated persecution | Pozirk","og_description":"September 9,\u00a0Pozirk.\u00a0New cases of politically-motivated persecution were documented in Belarus on September 8 with\u00a0reprisals for sharing opposition","og_url":"https:\/\/pozirk.online\/en\/news\/4519\/","og_site_name":"Pozirk","article_publisher":"https:\/\/www.facebook.com\/pozirkonline\/","article_modified_time":"2026-03-10T12:05:06+00:00","twitter_card":"summary_large_image","twitter_site":"@Pozirk_online","twitter_misc":{"Est. reading time":"3 minutes"},"schema":{"@context":"https:\/\/schema.org","@graph":[{"@type":"NewsArticle","@id":"https:\/\/pozirk.online\/en\/news\/4519\/#article","isPartOf":{"@id":"https:\/\/pozirk.online\/en\/news\/4519\/"},"headline":"Update on arrests, trials, politically-motivated persecution","datePublished":"2023-09-09T14:47:00+00:00","dateModified":"2026-03-10T12:05:06+00:00","mainEntityOfPage":{"@id":"https:\/\/pozirk.online\/en\/news\/4519\/"},"wordCount":533,"publisher":{"@id":"https:\/\/pozirk.online\/en\/#organization"},"inLanguage":"en-US"},{"@type":"WebPage","@id":"https:\/\/pozirk.online\/en\/news\/4519\/","url":"https:\/\/pozirk.online\/en\/news\/4519\/","name":"Update on arrests, trials, politically-motivated persecution | Pozirk","isPartOf":{"@id":"https:\/\/pozirk.online\/en\/#website"},"datePublished":"2023-09-09T14:47:00+00:00","dateModified":"2026-03-10T12:05:06+00:00","description":"September 9,\u00a0Pozirk.\u00a0New cases of politically-motivated persecution were documented in Belarus on September 8 with\u00a0reprisals for sharing opposition","breadcrumb":{"@id":"https:\/\/pozirk.online\/en\/news\/4519\/#breadcrumb"},"inLanguage":"en-US","potentialAction":[{"@type":"ReadAction","target":["https:\/\/pozirk.online\/en\/news\/4519\/"]}]},{"@type":"BreadcrumbList","@id":"https:\/\/pozirk.online\/en\/news\/4519\/#breadcrumb","itemListElement":[{"@type":"ListItem","position":1,"name":"Home","item":"https:\/\/pozirk.online\/en\/"},{"@type":"ListItem","position":2,"name":"Update on arrests, trials, politically-motivated persecution"}]},{"@type":"WebSite","@id":"https:\/\/pozirk.online\/en\/#website","url":"https:\/\/pozirk.online\/en\/","name":"Pozirk","description":"","publisher":{"@id":"https:\/\/pozirk.online\/en\/#organization"},"potentialAction":[{"@type":"SearchAction","target":{"@type":"EntryPoint","urlTemplate":"https:\/\/pozirk.online\/en\/?s={search_term_string}"},"query-input":{"@type":"PropertyValueSpecification","valueRequired":true,"valueName":"search_term_string"}}],"inLanguage":"en-US"},{"@type":"Organization","@id":"https:\/\/pozirk.online\/en\/#organization","name":"Pozirk","url":"https:\/\/pozirk.online\/en\/","logo":{"@type":"ImageObject","inLanguage":"en-US","@id":"https:\/\/pozirk.online\/en\/#\/schema\/logo\/image\/","url":"https:\/\/pozirk.online\/wp-content\/uploads\/2023\/11\/cropped-Logo_color_512.png","contentUrl":"https:\/\/pozirk.online\/wp-content\/uploads\/2023\/11\/cropped-Logo_color_512.png","width":512,"height":512,"caption":"Pozirk"},"image":{"@id":"https:\/\/pozirk.online\/en\/#\/schema\/logo\/image\/"},"sameAs":["https:\/\/www.facebook.com\/pozirkonline\/","https:\/\/x.com\/Pozirk_online"]}]}},"_links":{"self":[{"href":"https:\/\/pozirk.online\/en\/wp-json\/wp\/v2\/articles\/4519","targetHints":{"allow":["GET"]}}],"collection":[{"href":"https:\/\/pozirk.online\/en\/wp-json\/wp\/v2\/articles"}],"about":[{"href":"https:\/\/pozirk.online\/en\/wp-json\/wp\/v2\/types\/articles"}],"author":[{"embeddable":true,"href":"https:\/\/pozirk.online\/en\/wp-json\/wp\/v2\/users\/84"}],"wp:attachment":[{"href":"https:\/\/pozirk.online\/en\/wp-json\/wp\/v2\/media?parent=4519"}],"wp:term":[{"taxonomy":"rubric","embeddable":true,"href":"https:\/\/pozirk.online\/en\/wp-json\/wp\/v2\/rubric?post=4519"}],"curies":[{"name":"wp","href":"https:\/\/api.w.org\/{rel}","templated":true}]}}