{"id":47500,"date":"2023-07-04T12:53:55","date_gmt":"2023-07-04T09:53:55","guid":{"rendered":"https:\/\/api.pozirk.online\/articles\/supreme-court-rejects-media-executives-appeal\/"},"modified":"2026-02-24T20:29:13","modified_gmt":"2026-02-24T20:29:13","slug":"supreme-court-rejects-media-executives-appeal","status":"publish","type":"articles","link":"https:\/\/pozirk.online\/en\/news\/47500\/","title":{"rendered":"Supreme Court rejects media executive&#8217;s appeal"},"content":{"rendered":"<p><b>July 4, <span>BPN<\/span>. <\/b>The Supreme Court has upheld the four-year prison sentence against Kanstancin Za\u0142atych, Mediarynok CEO and director of the business monthly <span>Belorusy i Rynok<\/span>, the Belarusian Association of Journalists (BAJ) reports.<\/p>\n<p> The hearing was closed to the public.&nbsp;<\/p>\n<p> On April 6, the Minsk City Court found Za\u0142atych guilty on charges of inciting hatred, abusing power, and insulting public officials and Alaksandr \u0141uka\u0161enka online. He has been in custody since May 2022.<\/p>\n","protected":false},"excerpt":{"rendered":"<p>July 4, BPN. The Supreme Court has upheld the four-year prison sentence against Kanstancin Za\u0142atych, Mediarynok CEO and director of the business monthly Belorusy i Rynok, the Belarusian Association of Journalists (BAJ) reports. The hearing was closed to the public.&nbsp; On April 6, the Minsk City Court found Za\u0142atych guilty on charges of inciting hatred, [&hellip;]<\/p>\n","protected":false},"author":75,"featured_media":0,"template":"","rubric":[16],"class_list":["post-47500","articles","type-articles","status-publish","hentry","rubric-politics"],"acf":[],"yoast_head":"<!-- This site is optimized with the Yoast SEO plugin v25.5 - https:\/\/yoast.com\/wordpress\/plugins\/seo\/ -->\n<title>Supreme Court rejects media executive&#039;s appeal | Pozirk<\/title>\n<meta name=\"description\" content=\"July 4, BPN. The Supreme Court has upheld the four-year prison sentence against Kanstancin Za\u0142atych, Mediarynok CEO and director of the business monthly\" \/>\n<meta name=\"robots\" content=\"index, follow, max-snippet:-1, max-image-preview:large, max-video-preview:-1\" \/>\n<link rel=\"canonical\" href=\"https:\/\/pozirk.online\/en\/news\/47500\/\" \/>\n<meta property=\"og:locale\" content=\"en_US\" \/>\n<meta property=\"og:type\" content=\"article\" \/>\n<meta property=\"og:title\" content=\"Supreme Court rejects media executive&#039;s appeal | Pozirk\" \/>\n<meta property=\"og:description\" content=\"July 4, BPN. The Supreme Court has upheld the four-year prison sentence against Kanstancin Za\u0142atych, Mediarynok CEO and director of the business monthly\" \/>\n<meta property=\"og:url\" content=\"https:\/\/pozirk.online\/en\/news\/47500\/\" \/>\n<meta property=\"og:site_name\" content=\"Pozirk\" \/>\n<meta property=\"article:publisher\" content=\"https:\/\/www.facebook.com\/pozirkonline\/\" \/>\n<meta property=\"article:modified_time\" content=\"2026-02-24T20:29:13+00:00\" \/>\n<meta name=\"twitter:card\" content=\"summary_large_image\" \/>\n<meta name=\"twitter:site\" content=\"@Pozirk_online\" \/>\n<script type=\"application\/ld+json\" class=\"yoast-schema-graph\">{\"@context\":\"https:\/\/schema.org\",\"@graph\":[{\"@type\":\"NewsArticle\",\"@id\":\"https:\/\/pozirk.online\/en\/news\/47500\/#article\",\"isPartOf\":{\"@id\":\"https:\/\/pozirk.online\/en\/news\/47500\/\"},\"headline\":\"Supreme Court rejects media executive&#8217;s appeal\",\"datePublished\":\"2023-07-04T09:53:55+00:00\",\"dateModified\":\"2026-02-24T20:29:13+00:00\",\"mainEntityOfPage\":{\"@id\":\"https:\/\/pozirk.online\/en\/news\/47500\/\"},\"wordCount\":81,\"publisher\":{\"@id\":\"https:\/\/pozirk.online\/en\/#organization\"},\"inLanguage\":\"en-US\"},{\"@type\":\"WebPage\",\"@id\":\"https:\/\/pozirk.online\/en\/news\/47500\/\",\"url\":\"https:\/\/pozirk.online\/en\/news\/47500\/\",\"name\":\"Supreme Court rejects media executive's appeal | Pozirk\",\"isPartOf\":{\"@id\":\"https:\/\/pozirk.online\/en\/#website\"},\"datePublished\":\"2023-07-04T09:53:55+00:00\",\"dateModified\":\"2026-02-24T20:29:13+00:00\",\"description\":\"July 4, BPN. The Supreme Court has upheld the four-year prison sentence against Kanstancin Za\u0142atych, Mediarynok CEO and director of the business monthly\",\"breadcrumb\":{\"@id\":\"https:\/\/pozirk.online\/en\/news\/47500\/#breadcrumb\"},\"inLanguage\":\"en-US\",\"potentialAction\":[{\"@type\":\"ReadAction\",\"target\":[\"https:\/\/pozirk.online\/en\/news\/47500\/\"]}]},{\"@type\":\"BreadcrumbList\",\"@id\":\"https:\/\/pozirk.online\/en\/news\/47500\/#breadcrumb\",\"itemListElement\":[{\"@type\":\"ListItem\",\"position\":1,\"name\":\"Home\",\"item\":\"https:\/\/pozirk.online\/en\/\"},{\"@type\":\"ListItem\",\"position\":2,\"name\":\"Supreme Court rejects media executive&#8217;s appeal\"}]},{\"@type\":\"WebSite\",\"@id\":\"https:\/\/pozirk.online\/en\/#website\",\"url\":\"https:\/\/pozirk.online\/en\/\",\"name\":\"Pozirk\",\"description\":\"\",\"publisher\":{\"@id\":\"https:\/\/pozirk.online\/en\/#organization\"},\"potentialAction\":[{\"@type\":\"SearchAction\",\"target\":{\"@type\":\"EntryPoint\",\"urlTemplate\":\"https:\/\/pozirk.online\/en\/?s={search_term_string}\"},\"query-input\":{\"@type\":\"PropertyValueSpecification\",\"valueRequired\":true,\"valueName\":\"search_term_string\"}}],\"inLanguage\":\"en-US\"},{\"@type\":\"Organization\",\"@id\":\"https:\/\/pozirk.online\/en\/#organization\",\"name\":\"Pozirk\",\"url\":\"https:\/\/pozirk.online\/en\/\",\"logo\":{\"@type\":\"ImageObject\",\"inLanguage\":\"en-US\",\"@id\":\"https:\/\/pozirk.online\/en\/#\/schema\/logo\/image\/\",\"url\":\"https:\/\/pozirk.online\/wp-content\/uploads\/2023\/11\/cropped-Logo_color_512.png\",\"contentUrl\":\"https:\/\/pozirk.online\/wp-content\/uploads\/2023\/11\/cropped-Logo_color_512.png\",\"width\":512,\"height\":512,\"caption\":\"Pozirk\"},\"image\":{\"@id\":\"https:\/\/pozirk.online\/en\/#\/schema\/logo\/image\/\"},\"sameAs\":[\"https:\/\/www.facebook.com\/pozirkonline\/\",\"https:\/\/x.com\/Pozirk_online\"]}]}<\/script>\n<!-- \/ Yoast SEO plugin. -->","yoast_head_json":{"title":"Supreme Court rejects media executive's appeal | Pozirk","description":"July 4, BPN. The Supreme Court has upheld the four-year prison sentence against Kanstancin Za\u0142atych, Mediarynok CEO and director of the business monthly","robots":{"index":"index","follow":"follow","max-snippet":"max-snippet:-1","max-image-preview":"max-image-preview:large","max-video-preview":"max-video-preview:-1"},"canonical":"https:\/\/pozirk.online\/en\/news\/47500\/","og_locale":"en_US","og_type":"article","og_title":"Supreme Court rejects media executive's appeal | Pozirk","og_description":"July 4, BPN. The Supreme Court has upheld the four-year prison sentence against Kanstancin Za\u0142atych, Mediarynok CEO and director of the business monthly","og_url":"https:\/\/pozirk.online\/en\/news\/47500\/","og_site_name":"Pozirk","article_publisher":"https:\/\/www.facebook.com\/pozirkonline\/","article_modified_time":"2026-02-24T20:29:13+00:00","twitter_card":"summary_large_image","twitter_site":"@Pozirk_online","schema":{"@context":"https:\/\/schema.org","@graph":[{"@type":"NewsArticle","@id":"https:\/\/pozirk.online\/en\/news\/47500\/#article","isPartOf":{"@id":"https:\/\/pozirk.online\/en\/news\/47500\/"},"headline":"Supreme Court rejects media executive&#8217;s appeal","datePublished":"2023-07-04T09:53:55+00:00","dateModified":"2026-02-24T20:29:13+00:00","mainEntityOfPage":{"@id":"https:\/\/pozirk.online\/en\/news\/47500\/"},"wordCount":81,"publisher":{"@id":"https:\/\/pozirk.online\/en\/#organization"},"inLanguage":"en-US"},{"@type":"WebPage","@id":"https:\/\/pozirk.online\/en\/news\/47500\/","url":"https:\/\/pozirk.online\/en\/news\/47500\/","name":"Supreme Court rejects media executive's appeal | Pozirk","isPartOf":{"@id":"https:\/\/pozirk.online\/en\/#website"},"datePublished":"2023-07-04T09:53:55+00:00","dateModified":"2026-02-24T20:29:13+00:00","description":"July 4, BPN. The Supreme Court has upheld the four-year prison sentence against Kanstancin Za\u0142atych, Mediarynok CEO and director of the business monthly","breadcrumb":{"@id":"https:\/\/pozirk.online\/en\/news\/47500\/#breadcrumb"},"inLanguage":"en-US","potentialAction":[{"@type":"ReadAction","target":["https:\/\/pozirk.online\/en\/news\/47500\/"]}]},{"@type":"BreadcrumbList","@id":"https:\/\/pozirk.online\/en\/news\/47500\/#breadcrumb","itemListElement":[{"@type":"ListItem","position":1,"name":"Home","item":"https:\/\/pozirk.online\/en\/"},{"@type":"ListItem","position":2,"name":"Supreme Court rejects media executive&#8217;s appeal"}]},{"@type":"WebSite","@id":"https:\/\/pozirk.online\/en\/#website","url":"https:\/\/pozirk.online\/en\/","name":"Pozirk","description":"","publisher":{"@id":"https:\/\/pozirk.online\/en\/#organization"},"potentialAction":[{"@type":"SearchAction","target":{"@type":"EntryPoint","urlTemplate":"https:\/\/pozirk.online\/en\/?s={search_term_string}"},"query-input":{"@type":"PropertyValueSpecification","valueRequired":true,"valueName":"search_term_string"}}],"inLanguage":"en-US"},{"@type":"Organization","@id":"https:\/\/pozirk.online\/en\/#organization","name":"Pozirk","url":"https:\/\/pozirk.online\/en\/","logo":{"@type":"ImageObject","inLanguage":"en-US","@id":"https:\/\/pozirk.online\/en\/#\/schema\/logo\/image\/","url":"https:\/\/pozirk.online\/wp-content\/uploads\/2023\/11\/cropped-Logo_color_512.png","contentUrl":"https:\/\/pozirk.online\/wp-content\/uploads\/2023\/11\/cropped-Logo_color_512.png","width":512,"height":512,"caption":"Pozirk"},"image":{"@id":"https:\/\/pozirk.online\/en\/#\/schema\/logo\/image\/"},"sameAs":["https:\/\/www.facebook.com\/pozirkonline\/","https:\/\/x.com\/Pozirk_online"]}]}},"_links":{"self":[{"href":"https:\/\/pozirk.online\/en\/wp-json\/wp\/v2\/articles\/47500","targetHints":{"allow":["GET"]}}],"collection":[{"href":"https:\/\/pozirk.online\/en\/wp-json\/wp\/v2\/articles"}],"about":[{"href":"https:\/\/pozirk.online\/en\/wp-json\/wp\/v2\/types\/articles"}],"author":[{"embeddable":true,"href":"https:\/\/pozirk.online\/en\/wp-json\/wp\/v2\/users\/75"}],"wp:attachment":[{"href":"https:\/\/pozirk.online\/en\/wp-json\/wp\/v2\/media?parent=47500"}],"wp:term":[{"taxonomy":"rubric","embeddable":true,"href":"https:\/\/pozirk.online\/en\/wp-json\/wp\/v2\/rubric?post=47500"}],"curies":[{"name":"wp","href":"https:\/\/api.w.org\/{rel}","templated":true}]}}