{"id":47674,"date":"2023-07-18T20:13:13","date_gmt":"2023-07-18T17:13:13","guid":{"rendered":"https:\/\/api.pozirk.online\/articles\/general-macijevic-promoted-to-first-deputy-chief-of-general-staff\/"},"modified":"2026-02-24T20:29:13","modified_gmt":"2026-02-24T20:29:13","slug":"general-macijevic-promoted-to-first-deputy-chief-of-general-staff","status":"publish","type":"articles","link":"https:\/\/pozirk.online\/en\/news\/47674\/","title":{"rendered":"General Macijevi\u010d promoted to first deputy chief of General Staff"},"content":{"rendered":"<p>\n <b>July 18,&nbsp;<span>BPN<\/span>.<\/b>&nbsp;Alaksander \u0141uka\u0161enka has promoted Major General Andrej Macijevi\u010d to first deputy chief of the General Staff of the Belarusian Armed Forces, the Belarusian leader\u2019s press office reported. <\/p>\n<p>\t Macijevi\u010d served as chief of the Territorial Defense Directorate and deputy chief of the General Staff prior to the promotion.\n<\/p>\n<p>\n\t Belarus\u2019 senior defense officials have been targeted by Western sanctions.\n<\/p>\n<p> The European Union has imposed a travel ban and asset freezes on Viktar Hulievi\u010d, chief of the General Staff; and Deputy Defense Ministers Siarhiej Simanienka and Andrej Burdyka.<\/p>\n","protected":false},"excerpt":{"rendered":"<p>July 18,&nbsp;BPN.&nbsp;Alaksander \u0141uka\u0161enka has promoted Major General Andrej Macijevi\u010d to first deputy chief of the General Staff of the Belarusian Armed Forces, the Belarusian leader\u2019s press office reported. Macijevi\u010d served as chief of the Territorial Defense Directorate and deputy chief of the General Staff prior to the promotion. Belarus\u2019 senior defense officials have been targeted [&hellip;]<\/p>\n","protected":false},"author":75,"featured_media":0,"template":"","rubric":[16],"class_list":["post-47674","articles","type-articles","status-publish","hentry","rubric-politics"],"acf":[],"yoast_head":"<!-- This site is optimized with the Yoast SEO plugin v25.5 - https:\/\/yoast.com\/wordpress\/plugins\/seo\/ -->\n<title>General Macijevi\u010d promoted to first deputy chief of General Staff | Pozirk<\/title>\n<meta name=\"description\" content=\"July 18,&nbsp;BPN.&nbsp;Alaksander \u0141uka\u0161enka has promoted Major General Andrej Macijevi\u010d to first deputy chief of the General Staff of the Belarusian\" \/>\n<meta name=\"robots\" content=\"index, follow, max-snippet:-1, max-image-preview:large, max-video-preview:-1\" \/>\n<link rel=\"canonical\" href=\"https:\/\/pozirk.online\/en\/news\/47674\/\" \/>\n<meta property=\"og:locale\" content=\"en_US\" \/>\n<meta property=\"og:type\" content=\"article\" \/>\n<meta property=\"og:title\" content=\"General Macijevi\u010d promoted to first deputy chief of General Staff | Pozirk\" \/>\n<meta property=\"og:description\" content=\"July 18,&nbsp;BPN.&nbsp;Alaksander \u0141uka\u0161enka has promoted Major General Andrej Macijevi\u010d to first deputy chief of the General Staff of the Belarusian\" \/>\n<meta property=\"og:url\" content=\"https:\/\/pozirk.online\/en\/news\/47674\/\" \/>\n<meta property=\"og:site_name\" content=\"Pozirk\" \/>\n<meta property=\"article:publisher\" content=\"https:\/\/www.facebook.com\/pozirkonline\/\" \/>\n<meta property=\"article:modified_time\" content=\"2026-02-24T20:29:13+00:00\" \/>\n<meta name=\"twitter:card\" content=\"summary_large_image\" \/>\n<meta name=\"twitter:site\" content=\"@Pozirk_online\" \/>\n<script type=\"application\/ld+json\" class=\"yoast-schema-graph\">{\"@context\":\"https:\/\/schema.org\",\"@graph\":[{\"@type\":\"NewsArticle\",\"@id\":\"https:\/\/pozirk.online\/en\/news\/47674\/#article\",\"isPartOf\":{\"@id\":\"https:\/\/pozirk.online\/en\/news\/47674\/\"},\"headline\":\"General Macijevi\u010d promoted to first deputy chief of General Staff\",\"datePublished\":\"2023-07-18T17:13:13+00:00\",\"dateModified\":\"2026-02-24T20:29:13+00:00\",\"mainEntityOfPage\":{\"@id\":\"https:\/\/pozirk.online\/en\/news\/47674\/\"},\"wordCount\":101,\"publisher\":{\"@id\":\"https:\/\/pozirk.online\/en\/#organization\"},\"inLanguage\":\"en-US\"},{\"@type\":\"WebPage\",\"@id\":\"https:\/\/pozirk.online\/en\/news\/47674\/\",\"url\":\"https:\/\/pozirk.online\/en\/news\/47674\/\",\"name\":\"General Macijevi\u010d promoted to first deputy chief of General Staff | Pozirk\",\"isPartOf\":{\"@id\":\"https:\/\/pozirk.online\/en\/#website\"},\"datePublished\":\"2023-07-18T17:13:13+00:00\",\"dateModified\":\"2026-02-24T20:29:13+00:00\",\"description\":\"July 18,&nbsp;BPN.&nbsp;Alaksander \u0141uka\u0161enka has promoted Major General Andrej Macijevi\u010d to first deputy chief of the General Staff of the Belarusian\",\"breadcrumb\":{\"@id\":\"https:\/\/pozirk.online\/en\/news\/47674\/#breadcrumb\"},\"inLanguage\":\"en-US\",\"potentialAction\":[{\"@type\":\"ReadAction\",\"target\":[\"https:\/\/pozirk.online\/en\/news\/47674\/\"]}]},{\"@type\":\"BreadcrumbList\",\"@id\":\"https:\/\/pozirk.online\/en\/news\/47674\/#breadcrumb\",\"itemListElement\":[{\"@type\":\"ListItem\",\"position\":1,\"name\":\"Home\",\"item\":\"https:\/\/pozirk.online\/en\/\"},{\"@type\":\"ListItem\",\"position\":2,\"name\":\"General Macijevi\u010d promoted to first deputy chief of General Staff\"}]},{\"@type\":\"WebSite\",\"@id\":\"https:\/\/pozirk.online\/en\/#website\",\"url\":\"https:\/\/pozirk.online\/en\/\",\"name\":\"Pozirk\",\"description\":\"\",\"publisher\":{\"@id\":\"https:\/\/pozirk.online\/en\/#organization\"},\"potentialAction\":[{\"@type\":\"SearchAction\",\"target\":{\"@type\":\"EntryPoint\",\"urlTemplate\":\"https:\/\/pozirk.online\/en\/?s={search_term_string}\"},\"query-input\":{\"@type\":\"PropertyValueSpecification\",\"valueRequired\":true,\"valueName\":\"search_term_string\"}}],\"inLanguage\":\"en-US\"},{\"@type\":\"Organization\",\"@id\":\"https:\/\/pozirk.online\/en\/#organization\",\"name\":\"Pozirk\",\"url\":\"https:\/\/pozirk.online\/en\/\",\"logo\":{\"@type\":\"ImageObject\",\"inLanguage\":\"en-US\",\"@id\":\"https:\/\/pozirk.online\/en\/#\/schema\/logo\/image\/\",\"url\":\"https:\/\/pozirk.online\/wp-content\/uploads\/2023\/11\/cropped-Logo_color_512.png\",\"contentUrl\":\"https:\/\/pozirk.online\/wp-content\/uploads\/2023\/11\/cropped-Logo_color_512.png\",\"width\":512,\"height\":512,\"caption\":\"Pozirk\"},\"image\":{\"@id\":\"https:\/\/pozirk.online\/en\/#\/schema\/logo\/image\/\"},\"sameAs\":[\"https:\/\/www.facebook.com\/pozirkonline\/\",\"https:\/\/x.com\/Pozirk_online\"]}]}<\/script>\n<!-- \/ Yoast SEO plugin. -->","yoast_head_json":{"title":"General Macijevi\u010d promoted to first deputy chief of General Staff | Pozirk","description":"July 18,&nbsp;BPN.&nbsp;Alaksander \u0141uka\u0161enka has promoted Major General Andrej Macijevi\u010d to first deputy chief of the General Staff of the Belarusian","robots":{"index":"index","follow":"follow","max-snippet":"max-snippet:-1","max-image-preview":"max-image-preview:large","max-video-preview":"max-video-preview:-1"},"canonical":"https:\/\/pozirk.online\/en\/news\/47674\/","og_locale":"en_US","og_type":"article","og_title":"General Macijevi\u010d promoted to first deputy chief of General Staff | Pozirk","og_description":"July 18,&nbsp;BPN.&nbsp;Alaksander \u0141uka\u0161enka has promoted Major General Andrej Macijevi\u010d to first deputy chief of the General Staff of the Belarusian","og_url":"https:\/\/pozirk.online\/en\/news\/47674\/","og_site_name":"Pozirk","article_publisher":"https:\/\/www.facebook.com\/pozirkonline\/","article_modified_time":"2026-02-24T20:29:13+00:00","twitter_card":"summary_large_image","twitter_site":"@Pozirk_online","schema":{"@context":"https:\/\/schema.org","@graph":[{"@type":"NewsArticle","@id":"https:\/\/pozirk.online\/en\/news\/47674\/#article","isPartOf":{"@id":"https:\/\/pozirk.online\/en\/news\/47674\/"},"headline":"General Macijevi\u010d promoted to first deputy chief of General Staff","datePublished":"2023-07-18T17:13:13+00:00","dateModified":"2026-02-24T20:29:13+00:00","mainEntityOfPage":{"@id":"https:\/\/pozirk.online\/en\/news\/47674\/"},"wordCount":101,"publisher":{"@id":"https:\/\/pozirk.online\/en\/#organization"},"inLanguage":"en-US"},{"@type":"WebPage","@id":"https:\/\/pozirk.online\/en\/news\/47674\/","url":"https:\/\/pozirk.online\/en\/news\/47674\/","name":"General Macijevi\u010d promoted to first deputy chief of General Staff | Pozirk","isPartOf":{"@id":"https:\/\/pozirk.online\/en\/#website"},"datePublished":"2023-07-18T17:13:13+00:00","dateModified":"2026-02-24T20:29:13+00:00","description":"July 18,&nbsp;BPN.&nbsp;Alaksander \u0141uka\u0161enka has promoted Major General Andrej Macijevi\u010d to first deputy chief of the General Staff of the Belarusian","breadcrumb":{"@id":"https:\/\/pozirk.online\/en\/news\/47674\/#breadcrumb"},"inLanguage":"en-US","potentialAction":[{"@type":"ReadAction","target":["https:\/\/pozirk.online\/en\/news\/47674\/"]}]},{"@type":"BreadcrumbList","@id":"https:\/\/pozirk.online\/en\/news\/47674\/#breadcrumb","itemListElement":[{"@type":"ListItem","position":1,"name":"Home","item":"https:\/\/pozirk.online\/en\/"},{"@type":"ListItem","position":2,"name":"General Macijevi\u010d promoted to first deputy chief of General Staff"}]},{"@type":"WebSite","@id":"https:\/\/pozirk.online\/en\/#website","url":"https:\/\/pozirk.online\/en\/","name":"Pozirk","description":"","publisher":{"@id":"https:\/\/pozirk.online\/en\/#organization"},"potentialAction":[{"@type":"SearchAction","target":{"@type":"EntryPoint","urlTemplate":"https:\/\/pozirk.online\/en\/?s={search_term_string}"},"query-input":{"@type":"PropertyValueSpecification","valueRequired":true,"valueName":"search_term_string"}}],"inLanguage":"en-US"},{"@type":"Organization","@id":"https:\/\/pozirk.online\/en\/#organization","name":"Pozirk","url":"https:\/\/pozirk.online\/en\/","logo":{"@type":"ImageObject","inLanguage":"en-US","@id":"https:\/\/pozirk.online\/en\/#\/schema\/logo\/image\/","url":"https:\/\/pozirk.online\/wp-content\/uploads\/2023\/11\/cropped-Logo_color_512.png","contentUrl":"https:\/\/pozirk.online\/wp-content\/uploads\/2023\/11\/cropped-Logo_color_512.png","width":512,"height":512,"caption":"Pozirk"},"image":{"@id":"https:\/\/pozirk.online\/en\/#\/schema\/logo\/image\/"},"sameAs":["https:\/\/www.facebook.com\/pozirkonline\/","https:\/\/x.com\/Pozirk_online"]}]}},"_links":{"self":[{"href":"https:\/\/pozirk.online\/en\/wp-json\/wp\/v2\/articles\/47674","targetHints":{"allow":["GET"]}}],"collection":[{"href":"https:\/\/pozirk.online\/en\/wp-json\/wp\/v2\/articles"}],"about":[{"href":"https:\/\/pozirk.online\/en\/wp-json\/wp\/v2\/types\/articles"}],"author":[{"embeddable":true,"href":"https:\/\/pozirk.online\/en\/wp-json\/wp\/v2\/users\/75"}],"wp:attachment":[{"href":"https:\/\/pozirk.online\/en\/wp-json\/wp\/v2\/media?parent=47674"}],"wp:term":[{"taxonomy":"rubric","embeddable":true,"href":"https:\/\/pozirk.online\/en\/wp-json\/wp\/v2\/rubric?post=47674"}],"curies":[{"name":"wp","href":"https:\/\/api.w.org\/{rel}","templated":true}]}}