{"id":57306,"date":"2023-12-24T14:46:18","date_gmt":"2023-12-24T11:46:18","guid":{"rendered":"https:\/\/api.pozirk.online\/?post_type=articles&#038;p=57306"},"modified":"2026-02-24T20:40:57","modified_gmt":"2026-02-24T20:40:57","slug":"human-rights-groups-declare-15-political-prisoners-including-former-prosecutor","status":"publish","type":"articles","link":"https:\/\/pozirk.online\/en\/news\/57306\/","title":{"rendered":"Human rights groups declare 15 political prisoners, including former prosecutor"},"content":{"rendered":"\n<figure class=\"block-image block-image-normal\">\n\n  <img decoding=\"async\" width=\"744\" height=\"496\" src=\"https:\/\/pozirk.online\/wp-content\/uploads\/2023\/12\/prison_unsplash_744x496.jpg\" class=\"attachment-full size-full\" alt=\"\" srcset=\"https:\/\/pozirk.online\/wp-content\/uploads\/2023\/12\/prison_unsplash_744x496.jpg 744w, https:\/\/pozirk.online\/wp-content\/uploads\/2023\/12\/prison_unsplash_744x496-300x200.jpg 300w\" sizes=\"(max-width: 744px) 100vw, 744px\" \/>\n  <figcaption>\n  \n       <div class=\"block-image__author\">\n                <span>(unsplash.com \/ Ye Jinghan)<\/span>\n    <\/div>\n     <\/figcaption>\n<\/figure>\n\n\n\n<p><strong>December 24, <em>Pozirk.<\/em><\/strong> Belarusian human rights organizations have declared 15 more people political prisoners.<\/p>\n\n\n\n<p>In a statement released by the Viasna Human Rights Center yesterday, the organizations granted this status to five men prosecuted under Article 293 of the Criminal Code (mass riots):<\/p>\n\n\n\n<ul class=\"wp-block-list\">\n<li>Siarhiej Botvi\u010d (five years&#8217; imprisonment)<\/li>\n\n\n\n<li>Pavie\u0142 Niavyh\u0142as (14 months)<\/li>\n\n\n\n<li>Kiry\u0142 Maciuta (sentence unknown)<\/li>\n\n\n\n<li>Arciom Janko\u016dski (charged)<\/li>\n\n\n\n<li>Maksim Varniel (charged)<\/li>\n<\/ul>\n\n\n\n<p>and to 10 others prosecuted under Article 342 (active participation in acts that seriously undermine public order):<\/p>\n\n\n\n<ul class=\"wp-block-list\">\n<li>Juryj Dabrachota\u016d (two years and also accused of possessing marijuana under Article 328 Part 1)<\/li>\n\n\n\n<li>Alaksandar \u0141yk\u0161yn (his detention was reported in early December. Reports named him as a founder of Pismo.bel, a service for sending letters to prisoners, and a protester. Sentence unknown)<\/li>\n\n\n\n<li>U\u0142adzimir \u0141yk\u0161yn (Alaksandr \u0141yk\u0161yn&#8217;s brother. Sentence unknown)<\/li>\n\n\n\n<li>Hanna \u010carkas (sentence unknown)<\/li>\n\n\n\n<li>Tamara Astrejka (charged),<\/li>\n\n\n\n<li>\u0141arysa Katovi\u010d (sentence unknown)<\/li>\n\n\n\n<li>Ksienija Ry\u017eyk (sentence unknown)<\/li>\n\n\n\n<li>Kaciaryna Cevan (sentence unknown)<\/li>\n\n\n\n<li>Eldar Safara\u016d (detained last week together with his wife. In 2010, he prosecuted high-profile activist Mika\u0142aj A\u016dtuchovi\u010d. He resigned in the fall of 2020 amid anti-government protests)<\/li>\n\n\n\n<li>Julija Stankievi\u010d (a lawyer married to Safara\u016d)<\/li>\n<\/ul>\n\n\n\n<p>The groups demanded that the authorities immediately release all political prisoners and stop reprisals.<\/p>\n\n\n\n<p>Besides Viasna, the statement was signed by the Belarusian Helsinki Committee, the Barys Zvozska\u016d Human Rights House, the Office for the Rights of Persons with Disabilities, the Belarusian Association of Journalists, Pravavaja Inicyjatyva, and Human Constanta.<\/p>\n\n\n\n<p>As of this afternoon, human rights activists have identified at least 1,497 political prisoners but the real number is considerably higher because many cases go undocumented. Opposition sources estimate the number of political prisoners at around 5,000.<\/p>\n","protected":false},"excerpt":{"rendered":"<p>December 24, Pozirk. Belarusian human rights organizations have declared 15 more people political prisoners. In a statement released by the Viasna Human Rights Center yesterday, the organizations granted this status to five men prosecuted under Article 293 of the Criminal Code (mass riots): and to 10 others prosecuted under Article 342 (active participation in acts [&hellip;]<\/p>\n","protected":false},"author":75,"featured_media":53161,"template":"","rubric":[16],"class_list":["post-57306","articles","type-articles","status-publish","has-post-thumbnail","hentry","rubric-politics"],"acf":[],"yoast_head":"<!-- This site is optimized with the Yoast SEO plugin v25.5 - https:\/\/yoast.com\/wordpress\/plugins\/seo\/ -->\n<title>Human rights groups declare 15 political prisoners, including former prosecutor | Pozirk<\/title>\n<meta name=\"description\" content=\"December 24, Pozirk. Belarusian human rights organizations have declared 15 more people political prisoners. In a statement released by the Viasna Human\" \/>\n<meta name=\"robots\" content=\"index, follow, max-snippet:-1, max-image-preview:large, max-video-preview:-1\" \/>\n<link rel=\"canonical\" href=\"https:\/\/pozirk.online\/en\/news\/57306\/\" \/>\n<meta property=\"og:locale\" content=\"en_US\" \/>\n<meta property=\"og:type\" content=\"article\" \/>\n<meta property=\"og:title\" content=\"Human rights groups declare 15 political prisoners, including former prosecutor | Pozirk\" \/>\n<meta property=\"og:description\" content=\"December 24, Pozirk. Belarusian human rights organizations have declared 15 more people political prisoners. In a statement released by the Viasna Human\" \/>\n<meta property=\"og:url\" content=\"https:\/\/pozirk.online\/en\/news\/57306\/\" \/>\n<meta property=\"og:site_name\" content=\"Pozirk\" \/>\n<meta property=\"article:publisher\" content=\"https:\/\/www.facebook.com\/pozirkonline\/\" \/>\n<meta property=\"article:modified_time\" content=\"2026-02-24T20:40:57+00:00\" \/>\n<meta property=\"og:image\" content=\"https:\/\/pozirk.online\/wp-content\/uploads\/2023\/12\/prison_unsplash_2x1.jpg\" \/>\n\t<meta property=\"og:image:width\" content=\"1280\" \/>\n\t<meta property=\"og:image:height\" content=\"640\" \/>\n\t<meta property=\"og:image:type\" content=\"image\/jpeg\" \/>\n<meta name=\"twitter:card\" content=\"summary_large_image\" \/>\n<meta name=\"twitter:site\" content=\"@Pozirk_online\" \/>\n<meta name=\"twitter:label1\" content=\"Est. reading time\" \/>\n\t<meta name=\"twitter:data1\" content=\"1 minute\" \/>\n<script type=\"application\/ld+json\" class=\"yoast-schema-graph\">{\"@context\":\"https:\/\/schema.org\",\"@graph\":[{\"@type\":\"NewsArticle\",\"@id\":\"https:\/\/pozirk.online\/en\/news\/57306\/#article\",\"isPartOf\":{\"@id\":\"https:\/\/pozirk.online\/en\/news\/57306\/\"},\"headline\":\"Human rights groups declare 15 political prisoners, including former prosecutor\",\"datePublished\":\"2023-12-24T11:46:18+00:00\",\"dateModified\":\"2026-02-24T20:40:57+00:00\",\"mainEntityOfPage\":{\"@id\":\"https:\/\/pozirk.online\/en\/news\/57306\/\"},\"wordCount\":278,\"publisher\":{\"@id\":\"https:\/\/pozirk.online\/en\/#organization\"},\"image\":{\"@id\":\"https:\/\/pozirk.online\/en\/news\/57306\/#primaryimage\"},\"thumbnailUrl\":\"https:\/\/pozirk.online\/wp-content\/uploads\/2023\/12\/prison_unsplash_2x1.jpg\",\"inLanguage\":\"en-US\"},{\"@type\":\"WebPage\",\"@id\":\"https:\/\/pozirk.online\/en\/news\/57306\/\",\"url\":\"https:\/\/pozirk.online\/en\/news\/57306\/\",\"name\":\"Human rights groups declare 15 political prisoners, including former prosecutor | Pozirk\",\"isPartOf\":{\"@id\":\"https:\/\/pozirk.online\/en\/#website\"},\"primaryImageOfPage\":{\"@id\":\"https:\/\/pozirk.online\/en\/news\/57306\/#primaryimage\"},\"image\":{\"@id\":\"https:\/\/pozirk.online\/en\/news\/57306\/#primaryimage\"},\"thumbnailUrl\":\"https:\/\/pozirk.online\/wp-content\/uploads\/2023\/12\/prison_unsplash_2x1.jpg\",\"datePublished\":\"2023-12-24T11:46:18+00:00\",\"dateModified\":\"2026-02-24T20:40:57+00:00\",\"description\":\"December 24, Pozirk. Belarusian human rights organizations have declared 15 more people political prisoners. In a statement released by the Viasna Human\",\"breadcrumb\":{\"@id\":\"https:\/\/pozirk.online\/en\/news\/57306\/#breadcrumb\"},\"inLanguage\":\"en-US\",\"potentialAction\":[{\"@type\":\"ReadAction\",\"target\":[\"https:\/\/pozirk.online\/en\/news\/57306\/\"]}]},{\"@type\":\"ImageObject\",\"inLanguage\":\"en-US\",\"@id\":\"https:\/\/pozirk.online\/en\/news\/57306\/#primaryimage\",\"url\":\"https:\/\/pozirk.online\/wp-content\/uploads\/2023\/12\/prison_unsplash_2x1.jpg\",\"contentUrl\":\"https:\/\/pozirk.online\/wp-content\/uploads\/2023\/12\/prison_unsplash_2x1.jpg\",\"width\":1280,\"height\":640},{\"@type\":\"BreadcrumbList\",\"@id\":\"https:\/\/pozirk.online\/en\/news\/57306\/#breadcrumb\",\"itemListElement\":[{\"@type\":\"ListItem\",\"position\":1,\"name\":\"Home\",\"item\":\"https:\/\/pozirk.online\/en\/\"},{\"@type\":\"ListItem\",\"position\":2,\"name\":\"Human rights groups declare 15 political prisoners, including former prosecutor\"}]},{\"@type\":\"WebSite\",\"@id\":\"https:\/\/pozirk.online\/en\/#website\",\"url\":\"https:\/\/pozirk.online\/en\/\",\"name\":\"Pozirk\",\"description\":\"\",\"publisher\":{\"@id\":\"https:\/\/pozirk.online\/en\/#organization\"},\"potentialAction\":[{\"@type\":\"SearchAction\",\"target\":{\"@type\":\"EntryPoint\",\"urlTemplate\":\"https:\/\/pozirk.online\/en\/?s={search_term_string}\"},\"query-input\":{\"@type\":\"PropertyValueSpecification\",\"valueRequired\":true,\"valueName\":\"search_term_string\"}}],\"inLanguage\":\"en-US\"},{\"@type\":\"Organization\",\"@id\":\"https:\/\/pozirk.online\/en\/#organization\",\"name\":\"Pozirk\",\"url\":\"https:\/\/pozirk.online\/en\/\",\"logo\":{\"@type\":\"ImageObject\",\"inLanguage\":\"en-US\",\"@id\":\"https:\/\/pozirk.online\/en\/#\/schema\/logo\/image\/\",\"url\":\"https:\/\/pozirk.online\/wp-content\/uploads\/2023\/11\/cropped-Logo_color_512.png\",\"contentUrl\":\"https:\/\/pozirk.online\/wp-content\/uploads\/2023\/11\/cropped-Logo_color_512.png\",\"width\":512,\"height\":512,\"caption\":\"Pozirk\"},\"image\":{\"@id\":\"https:\/\/pozirk.online\/en\/#\/schema\/logo\/image\/\"},\"sameAs\":[\"https:\/\/www.facebook.com\/pozirkonline\/\",\"https:\/\/x.com\/Pozirk_online\"]}]}<\/script>\n<!-- \/ Yoast SEO plugin. -->","yoast_head_json":{"title":"Human rights groups declare 15 political prisoners, including former prosecutor | Pozirk","description":"December 24, Pozirk. Belarusian human rights organizations have declared 15 more people political prisoners. In a statement released by the Viasna Human","robots":{"index":"index","follow":"follow","max-snippet":"max-snippet:-1","max-image-preview":"max-image-preview:large","max-video-preview":"max-video-preview:-1"},"canonical":"https:\/\/pozirk.online\/en\/news\/57306\/","og_locale":"en_US","og_type":"article","og_title":"Human rights groups declare 15 political prisoners, including former prosecutor | Pozirk","og_description":"December 24, Pozirk. Belarusian human rights organizations have declared 15 more people political prisoners. In a statement released by the Viasna Human","og_url":"https:\/\/pozirk.online\/en\/news\/57306\/","og_site_name":"Pozirk","article_publisher":"https:\/\/www.facebook.com\/pozirkonline\/","article_modified_time":"2026-02-24T20:40:57+00:00","og_image":[{"width":1280,"height":640,"url":"https:\/\/pozirk.online\/wp-content\/uploads\/2023\/12\/prison_unsplash_2x1.jpg","type":"image\/jpeg"}],"twitter_card":"summary_large_image","twitter_site":"@Pozirk_online","twitter_misc":{"Est. reading time":"1 minute"},"schema":{"@context":"https:\/\/schema.org","@graph":[{"@type":"NewsArticle","@id":"https:\/\/pozirk.online\/en\/news\/57306\/#article","isPartOf":{"@id":"https:\/\/pozirk.online\/en\/news\/57306\/"},"headline":"Human rights groups declare 15 political prisoners, including former prosecutor","datePublished":"2023-12-24T11:46:18+00:00","dateModified":"2026-02-24T20:40:57+00:00","mainEntityOfPage":{"@id":"https:\/\/pozirk.online\/en\/news\/57306\/"},"wordCount":278,"publisher":{"@id":"https:\/\/pozirk.online\/en\/#organization"},"image":{"@id":"https:\/\/pozirk.online\/en\/news\/57306\/#primaryimage"},"thumbnailUrl":"https:\/\/pozirk.online\/wp-content\/uploads\/2023\/12\/prison_unsplash_2x1.jpg","inLanguage":"en-US"},{"@type":"WebPage","@id":"https:\/\/pozirk.online\/en\/news\/57306\/","url":"https:\/\/pozirk.online\/en\/news\/57306\/","name":"Human rights groups declare 15 political prisoners, including former prosecutor | Pozirk","isPartOf":{"@id":"https:\/\/pozirk.online\/en\/#website"},"primaryImageOfPage":{"@id":"https:\/\/pozirk.online\/en\/news\/57306\/#primaryimage"},"image":{"@id":"https:\/\/pozirk.online\/en\/news\/57306\/#primaryimage"},"thumbnailUrl":"https:\/\/pozirk.online\/wp-content\/uploads\/2023\/12\/prison_unsplash_2x1.jpg","datePublished":"2023-12-24T11:46:18+00:00","dateModified":"2026-02-24T20:40:57+00:00","description":"December 24, Pozirk. Belarusian human rights organizations have declared 15 more people political prisoners. In a statement released by the Viasna Human","breadcrumb":{"@id":"https:\/\/pozirk.online\/en\/news\/57306\/#breadcrumb"},"inLanguage":"en-US","potentialAction":[{"@type":"ReadAction","target":["https:\/\/pozirk.online\/en\/news\/57306\/"]}]},{"@type":"ImageObject","inLanguage":"en-US","@id":"https:\/\/pozirk.online\/en\/news\/57306\/#primaryimage","url":"https:\/\/pozirk.online\/wp-content\/uploads\/2023\/12\/prison_unsplash_2x1.jpg","contentUrl":"https:\/\/pozirk.online\/wp-content\/uploads\/2023\/12\/prison_unsplash_2x1.jpg","width":1280,"height":640},{"@type":"BreadcrumbList","@id":"https:\/\/pozirk.online\/en\/news\/57306\/#breadcrumb","itemListElement":[{"@type":"ListItem","position":1,"name":"Home","item":"https:\/\/pozirk.online\/en\/"},{"@type":"ListItem","position":2,"name":"Human rights groups declare 15 political prisoners, including former prosecutor"}]},{"@type":"WebSite","@id":"https:\/\/pozirk.online\/en\/#website","url":"https:\/\/pozirk.online\/en\/","name":"Pozirk","description":"","publisher":{"@id":"https:\/\/pozirk.online\/en\/#organization"},"potentialAction":[{"@type":"SearchAction","target":{"@type":"EntryPoint","urlTemplate":"https:\/\/pozirk.online\/en\/?s={search_term_string}"},"query-input":{"@type":"PropertyValueSpecification","valueRequired":true,"valueName":"search_term_string"}}],"inLanguage":"en-US"},{"@type":"Organization","@id":"https:\/\/pozirk.online\/en\/#organization","name":"Pozirk","url":"https:\/\/pozirk.online\/en\/","logo":{"@type":"ImageObject","inLanguage":"en-US","@id":"https:\/\/pozirk.online\/en\/#\/schema\/logo\/image\/","url":"https:\/\/pozirk.online\/wp-content\/uploads\/2023\/11\/cropped-Logo_color_512.png","contentUrl":"https:\/\/pozirk.online\/wp-content\/uploads\/2023\/11\/cropped-Logo_color_512.png","width":512,"height":512,"caption":"Pozirk"},"image":{"@id":"https:\/\/pozirk.online\/en\/#\/schema\/logo\/image\/"},"sameAs":["https:\/\/www.facebook.com\/pozirkonline\/","https:\/\/x.com\/Pozirk_online"]}]}},"_links":{"self":[{"href":"https:\/\/pozirk.online\/en\/wp-json\/wp\/v2\/articles\/57306","targetHints":{"allow":["GET"]}}],"collection":[{"href":"https:\/\/pozirk.online\/en\/wp-json\/wp\/v2\/articles"}],"about":[{"href":"https:\/\/pozirk.online\/en\/wp-json\/wp\/v2\/types\/articles"}],"author":[{"embeddable":true,"href":"https:\/\/pozirk.online\/en\/wp-json\/wp\/v2\/users\/75"}],"wp:featuredmedia":[{"embeddable":true,"href":"https:\/\/pozirk.online\/en\/wp-json\/wp\/v2\/media\/53161"}],"wp:attachment":[{"href":"https:\/\/pozirk.online\/en\/wp-json\/wp\/v2\/media?parent=57306"}],"wp:term":[{"taxonomy":"rubric","embeddable":true,"href":"https:\/\/pozirk.online\/en\/wp-json\/wp\/v2\/rubric?post=57306"}],"curies":[{"name":"wp","href":"https:\/\/api.w.org\/{rel}","templated":true}]}}