{"id":60870,"date":"2024-01-13T18:06:06","date_gmt":"2024-01-13T15:06:06","guid":{"rendered":"https:\/\/api.pozirk.online\/?post_type=articles&#038;p=60870"},"modified":"2026-03-10T12:05:06","modified_gmt":"2026-03-10T12:05:06","slug":"political-prisoner-dies-behind-bars-rights-group","status":"publish","type":"articles","link":"https:\/\/pozirk.online\/en\/news\/60870\/","title":{"rendered":"Political prisoner dies behind bars \u2013 rights group"},"content":{"rendered":"\n<figure class=\"block-image block-image-normal\">\n\n  <img decoding=\"async\" width=\"1128\" height=\"752\" src=\"https:\/\/pozirk.online\/wp-content\/uploads\/2024\/01\/hrasko_vadzim_viasna_1128x752.jpg\" class=\"attachment-full size-full\" alt=\"\" srcset=\"https:\/\/pozirk.online\/wp-content\/uploads\/2024\/01\/hrasko_vadzim_viasna_1128x752.jpg 1128w, https:\/\/pozirk.online\/wp-content\/uploads\/2024\/01\/hrasko_vadzim_viasna_1128x752-354x236.jpg 354w, https:\/\/pozirk.online\/wp-content\/uploads\/2024\/01\/hrasko_vadzim_viasna_1128x752-734x490.jpg 734w, https:\/\/pozirk.online\/wp-content\/uploads\/2024\/01\/hrasko_vadzim_viasna_1128x752-178x118.jpg 178w, https:\/\/pozirk.online\/wp-content\/uploads\/2024\/01\/hrasko_vadzim_viasna_1128x752-768x512.jpg 768w\" sizes=\"(max-width: 1128px) 100vw, 1128px\" \/>\n  <figcaption>\n  \n       <div class=\"block-image__author\">\n                <span>(Viasna Human Rights Center)<\/span>\n    <\/div>\n     <\/figcaption>\n<\/figure>\n\n\n\n<p><strong>January 13, <em>Pozirk<\/em>. <\/strong>Vadzim Chra\u015bko died of pneumonia in the early hours of January 9 and was buried three days later in Minsk, the Viasna Human Rights Center reported.<\/p>\n\n\n\n<p>He was reportedly hospitalized when it was already too late to save him.<\/p>\n\n\n\n<p>Police arrested Chra\u015bko in April for several donations to opposition initiatives. In early August, judge Siarhiej Chrypa\u010d sentenced him to three years in prison despite serious illness.<\/p>\n\n\n\n<p>Chra\u015bko was branded as a person &#8220;involved in extremist activities&#8221; after the Supreme Court had rejected his appeal in October.\u00a0He had been held at Penal Colony No 3 in Viciebsk for about two months before his death. <\/p>\n\n\n\n<p>Chra\u015bko was the fourth person known to have died behind bars after being imprisoned in politically-motivated cases, the others being Vitold A\u0161urak, Mika\u0142aj Klimovi\u010d and prominent artist Ale\u015b Pu\u0161kin.<\/p>\n","protected":false},"excerpt":{"rendered":"<p>January 13, Pozirk. Vadzim Chra\u015bko died of pneumonia in the early hours of January 9 and was buried three days later in Minsk, the Viasna Human Rights Center reported. He was reportedly hospitalized when it was already too late to save him. Police arrested Chra\u015bko in April for several donations to opposition initiatives. In early [&hellip;]<\/p>\n","protected":false},"author":84,"featured_media":60853,"template":"","rubric":[16],"class_list":["post-60870","articles","type-articles","status-publish","has-post-thumbnail","hentry","rubric-politics"],"acf":[],"yoast_head":"<!-- This site is optimized with the Yoast SEO plugin v25.5 - https:\/\/yoast.com\/wordpress\/plugins\/seo\/ -->\n<title>Political prisoner dies behind bars \u2013 rights group | Pozirk<\/title>\n<meta name=\"description\" content=\"January 13, Pozirk. Vadzim Chra\u015bko died of pneumonia in the early hours of January 9 and was buried three days later in Minsk, the Viasna Human Rights\" \/>\n<meta name=\"robots\" content=\"index, follow, max-snippet:-1, max-image-preview:large, max-video-preview:-1\" \/>\n<link rel=\"canonical\" href=\"https:\/\/pozirk.online\/en\/news\/60870\/\" \/>\n<meta property=\"og:locale\" content=\"en_US\" \/>\n<meta property=\"og:type\" content=\"article\" \/>\n<meta property=\"og:title\" content=\"Political prisoner dies behind bars \u2013 rights group | Pozirk\" \/>\n<meta property=\"og:description\" content=\"January 13, Pozirk. Vadzim Chra\u015bko died of pneumonia in the early hours of January 9 and was buried three days later in Minsk, the Viasna Human Rights\" \/>\n<meta property=\"og:url\" content=\"https:\/\/pozirk.online\/en\/news\/60870\/\" \/>\n<meta property=\"og:site_name\" content=\"Pozirk\" \/>\n<meta property=\"article:publisher\" content=\"https:\/\/www.facebook.com\/pozirkonline\/\" \/>\n<meta property=\"article:modified_time\" content=\"2026-03-10T12:05:06+00:00\" \/>\n<meta property=\"og:image\" content=\"https:\/\/pozirk.online\/wp-content\/uploads\/2024\/01\/hrasko_vadzim_viasna_1128x752.jpg\" \/>\n\t<meta property=\"og:image:width\" content=\"1128\" \/>\n\t<meta property=\"og:image:height\" content=\"752\" \/>\n\t<meta property=\"og:image:type\" content=\"image\/jpeg\" \/>\n<meta name=\"twitter:card\" content=\"summary_large_image\" \/>\n<meta name=\"twitter:site\" content=\"@Pozirk_online\" \/>\n<meta name=\"twitter:label1\" content=\"Est. reading time\" \/>\n\t<meta name=\"twitter:data1\" content=\"1 minute\" \/>\n<script type=\"application\/ld+json\" class=\"yoast-schema-graph\">{\"@context\":\"https:\/\/schema.org\",\"@graph\":[{\"@type\":\"NewsArticle\",\"@id\":\"https:\/\/pozirk.online\/en\/news\/60870\/#article\",\"isPartOf\":{\"@id\":\"https:\/\/pozirk.online\/en\/news\/60870\/\"},\"headline\":\"Political prisoner dies behind bars \u2013 rights group\",\"datePublished\":\"2024-01-13T15:06:06+00:00\",\"dateModified\":\"2026-03-10T12:05:06+00:00\",\"mainEntityOfPage\":{\"@id\":\"https:\/\/pozirk.online\/en\/news\/60870\/\"},\"wordCount\":147,\"publisher\":{\"@id\":\"https:\/\/pozirk.online\/en\/#organization\"},\"image\":{\"@id\":\"https:\/\/pozirk.online\/en\/news\/60870\/#primaryimage\"},\"thumbnailUrl\":\"https:\/\/pozirk.online\/wp-content\/uploads\/2024\/01\/hrasko_vadzim_viasna_1128x752.jpg\",\"inLanguage\":\"en-US\"},{\"@type\":\"WebPage\",\"@id\":\"https:\/\/pozirk.online\/en\/news\/60870\/\",\"url\":\"https:\/\/pozirk.online\/en\/news\/60870\/\",\"name\":\"Political prisoner dies behind bars \u2013 rights group | Pozirk\",\"isPartOf\":{\"@id\":\"https:\/\/pozirk.online\/en\/#website\"},\"primaryImageOfPage\":{\"@id\":\"https:\/\/pozirk.online\/en\/news\/60870\/#primaryimage\"},\"image\":{\"@id\":\"https:\/\/pozirk.online\/en\/news\/60870\/#primaryimage\"},\"thumbnailUrl\":\"https:\/\/pozirk.online\/wp-content\/uploads\/2024\/01\/hrasko_vadzim_viasna_1128x752.jpg\",\"datePublished\":\"2024-01-13T15:06:06+00:00\",\"dateModified\":\"2026-03-10T12:05:06+00:00\",\"description\":\"January 13, Pozirk. Vadzim Chra\u015bko died of pneumonia in the early hours of January 9 and was buried three days later in Minsk, the Viasna Human Rights\",\"breadcrumb\":{\"@id\":\"https:\/\/pozirk.online\/en\/news\/60870\/#breadcrumb\"},\"inLanguage\":\"en-US\",\"potentialAction\":[{\"@type\":\"ReadAction\",\"target\":[\"https:\/\/pozirk.online\/en\/news\/60870\/\"]}]},{\"@type\":\"ImageObject\",\"inLanguage\":\"en-US\",\"@id\":\"https:\/\/pozirk.online\/en\/news\/60870\/#primaryimage\",\"url\":\"https:\/\/pozirk.online\/wp-content\/uploads\/2024\/01\/hrasko_vadzim_viasna_1128x752.jpg\",\"contentUrl\":\"https:\/\/pozirk.online\/wp-content\/uploads\/2024\/01\/hrasko_vadzim_viasna_1128x752.jpg\",\"width\":1128,\"height\":752},{\"@type\":\"BreadcrumbList\",\"@id\":\"https:\/\/pozirk.online\/en\/news\/60870\/#breadcrumb\",\"itemListElement\":[{\"@type\":\"ListItem\",\"position\":1,\"name\":\"Home\",\"item\":\"https:\/\/pozirk.online\/en\/\"},{\"@type\":\"ListItem\",\"position\":2,\"name\":\"Political prisoner dies behind bars \u2013 rights group\"}]},{\"@type\":\"WebSite\",\"@id\":\"https:\/\/pozirk.online\/en\/#website\",\"url\":\"https:\/\/pozirk.online\/en\/\",\"name\":\"Pozirk\",\"description\":\"\",\"publisher\":{\"@id\":\"https:\/\/pozirk.online\/en\/#organization\"},\"potentialAction\":[{\"@type\":\"SearchAction\",\"target\":{\"@type\":\"EntryPoint\",\"urlTemplate\":\"https:\/\/pozirk.online\/en\/?s={search_term_string}\"},\"query-input\":{\"@type\":\"PropertyValueSpecification\",\"valueRequired\":true,\"valueName\":\"search_term_string\"}}],\"inLanguage\":\"en-US\"},{\"@type\":\"Organization\",\"@id\":\"https:\/\/pozirk.online\/en\/#organization\",\"name\":\"Pozirk\",\"url\":\"https:\/\/pozirk.online\/en\/\",\"logo\":{\"@type\":\"ImageObject\",\"inLanguage\":\"en-US\",\"@id\":\"https:\/\/pozirk.online\/en\/#\/schema\/logo\/image\/\",\"url\":\"https:\/\/pozirk.online\/wp-content\/uploads\/2023\/11\/cropped-Logo_color_512.png\",\"contentUrl\":\"https:\/\/pozirk.online\/wp-content\/uploads\/2023\/11\/cropped-Logo_color_512.png\",\"width\":512,\"height\":512,\"caption\":\"Pozirk\"},\"image\":{\"@id\":\"https:\/\/pozirk.online\/en\/#\/schema\/logo\/image\/\"},\"sameAs\":[\"https:\/\/www.facebook.com\/pozirkonline\/\",\"https:\/\/x.com\/Pozirk_online\"]}]}<\/script>\n<!-- \/ Yoast SEO plugin. -->","yoast_head_json":{"title":"Political prisoner dies behind bars \u2013 rights group | Pozirk","description":"January 13, Pozirk. Vadzim Chra\u015bko died of pneumonia in the early hours of January 9 and was buried three days later in Minsk, the Viasna Human Rights","robots":{"index":"index","follow":"follow","max-snippet":"max-snippet:-1","max-image-preview":"max-image-preview:large","max-video-preview":"max-video-preview:-1"},"canonical":"https:\/\/pozirk.online\/en\/news\/60870\/","og_locale":"en_US","og_type":"article","og_title":"Political prisoner dies behind bars \u2013 rights group | Pozirk","og_description":"January 13, Pozirk. Vadzim Chra\u015bko died of pneumonia in the early hours of January 9 and was buried three days later in Minsk, the Viasna Human Rights","og_url":"https:\/\/pozirk.online\/en\/news\/60870\/","og_site_name":"Pozirk","article_publisher":"https:\/\/www.facebook.com\/pozirkonline\/","article_modified_time":"2026-03-10T12:05:06+00:00","og_image":[{"width":1128,"height":752,"url":"https:\/\/pozirk.online\/wp-content\/uploads\/2024\/01\/hrasko_vadzim_viasna_1128x752.jpg","type":"image\/jpeg"}],"twitter_card":"summary_large_image","twitter_site":"@Pozirk_online","twitter_misc":{"Est. reading time":"1 minute"},"schema":{"@context":"https:\/\/schema.org","@graph":[{"@type":"NewsArticle","@id":"https:\/\/pozirk.online\/en\/news\/60870\/#article","isPartOf":{"@id":"https:\/\/pozirk.online\/en\/news\/60870\/"},"headline":"Political prisoner dies behind bars \u2013 rights group","datePublished":"2024-01-13T15:06:06+00:00","dateModified":"2026-03-10T12:05:06+00:00","mainEntityOfPage":{"@id":"https:\/\/pozirk.online\/en\/news\/60870\/"},"wordCount":147,"publisher":{"@id":"https:\/\/pozirk.online\/en\/#organization"},"image":{"@id":"https:\/\/pozirk.online\/en\/news\/60870\/#primaryimage"},"thumbnailUrl":"https:\/\/pozirk.online\/wp-content\/uploads\/2024\/01\/hrasko_vadzim_viasna_1128x752.jpg","inLanguage":"en-US"},{"@type":"WebPage","@id":"https:\/\/pozirk.online\/en\/news\/60870\/","url":"https:\/\/pozirk.online\/en\/news\/60870\/","name":"Political prisoner dies behind bars \u2013 rights group | Pozirk","isPartOf":{"@id":"https:\/\/pozirk.online\/en\/#website"},"primaryImageOfPage":{"@id":"https:\/\/pozirk.online\/en\/news\/60870\/#primaryimage"},"image":{"@id":"https:\/\/pozirk.online\/en\/news\/60870\/#primaryimage"},"thumbnailUrl":"https:\/\/pozirk.online\/wp-content\/uploads\/2024\/01\/hrasko_vadzim_viasna_1128x752.jpg","datePublished":"2024-01-13T15:06:06+00:00","dateModified":"2026-03-10T12:05:06+00:00","description":"January 13, Pozirk. Vadzim Chra\u015bko died of pneumonia in the early hours of January 9 and was buried three days later in Minsk, the Viasna Human Rights","breadcrumb":{"@id":"https:\/\/pozirk.online\/en\/news\/60870\/#breadcrumb"},"inLanguage":"en-US","potentialAction":[{"@type":"ReadAction","target":["https:\/\/pozirk.online\/en\/news\/60870\/"]}]},{"@type":"ImageObject","inLanguage":"en-US","@id":"https:\/\/pozirk.online\/en\/news\/60870\/#primaryimage","url":"https:\/\/pozirk.online\/wp-content\/uploads\/2024\/01\/hrasko_vadzim_viasna_1128x752.jpg","contentUrl":"https:\/\/pozirk.online\/wp-content\/uploads\/2024\/01\/hrasko_vadzim_viasna_1128x752.jpg","width":1128,"height":752},{"@type":"BreadcrumbList","@id":"https:\/\/pozirk.online\/en\/news\/60870\/#breadcrumb","itemListElement":[{"@type":"ListItem","position":1,"name":"Home","item":"https:\/\/pozirk.online\/en\/"},{"@type":"ListItem","position":2,"name":"Political prisoner dies behind bars \u2013 rights group"}]},{"@type":"WebSite","@id":"https:\/\/pozirk.online\/en\/#website","url":"https:\/\/pozirk.online\/en\/","name":"Pozirk","description":"","publisher":{"@id":"https:\/\/pozirk.online\/en\/#organization"},"potentialAction":[{"@type":"SearchAction","target":{"@type":"EntryPoint","urlTemplate":"https:\/\/pozirk.online\/en\/?s={search_term_string}"},"query-input":{"@type":"PropertyValueSpecification","valueRequired":true,"valueName":"search_term_string"}}],"inLanguage":"en-US"},{"@type":"Organization","@id":"https:\/\/pozirk.online\/en\/#organization","name":"Pozirk","url":"https:\/\/pozirk.online\/en\/","logo":{"@type":"ImageObject","inLanguage":"en-US","@id":"https:\/\/pozirk.online\/en\/#\/schema\/logo\/image\/","url":"https:\/\/pozirk.online\/wp-content\/uploads\/2023\/11\/cropped-Logo_color_512.png","contentUrl":"https:\/\/pozirk.online\/wp-content\/uploads\/2023\/11\/cropped-Logo_color_512.png","width":512,"height":512,"caption":"Pozirk"},"image":{"@id":"https:\/\/pozirk.online\/en\/#\/schema\/logo\/image\/"},"sameAs":["https:\/\/www.facebook.com\/pozirkonline\/","https:\/\/x.com\/Pozirk_online"]}]}},"_links":{"self":[{"href":"https:\/\/pozirk.online\/en\/wp-json\/wp\/v2\/articles\/60870","targetHints":{"allow":["GET"]}}],"collection":[{"href":"https:\/\/pozirk.online\/en\/wp-json\/wp\/v2\/articles"}],"about":[{"href":"https:\/\/pozirk.online\/en\/wp-json\/wp\/v2\/types\/articles"}],"author":[{"embeddable":true,"href":"https:\/\/pozirk.online\/en\/wp-json\/wp\/v2\/users\/84"}],"wp:featuredmedia":[{"embeddable":true,"href":"https:\/\/pozirk.online\/en\/wp-json\/wp\/v2\/media\/60853"}],"wp:attachment":[{"href":"https:\/\/pozirk.online\/en\/wp-json\/wp\/v2\/media?parent=60870"}],"wp:term":[{"taxonomy":"rubric","embeddable":true,"href":"https:\/\/pozirk.online\/en\/wp-json\/wp\/v2\/rubric?post=60870"}],"curies":[{"name":"wp","href":"https:\/\/api.w.org\/{rel}","templated":true}]}}