{"id":66192,"date":"2024-02-10T14:12:08","date_gmt":"2024-02-10T11:12:08","guid":{"rendered":"https:\/\/api.pozirk.online\/?post_type=articles&#038;p=66192"},"modified":"2026-03-10T12:05:06","modified_gmt":"2026-03-10T12:05:06","slug":"belarus-serbia-aiming-for-political-economic-cooperation-foreign-ministry","status":"publish","type":"articles","link":"https:\/\/pozirk.online\/en\/news\/66192\/","title":{"rendered":"Belarus, Serbia aiming for political, economic cooperation \u2013 foreign ministry"},"content":{"rendered":"\n<figure class=\"block-image block-image-normal\">\n\n  <img decoding=\"async\" width=\"1128\" height=\"752\" src=\"https:\/\/pozirk.online\/wp-content\/uploads\/2024\/02\/malinovskij_aleksich_serbia_mid_1128x752.jpg\" class=\"attachment-full size-full\" alt=\"\" srcset=\"https:\/\/pozirk.online\/wp-content\/uploads\/2024\/02\/malinovskij_aleksich_serbia_mid_1128x752.jpg 1128w, https:\/\/pozirk.online\/wp-content\/uploads\/2024\/02\/malinovskij_aleksich_serbia_mid_1128x752-354x236.jpg 354w, https:\/\/pozirk.online\/wp-content\/uploads\/2024\/02\/malinovskij_aleksich_serbia_mid_1128x752-734x490.jpg 734w, https:\/\/pozirk.online\/wp-content\/uploads\/2024\/02\/malinovskij_aleksich_serbia_mid_1128x752-178x118.jpg 178w, https:\/\/pozirk.online\/wp-content\/uploads\/2024\/02\/malinovskij_aleksich_serbia_mid_1128x752-768x512.jpg 768w\" sizes=\"(max-width: 1128px) 100vw, 1128px\" \/>\n  <figcaption>\n      <div class=\"block-image__descr\">\n\n        Left to right: Siarhiej Malino\u016dski and Goran Aleksic \n    <\/div>\n  \n       <div class=\"block-image__author\">\n                <span>(Belarusian foreign ministry&#039;s press office) <\/span>\n    <\/div>\n     <\/figcaption>\n<\/figure>\n\n\n\n<p><strong>February 10, <em>Pozirk<\/em>. <\/strong>Belarusian Ambassador to Serbia Siarhiej Malino\u016dski discussed cooperation between Minsk and Belgrade with Goran Aleksic of Serbia&#8217;s foreign ministry, the Belarusian foreign ministry&#8217;s press office reported.<\/p>\n\n\n\n<p>Malino\u016dski presented his credentials to Serbian President Aleksandar Vu\u010di\u0107 on February 2. The two  discussed ways to intensify bilateral political dialogue and expand economic ties.<\/p>\n\n\n\n<p>In November, Alaksandar \u0141uka\u0161enka said Belgrade needed to &#8220;figure out its policy&#8221; towards Belarus. &#8220;If they want to wag their tails, roughly speaking, and support the European-American sanctions against Belarus, that&#8217;s their business, let them decide and support [sanctions],&#8221; he said.<\/p>\n\n\n\n<p>A year ago, the Belarusian government extended a food embargo to Serbia as a response to the sanctions. In June, Minsk renewed the ban on food imports from &#8220;unfriendly countries,&#8221; including Serbia,  until the end of 2023.<\/p>\n\n\n\n<p>In 2021, Serbia joined the European Union&#8217;s sanctions against Minsk and supported sanction packages approved after the Russian invasion of Ukraine in 2022.<\/p>\n\n\n\n<p>At the same time, Serbia is a party to a free trade agreement with the Russia-led Eurasian Economic Union, in effect since 2021.<\/p>\n","protected":false},"excerpt":{"rendered":"<p>February 10, Pozirk. Belarusian Ambassador to Serbia Siarhiej Malino\u016dski discussed cooperation between Minsk and Belgrade with Goran Aleksic of Serbia&#8217;s foreign ministry, the Belarusian foreign ministry&#8217;s press office reported. Malino\u016dski presented his credentials to Serbian President Aleksandar Vu\u010di\u0107 on February 2. The two discussed ways to intensify bilateral political dialogue and expand economic ties. In [&hellip;]<\/p>\n","protected":false},"author":84,"featured_media":66158,"template":"","rubric":[14],"class_list":["post-66192","articles","type-articles","status-publish","has-post-thumbnail","hentry","rubric-politics"],"acf":[],"yoast_head":"<!-- This site is optimized with the Yoast SEO plugin v25.5 - https:\/\/yoast.com\/wordpress\/plugins\/seo\/ -->\n<title>Belarus, Serbia aiming for political, economic cooperation \u2013 foreign ministry | Pozirk<\/title>\n<meta name=\"description\" content=\"February 10, Pozirk. Belarusian Ambassador to Serbia Siarhiej Malino\u016dski discussed cooperation between Minsk and Belgrade with Goran Aleksic of Serbia&#039;s\" \/>\n<meta name=\"robots\" content=\"index, follow, max-snippet:-1, max-image-preview:large, max-video-preview:-1\" \/>\n<link rel=\"canonical\" href=\"https:\/\/pozirk.online\/en\/news\/66192\/\" \/>\n<meta property=\"og:locale\" content=\"en_US\" \/>\n<meta property=\"og:type\" content=\"article\" \/>\n<meta property=\"og:title\" content=\"Belarus, Serbia aiming for political, economic cooperation \u2013 foreign ministry | Pozirk\" \/>\n<meta property=\"og:description\" content=\"February 10, Pozirk. Belarusian Ambassador to Serbia Siarhiej Malino\u016dski discussed cooperation between Minsk and Belgrade with Goran Aleksic of Serbia&#039;s\" \/>\n<meta property=\"og:url\" content=\"https:\/\/pozirk.online\/en\/news\/66192\/\" \/>\n<meta property=\"og:site_name\" content=\"Pozirk\" \/>\n<meta property=\"article:publisher\" content=\"https:\/\/www.facebook.com\/pozirkonline\/\" \/>\n<meta property=\"article:modified_time\" content=\"2026-03-10T12:05:06+00:00\" \/>\n<meta property=\"og:image\" content=\"https:\/\/pozirk.online\/wp-content\/uploads\/2024\/02\/malinovskij_aleksich_serbia_mid_1128x752.jpg\" \/>\n\t<meta property=\"og:image:width\" content=\"1128\" \/>\n\t<meta property=\"og:image:height\" content=\"752\" \/>\n\t<meta property=\"og:image:type\" content=\"image\/jpeg\" \/>\n<meta name=\"twitter:card\" content=\"summary_large_image\" \/>\n<meta name=\"twitter:site\" content=\"@Pozirk_online\" \/>\n<meta name=\"twitter:label1\" content=\"Est. reading time\" \/>\n\t<meta name=\"twitter:data1\" content=\"1 minute\" \/>\n<script type=\"application\/ld+json\" class=\"yoast-schema-graph\">{\"@context\":\"https:\/\/schema.org\",\"@graph\":[{\"@type\":\"NewsArticle\",\"@id\":\"https:\/\/pozirk.online\/en\/news\/66192\/#article\",\"isPartOf\":{\"@id\":\"https:\/\/pozirk.online\/en\/news\/66192\/\"},\"headline\":\"Belarus, Serbia aiming for political, economic cooperation \u2013 foreign ministry\",\"datePublished\":\"2024-02-10T11:12:08+00:00\",\"dateModified\":\"2026-03-10T12:05:06+00:00\",\"mainEntityOfPage\":{\"@id\":\"https:\/\/pozirk.online\/en\/news\/66192\/\"},\"wordCount\":189,\"publisher\":{\"@id\":\"https:\/\/pozirk.online\/en\/#organization\"},\"image\":{\"@id\":\"https:\/\/pozirk.online\/en\/news\/66192\/#primaryimage\"},\"thumbnailUrl\":\"https:\/\/pozirk.online\/wp-content\/uploads\/2024\/02\/malinovskij_aleksich_serbia_mid_1128x752.jpg\",\"inLanguage\":\"en-US\"},{\"@type\":\"WebPage\",\"@id\":\"https:\/\/pozirk.online\/en\/news\/66192\/\",\"url\":\"https:\/\/pozirk.online\/en\/news\/66192\/\",\"name\":\"Belarus, Serbia aiming for political, economic cooperation \u2013 foreign ministry | Pozirk\",\"isPartOf\":{\"@id\":\"https:\/\/pozirk.online\/en\/#website\"},\"primaryImageOfPage\":{\"@id\":\"https:\/\/pozirk.online\/en\/news\/66192\/#primaryimage\"},\"image\":{\"@id\":\"https:\/\/pozirk.online\/en\/news\/66192\/#primaryimage\"},\"thumbnailUrl\":\"https:\/\/pozirk.online\/wp-content\/uploads\/2024\/02\/malinovskij_aleksich_serbia_mid_1128x752.jpg\",\"datePublished\":\"2024-02-10T11:12:08+00:00\",\"dateModified\":\"2026-03-10T12:05:06+00:00\",\"description\":\"February 10, Pozirk. Belarusian Ambassador to Serbia Siarhiej Malino\u016dski discussed cooperation between Minsk and Belgrade with Goran Aleksic of Serbia's\",\"breadcrumb\":{\"@id\":\"https:\/\/pozirk.online\/en\/news\/66192\/#breadcrumb\"},\"inLanguage\":\"en-US\",\"potentialAction\":[{\"@type\":\"ReadAction\",\"target\":[\"https:\/\/pozirk.online\/en\/news\/66192\/\"]}]},{\"@type\":\"ImageObject\",\"inLanguage\":\"en-US\",\"@id\":\"https:\/\/pozirk.online\/en\/news\/66192\/#primaryimage\",\"url\":\"https:\/\/pozirk.online\/wp-content\/uploads\/2024\/02\/malinovskij_aleksich_serbia_mid_1128x752.jpg\",\"contentUrl\":\"https:\/\/pozirk.online\/wp-content\/uploads\/2024\/02\/malinovskij_aleksich_serbia_mid_1128x752.jpg\",\"width\":1128,\"height\":752},{\"@type\":\"BreadcrumbList\",\"@id\":\"https:\/\/pozirk.online\/en\/news\/66192\/#breadcrumb\",\"itemListElement\":[{\"@type\":\"ListItem\",\"position\":1,\"name\":\"Home\",\"item\":\"https:\/\/pozirk.online\/en\/\"},{\"@type\":\"ListItem\",\"position\":2,\"name\":\"Belarus, Serbia aiming for political, economic cooperation \u2013 foreign ministry\"}]},{\"@type\":\"WebSite\",\"@id\":\"https:\/\/pozirk.online\/en\/#website\",\"url\":\"https:\/\/pozirk.online\/en\/\",\"name\":\"Pozirk\",\"description\":\"\",\"publisher\":{\"@id\":\"https:\/\/pozirk.online\/en\/#organization\"},\"potentialAction\":[{\"@type\":\"SearchAction\",\"target\":{\"@type\":\"EntryPoint\",\"urlTemplate\":\"https:\/\/pozirk.online\/en\/?s={search_term_string}\"},\"query-input\":{\"@type\":\"PropertyValueSpecification\",\"valueRequired\":true,\"valueName\":\"search_term_string\"}}],\"inLanguage\":\"en-US\"},{\"@type\":\"Organization\",\"@id\":\"https:\/\/pozirk.online\/en\/#organization\",\"name\":\"Pozirk\",\"url\":\"https:\/\/pozirk.online\/en\/\",\"logo\":{\"@type\":\"ImageObject\",\"inLanguage\":\"en-US\",\"@id\":\"https:\/\/pozirk.online\/en\/#\/schema\/logo\/image\/\",\"url\":\"https:\/\/pozirk.online\/wp-content\/uploads\/2023\/11\/cropped-Logo_color_512.png\",\"contentUrl\":\"https:\/\/pozirk.online\/wp-content\/uploads\/2023\/11\/cropped-Logo_color_512.png\",\"width\":512,\"height\":512,\"caption\":\"Pozirk\"},\"image\":{\"@id\":\"https:\/\/pozirk.online\/en\/#\/schema\/logo\/image\/\"},\"sameAs\":[\"https:\/\/www.facebook.com\/pozirkonline\/\",\"https:\/\/x.com\/Pozirk_online\"]}]}<\/script>\n<!-- \/ Yoast SEO plugin. -->","yoast_head_json":{"title":"Belarus, Serbia aiming for political, economic cooperation \u2013 foreign ministry | Pozirk","description":"February 10, Pozirk. Belarusian Ambassador to Serbia Siarhiej Malino\u016dski discussed cooperation between Minsk and Belgrade with Goran Aleksic of Serbia's","robots":{"index":"index","follow":"follow","max-snippet":"max-snippet:-1","max-image-preview":"max-image-preview:large","max-video-preview":"max-video-preview:-1"},"canonical":"https:\/\/pozirk.online\/en\/news\/66192\/","og_locale":"en_US","og_type":"article","og_title":"Belarus, Serbia aiming for political, economic cooperation \u2013 foreign ministry | Pozirk","og_description":"February 10, Pozirk. Belarusian Ambassador to Serbia Siarhiej Malino\u016dski discussed cooperation between Minsk and Belgrade with Goran Aleksic of Serbia's","og_url":"https:\/\/pozirk.online\/en\/news\/66192\/","og_site_name":"Pozirk","article_publisher":"https:\/\/www.facebook.com\/pozirkonline\/","article_modified_time":"2026-03-10T12:05:06+00:00","og_image":[{"width":1128,"height":752,"url":"https:\/\/pozirk.online\/wp-content\/uploads\/2024\/02\/malinovskij_aleksich_serbia_mid_1128x752.jpg","type":"image\/jpeg"}],"twitter_card":"summary_large_image","twitter_site":"@Pozirk_online","twitter_misc":{"Est. reading time":"1 minute"},"schema":{"@context":"https:\/\/schema.org","@graph":[{"@type":"NewsArticle","@id":"https:\/\/pozirk.online\/en\/news\/66192\/#article","isPartOf":{"@id":"https:\/\/pozirk.online\/en\/news\/66192\/"},"headline":"Belarus, Serbia aiming for political, economic cooperation \u2013 foreign ministry","datePublished":"2024-02-10T11:12:08+00:00","dateModified":"2026-03-10T12:05:06+00:00","mainEntityOfPage":{"@id":"https:\/\/pozirk.online\/en\/news\/66192\/"},"wordCount":189,"publisher":{"@id":"https:\/\/pozirk.online\/en\/#organization"},"image":{"@id":"https:\/\/pozirk.online\/en\/news\/66192\/#primaryimage"},"thumbnailUrl":"https:\/\/pozirk.online\/wp-content\/uploads\/2024\/02\/malinovskij_aleksich_serbia_mid_1128x752.jpg","inLanguage":"en-US"},{"@type":"WebPage","@id":"https:\/\/pozirk.online\/en\/news\/66192\/","url":"https:\/\/pozirk.online\/en\/news\/66192\/","name":"Belarus, Serbia aiming for political, economic cooperation \u2013 foreign ministry | Pozirk","isPartOf":{"@id":"https:\/\/pozirk.online\/en\/#website"},"primaryImageOfPage":{"@id":"https:\/\/pozirk.online\/en\/news\/66192\/#primaryimage"},"image":{"@id":"https:\/\/pozirk.online\/en\/news\/66192\/#primaryimage"},"thumbnailUrl":"https:\/\/pozirk.online\/wp-content\/uploads\/2024\/02\/malinovskij_aleksich_serbia_mid_1128x752.jpg","datePublished":"2024-02-10T11:12:08+00:00","dateModified":"2026-03-10T12:05:06+00:00","description":"February 10, Pozirk. Belarusian Ambassador to Serbia Siarhiej Malino\u016dski discussed cooperation between Minsk and Belgrade with Goran Aleksic of Serbia's","breadcrumb":{"@id":"https:\/\/pozirk.online\/en\/news\/66192\/#breadcrumb"},"inLanguage":"en-US","potentialAction":[{"@type":"ReadAction","target":["https:\/\/pozirk.online\/en\/news\/66192\/"]}]},{"@type":"ImageObject","inLanguage":"en-US","@id":"https:\/\/pozirk.online\/en\/news\/66192\/#primaryimage","url":"https:\/\/pozirk.online\/wp-content\/uploads\/2024\/02\/malinovskij_aleksich_serbia_mid_1128x752.jpg","contentUrl":"https:\/\/pozirk.online\/wp-content\/uploads\/2024\/02\/malinovskij_aleksich_serbia_mid_1128x752.jpg","width":1128,"height":752},{"@type":"BreadcrumbList","@id":"https:\/\/pozirk.online\/en\/news\/66192\/#breadcrumb","itemListElement":[{"@type":"ListItem","position":1,"name":"Home","item":"https:\/\/pozirk.online\/en\/"},{"@type":"ListItem","position":2,"name":"Belarus, Serbia aiming for political, economic cooperation \u2013 foreign ministry"}]},{"@type":"WebSite","@id":"https:\/\/pozirk.online\/en\/#website","url":"https:\/\/pozirk.online\/en\/","name":"Pozirk","description":"","publisher":{"@id":"https:\/\/pozirk.online\/en\/#organization"},"potentialAction":[{"@type":"SearchAction","target":{"@type":"EntryPoint","urlTemplate":"https:\/\/pozirk.online\/en\/?s={search_term_string}"},"query-input":{"@type":"PropertyValueSpecification","valueRequired":true,"valueName":"search_term_string"}}],"inLanguage":"en-US"},{"@type":"Organization","@id":"https:\/\/pozirk.online\/en\/#organization","name":"Pozirk","url":"https:\/\/pozirk.online\/en\/","logo":{"@type":"ImageObject","inLanguage":"en-US","@id":"https:\/\/pozirk.online\/en\/#\/schema\/logo\/image\/","url":"https:\/\/pozirk.online\/wp-content\/uploads\/2023\/11\/cropped-Logo_color_512.png","contentUrl":"https:\/\/pozirk.online\/wp-content\/uploads\/2023\/11\/cropped-Logo_color_512.png","width":512,"height":512,"caption":"Pozirk"},"image":{"@id":"https:\/\/pozirk.online\/en\/#\/schema\/logo\/image\/"},"sameAs":["https:\/\/www.facebook.com\/pozirkonline\/","https:\/\/x.com\/Pozirk_online"]}]}},"_links":{"self":[{"href":"https:\/\/pozirk.online\/en\/wp-json\/wp\/v2\/articles\/66192","targetHints":{"allow":["GET"]}}],"collection":[{"href":"https:\/\/pozirk.online\/en\/wp-json\/wp\/v2\/articles"}],"about":[{"href":"https:\/\/pozirk.online\/en\/wp-json\/wp\/v2\/types\/articles"}],"author":[{"embeddable":true,"href":"https:\/\/pozirk.online\/en\/wp-json\/wp\/v2\/users\/84"}],"wp:featuredmedia":[{"embeddable":true,"href":"https:\/\/pozirk.online\/en\/wp-json\/wp\/v2\/media\/66158"}],"wp:attachment":[{"href":"https:\/\/pozirk.online\/en\/wp-json\/wp\/v2\/media?parent=66192"}],"wp:term":[{"taxonomy":"rubric","embeddable":true,"href":"https:\/\/pozirk.online\/en\/wp-json\/wp\/v2\/rubric?post=66192"}],"curies":[{"name":"wp","href":"https:\/\/api.w.org\/{rel}","templated":true}]}}