{"id":67273,"date":"2024-02-15T12:32:27","date_gmt":"2024-02-15T09:32:27","guid":{"rendered":"https:\/\/api.pozirk.online\/?post_type=articles&#038;p=67273"},"modified":"2026-03-10T12:05:06","modified_gmt":"2026-03-10T12:05:06","slug":"lukasenka-hopes-to-deepen-belarusian-serbian-ties","status":"publish","type":"articles","link":"https:\/\/pozirk.online\/en\/news\/67273\/","title":{"rendered":"\u0141uka\u0161enka hopes to deepen Belarusian-Serbian ties"},"content":{"rendered":"\n<figure class=\"block-image block-image-normal\">\n\n  <img decoding=\"async\" width=\"900\" height=\"600\" src=\"https:\/\/pozirk.online\/wp-content\/uploads\/2024\/02\/belgrad_tutu_ru.jpg\" class=\"attachment-full size-full\" alt=\"\" srcset=\"https:\/\/pozirk.online\/wp-content\/uploads\/2024\/02\/belgrad_tutu_ru.jpg 900w, https:\/\/pozirk.online\/wp-content\/uploads\/2024\/02\/belgrad_tutu_ru-354x236.jpg 354w, https:\/\/pozirk.online\/wp-content\/uploads\/2024\/02\/belgrad_tutu_ru-734x490.jpg 734w, https:\/\/pozirk.online\/wp-content\/uploads\/2024\/02\/belgrad_tutu_ru-178x118.jpg 178w, https:\/\/pozirk.online\/wp-content\/uploads\/2024\/02\/belgrad_tutu_ru-768x512.jpg 768w\" sizes=\"(max-width: 900px) 100vw, 900px\" \/>\n  <figcaption>\n      <div class=\"block-image__descr\">\n\n        Belgrade\r\n\r\n\n    <\/div>\n  \n       <div class=\"block-image__author\">\n                <span>(tut.ru)<\/span>\n    <\/div>\n     <\/figcaption>\n<\/figure>\n\n\n\n<p><strong>February 15, <em>Pozirk<\/em>. <\/strong>Belarusian and Serbian people are interested in further deepening bilateral relations &#8220;based on fruitful economic cooperation,&#8221; says Alaksandar \u0141uka\u0161enka\u2019s congratulatory message to Serbian President Aleksandar Vu\u010di\u0107 on Serbia&#8217;s Statehood Day.<\/p>\n\n\n\n<p>Minsk has always regarded Belgrade as &#8220;an important and reliable partner in Europe&#8221; and is &#8220;interested in the dynamic development of multifaceted bilateral contacts in the spirit of mutual respect and support,&#8221; the message reads.<\/p>\n\n\n\n<p>Belarusian Ambassador to Serbia Siarhiej Malino\u016dski presented his credentials to Vu\u010di\u0107 on February 2. The two discussed ways to intensify bilateral political dialogue and expand economic ties.<\/p>\n\n\n\n<p>In November, \u0141uka\u0161enka said Belgrade needed to \u201cfigure out its policy\u201d towards Belarus. \u201cIf they want to wag their tails, roughly speaking, and support the European-American sanctions against Belarus, that\u2019s their business, let them decide and support [sanctions],\u201d he said.<\/p>\n\n\n\n<p>A year ago, the Belarusian government extended a food embargo to Serbia as a response to the sanctions. The ban on food imports from \u201cunfriendly countries,\u201d including Serbia, is in force until the end of 2024.<\/p>\n\n\n\n<p>In 2021, Serbia joined the European Union\u2019s sanctions against Minsk and supported sanction packages approved after the Russian invasion of Ukraine in 2022.<\/p>\n\n\n\n<p>At the same time, Serbia is a party to a free trade agreement with the Russia-led Eurasian Economic Union, in effect since 2021.<\/p>\n\n\n\n<p>In 2022, trade between Belarus and Serbia amounted to $175.4 million with Belarusian exports at $100.4 million and imports at $75.0 million. <\/p>\n","protected":false},"excerpt":{"rendered":"<p>February 15, Pozirk. Belarusian and Serbian people are interested in further deepening bilateral relations &#8220;based on fruitful economic cooperation,&#8221; says Alaksandar \u0141uka\u0161enka\u2019s congratulatory message to Serbian President Aleksandar Vu\u010di\u0107 on Serbia&#8217;s Statehood Day. Minsk has always regarded Belgrade as &#8220;an important and reliable partner in Europe&#8221; and is &#8220;interested in the dynamic development of multifaceted [&hellip;]<\/p>\n","protected":false},"author":84,"featured_media":67205,"template":"","rubric":[14],"class_list":["post-67273","articles","type-articles","status-publish","has-post-thumbnail","hentry","rubric-politics"],"acf":[],"yoast_head":"<!-- This site is optimized with the Yoast SEO plugin v25.5 - https:\/\/yoast.com\/wordpress\/plugins\/seo\/ -->\n<title>\u0141uka\u0161enka hopes to deepen Belarusian-Serbian ties | Pozirk<\/title>\n<meta name=\"description\" content=\"February 15, Pozirk. Belarusian and Serbian people are interested in further deepening bilateral relations &quot;based on fruitful economic cooperation,&quot; says\" \/>\n<meta name=\"robots\" content=\"index, follow, max-snippet:-1, max-image-preview:large, max-video-preview:-1\" \/>\n<link rel=\"canonical\" href=\"https:\/\/pozirk.online\/en\/news\/67273\/\" \/>\n<meta property=\"og:locale\" content=\"en_US\" \/>\n<meta property=\"og:type\" content=\"article\" \/>\n<meta property=\"og:title\" content=\"\u0141uka\u0161enka hopes to deepen Belarusian-Serbian ties | Pozirk\" \/>\n<meta property=\"og:description\" content=\"February 15, Pozirk. Belarusian and Serbian people are interested in further deepening bilateral relations &quot;based on fruitful economic cooperation,&quot; says\" \/>\n<meta property=\"og:url\" content=\"https:\/\/pozirk.online\/en\/news\/67273\/\" \/>\n<meta property=\"og:site_name\" content=\"Pozirk\" \/>\n<meta property=\"article:publisher\" content=\"https:\/\/www.facebook.com\/pozirkonline\/\" \/>\n<meta property=\"article:modified_time\" content=\"2026-03-10T12:05:06+00:00\" \/>\n<meta property=\"og:image\" content=\"https:\/\/pozirk.online\/wp-content\/uploads\/2024\/02\/belgrad_tutu_ru.jpg\" \/>\n\t<meta property=\"og:image:width\" content=\"900\" \/>\n\t<meta property=\"og:image:height\" content=\"600\" \/>\n\t<meta property=\"og:image:type\" content=\"image\/jpeg\" \/>\n<meta name=\"twitter:card\" content=\"summary_large_image\" \/>\n<meta name=\"twitter:site\" content=\"@Pozirk_online\" \/>\n<meta name=\"twitter:label1\" content=\"Est. reading time\" \/>\n\t<meta name=\"twitter:data1\" content=\"1 minute\" \/>\n<script type=\"application\/ld+json\" class=\"yoast-schema-graph\">{\"@context\":\"https:\/\/schema.org\",\"@graph\":[{\"@type\":\"NewsArticle\",\"@id\":\"https:\/\/pozirk.online\/en\/news\/67273\/#article\",\"isPartOf\":{\"@id\":\"https:\/\/pozirk.online\/en\/news\/67273\/\"},\"headline\":\"\u0141uka\u0161enka hopes to deepen Belarusian-Serbian ties\",\"datePublished\":\"2024-02-15T09:32:27+00:00\",\"dateModified\":\"2026-03-10T12:05:06+00:00\",\"mainEntityOfPage\":{\"@id\":\"https:\/\/pozirk.online\/en\/news\/67273\/\"},\"wordCount\":245,\"publisher\":{\"@id\":\"https:\/\/pozirk.online\/en\/#organization\"},\"image\":{\"@id\":\"https:\/\/pozirk.online\/en\/news\/67273\/#primaryimage\"},\"thumbnailUrl\":\"https:\/\/pozirk.online\/wp-content\/uploads\/2024\/02\/belgrad_tutu_ru.jpg\",\"inLanguage\":\"en-US\"},{\"@type\":\"WebPage\",\"@id\":\"https:\/\/pozirk.online\/en\/news\/67273\/\",\"url\":\"https:\/\/pozirk.online\/en\/news\/67273\/\",\"name\":\"\u0141uka\u0161enka hopes to deepen Belarusian-Serbian ties | Pozirk\",\"isPartOf\":{\"@id\":\"https:\/\/pozirk.online\/en\/#website\"},\"primaryImageOfPage\":{\"@id\":\"https:\/\/pozirk.online\/en\/news\/67273\/#primaryimage\"},\"image\":{\"@id\":\"https:\/\/pozirk.online\/en\/news\/67273\/#primaryimage\"},\"thumbnailUrl\":\"https:\/\/pozirk.online\/wp-content\/uploads\/2024\/02\/belgrad_tutu_ru.jpg\",\"datePublished\":\"2024-02-15T09:32:27+00:00\",\"dateModified\":\"2026-03-10T12:05:06+00:00\",\"description\":\"February 15, Pozirk. Belarusian and Serbian people are interested in further deepening bilateral relations \\\"based on fruitful economic cooperation,\\\" says\",\"breadcrumb\":{\"@id\":\"https:\/\/pozirk.online\/en\/news\/67273\/#breadcrumb\"},\"inLanguage\":\"en-US\",\"potentialAction\":[{\"@type\":\"ReadAction\",\"target\":[\"https:\/\/pozirk.online\/en\/news\/67273\/\"]}]},{\"@type\":\"ImageObject\",\"inLanguage\":\"en-US\",\"@id\":\"https:\/\/pozirk.online\/en\/news\/67273\/#primaryimage\",\"url\":\"https:\/\/pozirk.online\/wp-content\/uploads\/2024\/02\/belgrad_tutu_ru.jpg\",\"contentUrl\":\"https:\/\/pozirk.online\/wp-content\/uploads\/2024\/02\/belgrad_tutu_ru.jpg\",\"width\":900,\"height\":600,\"caption\":\"Historic center of Belgrade on the banks of the Sava River\"},{\"@type\":\"BreadcrumbList\",\"@id\":\"https:\/\/pozirk.online\/en\/news\/67273\/#breadcrumb\",\"itemListElement\":[{\"@type\":\"ListItem\",\"position\":1,\"name\":\"Home\",\"item\":\"https:\/\/pozirk.online\/en\/\"},{\"@type\":\"ListItem\",\"position\":2,\"name\":\"\u0141uka\u0161enka hopes to deepen Belarusian-Serbian ties\"}]},{\"@type\":\"WebSite\",\"@id\":\"https:\/\/pozirk.online\/en\/#website\",\"url\":\"https:\/\/pozirk.online\/en\/\",\"name\":\"Pozirk\",\"description\":\"\",\"publisher\":{\"@id\":\"https:\/\/pozirk.online\/en\/#organization\"},\"potentialAction\":[{\"@type\":\"SearchAction\",\"target\":{\"@type\":\"EntryPoint\",\"urlTemplate\":\"https:\/\/pozirk.online\/en\/?s={search_term_string}\"},\"query-input\":{\"@type\":\"PropertyValueSpecification\",\"valueRequired\":true,\"valueName\":\"search_term_string\"}}],\"inLanguage\":\"en-US\"},{\"@type\":\"Organization\",\"@id\":\"https:\/\/pozirk.online\/en\/#organization\",\"name\":\"Pozirk\",\"url\":\"https:\/\/pozirk.online\/en\/\",\"logo\":{\"@type\":\"ImageObject\",\"inLanguage\":\"en-US\",\"@id\":\"https:\/\/pozirk.online\/en\/#\/schema\/logo\/image\/\",\"url\":\"https:\/\/pozirk.online\/wp-content\/uploads\/2023\/11\/cropped-Logo_color_512.png\",\"contentUrl\":\"https:\/\/pozirk.online\/wp-content\/uploads\/2023\/11\/cropped-Logo_color_512.png\",\"width\":512,\"height\":512,\"caption\":\"Pozirk\"},\"image\":{\"@id\":\"https:\/\/pozirk.online\/en\/#\/schema\/logo\/image\/\"},\"sameAs\":[\"https:\/\/www.facebook.com\/pozirkonline\/\",\"https:\/\/x.com\/Pozirk_online\"]}]}<\/script>\n<!-- \/ Yoast SEO plugin. -->","yoast_head_json":{"title":"\u0141uka\u0161enka hopes to deepen Belarusian-Serbian ties | Pozirk","description":"February 15, Pozirk. Belarusian and Serbian people are interested in further deepening bilateral relations \"based on fruitful economic cooperation,\" says","robots":{"index":"index","follow":"follow","max-snippet":"max-snippet:-1","max-image-preview":"max-image-preview:large","max-video-preview":"max-video-preview:-1"},"canonical":"https:\/\/pozirk.online\/en\/news\/67273\/","og_locale":"en_US","og_type":"article","og_title":"\u0141uka\u0161enka hopes to deepen Belarusian-Serbian ties | Pozirk","og_description":"February 15, Pozirk. Belarusian and Serbian people are interested in further deepening bilateral relations \"based on fruitful economic cooperation,\" says","og_url":"https:\/\/pozirk.online\/en\/news\/67273\/","og_site_name":"Pozirk","article_publisher":"https:\/\/www.facebook.com\/pozirkonline\/","article_modified_time":"2026-03-10T12:05:06+00:00","og_image":[{"width":900,"height":600,"url":"https:\/\/pozirk.online\/wp-content\/uploads\/2024\/02\/belgrad_tutu_ru.jpg","type":"image\/jpeg"}],"twitter_card":"summary_large_image","twitter_site":"@Pozirk_online","twitter_misc":{"Est. reading time":"1 minute"},"schema":{"@context":"https:\/\/schema.org","@graph":[{"@type":"NewsArticle","@id":"https:\/\/pozirk.online\/en\/news\/67273\/#article","isPartOf":{"@id":"https:\/\/pozirk.online\/en\/news\/67273\/"},"headline":"\u0141uka\u0161enka hopes to deepen Belarusian-Serbian ties","datePublished":"2024-02-15T09:32:27+00:00","dateModified":"2026-03-10T12:05:06+00:00","mainEntityOfPage":{"@id":"https:\/\/pozirk.online\/en\/news\/67273\/"},"wordCount":245,"publisher":{"@id":"https:\/\/pozirk.online\/en\/#organization"},"image":{"@id":"https:\/\/pozirk.online\/en\/news\/67273\/#primaryimage"},"thumbnailUrl":"https:\/\/pozirk.online\/wp-content\/uploads\/2024\/02\/belgrad_tutu_ru.jpg","inLanguage":"en-US"},{"@type":"WebPage","@id":"https:\/\/pozirk.online\/en\/news\/67273\/","url":"https:\/\/pozirk.online\/en\/news\/67273\/","name":"\u0141uka\u0161enka hopes to deepen Belarusian-Serbian ties | Pozirk","isPartOf":{"@id":"https:\/\/pozirk.online\/en\/#website"},"primaryImageOfPage":{"@id":"https:\/\/pozirk.online\/en\/news\/67273\/#primaryimage"},"image":{"@id":"https:\/\/pozirk.online\/en\/news\/67273\/#primaryimage"},"thumbnailUrl":"https:\/\/pozirk.online\/wp-content\/uploads\/2024\/02\/belgrad_tutu_ru.jpg","datePublished":"2024-02-15T09:32:27+00:00","dateModified":"2026-03-10T12:05:06+00:00","description":"February 15, Pozirk. Belarusian and Serbian people are interested in further deepening bilateral relations \"based on fruitful economic cooperation,\" says","breadcrumb":{"@id":"https:\/\/pozirk.online\/en\/news\/67273\/#breadcrumb"},"inLanguage":"en-US","potentialAction":[{"@type":"ReadAction","target":["https:\/\/pozirk.online\/en\/news\/67273\/"]}]},{"@type":"ImageObject","inLanguage":"en-US","@id":"https:\/\/pozirk.online\/en\/news\/67273\/#primaryimage","url":"https:\/\/pozirk.online\/wp-content\/uploads\/2024\/02\/belgrad_tutu_ru.jpg","contentUrl":"https:\/\/pozirk.online\/wp-content\/uploads\/2024\/02\/belgrad_tutu_ru.jpg","width":900,"height":600,"caption":"Historic center of Belgrade on the banks of the Sava River"},{"@type":"BreadcrumbList","@id":"https:\/\/pozirk.online\/en\/news\/67273\/#breadcrumb","itemListElement":[{"@type":"ListItem","position":1,"name":"Home","item":"https:\/\/pozirk.online\/en\/"},{"@type":"ListItem","position":2,"name":"\u0141uka\u0161enka hopes to deepen Belarusian-Serbian ties"}]},{"@type":"WebSite","@id":"https:\/\/pozirk.online\/en\/#website","url":"https:\/\/pozirk.online\/en\/","name":"Pozirk","description":"","publisher":{"@id":"https:\/\/pozirk.online\/en\/#organization"},"potentialAction":[{"@type":"SearchAction","target":{"@type":"EntryPoint","urlTemplate":"https:\/\/pozirk.online\/en\/?s={search_term_string}"},"query-input":{"@type":"PropertyValueSpecification","valueRequired":true,"valueName":"search_term_string"}}],"inLanguage":"en-US"},{"@type":"Organization","@id":"https:\/\/pozirk.online\/en\/#organization","name":"Pozirk","url":"https:\/\/pozirk.online\/en\/","logo":{"@type":"ImageObject","inLanguage":"en-US","@id":"https:\/\/pozirk.online\/en\/#\/schema\/logo\/image\/","url":"https:\/\/pozirk.online\/wp-content\/uploads\/2023\/11\/cropped-Logo_color_512.png","contentUrl":"https:\/\/pozirk.online\/wp-content\/uploads\/2023\/11\/cropped-Logo_color_512.png","width":512,"height":512,"caption":"Pozirk"},"image":{"@id":"https:\/\/pozirk.online\/en\/#\/schema\/logo\/image\/"},"sameAs":["https:\/\/www.facebook.com\/pozirkonline\/","https:\/\/x.com\/Pozirk_online"]}]}},"_links":{"self":[{"href":"https:\/\/pozirk.online\/en\/wp-json\/wp\/v2\/articles\/67273","targetHints":{"allow":["GET"]}}],"collection":[{"href":"https:\/\/pozirk.online\/en\/wp-json\/wp\/v2\/articles"}],"about":[{"href":"https:\/\/pozirk.online\/en\/wp-json\/wp\/v2\/types\/articles"}],"author":[{"embeddable":true,"href":"https:\/\/pozirk.online\/en\/wp-json\/wp\/v2\/users\/84"}],"wp:featuredmedia":[{"embeddable":true,"href":"https:\/\/pozirk.online\/en\/wp-json\/wp\/v2\/media\/67205"}],"wp:attachment":[{"href":"https:\/\/pozirk.online\/en\/wp-json\/wp\/v2\/media?parent=67273"}],"wp:term":[{"taxonomy":"rubric","embeddable":true,"href":"https:\/\/pozirk.online\/en\/wp-json\/wp\/v2\/rubric?post=67273"}],"curies":[{"name":"wp","href":"https:\/\/api.w.org\/{rel}","templated":true}]}}