{"id":67579,"date":"2024-02-16T14:05:27","date_gmt":"2024-02-16T11:05:27","guid":{"rendered":"https:\/\/api.pozirk.online\/?post_type=articles&#038;p=67579"},"modified":"2026-03-10T12:05:06","modified_gmt":"2026-03-10T12:05:06","slug":"interior-ministry-adds-24-to-its-extremist-list","status":"publish","type":"articles","link":"https:\/\/pozirk.online\/en\/news\/67579\/","title":{"rendered":"Interior ministry adds 24 to its &#8220;extremist&#8221; list"},"content":{"rendered":"\n<figure class=\"block-image block-image-normal\">\n\n  <img decoding=\"async\" width=\"1128\" height=\"753\" src=\"https:\/\/pozirk.online\/wp-content\/uploads\/2024\/02\/mvd-soyuz.by-1128.jpg\" class=\"attachment-full size-full\" alt=\"\" srcset=\"https:\/\/pozirk.online\/wp-content\/uploads\/2024\/02\/mvd-soyuz.by-1128.jpg 1128w, https:\/\/pozirk.online\/wp-content\/uploads\/2024\/02\/mvd-soyuz.by-1128-354x236.jpg 354w, https:\/\/pozirk.online\/wp-content\/uploads\/2024\/02\/mvd-soyuz.by-1128-734x490.jpg 734w, https:\/\/pozirk.online\/wp-content\/uploads\/2024\/02\/mvd-soyuz.by-1128-178x118.jpg 178w, https:\/\/pozirk.online\/wp-content\/uploads\/2024\/02\/mvd-soyuz.by-1128-768x513.jpg 768w\" sizes=\"(max-width: 1128px) 100vw, 1128px\" \/>\n  <figcaption>\n  \n       <div class=\"block-image__author\">\n                <span>(soyuz.by)<\/span>\n    <\/div>\n     <\/figcaption>\n<\/figure>\n\n\n\n<p><strong>February 16, <em>Pozirk<\/em>.<\/strong> The interior ministry has added 24 more names to the list of &#8220;persons involved in extremist activities,&#8221; taking the total of entries to 3,789, its website says.<\/p>\n\n\n\n<p>Only five people out of 24 are serving their sentences. Rights groups listed three of them \u2013 Valeryj Tacyn, Ja\u016dhien \u0160\u010darbina and Juryj Jurenia \u2013 as political prisoners.&nbsp;<\/p>\n\n\n\n<p>Tacyn was given one year in prison for allegedly insulting Alaksandar \u0141uka\u0161enka and Jurenia, five years in prison for donations to opposition initiatives. Jurenia\u2019s jailed son Vital had been branded as an extremist in October. \u0160\u010darbina was persecuted on charges of inciting hatred and gross violations of public order, but authorities did not disclose the verdict.<\/p>\n\n\n\n<p>The updated list features Pavie\u0142 Karobkin and Alaksandar Piskuno\u016d, both convicted for allegedly insulting \u0141uka\u0161enka. Piskuno\u016d was also persecuted on charges of insulting officials, inciting hatred and slandering Luka\u0161enka.<\/p>\n\n\n\n<p>The other 19 persons are free, but their criminal records have not been expunged, affecting their rights, including the right to work. One of them is Ukrainian national Roman Huzynsky convicted on charges of gross violations of public order.<\/p>\n\n\n\n<p>People placed on the list of individuals involved in extremist activities are prohibited from engaging in education activity, publishing, as well as from holding state positions and from doing military service, for five years after completing their sentences or criminal record annulment. Their financial transactions are subject to special monitoring. They are also banned from activities involving narcotic drugs, psychotropic substances and their precursors, arms and ammunition and explosives, for five years.<\/p>\n\n\n\n<p>Authorities in Belarus have equated criticism, solidarity, advocacy, free media and free expression to extremism and terrorism.<\/p>\n","protected":false},"excerpt":{"rendered":"<p>February 16, Pozirk. The interior ministry has added 24 more names to the list of &#8220;persons involved in extremist activities,&#8221; taking the total of entries to 3,789, its website says. Only five people out of 24 are serving their sentences. Rights groups listed three of them \u2013 Valeryj Tacyn, Ja\u016dhien \u0160\u010darbina and Juryj Jurenia \u2013 [&hellip;]<\/p>\n","protected":false},"author":84,"featured_media":67563,"template":"","rubric":[14],"class_list":["post-67579","articles","type-articles","status-publish","has-post-thumbnail","hentry","rubric-politics"],"acf":[],"yoast_head":"<!-- This site is optimized with the Yoast SEO plugin v25.5 - https:\/\/yoast.com\/wordpress\/plugins\/seo\/ -->\n<title>Interior ministry adds 24 to its &quot;extremist&quot; list | Pozirk<\/title>\n<meta name=\"description\" content=\"February 16, Pozirk. The interior ministry has added 24 more names to the list of &quot;persons involved in extremist activities,&quot; taking the total of entries\" \/>\n<meta name=\"robots\" content=\"index, follow, max-snippet:-1, max-image-preview:large, max-video-preview:-1\" \/>\n<link rel=\"canonical\" href=\"https:\/\/pozirk.online\/en\/news\/67579\/\" \/>\n<meta property=\"og:locale\" content=\"en_US\" \/>\n<meta property=\"og:type\" content=\"article\" \/>\n<meta property=\"og:title\" content=\"Interior ministry adds 24 to its &quot;extremist&quot; list | Pozirk\" \/>\n<meta property=\"og:description\" content=\"February 16, Pozirk. The interior ministry has added 24 more names to the list of &quot;persons involved in extremist activities,&quot; taking the total of entries\" \/>\n<meta property=\"og:url\" content=\"https:\/\/pozirk.online\/en\/news\/67579\/\" \/>\n<meta property=\"og:site_name\" content=\"Pozirk\" \/>\n<meta property=\"article:publisher\" content=\"https:\/\/www.facebook.com\/pozirkonline\/\" \/>\n<meta property=\"article:modified_time\" content=\"2026-03-10T12:05:06+00:00\" \/>\n<meta property=\"og:image\" content=\"https:\/\/pozirk.online\/wp-content\/uploads\/2024\/02\/mvd-soyuz.by-1128.jpg\" \/>\n\t<meta property=\"og:image:width\" content=\"1128\" \/>\n\t<meta property=\"og:image:height\" content=\"753\" \/>\n\t<meta property=\"og:image:type\" content=\"image\/jpeg\" \/>\n<meta name=\"twitter:card\" content=\"summary_large_image\" \/>\n<meta name=\"twitter:site\" content=\"@Pozirk_online\" \/>\n<meta name=\"twitter:label1\" content=\"Est. reading time\" \/>\n\t<meta name=\"twitter:data1\" content=\"1 minute\" \/>\n<script type=\"application\/ld+json\" class=\"yoast-schema-graph\">{\"@context\":\"https:\/\/schema.org\",\"@graph\":[{\"@type\":\"NewsArticle\",\"@id\":\"https:\/\/pozirk.online\/en\/news\/67579\/#article\",\"isPartOf\":{\"@id\":\"https:\/\/pozirk.online\/en\/news\/67579\/\"},\"headline\":\"Interior ministry adds 24 to its &#8220;extremist&#8221; list\",\"datePublished\":\"2024-02-16T11:05:27+00:00\",\"dateModified\":\"2026-03-10T12:05:06+00:00\",\"mainEntityOfPage\":{\"@id\":\"https:\/\/pozirk.online\/en\/news\/67579\/\"},\"wordCount\":277,\"publisher\":{\"@id\":\"https:\/\/pozirk.online\/en\/#organization\"},\"image\":{\"@id\":\"https:\/\/pozirk.online\/en\/news\/67579\/#primaryimage\"},\"thumbnailUrl\":\"https:\/\/pozirk.online\/wp-content\/uploads\/2024\/02\/mvd-soyuz.by-1128.jpg\",\"inLanguage\":\"en-US\"},{\"@type\":\"WebPage\",\"@id\":\"https:\/\/pozirk.online\/en\/news\/67579\/\",\"url\":\"https:\/\/pozirk.online\/en\/news\/67579\/\",\"name\":\"Interior ministry adds 24 to its \\\"extremist\\\" list | Pozirk\",\"isPartOf\":{\"@id\":\"https:\/\/pozirk.online\/en\/#website\"},\"primaryImageOfPage\":{\"@id\":\"https:\/\/pozirk.online\/en\/news\/67579\/#primaryimage\"},\"image\":{\"@id\":\"https:\/\/pozirk.online\/en\/news\/67579\/#primaryimage\"},\"thumbnailUrl\":\"https:\/\/pozirk.online\/wp-content\/uploads\/2024\/02\/mvd-soyuz.by-1128.jpg\",\"datePublished\":\"2024-02-16T11:05:27+00:00\",\"dateModified\":\"2026-03-10T12:05:06+00:00\",\"description\":\"February 16, Pozirk. The interior ministry has added 24 more names to the list of \\\"persons involved in extremist activities,\\\" taking the total of entries\",\"breadcrumb\":{\"@id\":\"https:\/\/pozirk.online\/en\/news\/67579\/#breadcrumb\"},\"inLanguage\":\"en-US\",\"potentialAction\":[{\"@type\":\"ReadAction\",\"target\":[\"https:\/\/pozirk.online\/en\/news\/67579\/\"]}]},{\"@type\":\"ImageObject\",\"inLanguage\":\"en-US\",\"@id\":\"https:\/\/pozirk.online\/en\/news\/67579\/#primaryimage\",\"url\":\"https:\/\/pozirk.online\/wp-content\/uploads\/2024\/02\/mvd-soyuz.by-1128.jpg\",\"contentUrl\":\"https:\/\/pozirk.online\/wp-content\/uploads\/2024\/02\/mvd-soyuz.by-1128.jpg\",\"width\":1128,\"height\":753},{\"@type\":\"BreadcrumbList\",\"@id\":\"https:\/\/pozirk.online\/en\/news\/67579\/#breadcrumb\",\"itemListElement\":[{\"@type\":\"ListItem\",\"position\":1,\"name\":\"Home\",\"item\":\"https:\/\/pozirk.online\/en\/\"},{\"@type\":\"ListItem\",\"position\":2,\"name\":\"Interior ministry adds 24 to its &#8220;extremist&#8221; list\"}]},{\"@type\":\"WebSite\",\"@id\":\"https:\/\/pozirk.online\/en\/#website\",\"url\":\"https:\/\/pozirk.online\/en\/\",\"name\":\"Pozirk\",\"description\":\"\",\"publisher\":{\"@id\":\"https:\/\/pozirk.online\/en\/#organization\"},\"potentialAction\":[{\"@type\":\"SearchAction\",\"target\":{\"@type\":\"EntryPoint\",\"urlTemplate\":\"https:\/\/pozirk.online\/en\/?s={search_term_string}\"},\"query-input\":{\"@type\":\"PropertyValueSpecification\",\"valueRequired\":true,\"valueName\":\"search_term_string\"}}],\"inLanguage\":\"en-US\"},{\"@type\":\"Organization\",\"@id\":\"https:\/\/pozirk.online\/en\/#organization\",\"name\":\"Pozirk\",\"url\":\"https:\/\/pozirk.online\/en\/\",\"logo\":{\"@type\":\"ImageObject\",\"inLanguage\":\"en-US\",\"@id\":\"https:\/\/pozirk.online\/en\/#\/schema\/logo\/image\/\",\"url\":\"https:\/\/pozirk.online\/wp-content\/uploads\/2023\/11\/cropped-Logo_color_512.png\",\"contentUrl\":\"https:\/\/pozirk.online\/wp-content\/uploads\/2023\/11\/cropped-Logo_color_512.png\",\"width\":512,\"height\":512,\"caption\":\"Pozirk\"},\"image\":{\"@id\":\"https:\/\/pozirk.online\/en\/#\/schema\/logo\/image\/\"},\"sameAs\":[\"https:\/\/www.facebook.com\/pozirkonline\/\",\"https:\/\/x.com\/Pozirk_online\"]}]}<\/script>\n<!-- \/ Yoast SEO plugin. -->","yoast_head_json":{"title":"Interior ministry adds 24 to its \"extremist\" list | Pozirk","description":"February 16, Pozirk. The interior ministry has added 24 more names to the list of \"persons involved in extremist activities,\" taking the total of entries","robots":{"index":"index","follow":"follow","max-snippet":"max-snippet:-1","max-image-preview":"max-image-preview:large","max-video-preview":"max-video-preview:-1"},"canonical":"https:\/\/pozirk.online\/en\/news\/67579\/","og_locale":"en_US","og_type":"article","og_title":"Interior ministry adds 24 to its \"extremist\" list | Pozirk","og_description":"February 16, Pozirk. The interior ministry has added 24 more names to the list of \"persons involved in extremist activities,\" taking the total of entries","og_url":"https:\/\/pozirk.online\/en\/news\/67579\/","og_site_name":"Pozirk","article_publisher":"https:\/\/www.facebook.com\/pozirkonline\/","article_modified_time":"2026-03-10T12:05:06+00:00","og_image":[{"width":1128,"height":753,"url":"https:\/\/pozirk.online\/wp-content\/uploads\/2024\/02\/mvd-soyuz.by-1128.jpg","type":"image\/jpeg"}],"twitter_card":"summary_large_image","twitter_site":"@Pozirk_online","twitter_misc":{"Est. reading time":"1 minute"},"schema":{"@context":"https:\/\/schema.org","@graph":[{"@type":"NewsArticle","@id":"https:\/\/pozirk.online\/en\/news\/67579\/#article","isPartOf":{"@id":"https:\/\/pozirk.online\/en\/news\/67579\/"},"headline":"Interior ministry adds 24 to its &#8220;extremist&#8221; list","datePublished":"2024-02-16T11:05:27+00:00","dateModified":"2026-03-10T12:05:06+00:00","mainEntityOfPage":{"@id":"https:\/\/pozirk.online\/en\/news\/67579\/"},"wordCount":277,"publisher":{"@id":"https:\/\/pozirk.online\/en\/#organization"},"image":{"@id":"https:\/\/pozirk.online\/en\/news\/67579\/#primaryimage"},"thumbnailUrl":"https:\/\/pozirk.online\/wp-content\/uploads\/2024\/02\/mvd-soyuz.by-1128.jpg","inLanguage":"en-US"},{"@type":"WebPage","@id":"https:\/\/pozirk.online\/en\/news\/67579\/","url":"https:\/\/pozirk.online\/en\/news\/67579\/","name":"Interior ministry adds 24 to its \"extremist\" list | Pozirk","isPartOf":{"@id":"https:\/\/pozirk.online\/en\/#website"},"primaryImageOfPage":{"@id":"https:\/\/pozirk.online\/en\/news\/67579\/#primaryimage"},"image":{"@id":"https:\/\/pozirk.online\/en\/news\/67579\/#primaryimage"},"thumbnailUrl":"https:\/\/pozirk.online\/wp-content\/uploads\/2024\/02\/mvd-soyuz.by-1128.jpg","datePublished":"2024-02-16T11:05:27+00:00","dateModified":"2026-03-10T12:05:06+00:00","description":"February 16, Pozirk. The interior ministry has added 24 more names to the list of \"persons involved in extremist activities,\" taking the total of entries","breadcrumb":{"@id":"https:\/\/pozirk.online\/en\/news\/67579\/#breadcrumb"},"inLanguage":"en-US","potentialAction":[{"@type":"ReadAction","target":["https:\/\/pozirk.online\/en\/news\/67579\/"]}]},{"@type":"ImageObject","inLanguage":"en-US","@id":"https:\/\/pozirk.online\/en\/news\/67579\/#primaryimage","url":"https:\/\/pozirk.online\/wp-content\/uploads\/2024\/02\/mvd-soyuz.by-1128.jpg","contentUrl":"https:\/\/pozirk.online\/wp-content\/uploads\/2024\/02\/mvd-soyuz.by-1128.jpg","width":1128,"height":753},{"@type":"BreadcrumbList","@id":"https:\/\/pozirk.online\/en\/news\/67579\/#breadcrumb","itemListElement":[{"@type":"ListItem","position":1,"name":"Home","item":"https:\/\/pozirk.online\/en\/"},{"@type":"ListItem","position":2,"name":"Interior ministry adds 24 to its &#8220;extremist&#8221; list"}]},{"@type":"WebSite","@id":"https:\/\/pozirk.online\/en\/#website","url":"https:\/\/pozirk.online\/en\/","name":"Pozirk","description":"","publisher":{"@id":"https:\/\/pozirk.online\/en\/#organization"},"potentialAction":[{"@type":"SearchAction","target":{"@type":"EntryPoint","urlTemplate":"https:\/\/pozirk.online\/en\/?s={search_term_string}"},"query-input":{"@type":"PropertyValueSpecification","valueRequired":true,"valueName":"search_term_string"}}],"inLanguage":"en-US"},{"@type":"Organization","@id":"https:\/\/pozirk.online\/en\/#organization","name":"Pozirk","url":"https:\/\/pozirk.online\/en\/","logo":{"@type":"ImageObject","inLanguage":"en-US","@id":"https:\/\/pozirk.online\/en\/#\/schema\/logo\/image\/","url":"https:\/\/pozirk.online\/wp-content\/uploads\/2023\/11\/cropped-Logo_color_512.png","contentUrl":"https:\/\/pozirk.online\/wp-content\/uploads\/2023\/11\/cropped-Logo_color_512.png","width":512,"height":512,"caption":"Pozirk"},"image":{"@id":"https:\/\/pozirk.online\/en\/#\/schema\/logo\/image\/"},"sameAs":["https:\/\/www.facebook.com\/pozirkonline\/","https:\/\/x.com\/Pozirk_online"]}]}},"_links":{"self":[{"href":"https:\/\/pozirk.online\/en\/wp-json\/wp\/v2\/articles\/67579","targetHints":{"allow":["GET"]}}],"collection":[{"href":"https:\/\/pozirk.online\/en\/wp-json\/wp\/v2\/articles"}],"about":[{"href":"https:\/\/pozirk.online\/en\/wp-json\/wp\/v2\/types\/articles"}],"author":[{"embeddable":true,"href":"https:\/\/pozirk.online\/en\/wp-json\/wp\/v2\/users\/84"}],"wp:featuredmedia":[{"embeddable":true,"href":"https:\/\/pozirk.online\/en\/wp-json\/wp\/v2\/media\/67563"}],"wp:attachment":[{"href":"https:\/\/pozirk.online\/en\/wp-json\/wp\/v2\/media?parent=67579"}],"wp:term":[{"taxonomy":"rubric","embeddable":true,"href":"https:\/\/pozirk.online\/en\/wp-json\/wp\/v2\/rubric?post=67579"}],"curies":[{"name":"wp","href":"https:\/\/api.w.org\/{rel}","templated":true}]}}