{"id":68008,"date":"2024-02-19T11:22:08","date_gmt":"2024-02-19T08:22:08","guid":{"rendered":"https:\/\/api.pozirk.online\/?post_type=articles&#038;p=68008"},"modified":"2026-03-09T20:10:49","modified_gmt":"2026-03-09T20:10:49","slug":"cichanouskaja-meets-with-argentine-foreign-minister-in-munich","status":"publish","type":"articles","link":"https:\/\/pozirk.online\/en\/news\/68008\/","title":{"rendered":"Cichano\u016dskaja meets with Argentine foreign minister in Munich"},"content":{"rendered":"\n<figure class=\"block-image block-image-normal\">\n\n  <img decoding=\"async\" width=\"1128\" height=\"752\" src=\"https:\/\/pozirk.online\/wp-content\/uploads\/2024\/02\/tihanovskaya-munich-press-sluzhba-1128.jpg\" class=\"attachment-full size-full\" alt=\"\" srcset=\"https:\/\/pozirk.online\/wp-content\/uploads\/2024\/02\/tihanovskaya-munich-press-sluzhba-1128.jpg 1128w, https:\/\/pozirk.online\/wp-content\/uploads\/2024\/02\/tihanovskaya-munich-press-sluzhba-1128-354x236.jpg 354w, https:\/\/pozirk.online\/wp-content\/uploads\/2024\/02\/tihanovskaya-munich-press-sluzhba-1128-734x490.jpg 734w, https:\/\/pozirk.online\/wp-content\/uploads\/2024\/02\/tihanovskaya-munich-press-sluzhba-1128-178x118.jpg 178w, https:\/\/pozirk.online\/wp-content\/uploads\/2024\/02\/tihanovskaya-munich-press-sluzhba-1128-768x512.jpg 768w\" sizes=\"(max-width: 1128px) 100vw, 1128px\" \/>\n  <figcaption>\n  \n       <div class=\"block-image__author\">\n                <span>(\u015aviat\u0142ana Cichano\u016dskaja&#039;s press office) <\/span>\n    <\/div>\n     <\/figcaption>\n<\/figure>\n\n\n\n<p><strong>February 19,&nbsp;<em>Pozirk<\/em>.<\/strong> Belarusian opposition leader \u015aviat\u0142ana Cichano\u016dskaja met with Argentine Foreign Minister Diana Mondino on the sidelines of the Munich Security Conference yesterday.&nbsp;<\/p>\n\n\n\n<p>\u201cArgentina is a powerful voice [in the region]. We hope to establish some permanent contacts with the new government and president of Argentina,\u201d Franak Via\u010dorka, an aide to Cichano\u016dskaja, told <em>Pozirk<\/em>.<\/p>\n\n\n\n<p>Argentina&#8217;s new president, Javier Milei, vowed to strengthen ties with the United States and Israel and supported Ukraine in its struggle against Russian invasion. While in Munich, Cichano\u016dskaja also met with US Secretary of State Anthony Blinken, ex-Secretary of State Hillary Clinton, the defense ministers of Latvia and Estonia, Signal and ChatGPT executives and took part in the Voices of Civil Resistance event, the politician\u2019s press office reported on February 18.<\/p>\n","protected":false},"excerpt":{"rendered":"<p>February 19,&nbsp;Pozirk. Belarusian opposition leader \u015aviat\u0142ana Cichano\u016dskaja met with Argentine Foreign Minister Diana Mondino on the sidelines of the Munich Security Conference yesterday.&nbsp; \u201cArgentina is a powerful voice [in the region]. We hope to establish some permanent contacts with the new government and president of Argentina,\u201d Franak Via\u010dorka, an aide to Cichano\u016dskaja, told Pozirk. Argentina&#8217;s [&hellip;]<\/p>\n","protected":false},"author":83,"featured_media":67916,"template":"","rubric":[16],"class_list":["post-68008","articles","type-articles","status-publish","has-post-thumbnail","hentry","rubric-politics"],"acf":[],"yoast_head":"<!-- This site is optimized with the Yoast SEO plugin v25.5 - https:\/\/yoast.com\/wordpress\/plugins\/seo\/ -->\n<title>Cichano\u016dskaja meets with Argentine foreign minister in Munich | Pozirk<\/title>\n<meta name=\"description\" content=\"February 19,&nbsp;Pozirk. Belarusian opposition leader \u015aviat\u0142ana Cichano\u016dskaja met with Argentine Foreign Minister Diana Mondino on the sidelines of the\" \/>\n<meta name=\"robots\" content=\"index, follow, max-snippet:-1, max-image-preview:large, max-video-preview:-1\" \/>\n<link rel=\"canonical\" href=\"https:\/\/pozirk.online\/en\/news\/68008\/\" \/>\n<meta property=\"og:locale\" content=\"en_US\" \/>\n<meta property=\"og:type\" content=\"article\" \/>\n<meta property=\"og:title\" content=\"Cichano\u016dskaja meets with Argentine foreign minister in Munich | Pozirk\" \/>\n<meta property=\"og:description\" content=\"February 19,&nbsp;Pozirk. Belarusian opposition leader \u015aviat\u0142ana Cichano\u016dskaja met with Argentine Foreign Minister Diana Mondino on the sidelines of the\" \/>\n<meta property=\"og:url\" content=\"https:\/\/pozirk.online\/en\/news\/68008\/\" \/>\n<meta property=\"og:site_name\" content=\"Pozirk\" \/>\n<meta property=\"article:publisher\" content=\"https:\/\/www.facebook.com\/pozirkonline\/\" \/>\n<meta property=\"article:modified_time\" content=\"2026-03-09T20:10:49+00:00\" \/>\n<meta property=\"og:image\" content=\"https:\/\/pozirk.online\/wp-content\/uploads\/2024\/02\/tihanovskaya-munich-press-sluzhba-1128.jpg\" \/>\n\t<meta property=\"og:image:width\" content=\"1128\" \/>\n\t<meta property=\"og:image:height\" content=\"752\" \/>\n\t<meta property=\"og:image:type\" content=\"image\/jpeg\" \/>\n<meta name=\"twitter:card\" content=\"summary_large_image\" \/>\n<meta name=\"twitter:site\" content=\"@Pozirk_online\" \/>\n<meta name=\"twitter:label1\" content=\"Est. reading time\" \/>\n\t<meta name=\"twitter:data1\" content=\"1 minute\" \/>\n<script type=\"application\/ld+json\" class=\"yoast-schema-graph\">{\"@context\":\"https:\/\/schema.org\",\"@graph\":[{\"@type\":\"NewsArticle\",\"@id\":\"https:\/\/pozirk.online\/en\/news\/68008\/#article\",\"isPartOf\":{\"@id\":\"https:\/\/pozirk.online\/en\/news\/68008\/\"},\"headline\":\"Cichano\u016dskaja meets with Argentine foreign minister in Munich\",\"datePublished\":\"2024-02-19T08:22:08+00:00\",\"dateModified\":\"2026-03-09T20:10:49+00:00\",\"mainEntityOfPage\":{\"@id\":\"https:\/\/pozirk.online\/en\/news\/68008\/\"},\"wordCount\":142,\"publisher\":{\"@id\":\"https:\/\/pozirk.online\/en\/#organization\"},\"image\":{\"@id\":\"https:\/\/pozirk.online\/en\/news\/68008\/#primaryimage\"},\"thumbnailUrl\":\"https:\/\/pozirk.online\/wp-content\/uploads\/2024\/02\/tihanovskaya-munich-press-sluzhba-1128.jpg\",\"inLanguage\":\"en-US\"},{\"@type\":\"WebPage\",\"@id\":\"https:\/\/pozirk.online\/en\/news\/68008\/\",\"url\":\"https:\/\/pozirk.online\/en\/news\/68008\/\",\"name\":\"Cichano\u016dskaja meets with Argentine foreign minister in Munich | Pozirk\",\"isPartOf\":{\"@id\":\"https:\/\/pozirk.online\/en\/#website\"},\"primaryImageOfPage\":{\"@id\":\"https:\/\/pozirk.online\/en\/news\/68008\/#primaryimage\"},\"image\":{\"@id\":\"https:\/\/pozirk.online\/en\/news\/68008\/#primaryimage\"},\"thumbnailUrl\":\"https:\/\/pozirk.online\/wp-content\/uploads\/2024\/02\/tihanovskaya-munich-press-sluzhba-1128.jpg\",\"datePublished\":\"2024-02-19T08:22:08+00:00\",\"dateModified\":\"2026-03-09T20:10:49+00:00\",\"description\":\"February 19,&nbsp;Pozirk. Belarusian opposition leader \u015aviat\u0142ana Cichano\u016dskaja met with Argentine Foreign Minister Diana Mondino on the sidelines of the\",\"breadcrumb\":{\"@id\":\"https:\/\/pozirk.online\/en\/news\/68008\/#breadcrumb\"},\"inLanguage\":\"en-US\",\"potentialAction\":[{\"@type\":\"ReadAction\",\"target\":[\"https:\/\/pozirk.online\/en\/news\/68008\/\"]}]},{\"@type\":\"ImageObject\",\"inLanguage\":\"en-US\",\"@id\":\"https:\/\/pozirk.online\/en\/news\/68008\/#primaryimage\",\"url\":\"https:\/\/pozirk.online\/wp-content\/uploads\/2024\/02\/tihanovskaya-munich-press-sluzhba-1128.jpg\",\"contentUrl\":\"https:\/\/pozirk.online\/wp-content\/uploads\/2024\/02\/tihanovskaya-munich-press-sluzhba-1128.jpg\",\"width\":1128,\"height\":752},{\"@type\":\"BreadcrumbList\",\"@id\":\"https:\/\/pozirk.online\/en\/news\/68008\/#breadcrumb\",\"itemListElement\":[{\"@type\":\"ListItem\",\"position\":1,\"name\":\"Home\",\"item\":\"https:\/\/pozirk.online\/en\/\"},{\"@type\":\"ListItem\",\"position\":2,\"name\":\"Cichano\u016dskaja meets with Argentine foreign minister in Munich\"}]},{\"@type\":\"WebSite\",\"@id\":\"https:\/\/pozirk.online\/en\/#website\",\"url\":\"https:\/\/pozirk.online\/en\/\",\"name\":\"Pozirk\",\"description\":\"\",\"publisher\":{\"@id\":\"https:\/\/pozirk.online\/en\/#organization\"},\"potentialAction\":[{\"@type\":\"SearchAction\",\"target\":{\"@type\":\"EntryPoint\",\"urlTemplate\":\"https:\/\/pozirk.online\/en\/?s={search_term_string}\"},\"query-input\":{\"@type\":\"PropertyValueSpecification\",\"valueRequired\":true,\"valueName\":\"search_term_string\"}}],\"inLanguage\":\"en-US\"},{\"@type\":\"Organization\",\"@id\":\"https:\/\/pozirk.online\/en\/#organization\",\"name\":\"Pozirk\",\"url\":\"https:\/\/pozirk.online\/en\/\",\"logo\":{\"@type\":\"ImageObject\",\"inLanguage\":\"en-US\",\"@id\":\"https:\/\/pozirk.online\/en\/#\/schema\/logo\/image\/\",\"url\":\"https:\/\/pozirk.online\/wp-content\/uploads\/2023\/11\/cropped-Logo_color_512.png\",\"contentUrl\":\"https:\/\/pozirk.online\/wp-content\/uploads\/2023\/11\/cropped-Logo_color_512.png\",\"width\":512,\"height\":512,\"caption\":\"Pozirk\"},\"image\":{\"@id\":\"https:\/\/pozirk.online\/en\/#\/schema\/logo\/image\/\"},\"sameAs\":[\"https:\/\/www.facebook.com\/pozirkonline\/\",\"https:\/\/x.com\/Pozirk_online\"]}]}<\/script>\n<!-- \/ Yoast SEO plugin. -->","yoast_head_json":{"title":"Cichano\u016dskaja meets with Argentine foreign minister in Munich | Pozirk","description":"February 19,&nbsp;Pozirk. Belarusian opposition leader \u015aviat\u0142ana Cichano\u016dskaja met with Argentine Foreign Minister Diana Mondino on the sidelines of the","robots":{"index":"index","follow":"follow","max-snippet":"max-snippet:-1","max-image-preview":"max-image-preview:large","max-video-preview":"max-video-preview:-1"},"canonical":"https:\/\/pozirk.online\/en\/news\/68008\/","og_locale":"en_US","og_type":"article","og_title":"Cichano\u016dskaja meets with Argentine foreign minister in Munich | Pozirk","og_description":"February 19,&nbsp;Pozirk. Belarusian opposition leader \u015aviat\u0142ana Cichano\u016dskaja met with Argentine Foreign Minister Diana Mondino on the sidelines of the","og_url":"https:\/\/pozirk.online\/en\/news\/68008\/","og_site_name":"Pozirk","article_publisher":"https:\/\/www.facebook.com\/pozirkonline\/","article_modified_time":"2026-03-09T20:10:49+00:00","og_image":[{"width":1128,"height":752,"url":"https:\/\/pozirk.online\/wp-content\/uploads\/2024\/02\/tihanovskaya-munich-press-sluzhba-1128.jpg","type":"image\/jpeg"}],"twitter_card":"summary_large_image","twitter_site":"@Pozirk_online","twitter_misc":{"Est. reading time":"1 minute"},"schema":{"@context":"https:\/\/schema.org","@graph":[{"@type":"NewsArticle","@id":"https:\/\/pozirk.online\/en\/news\/68008\/#article","isPartOf":{"@id":"https:\/\/pozirk.online\/en\/news\/68008\/"},"headline":"Cichano\u016dskaja meets with Argentine foreign minister in Munich","datePublished":"2024-02-19T08:22:08+00:00","dateModified":"2026-03-09T20:10:49+00:00","mainEntityOfPage":{"@id":"https:\/\/pozirk.online\/en\/news\/68008\/"},"wordCount":142,"publisher":{"@id":"https:\/\/pozirk.online\/en\/#organization"},"image":{"@id":"https:\/\/pozirk.online\/en\/news\/68008\/#primaryimage"},"thumbnailUrl":"https:\/\/pozirk.online\/wp-content\/uploads\/2024\/02\/tihanovskaya-munich-press-sluzhba-1128.jpg","inLanguage":"en-US"},{"@type":"WebPage","@id":"https:\/\/pozirk.online\/en\/news\/68008\/","url":"https:\/\/pozirk.online\/en\/news\/68008\/","name":"Cichano\u016dskaja meets with Argentine foreign minister in Munich | Pozirk","isPartOf":{"@id":"https:\/\/pozirk.online\/en\/#website"},"primaryImageOfPage":{"@id":"https:\/\/pozirk.online\/en\/news\/68008\/#primaryimage"},"image":{"@id":"https:\/\/pozirk.online\/en\/news\/68008\/#primaryimage"},"thumbnailUrl":"https:\/\/pozirk.online\/wp-content\/uploads\/2024\/02\/tihanovskaya-munich-press-sluzhba-1128.jpg","datePublished":"2024-02-19T08:22:08+00:00","dateModified":"2026-03-09T20:10:49+00:00","description":"February 19,&nbsp;Pozirk. Belarusian opposition leader \u015aviat\u0142ana Cichano\u016dskaja met with Argentine Foreign Minister Diana Mondino on the sidelines of the","breadcrumb":{"@id":"https:\/\/pozirk.online\/en\/news\/68008\/#breadcrumb"},"inLanguage":"en-US","potentialAction":[{"@type":"ReadAction","target":["https:\/\/pozirk.online\/en\/news\/68008\/"]}]},{"@type":"ImageObject","inLanguage":"en-US","@id":"https:\/\/pozirk.online\/en\/news\/68008\/#primaryimage","url":"https:\/\/pozirk.online\/wp-content\/uploads\/2024\/02\/tihanovskaya-munich-press-sluzhba-1128.jpg","contentUrl":"https:\/\/pozirk.online\/wp-content\/uploads\/2024\/02\/tihanovskaya-munich-press-sluzhba-1128.jpg","width":1128,"height":752},{"@type":"BreadcrumbList","@id":"https:\/\/pozirk.online\/en\/news\/68008\/#breadcrumb","itemListElement":[{"@type":"ListItem","position":1,"name":"Home","item":"https:\/\/pozirk.online\/en\/"},{"@type":"ListItem","position":2,"name":"Cichano\u016dskaja meets with Argentine foreign minister in Munich"}]},{"@type":"WebSite","@id":"https:\/\/pozirk.online\/en\/#website","url":"https:\/\/pozirk.online\/en\/","name":"Pozirk","description":"","publisher":{"@id":"https:\/\/pozirk.online\/en\/#organization"},"potentialAction":[{"@type":"SearchAction","target":{"@type":"EntryPoint","urlTemplate":"https:\/\/pozirk.online\/en\/?s={search_term_string}"},"query-input":{"@type":"PropertyValueSpecification","valueRequired":true,"valueName":"search_term_string"}}],"inLanguage":"en-US"},{"@type":"Organization","@id":"https:\/\/pozirk.online\/en\/#organization","name":"Pozirk","url":"https:\/\/pozirk.online\/en\/","logo":{"@type":"ImageObject","inLanguage":"en-US","@id":"https:\/\/pozirk.online\/en\/#\/schema\/logo\/image\/","url":"https:\/\/pozirk.online\/wp-content\/uploads\/2023\/11\/cropped-Logo_color_512.png","contentUrl":"https:\/\/pozirk.online\/wp-content\/uploads\/2023\/11\/cropped-Logo_color_512.png","width":512,"height":512,"caption":"Pozirk"},"image":{"@id":"https:\/\/pozirk.online\/en\/#\/schema\/logo\/image\/"},"sameAs":["https:\/\/www.facebook.com\/pozirkonline\/","https:\/\/x.com\/Pozirk_online"]}]}},"_links":{"self":[{"href":"https:\/\/pozirk.online\/en\/wp-json\/wp\/v2\/articles\/68008","targetHints":{"allow":["GET"]}}],"collection":[{"href":"https:\/\/pozirk.online\/en\/wp-json\/wp\/v2\/articles"}],"about":[{"href":"https:\/\/pozirk.online\/en\/wp-json\/wp\/v2\/types\/articles"}],"author":[{"embeddable":true,"href":"https:\/\/pozirk.online\/en\/wp-json\/wp\/v2\/users\/83"}],"wp:featuredmedia":[{"embeddable":true,"href":"https:\/\/pozirk.online\/en\/wp-json\/wp\/v2\/media\/67916"}],"wp:attachment":[{"href":"https:\/\/pozirk.online\/en\/wp-json\/wp\/v2\/media?parent=68008"}],"wp:term":[{"taxonomy":"rubric","embeddable":true,"href":"https:\/\/pozirk.online\/en\/wp-json\/wp\/v2\/rubric?post=68008"}],"curies":[{"name":"wp","href":"https:\/\/api.w.org\/{rel}","templated":true}]}}