{"id":69329,"date":"2024-02-24T14:32:09","date_gmt":"2024-02-24T11:32:09","guid":{"rendered":"https:\/\/api.pozirk.online\/?post_type=articles&#038;p=69329"},"modified":"2026-03-10T12:05:06","modified_gmt":"2026-03-10T12:05:06","slug":"opposition-leader-kyivs-envoy-talk-about-launching-bilateral-dialogue","status":"publish","type":"articles","link":"https:\/\/pozirk.online\/en\/news\/69329\/","title":{"rendered":"Opposition leader, Kyiv&#8217;s envoy talk about launching bilateral dialogue"},"content":{"rendered":"\n<p><strong>February 24, <em>Pozirk<\/em>.<\/strong> Belarusian opposition leader \u015aviat\u0142ana Cichano\u016dskaja and Ukrainian envoy Ihor Kyzym discussed launching Belarusian-Ukrainian dialogue at their February 23 meeting in Vilnius.<\/p>\n\n\n\n<p>The sides also talked about possible cooperation between democratic Belarus and Ukraine in the future. Cichano\u016dskaja congratulated Kyzym on his appointment and expressed solidarity and support for Ukraine, her press office reported.<\/p>\n\n\n\n<p>Kyzym, former ambassador to Belarus, announced his appointment as ambassador-at-large for Belarusian affairs on February 3. He has already met with Kastu\u015b Kalino\u016dski Regiment fighters and Hienad\u017a Ma\u0144ko who represents the transition cabinet in Kyiv.<\/p>\n\n\n\n<p>Kyzym&#8217;s ongoing visit to Poland and Lithuania also featured meetings with Pavie\u0142 \u0141atu\u0161ka of the National Anti-Crisis Management (NAM), Cichano\u016dskaja&#8217;s aides Franak Via\u010dorka and Anatol Labied\u017aka, as well as his Polish and Lithuanian counterparts,\u00a0Artur Michalski and Asta Andrijauskien\u0117.<\/p>\n","protected":false},"excerpt":{"rendered":"<p>February 24, Pozirk. Belarusian opposition leader \u015aviat\u0142ana Cichano\u016dskaja and Ukrainian envoy Ihor Kyzym discussed launching Belarusian-Ukrainian dialogue at their February 23 meeting in Vilnius. The sides also talked about possible cooperation between democratic Belarus and Ukraine in the future. Cichano\u016dskaja congratulated Kyzym on his appointment and expressed solidarity and support for Ukraine, her press office [&hellip;]<\/p>\n","protected":false},"author":84,"featured_media":0,"template":"","rubric":[14],"class_list":["post-69329","articles","type-articles","status-publish","hentry","rubric-politics"],"acf":[],"yoast_head":"<!-- This site is optimized with the Yoast SEO plugin v25.5 - https:\/\/yoast.com\/wordpress\/plugins\/seo\/ -->\n<title>Opposition leader, Kyiv&#039;s envoy talk about launching bilateral dialogue | Pozirk<\/title>\n<meta name=\"description\" content=\"February 24, Pozirk. Belarusian opposition leader \u015aviat\u0142ana Cichano\u016dskaja and Ukrainian envoy Ihor Kyzym discussed launching Belarusian-Ukrainian dialogue\" \/>\n<meta name=\"robots\" content=\"index, follow, max-snippet:-1, max-image-preview:large, max-video-preview:-1\" \/>\n<link rel=\"canonical\" href=\"https:\/\/pozirk.online\/en\/news\/69329\/\" \/>\n<meta property=\"og:locale\" content=\"en_US\" \/>\n<meta property=\"og:type\" content=\"article\" \/>\n<meta property=\"og:title\" content=\"Opposition leader, Kyiv&#039;s envoy talk about launching bilateral dialogue | Pozirk\" \/>\n<meta property=\"og:description\" content=\"February 24, Pozirk. Belarusian opposition leader \u015aviat\u0142ana Cichano\u016dskaja and Ukrainian envoy Ihor Kyzym discussed launching Belarusian-Ukrainian dialogue\" \/>\n<meta property=\"og:url\" content=\"https:\/\/pozirk.online\/en\/news\/69329\/\" \/>\n<meta property=\"og:site_name\" content=\"Pozirk\" \/>\n<meta property=\"article:publisher\" content=\"https:\/\/www.facebook.com\/pozirkonline\/\" \/>\n<meta property=\"article:modified_time\" content=\"2026-03-10T12:05:06+00:00\" \/>\n<meta name=\"twitter:card\" content=\"summary_large_image\" \/>\n<meta name=\"twitter:site\" content=\"@Pozirk_online\" \/>\n<meta name=\"twitter:label1\" content=\"Est. reading time\" \/>\n\t<meta name=\"twitter:data1\" content=\"1 minute\" \/>\n<script type=\"application\/ld+json\" class=\"yoast-schema-graph\">{\"@context\":\"https:\/\/schema.org\",\"@graph\":[{\"@type\":\"NewsArticle\",\"@id\":\"https:\/\/pozirk.online\/en\/news\/69329\/#article\",\"isPartOf\":{\"@id\":\"https:\/\/pozirk.online\/en\/news\/69329\/\"},\"headline\":\"Opposition leader, Kyiv&#8217;s envoy talk about launching bilateral dialogue\",\"datePublished\":\"2024-02-24T11:32:09+00:00\",\"dateModified\":\"2026-03-10T12:05:06+00:00\",\"mainEntityOfPage\":{\"@id\":\"https:\/\/pozirk.online\/en\/news\/69329\/\"},\"wordCount\":148,\"publisher\":{\"@id\":\"https:\/\/pozirk.online\/en\/#organization\"},\"inLanguage\":\"en-US\"},{\"@type\":\"WebPage\",\"@id\":\"https:\/\/pozirk.online\/en\/news\/69329\/\",\"url\":\"https:\/\/pozirk.online\/en\/news\/69329\/\",\"name\":\"Opposition leader, Kyiv's envoy talk about launching bilateral dialogue | Pozirk\",\"isPartOf\":{\"@id\":\"https:\/\/pozirk.online\/en\/#website\"},\"datePublished\":\"2024-02-24T11:32:09+00:00\",\"dateModified\":\"2026-03-10T12:05:06+00:00\",\"description\":\"February 24, Pozirk. Belarusian opposition leader \u015aviat\u0142ana Cichano\u016dskaja and Ukrainian envoy Ihor Kyzym discussed launching Belarusian-Ukrainian dialogue\",\"breadcrumb\":{\"@id\":\"https:\/\/pozirk.online\/en\/news\/69329\/#breadcrumb\"},\"inLanguage\":\"en-US\",\"potentialAction\":[{\"@type\":\"ReadAction\",\"target\":[\"https:\/\/pozirk.online\/en\/news\/69329\/\"]}]},{\"@type\":\"BreadcrumbList\",\"@id\":\"https:\/\/pozirk.online\/en\/news\/69329\/#breadcrumb\",\"itemListElement\":[{\"@type\":\"ListItem\",\"position\":1,\"name\":\"Home\",\"item\":\"https:\/\/pozirk.online\/en\/\"},{\"@type\":\"ListItem\",\"position\":2,\"name\":\"Opposition leader, Kyiv&#8217;s envoy talk about launching bilateral dialogue\"}]},{\"@type\":\"WebSite\",\"@id\":\"https:\/\/pozirk.online\/en\/#website\",\"url\":\"https:\/\/pozirk.online\/en\/\",\"name\":\"Pozirk\",\"description\":\"\",\"publisher\":{\"@id\":\"https:\/\/pozirk.online\/en\/#organization\"},\"potentialAction\":[{\"@type\":\"SearchAction\",\"target\":{\"@type\":\"EntryPoint\",\"urlTemplate\":\"https:\/\/pozirk.online\/en\/?s={search_term_string}\"},\"query-input\":{\"@type\":\"PropertyValueSpecification\",\"valueRequired\":true,\"valueName\":\"search_term_string\"}}],\"inLanguage\":\"en-US\"},{\"@type\":\"Organization\",\"@id\":\"https:\/\/pozirk.online\/en\/#organization\",\"name\":\"Pozirk\",\"url\":\"https:\/\/pozirk.online\/en\/\",\"logo\":{\"@type\":\"ImageObject\",\"inLanguage\":\"en-US\",\"@id\":\"https:\/\/pozirk.online\/en\/#\/schema\/logo\/image\/\",\"url\":\"https:\/\/pozirk.online\/wp-content\/uploads\/2023\/11\/cropped-Logo_color_512.png\",\"contentUrl\":\"https:\/\/pozirk.online\/wp-content\/uploads\/2023\/11\/cropped-Logo_color_512.png\",\"width\":512,\"height\":512,\"caption\":\"Pozirk\"},\"image\":{\"@id\":\"https:\/\/pozirk.online\/en\/#\/schema\/logo\/image\/\"},\"sameAs\":[\"https:\/\/www.facebook.com\/pozirkonline\/\",\"https:\/\/x.com\/Pozirk_online\"]}]}<\/script>\n<!-- \/ Yoast SEO plugin. -->","yoast_head_json":{"title":"Opposition leader, Kyiv's envoy talk about launching bilateral dialogue | Pozirk","description":"February 24, Pozirk. Belarusian opposition leader \u015aviat\u0142ana Cichano\u016dskaja and Ukrainian envoy Ihor Kyzym discussed launching Belarusian-Ukrainian dialogue","robots":{"index":"index","follow":"follow","max-snippet":"max-snippet:-1","max-image-preview":"max-image-preview:large","max-video-preview":"max-video-preview:-1"},"canonical":"https:\/\/pozirk.online\/en\/news\/69329\/","og_locale":"en_US","og_type":"article","og_title":"Opposition leader, Kyiv's envoy talk about launching bilateral dialogue | Pozirk","og_description":"February 24, Pozirk. Belarusian opposition leader \u015aviat\u0142ana Cichano\u016dskaja and Ukrainian envoy Ihor Kyzym discussed launching Belarusian-Ukrainian dialogue","og_url":"https:\/\/pozirk.online\/en\/news\/69329\/","og_site_name":"Pozirk","article_publisher":"https:\/\/www.facebook.com\/pozirkonline\/","article_modified_time":"2026-03-10T12:05:06+00:00","twitter_card":"summary_large_image","twitter_site":"@Pozirk_online","twitter_misc":{"Est. reading time":"1 minute"},"schema":{"@context":"https:\/\/schema.org","@graph":[{"@type":"NewsArticle","@id":"https:\/\/pozirk.online\/en\/news\/69329\/#article","isPartOf":{"@id":"https:\/\/pozirk.online\/en\/news\/69329\/"},"headline":"Opposition leader, Kyiv&#8217;s envoy talk about launching bilateral dialogue","datePublished":"2024-02-24T11:32:09+00:00","dateModified":"2026-03-10T12:05:06+00:00","mainEntityOfPage":{"@id":"https:\/\/pozirk.online\/en\/news\/69329\/"},"wordCount":148,"publisher":{"@id":"https:\/\/pozirk.online\/en\/#organization"},"inLanguage":"en-US"},{"@type":"WebPage","@id":"https:\/\/pozirk.online\/en\/news\/69329\/","url":"https:\/\/pozirk.online\/en\/news\/69329\/","name":"Opposition leader, Kyiv's envoy talk about launching bilateral dialogue | Pozirk","isPartOf":{"@id":"https:\/\/pozirk.online\/en\/#website"},"datePublished":"2024-02-24T11:32:09+00:00","dateModified":"2026-03-10T12:05:06+00:00","description":"February 24, Pozirk. Belarusian opposition leader \u015aviat\u0142ana Cichano\u016dskaja and Ukrainian envoy Ihor Kyzym discussed launching Belarusian-Ukrainian dialogue","breadcrumb":{"@id":"https:\/\/pozirk.online\/en\/news\/69329\/#breadcrumb"},"inLanguage":"en-US","potentialAction":[{"@type":"ReadAction","target":["https:\/\/pozirk.online\/en\/news\/69329\/"]}]},{"@type":"BreadcrumbList","@id":"https:\/\/pozirk.online\/en\/news\/69329\/#breadcrumb","itemListElement":[{"@type":"ListItem","position":1,"name":"Home","item":"https:\/\/pozirk.online\/en\/"},{"@type":"ListItem","position":2,"name":"Opposition leader, Kyiv&#8217;s envoy talk about launching bilateral dialogue"}]},{"@type":"WebSite","@id":"https:\/\/pozirk.online\/en\/#website","url":"https:\/\/pozirk.online\/en\/","name":"Pozirk","description":"","publisher":{"@id":"https:\/\/pozirk.online\/en\/#organization"},"potentialAction":[{"@type":"SearchAction","target":{"@type":"EntryPoint","urlTemplate":"https:\/\/pozirk.online\/en\/?s={search_term_string}"},"query-input":{"@type":"PropertyValueSpecification","valueRequired":true,"valueName":"search_term_string"}}],"inLanguage":"en-US"},{"@type":"Organization","@id":"https:\/\/pozirk.online\/en\/#organization","name":"Pozirk","url":"https:\/\/pozirk.online\/en\/","logo":{"@type":"ImageObject","inLanguage":"en-US","@id":"https:\/\/pozirk.online\/en\/#\/schema\/logo\/image\/","url":"https:\/\/pozirk.online\/wp-content\/uploads\/2023\/11\/cropped-Logo_color_512.png","contentUrl":"https:\/\/pozirk.online\/wp-content\/uploads\/2023\/11\/cropped-Logo_color_512.png","width":512,"height":512,"caption":"Pozirk"},"image":{"@id":"https:\/\/pozirk.online\/en\/#\/schema\/logo\/image\/"},"sameAs":["https:\/\/www.facebook.com\/pozirkonline\/","https:\/\/x.com\/Pozirk_online"]}]}},"_links":{"self":[{"href":"https:\/\/pozirk.online\/en\/wp-json\/wp\/v2\/articles\/69329","targetHints":{"allow":["GET"]}}],"collection":[{"href":"https:\/\/pozirk.online\/en\/wp-json\/wp\/v2\/articles"}],"about":[{"href":"https:\/\/pozirk.online\/en\/wp-json\/wp\/v2\/types\/articles"}],"author":[{"embeddable":true,"href":"https:\/\/pozirk.online\/en\/wp-json\/wp\/v2\/users\/84"}],"wp:attachment":[{"href":"https:\/\/pozirk.online\/en\/wp-json\/wp\/v2\/media?parent=69329"}],"wp:term":[{"taxonomy":"rubric","embeddable":true,"href":"https:\/\/pozirk.online\/en\/wp-json\/wp\/v2\/rubric?post=69329"}],"curies":[{"name":"wp","href":"https:\/\/api.w.org\/{rel}","templated":true}]}}