{"id":7301,"date":"2023-10-23T11:36:38","date_gmt":"2023-10-23T08:36:38","guid":{"rendered":"https:\/\/api.pozirk.online\/?post_type=articles&#038;p=7301"},"modified":"2026-03-10T12:05:06","modified_gmt":"2026-03-10T12:05:06","slug":"von-der-leyen-promises-support-to-cichanouskaja-transition-cabinet","status":"publish","type":"articles","link":"https:\/\/pozirk.online\/en\/news\/7301\/","title":{"rendered":"Von der Leyen promises support to Cichano\u016dskaja \u2013 transition cabinet"},"content":{"rendered":"\n<p><strong>October 23, <em>Pozirk<\/em>.<\/strong> European Commission President Ursula von der Leyen assured the Belarusian opposition leader \u015aviat\u0142ana Cichano\u016dskaja of support as long as the fight for the freedom of Belarus continues, the transition cabinet&#8217;s foreign affairs office said in its Telegram channel.<\/p>\n\n\n\n<p>On October 22, both politicians addressed the German Junge Union&#8217;s forum in Braunschweig. <\/p>\n\n\n\n<p>Praising the Belarusian politician&#8217;s speech at the European Parliament in mid-September, von der Leyen stressed that dictators will not be allowed to trample on freedom and human rights in Europe.<\/p>\n","protected":false},"excerpt":{"rendered":"<p>October 23, Pozirk. European Commission President Ursula von der Leyen assured the Belarusian opposition leader \u015aviat\u0142ana Cichano\u016dskaja of support as long as the fight for the freedom of Belarus continues, the transition cabinet&#8217;s foreign affairs office said in its Telegram channel. On October 22, both politicians addressed the German Junge Union&#8217;s forum in Braunschweig. Praising [&hellip;]<\/p>\n","protected":false},"author":84,"featured_media":7251,"template":"","rubric":[16],"class_list":["post-7301","articles","type-articles","status-publish","has-post-thumbnail","hentry","rubric-politics"],"acf":[],"yoast_head":"<!-- This site is optimized with the Yoast SEO plugin v25.5 - https:\/\/yoast.com\/wordpress\/plugins\/seo\/ -->\n<title>Von der Leyen promises support to Cichano\u016dskaja \u2013 transition cabinet | Pozirk<\/title>\n<meta name=\"description\" content=\"October 23, Pozirk. European Commission President Ursula von der Leyen assured the Belarusian opposition leader \u015aviat\u0142ana Cichano\u016dskaja of support as long\" \/>\n<meta name=\"robots\" content=\"index, follow, max-snippet:-1, max-image-preview:large, max-video-preview:-1\" \/>\n<link rel=\"canonical\" href=\"https:\/\/pozirk.online\/en\/news\/7301\/\" \/>\n<meta property=\"og:locale\" content=\"en_US\" \/>\n<meta property=\"og:type\" content=\"article\" \/>\n<meta property=\"og:title\" content=\"Von der Leyen promises support to Cichano\u016dskaja \u2013 transition cabinet | Pozirk\" \/>\n<meta property=\"og:description\" content=\"October 23, Pozirk. European Commission President Ursula von der Leyen assured the Belarusian opposition leader \u015aviat\u0142ana Cichano\u016dskaja of support as long\" \/>\n<meta property=\"og:url\" content=\"https:\/\/pozirk.online\/en\/news\/7301\/\" \/>\n<meta property=\"og:site_name\" content=\"Pozirk\" \/>\n<meta property=\"article:publisher\" content=\"https:\/\/www.facebook.com\/pozirkonline\/\" \/>\n<meta property=\"article:modified_time\" content=\"2026-03-10T12:05:06+00:00\" \/>\n<meta property=\"og:image\" content=\"https:\/\/pozirk.online\/wp-content\/uploads\/2023\/10\/Ursula_ST_main-e1698012265932.jpg\" \/>\n\t<meta property=\"og:image:width\" content=\"2000\" \/>\n\t<meta property=\"og:image:height\" content=\"834\" \/>\n\t<meta property=\"og:image:type\" content=\"image\/jpeg\" \/>\n<meta name=\"twitter:card\" content=\"summary_large_image\" \/>\n<meta name=\"twitter:site\" content=\"@Pozirk_online\" \/>\n<script type=\"application\/ld+json\" class=\"yoast-schema-graph\">{\"@context\":\"https:\/\/schema.org\",\"@graph\":[{\"@type\":\"NewsArticle\",\"@id\":\"https:\/\/pozirk.online\/en\/news\/7301\/#article\",\"isPartOf\":{\"@id\":\"https:\/\/pozirk.online\/en\/news\/7301\/\"},\"headline\":\"Von der Leyen promises support to Cichano\u016dskaja \u2013 transition cabinet\",\"datePublished\":\"2023-10-23T08:36:38+00:00\",\"dateModified\":\"2026-03-10T12:05:06+00:00\",\"mainEntityOfPage\":{\"@id\":\"https:\/\/pozirk.online\/en\/news\/7301\/\"},\"wordCount\":97,\"publisher\":{\"@id\":\"https:\/\/pozirk.online\/en\/#organization\"},\"image\":{\"@id\":\"https:\/\/pozirk.online\/en\/news\/7301\/#primaryimage\"},\"thumbnailUrl\":\"https:\/\/pozirk.online\/wp-content\/uploads\/2023\/10\/Ursula_ST_main-e1698012265932.jpg\",\"inLanguage\":\"en-US\"},{\"@type\":\"WebPage\",\"@id\":\"https:\/\/pozirk.online\/en\/news\/7301\/\",\"url\":\"https:\/\/pozirk.online\/en\/news\/7301\/\",\"name\":\"Von der Leyen promises support to Cichano\u016dskaja \u2013 transition cabinet | Pozirk\",\"isPartOf\":{\"@id\":\"https:\/\/pozirk.online\/en\/#website\"},\"primaryImageOfPage\":{\"@id\":\"https:\/\/pozirk.online\/en\/news\/7301\/#primaryimage\"},\"image\":{\"@id\":\"https:\/\/pozirk.online\/en\/news\/7301\/#primaryimage\"},\"thumbnailUrl\":\"https:\/\/pozirk.online\/wp-content\/uploads\/2023\/10\/Ursula_ST_main-e1698012265932.jpg\",\"datePublished\":\"2023-10-23T08:36:38+00:00\",\"dateModified\":\"2026-03-10T12:05:06+00:00\",\"description\":\"October 23, Pozirk. European Commission President Ursula von der Leyen assured the Belarusian opposition leader \u015aviat\u0142ana Cichano\u016dskaja of support as long\",\"breadcrumb\":{\"@id\":\"https:\/\/pozirk.online\/en\/news\/7301\/#breadcrumb\"},\"inLanguage\":\"en-US\",\"potentialAction\":[{\"@type\":\"ReadAction\",\"target\":[\"https:\/\/pozirk.online\/en\/news\/7301\/\"]}]},{\"@type\":\"ImageObject\",\"inLanguage\":\"en-US\",\"@id\":\"https:\/\/pozirk.online\/en\/news\/7301\/#primaryimage\",\"url\":\"https:\/\/pozirk.online\/wp-content\/uploads\/2023\/10\/Ursula_ST_main-e1698012265932.jpg\",\"contentUrl\":\"https:\/\/pozirk.online\/wp-content\/uploads\/2023\/10\/Ursula_ST_main-e1698012265932.jpg\",\"width\":2000,\"height\":834},{\"@type\":\"BreadcrumbList\",\"@id\":\"https:\/\/pozirk.online\/en\/news\/7301\/#breadcrumb\",\"itemListElement\":[{\"@type\":\"ListItem\",\"position\":1,\"name\":\"Home\",\"item\":\"https:\/\/pozirk.online\/en\/\"},{\"@type\":\"ListItem\",\"position\":2,\"name\":\"Von der Leyen promises support to Cichano\u016dskaja \u2013 transition cabinet\"}]},{\"@type\":\"WebSite\",\"@id\":\"https:\/\/pozirk.online\/en\/#website\",\"url\":\"https:\/\/pozirk.online\/en\/\",\"name\":\"Pozirk\",\"description\":\"\",\"publisher\":{\"@id\":\"https:\/\/pozirk.online\/en\/#organization\"},\"potentialAction\":[{\"@type\":\"SearchAction\",\"target\":{\"@type\":\"EntryPoint\",\"urlTemplate\":\"https:\/\/pozirk.online\/en\/?s={search_term_string}\"},\"query-input\":{\"@type\":\"PropertyValueSpecification\",\"valueRequired\":true,\"valueName\":\"search_term_string\"}}],\"inLanguage\":\"en-US\"},{\"@type\":\"Organization\",\"@id\":\"https:\/\/pozirk.online\/en\/#organization\",\"name\":\"Pozirk\",\"url\":\"https:\/\/pozirk.online\/en\/\",\"logo\":{\"@type\":\"ImageObject\",\"inLanguage\":\"en-US\",\"@id\":\"https:\/\/pozirk.online\/en\/#\/schema\/logo\/image\/\",\"url\":\"https:\/\/pozirk.online\/wp-content\/uploads\/2023\/11\/cropped-Logo_color_512.png\",\"contentUrl\":\"https:\/\/pozirk.online\/wp-content\/uploads\/2023\/11\/cropped-Logo_color_512.png\",\"width\":512,\"height\":512,\"caption\":\"Pozirk\"},\"image\":{\"@id\":\"https:\/\/pozirk.online\/en\/#\/schema\/logo\/image\/\"},\"sameAs\":[\"https:\/\/www.facebook.com\/pozirkonline\/\",\"https:\/\/x.com\/Pozirk_online\"]}]}<\/script>\n<!-- \/ Yoast SEO plugin. -->","yoast_head_json":{"title":"Von der Leyen promises support to Cichano\u016dskaja \u2013 transition cabinet | Pozirk","description":"October 23, Pozirk. European Commission President Ursula von der Leyen assured the Belarusian opposition leader \u015aviat\u0142ana Cichano\u016dskaja of support as long","robots":{"index":"index","follow":"follow","max-snippet":"max-snippet:-1","max-image-preview":"max-image-preview:large","max-video-preview":"max-video-preview:-1"},"canonical":"https:\/\/pozirk.online\/en\/news\/7301\/","og_locale":"en_US","og_type":"article","og_title":"Von der Leyen promises support to Cichano\u016dskaja \u2013 transition cabinet | Pozirk","og_description":"October 23, Pozirk. European Commission President Ursula von der Leyen assured the Belarusian opposition leader \u015aviat\u0142ana Cichano\u016dskaja of support as long","og_url":"https:\/\/pozirk.online\/en\/news\/7301\/","og_site_name":"Pozirk","article_publisher":"https:\/\/www.facebook.com\/pozirkonline\/","article_modified_time":"2026-03-10T12:05:06+00:00","og_image":[{"width":2000,"height":834,"url":"https:\/\/pozirk.online\/wp-content\/uploads\/2023\/10\/Ursula_ST_main-e1698012265932.jpg","type":"image\/jpeg"}],"twitter_card":"summary_large_image","twitter_site":"@Pozirk_online","schema":{"@context":"https:\/\/schema.org","@graph":[{"@type":"NewsArticle","@id":"https:\/\/pozirk.online\/en\/news\/7301\/#article","isPartOf":{"@id":"https:\/\/pozirk.online\/en\/news\/7301\/"},"headline":"Von der Leyen promises support to Cichano\u016dskaja \u2013 transition cabinet","datePublished":"2023-10-23T08:36:38+00:00","dateModified":"2026-03-10T12:05:06+00:00","mainEntityOfPage":{"@id":"https:\/\/pozirk.online\/en\/news\/7301\/"},"wordCount":97,"publisher":{"@id":"https:\/\/pozirk.online\/en\/#organization"},"image":{"@id":"https:\/\/pozirk.online\/en\/news\/7301\/#primaryimage"},"thumbnailUrl":"https:\/\/pozirk.online\/wp-content\/uploads\/2023\/10\/Ursula_ST_main-e1698012265932.jpg","inLanguage":"en-US"},{"@type":"WebPage","@id":"https:\/\/pozirk.online\/en\/news\/7301\/","url":"https:\/\/pozirk.online\/en\/news\/7301\/","name":"Von der Leyen promises support to Cichano\u016dskaja \u2013 transition cabinet | Pozirk","isPartOf":{"@id":"https:\/\/pozirk.online\/en\/#website"},"primaryImageOfPage":{"@id":"https:\/\/pozirk.online\/en\/news\/7301\/#primaryimage"},"image":{"@id":"https:\/\/pozirk.online\/en\/news\/7301\/#primaryimage"},"thumbnailUrl":"https:\/\/pozirk.online\/wp-content\/uploads\/2023\/10\/Ursula_ST_main-e1698012265932.jpg","datePublished":"2023-10-23T08:36:38+00:00","dateModified":"2026-03-10T12:05:06+00:00","description":"October 23, Pozirk. European Commission President Ursula von der Leyen assured the Belarusian opposition leader \u015aviat\u0142ana Cichano\u016dskaja of support as long","breadcrumb":{"@id":"https:\/\/pozirk.online\/en\/news\/7301\/#breadcrumb"},"inLanguage":"en-US","potentialAction":[{"@type":"ReadAction","target":["https:\/\/pozirk.online\/en\/news\/7301\/"]}]},{"@type":"ImageObject","inLanguage":"en-US","@id":"https:\/\/pozirk.online\/en\/news\/7301\/#primaryimage","url":"https:\/\/pozirk.online\/wp-content\/uploads\/2023\/10\/Ursula_ST_main-e1698012265932.jpg","contentUrl":"https:\/\/pozirk.online\/wp-content\/uploads\/2023\/10\/Ursula_ST_main-e1698012265932.jpg","width":2000,"height":834},{"@type":"BreadcrumbList","@id":"https:\/\/pozirk.online\/en\/news\/7301\/#breadcrumb","itemListElement":[{"@type":"ListItem","position":1,"name":"Home","item":"https:\/\/pozirk.online\/en\/"},{"@type":"ListItem","position":2,"name":"Von der Leyen promises support to Cichano\u016dskaja \u2013 transition cabinet"}]},{"@type":"WebSite","@id":"https:\/\/pozirk.online\/en\/#website","url":"https:\/\/pozirk.online\/en\/","name":"Pozirk","description":"","publisher":{"@id":"https:\/\/pozirk.online\/en\/#organization"},"potentialAction":[{"@type":"SearchAction","target":{"@type":"EntryPoint","urlTemplate":"https:\/\/pozirk.online\/en\/?s={search_term_string}"},"query-input":{"@type":"PropertyValueSpecification","valueRequired":true,"valueName":"search_term_string"}}],"inLanguage":"en-US"},{"@type":"Organization","@id":"https:\/\/pozirk.online\/en\/#organization","name":"Pozirk","url":"https:\/\/pozirk.online\/en\/","logo":{"@type":"ImageObject","inLanguage":"en-US","@id":"https:\/\/pozirk.online\/en\/#\/schema\/logo\/image\/","url":"https:\/\/pozirk.online\/wp-content\/uploads\/2023\/11\/cropped-Logo_color_512.png","contentUrl":"https:\/\/pozirk.online\/wp-content\/uploads\/2023\/11\/cropped-Logo_color_512.png","width":512,"height":512,"caption":"Pozirk"},"image":{"@id":"https:\/\/pozirk.online\/en\/#\/schema\/logo\/image\/"},"sameAs":["https:\/\/www.facebook.com\/pozirkonline\/","https:\/\/x.com\/Pozirk_online"]}]}},"_links":{"self":[{"href":"https:\/\/pozirk.online\/en\/wp-json\/wp\/v2\/articles\/7301","targetHints":{"allow":["GET"]}}],"collection":[{"href":"https:\/\/pozirk.online\/en\/wp-json\/wp\/v2\/articles"}],"about":[{"href":"https:\/\/pozirk.online\/en\/wp-json\/wp\/v2\/types\/articles"}],"author":[{"embeddable":true,"href":"https:\/\/pozirk.online\/en\/wp-json\/wp\/v2\/users\/84"}],"wp:featuredmedia":[{"embeddable":true,"href":"https:\/\/pozirk.online\/en\/wp-json\/wp\/v2\/media\/7251"}],"wp:attachment":[{"href":"https:\/\/pozirk.online\/en\/wp-json\/wp\/v2\/media?parent=7301"}],"wp:term":[{"taxonomy":"rubric","embeddable":true,"href":"https:\/\/pozirk.online\/en\/wp-json\/wp\/v2\/rubric?post=7301"}],"curies":[{"name":"wp","href":"https:\/\/api.w.org\/{rel}","templated":true}]}}