{"id":73117,"date":"2024-03-14T22:01:08","date_gmt":"2024-03-14T19:01:08","guid":{"rendered":"https:\/\/pozirk.online\/en\/news\/73117\/"},"modified":"2026-02-24T20:40:57","modified_gmt":"2026-02-24T20:40:57","slug":"investigators-charge-two-exiles-with-extremism-defamation","status":"publish","type":"articles","link":"https:\/\/pozirk.online\/en\/news\/73117\/","title":{"rendered":"Investigators charge two exiles with extremism, defamation"},"content":{"rendered":"\n<figure class=\"block-image block-image-normal\">\n\n  <img decoding=\"async\" width=\"1128\" height=\"752\" src=\"https:\/\/pozirk.online\/wp-content\/uploads\/2024\/03\/kazmerchak_borejko_belsat_tut_1128x752.jpg\" class=\"attachment-full size-full\" alt=\"\" srcset=\"https:\/\/pozirk.online\/wp-content\/uploads\/2024\/03\/kazmerchak_borejko_belsat_tut_1128x752.jpg 1128w, https:\/\/pozirk.online\/wp-content\/uploads\/2024\/03\/kazmerchak_borejko_belsat_tut_1128x752-354x236.jpg 354w, https:\/\/pozirk.online\/wp-content\/uploads\/2024\/03\/kazmerchak_borejko_belsat_tut_1128x752-734x490.jpg 734w, https:\/\/pozirk.online\/wp-content\/uploads\/2024\/03\/kazmerchak_borejko_belsat_tut_1128x752-178x118.jpg 178w, https:\/\/pozirk.online\/wp-content\/uploads\/2024\/03\/kazmerchak_borejko_belsat_tut_1128x752-768x512.jpg 768w\" sizes=\"(max-width: 1128px) 100vw, 1128px\" \/>\n  <figcaption>\n      <div class=\"block-image__descr\">\n\n        Ihar Ka\u017amier\u010dak and Ludmi\u0142a Barejka\n    <\/div>\n  \n       <div class=\"block-image__author\">\n                <span>(Belsat \/ Tut.by)<\/span>\n    <\/div>\n     <\/figcaption>\n<\/figure>\n\n\n\n<p><strong>March 14, <em>Pozirk.<\/em><\/strong> Investigators in the Viciebsk region have opened a special procedure case against Ludmi\u0142a Barejka and Ihar Ka\u017amier\u010dak under Criminal Code articles often used to prosecute regime critics.<\/p>\n\n\n\n<p>The Investigative Committee said Barejka was charged with defamation.<\/p>\n\n\n\n<p>It was she who came up with the slogan &#8220;Stop the Cockroach,&#8221; which was widely used by Alaksandar \u0141uka\u0161enka&#8217;s opponents during the 2020 presidential race and protests, according to rights activists.<\/p>\n\n\n\n<p>Ka\u017amier\u010dak, a human rights defender and editor of the local website <em>Orsha.eu<\/em>, was charged with facilitating extremism and insulting the head of state.<\/p>\n\n\n\n<p>Earlier, investigators in Hrodna opened a special procedure case against activist Siarhiej Vieramiejanka and journalist U\u0142adzimir Chilmanovi\u010d.<\/p>\n\n\n\n<p>Special procedures allow the government to prosecute its exiled critics on charges of terrorism, genocide, high treason, etc. It has already opened cases against 75 activists based abroad.<\/p>\n","protected":false},"excerpt":{"rendered":"<p>March 14, Pozirk. Investigators in the Viciebsk region have opened a special procedure case against Ludmi\u0142a Barejka and Ihar Ka\u017amier\u010dak under Criminal Code articles often used to prosecute regime critics. The Investigative Committee said Barejka was charged with defamation. It was she who came up with the slogan &#8220;Stop the Cockroach,&#8221; which was widely used [&hellip;]<\/p>\n","protected":false},"author":75,"featured_media":73077,"template":"","rubric":[15],"class_list":["post-73117","articles","type-articles","status-publish","has-post-thumbnail","hentry","rubric-society"],"acf":[],"yoast_head":"<!-- This site is optimized with the Yoast SEO plugin v25.5 - https:\/\/yoast.com\/wordpress\/plugins\/seo\/ -->\n<title>Investigators charge two exiles with extremism, defamation | Pozirk<\/title>\n<meta name=\"description\" content=\"March 14, Pozirk. Investigators in the Viciebsk region have opened a special procedure case against Ludmi\u0142a Barejka and Ihar Ka\u017amier\u010dak under Criminal\" \/>\n<meta name=\"robots\" content=\"index, follow, max-snippet:-1, max-image-preview:large, max-video-preview:-1\" \/>\n<link rel=\"canonical\" href=\"https:\/\/pozirk.online\/en\/news\/73117\/\" \/>\n<meta property=\"og:locale\" content=\"en_US\" \/>\n<meta property=\"og:type\" content=\"article\" \/>\n<meta property=\"og:title\" content=\"Investigators charge two exiles with extremism, defamation | Pozirk\" \/>\n<meta property=\"og:description\" content=\"March 14, Pozirk. Investigators in the Viciebsk region have opened a special procedure case against Ludmi\u0142a Barejka and Ihar Ka\u017amier\u010dak under Criminal\" \/>\n<meta property=\"og:url\" content=\"https:\/\/pozirk.online\/en\/news\/73117\/\" \/>\n<meta property=\"og:site_name\" content=\"Pozirk\" \/>\n<meta property=\"article:publisher\" content=\"https:\/\/www.facebook.com\/pozirkonline\/\" \/>\n<meta property=\"article:modified_time\" content=\"2026-02-24T20:40:57+00:00\" \/>\n<meta property=\"og:image\" content=\"https:\/\/pozirk.online\/wp-content\/uploads\/2024\/03\/kazmerchak_borejko_belsat_tut_1128x752.jpg\" \/>\n\t<meta property=\"og:image:width\" content=\"1128\" \/>\n\t<meta property=\"og:image:height\" content=\"752\" \/>\n\t<meta property=\"og:image:type\" content=\"image\/jpeg\" \/>\n<meta name=\"twitter:card\" content=\"summary_large_image\" \/>\n<meta name=\"twitter:site\" content=\"@Pozirk_online\" \/>\n<meta name=\"twitter:label1\" content=\"Est. reading time\" \/>\n\t<meta name=\"twitter:data1\" content=\"1 minute\" \/>\n<script type=\"application\/ld+json\" class=\"yoast-schema-graph\">{\"@context\":\"https:\/\/schema.org\",\"@graph\":[{\"@type\":\"NewsArticle\",\"@id\":\"https:\/\/pozirk.online\/en\/news\/73117\/#article\",\"isPartOf\":{\"@id\":\"https:\/\/pozirk.online\/en\/news\/73117\/\"},\"headline\":\"Investigators charge two exiles with extremism, defamation\",\"datePublished\":\"2024-03-14T19:01:08+00:00\",\"dateModified\":\"2026-02-24T20:40:57+00:00\",\"mainEntityOfPage\":{\"@id\":\"https:\/\/pozirk.online\/en\/news\/73117\/\"},\"wordCount\":151,\"publisher\":{\"@id\":\"https:\/\/pozirk.online\/en\/#organization\"},\"image\":{\"@id\":\"https:\/\/pozirk.online\/en\/news\/73117\/#primaryimage\"},\"thumbnailUrl\":\"https:\/\/pozirk.online\/wp-content\/uploads\/2024\/03\/kazmerchak_borejko_belsat_tut_1128x752.jpg\",\"inLanguage\":\"en-US\"},{\"@type\":\"WebPage\",\"@id\":\"https:\/\/pozirk.online\/en\/news\/73117\/\",\"url\":\"https:\/\/pozirk.online\/en\/news\/73117\/\",\"name\":\"Investigators charge two exiles with extremism, defamation | Pozirk\",\"isPartOf\":{\"@id\":\"https:\/\/pozirk.online\/en\/#website\"},\"primaryImageOfPage\":{\"@id\":\"https:\/\/pozirk.online\/en\/news\/73117\/#primaryimage\"},\"image\":{\"@id\":\"https:\/\/pozirk.online\/en\/news\/73117\/#primaryimage\"},\"thumbnailUrl\":\"https:\/\/pozirk.online\/wp-content\/uploads\/2024\/03\/kazmerchak_borejko_belsat_tut_1128x752.jpg\",\"datePublished\":\"2024-03-14T19:01:08+00:00\",\"dateModified\":\"2026-02-24T20:40:57+00:00\",\"description\":\"March 14, Pozirk. Investigators in the Viciebsk region have opened a special procedure case against Ludmi\u0142a Barejka and Ihar Ka\u017amier\u010dak under Criminal\",\"breadcrumb\":{\"@id\":\"https:\/\/pozirk.online\/en\/news\/73117\/#breadcrumb\"},\"inLanguage\":\"en-US\",\"potentialAction\":[{\"@type\":\"ReadAction\",\"target\":[\"https:\/\/pozirk.online\/en\/news\/73117\/\"]}]},{\"@type\":\"ImageObject\",\"inLanguage\":\"en-US\",\"@id\":\"https:\/\/pozirk.online\/en\/news\/73117\/#primaryimage\",\"url\":\"https:\/\/pozirk.online\/wp-content\/uploads\/2024\/03\/kazmerchak_borejko_belsat_tut_1128x752.jpg\",\"contentUrl\":\"https:\/\/pozirk.online\/wp-content\/uploads\/2024\/03\/kazmerchak_borejko_belsat_tut_1128x752.jpg\",\"width\":1128,\"height\":752},{\"@type\":\"BreadcrumbList\",\"@id\":\"https:\/\/pozirk.online\/en\/news\/73117\/#breadcrumb\",\"itemListElement\":[{\"@type\":\"ListItem\",\"position\":1,\"name\":\"Home\",\"item\":\"https:\/\/pozirk.online\/en\/\"},{\"@type\":\"ListItem\",\"position\":2,\"name\":\"Investigators charge two exiles with extremism, defamation\"}]},{\"@type\":\"WebSite\",\"@id\":\"https:\/\/pozirk.online\/en\/#website\",\"url\":\"https:\/\/pozirk.online\/en\/\",\"name\":\"Pozirk\",\"description\":\"\",\"publisher\":{\"@id\":\"https:\/\/pozirk.online\/en\/#organization\"},\"potentialAction\":[{\"@type\":\"SearchAction\",\"target\":{\"@type\":\"EntryPoint\",\"urlTemplate\":\"https:\/\/pozirk.online\/en\/?s={search_term_string}\"},\"query-input\":{\"@type\":\"PropertyValueSpecification\",\"valueRequired\":true,\"valueName\":\"search_term_string\"}}],\"inLanguage\":\"en-US\"},{\"@type\":\"Organization\",\"@id\":\"https:\/\/pozirk.online\/en\/#organization\",\"name\":\"Pozirk\",\"url\":\"https:\/\/pozirk.online\/en\/\",\"logo\":{\"@type\":\"ImageObject\",\"inLanguage\":\"en-US\",\"@id\":\"https:\/\/pozirk.online\/en\/#\/schema\/logo\/image\/\",\"url\":\"https:\/\/pozirk.online\/wp-content\/uploads\/2023\/11\/cropped-Logo_color_512.png\",\"contentUrl\":\"https:\/\/pozirk.online\/wp-content\/uploads\/2023\/11\/cropped-Logo_color_512.png\",\"width\":512,\"height\":512,\"caption\":\"Pozirk\"},\"image\":{\"@id\":\"https:\/\/pozirk.online\/en\/#\/schema\/logo\/image\/\"},\"sameAs\":[\"https:\/\/www.facebook.com\/pozirkonline\/\",\"https:\/\/x.com\/Pozirk_online\"]}]}<\/script>\n<!-- \/ Yoast SEO plugin. -->","yoast_head_json":{"title":"Investigators charge two exiles with extremism, defamation | Pozirk","description":"March 14, Pozirk. Investigators in the Viciebsk region have opened a special procedure case against Ludmi\u0142a Barejka and Ihar Ka\u017amier\u010dak under Criminal","robots":{"index":"index","follow":"follow","max-snippet":"max-snippet:-1","max-image-preview":"max-image-preview:large","max-video-preview":"max-video-preview:-1"},"canonical":"https:\/\/pozirk.online\/en\/news\/73117\/","og_locale":"en_US","og_type":"article","og_title":"Investigators charge two exiles with extremism, defamation | Pozirk","og_description":"March 14, Pozirk. Investigators in the Viciebsk region have opened a special procedure case against Ludmi\u0142a Barejka and Ihar Ka\u017amier\u010dak under Criminal","og_url":"https:\/\/pozirk.online\/en\/news\/73117\/","og_site_name":"Pozirk","article_publisher":"https:\/\/www.facebook.com\/pozirkonline\/","article_modified_time":"2026-02-24T20:40:57+00:00","og_image":[{"width":1128,"height":752,"url":"https:\/\/pozirk.online\/wp-content\/uploads\/2024\/03\/kazmerchak_borejko_belsat_tut_1128x752.jpg","type":"image\/jpeg"}],"twitter_card":"summary_large_image","twitter_site":"@Pozirk_online","twitter_misc":{"Est. reading time":"1 minute"},"schema":{"@context":"https:\/\/schema.org","@graph":[{"@type":"NewsArticle","@id":"https:\/\/pozirk.online\/en\/news\/73117\/#article","isPartOf":{"@id":"https:\/\/pozirk.online\/en\/news\/73117\/"},"headline":"Investigators charge two exiles with extremism, defamation","datePublished":"2024-03-14T19:01:08+00:00","dateModified":"2026-02-24T20:40:57+00:00","mainEntityOfPage":{"@id":"https:\/\/pozirk.online\/en\/news\/73117\/"},"wordCount":151,"publisher":{"@id":"https:\/\/pozirk.online\/en\/#organization"},"image":{"@id":"https:\/\/pozirk.online\/en\/news\/73117\/#primaryimage"},"thumbnailUrl":"https:\/\/pozirk.online\/wp-content\/uploads\/2024\/03\/kazmerchak_borejko_belsat_tut_1128x752.jpg","inLanguage":"en-US"},{"@type":"WebPage","@id":"https:\/\/pozirk.online\/en\/news\/73117\/","url":"https:\/\/pozirk.online\/en\/news\/73117\/","name":"Investigators charge two exiles with extremism, defamation | Pozirk","isPartOf":{"@id":"https:\/\/pozirk.online\/en\/#website"},"primaryImageOfPage":{"@id":"https:\/\/pozirk.online\/en\/news\/73117\/#primaryimage"},"image":{"@id":"https:\/\/pozirk.online\/en\/news\/73117\/#primaryimage"},"thumbnailUrl":"https:\/\/pozirk.online\/wp-content\/uploads\/2024\/03\/kazmerchak_borejko_belsat_tut_1128x752.jpg","datePublished":"2024-03-14T19:01:08+00:00","dateModified":"2026-02-24T20:40:57+00:00","description":"March 14, Pozirk. Investigators in the Viciebsk region have opened a special procedure case against Ludmi\u0142a Barejka and Ihar Ka\u017amier\u010dak under Criminal","breadcrumb":{"@id":"https:\/\/pozirk.online\/en\/news\/73117\/#breadcrumb"},"inLanguage":"en-US","potentialAction":[{"@type":"ReadAction","target":["https:\/\/pozirk.online\/en\/news\/73117\/"]}]},{"@type":"ImageObject","inLanguage":"en-US","@id":"https:\/\/pozirk.online\/en\/news\/73117\/#primaryimage","url":"https:\/\/pozirk.online\/wp-content\/uploads\/2024\/03\/kazmerchak_borejko_belsat_tut_1128x752.jpg","contentUrl":"https:\/\/pozirk.online\/wp-content\/uploads\/2024\/03\/kazmerchak_borejko_belsat_tut_1128x752.jpg","width":1128,"height":752},{"@type":"BreadcrumbList","@id":"https:\/\/pozirk.online\/en\/news\/73117\/#breadcrumb","itemListElement":[{"@type":"ListItem","position":1,"name":"Home","item":"https:\/\/pozirk.online\/en\/"},{"@type":"ListItem","position":2,"name":"Investigators charge two exiles with extremism, defamation"}]},{"@type":"WebSite","@id":"https:\/\/pozirk.online\/en\/#website","url":"https:\/\/pozirk.online\/en\/","name":"Pozirk","description":"","publisher":{"@id":"https:\/\/pozirk.online\/en\/#organization"},"potentialAction":[{"@type":"SearchAction","target":{"@type":"EntryPoint","urlTemplate":"https:\/\/pozirk.online\/en\/?s={search_term_string}"},"query-input":{"@type":"PropertyValueSpecification","valueRequired":true,"valueName":"search_term_string"}}],"inLanguage":"en-US"},{"@type":"Organization","@id":"https:\/\/pozirk.online\/en\/#organization","name":"Pozirk","url":"https:\/\/pozirk.online\/en\/","logo":{"@type":"ImageObject","inLanguage":"en-US","@id":"https:\/\/pozirk.online\/en\/#\/schema\/logo\/image\/","url":"https:\/\/pozirk.online\/wp-content\/uploads\/2023\/11\/cropped-Logo_color_512.png","contentUrl":"https:\/\/pozirk.online\/wp-content\/uploads\/2023\/11\/cropped-Logo_color_512.png","width":512,"height":512,"caption":"Pozirk"},"image":{"@id":"https:\/\/pozirk.online\/en\/#\/schema\/logo\/image\/"},"sameAs":["https:\/\/www.facebook.com\/pozirkonline\/","https:\/\/x.com\/Pozirk_online"]}]}},"_links":{"self":[{"href":"https:\/\/pozirk.online\/en\/wp-json\/wp\/v2\/articles\/73117","targetHints":{"allow":["GET"]}}],"collection":[{"href":"https:\/\/pozirk.online\/en\/wp-json\/wp\/v2\/articles"}],"about":[{"href":"https:\/\/pozirk.online\/en\/wp-json\/wp\/v2\/types\/articles"}],"author":[{"embeddable":true,"href":"https:\/\/pozirk.online\/en\/wp-json\/wp\/v2\/users\/75"}],"wp:featuredmedia":[{"embeddable":true,"href":"https:\/\/pozirk.online\/en\/wp-json\/wp\/v2\/media\/73077"}],"wp:attachment":[{"href":"https:\/\/pozirk.online\/en\/wp-json\/wp\/v2\/media?parent=73117"}],"wp:term":[{"taxonomy":"rubric","embeddable":true,"href":"https:\/\/pozirk.online\/en\/wp-json\/wp\/v2\/rubric?post=73117"}],"curies":[{"name":"wp","href":"https:\/\/api.w.org\/{rel}","templated":true}]}}