{"id":76365,"date":"2024-03-29T13:14:33","date_gmt":"2024-03-29T10:14:33","guid":{"rendered":"https:\/\/pozirk.online\/en\/news\/76365\/"},"modified":"2026-03-10T12:05:06","modified_gmt":"2026-03-10T12:05:06","slug":"interior-ministry-adds-18-to-its-extremist-list-3","status":"publish","type":"articles","link":"https:\/\/pozirk.online\/en\/news\/76365\/","title":{"rendered":"Interior ministry adds 18 to its &#8220;extremist&#8221; list"},"content":{"rendered":"\n<figure class=\"block-image block-image-normal\">\n\n  <img decoding=\"async\" width=\"1128\" height=\"752\" src=\"https:\/\/pozirk.online\/wp-content\/uploads\/2024\/01\/mvd_emblema_1128x752.jpg\" class=\"attachment-full size-full\" alt=\"\" srcset=\"https:\/\/pozirk.online\/wp-content\/uploads\/2024\/01\/mvd_emblema_1128x752.jpg 1128w, https:\/\/pozirk.online\/wp-content\/uploads\/2024\/01\/mvd_emblema_1128x752-354x236.jpg 354w, https:\/\/pozirk.online\/wp-content\/uploads\/2024\/01\/mvd_emblema_1128x752-734x490.jpg 734w, https:\/\/pozirk.online\/wp-content\/uploads\/2024\/01\/mvd_emblema_1128x752-178x118.jpg 178w, https:\/\/pozirk.online\/wp-content\/uploads\/2024\/01\/mvd_emblema_1128x752-768x512.jpg 768w\" sizes=\"(max-width: 1128px) 100vw, 1128px\" \/>\n  <figcaption>\n  \n       <div class=\"block-image__author\">\n                <span>(pravo.by)<\/span>\n    <\/div>\n     <\/figcaption>\n<\/figure>\n\n\n\n<p><strong>March 29, <em>Pozirk<\/em>.<\/strong>&nbsp; The interior ministry has added 18 more names to its list of &#8220;persons involved in extremist activities,&#8221; taking their total to 3,932, the Viasna Human Rights Center reports.<\/p>\n\n\n\n<p>New additions feature jailed Pavie\u0142 Ku\u010dynski, \u010cas\u0142a\u016d Kananovi\u010d and Nadzieja \u0141apcionak, convicted in criminal cases that human rights groups consider politically motivated.<\/p>\n\n\n\n<p>People placed on the list of individuals involved in extremist activities are prohibited from engaging in education activity, publishing, as well as from holding state positions and from doing military service, for five years after completing their sentences or criminal record annulment. Their financial transactions are subject to special monitoring. They are also banned from activities involving narcotic drugs, psychotropic substances and their precursors, arms and ammunition and explosives, for five years.<\/p>\n\n\n\n<p>Authorities in Belarus have equated criticism, solidarity, advocacy, free media and free expression to extremism and terrorism.<\/p>\n\n\n\n<div class=\"insert-block\">\n\n    <div class=\"insert-block__img\">\n        <img decoding=\"async\" width=\"354\" height=\"236\" src=\"https:\/\/pozirk.online\/wp-content\/uploads\/2024\/03\/saranchukov_kirkevic_hrodnalife_vesna_1128x752-354x236.jpg\" class=\"attachment-medium size-medium\" alt=\"\" srcset=\"https:\/\/pozirk.online\/wp-content\/uploads\/2024\/03\/saranchukov_kirkevic_hrodnalife_vesna_1128x752-354x236.jpg 354w, https:\/\/pozirk.online\/wp-content\/uploads\/2024\/03\/saranchukov_kirkevic_hrodnalife_vesna_1128x752-734x490.jpg 734w, https:\/\/pozirk.online\/wp-content\/uploads\/2024\/03\/saranchukov_kirkevic_hrodnalife_vesna_1128x752-178x118.jpg 178w, https:\/\/pozirk.online\/wp-content\/uploads\/2024\/03\/saranchukov_kirkevic_hrodnalife_vesna_1128x752-768x512.jpg 768w, https:\/\/pozirk.online\/wp-content\/uploads\/2024\/03\/saranchukov_kirkevic_hrodnalife_vesna_1128x752.jpg 1128w\" sizes=\"(max-width: 354px) 100vw, 354px\" \/>                        <label class=\"insert-block__tag--mobile\"> Politics<\/label>\n\n                            <label class=\"insert-block__tag--mobile\"> Society<\/label>\n\n                <\/div>\n    <div class=\"insert-block__text\">\n                    <label class=\"insert-block__tag\">Politics, Society<\/label>\n                <h3 class=\"insert-block__title\">Minsk brings charges against politician Saran\u010duko\u016d, journalist Kirkievi\u010d<\/h3>\n        <div class=\"insert-block__descr\">March 29, Pozirk. The Investigative Committee has announced extremism-related charges against foreign-based Belarusian Popular Front (BPF) acting chairman Vadzim Saran\u010duko\u016d and Ale\u015b Kirkievi\u010d, a former leader of its youth wing. Saran\u010duko\u016d, a politician from Hrodna, led the local BPF branch &#8230;<\/div>\n        <a class=\"insert-block__btn-block\" href=\"\/en\/news\/76442\">\n            <button class=\"btn\">\n                <div class='btn__text'>Read<\/div>\n            <\/button>\n        <\/a>\n    <\/div>\n<\/div>\n\n\n<p><\/p>\n","protected":false},"excerpt":{"rendered":"<p>March 29, Pozirk.&nbsp; The interior ministry has added 18 more names to its list of &#8220;persons involved in extremist activities,&#8221; taking their total to 3,932, the Viasna Human Rights Center reports. New additions feature jailed Pavie\u0142 Ku\u010dynski, \u010cas\u0142a\u016d Kananovi\u010d and Nadzieja \u0141apcionak, convicted in criminal cases that human rights groups consider politically motivated. People placed [&hellip;]<\/p>\n","protected":false},"author":84,"featured_media":60003,"template":"","rubric":[14],"class_list":["post-76365","articles","type-articles","status-publish","has-post-thumbnail","hentry","rubric-politics"],"acf":[],"yoast_head":"<!-- This site is optimized with the Yoast SEO plugin v25.5 - https:\/\/yoast.com\/wordpress\/plugins\/seo\/ -->\n<title>Interior ministry adds 18 to its &quot;extremist&quot; list | Pozirk<\/title>\n<meta name=\"description\" content=\"March 29, Pozirk.&nbsp; The interior ministry has added 18 more names to its list of &quot;persons involved in extremist activities,&quot; taking their total to\" \/>\n<meta name=\"robots\" content=\"index, follow, max-snippet:-1, max-image-preview:large, max-video-preview:-1\" \/>\n<link rel=\"canonical\" href=\"https:\/\/pozirk.online\/en\/news\/76365\/\" \/>\n<meta property=\"og:locale\" content=\"en_US\" \/>\n<meta property=\"og:type\" content=\"article\" \/>\n<meta property=\"og:title\" content=\"Interior ministry adds 18 to its &quot;extremist&quot; list | Pozirk\" \/>\n<meta property=\"og:description\" content=\"March 29, Pozirk.&nbsp; The interior ministry has added 18 more names to its list of &quot;persons involved in extremist activities,&quot; taking their total to\" \/>\n<meta property=\"og:url\" content=\"https:\/\/pozirk.online\/en\/news\/76365\/\" \/>\n<meta property=\"og:site_name\" content=\"Pozirk\" \/>\n<meta property=\"article:publisher\" content=\"https:\/\/www.facebook.com\/pozirkonline\/\" \/>\n<meta property=\"article:modified_time\" content=\"2026-03-10T12:05:06+00:00\" \/>\n<meta property=\"og:image\" content=\"https:\/\/pozirk.online\/wp-content\/uploads\/2024\/01\/mvd_emblema_1128x752.jpg\" \/>\n\t<meta property=\"og:image:width\" content=\"1128\" \/>\n\t<meta property=\"og:image:height\" content=\"752\" \/>\n\t<meta property=\"og:image:type\" content=\"image\/jpeg\" \/>\n<meta name=\"twitter:card\" content=\"summary_large_image\" \/>\n<meta name=\"twitter:site\" content=\"@Pozirk_online\" \/>\n<meta name=\"twitter:label1\" content=\"Est. reading time\" \/>\n\t<meta name=\"twitter:data1\" content=\"1 minute\" \/>\n<script type=\"application\/ld+json\" class=\"yoast-schema-graph\">{\"@context\":\"https:\/\/schema.org\",\"@graph\":[{\"@type\":\"NewsArticle\",\"@id\":\"https:\/\/pozirk.online\/en\/news\/76365\/#article\",\"isPartOf\":{\"@id\":\"https:\/\/pozirk.online\/en\/news\/76365\/\"},\"headline\":\"Interior ministry adds 18 to its &#8220;extremist&#8221; list\",\"datePublished\":\"2024-03-29T10:14:33+00:00\",\"dateModified\":\"2026-03-10T12:05:06+00:00\",\"mainEntityOfPage\":{\"@id\":\"https:\/\/pozirk.online\/en\/news\/76365\/\"},\"wordCount\":149,\"publisher\":{\"@id\":\"https:\/\/pozirk.online\/en\/#organization\"},\"image\":{\"@id\":\"https:\/\/pozirk.online\/en\/news\/76365\/#primaryimage\"},\"thumbnailUrl\":\"https:\/\/pozirk.online\/wp-content\/uploads\/2024\/01\/mvd_emblema_1128x752.jpg\",\"inLanguage\":\"en-US\"},{\"@type\":\"WebPage\",\"@id\":\"https:\/\/pozirk.online\/en\/news\/76365\/\",\"url\":\"https:\/\/pozirk.online\/en\/news\/76365\/\",\"name\":\"Interior ministry adds 18 to its \\\"extremist\\\" list | Pozirk\",\"isPartOf\":{\"@id\":\"https:\/\/pozirk.online\/en\/#website\"},\"primaryImageOfPage\":{\"@id\":\"https:\/\/pozirk.online\/en\/news\/76365\/#primaryimage\"},\"image\":{\"@id\":\"https:\/\/pozirk.online\/en\/news\/76365\/#primaryimage\"},\"thumbnailUrl\":\"https:\/\/pozirk.online\/wp-content\/uploads\/2024\/01\/mvd_emblema_1128x752.jpg\",\"datePublished\":\"2024-03-29T10:14:33+00:00\",\"dateModified\":\"2026-03-10T12:05:06+00:00\",\"description\":\"March 29, Pozirk.&nbsp; The interior ministry has added 18 more names to its list of \\\"persons involved in extremist activities,\\\" taking their total to\",\"breadcrumb\":{\"@id\":\"https:\/\/pozirk.online\/en\/news\/76365\/#breadcrumb\"},\"inLanguage\":\"en-US\",\"potentialAction\":[{\"@type\":\"ReadAction\",\"target\":[\"https:\/\/pozirk.online\/en\/news\/76365\/\"]}]},{\"@type\":\"ImageObject\",\"inLanguage\":\"en-US\",\"@id\":\"https:\/\/pozirk.online\/en\/news\/76365\/#primaryimage\",\"url\":\"https:\/\/pozirk.online\/wp-content\/uploads\/2024\/01\/mvd_emblema_1128x752.jpg\",\"contentUrl\":\"https:\/\/pozirk.online\/wp-content\/uploads\/2024\/01\/mvd_emblema_1128x752.jpg\",\"width\":1128,\"height\":752},{\"@type\":\"BreadcrumbList\",\"@id\":\"https:\/\/pozirk.online\/en\/news\/76365\/#breadcrumb\",\"itemListElement\":[{\"@type\":\"ListItem\",\"position\":1,\"name\":\"Home\",\"item\":\"https:\/\/pozirk.online\/en\/\"},{\"@type\":\"ListItem\",\"position\":2,\"name\":\"Interior ministry adds 18 to its &#8220;extremist&#8221; list\"}]},{\"@type\":\"WebSite\",\"@id\":\"https:\/\/pozirk.online\/en\/#website\",\"url\":\"https:\/\/pozirk.online\/en\/\",\"name\":\"Pozirk\",\"description\":\"\",\"publisher\":{\"@id\":\"https:\/\/pozirk.online\/en\/#organization\"},\"potentialAction\":[{\"@type\":\"SearchAction\",\"target\":{\"@type\":\"EntryPoint\",\"urlTemplate\":\"https:\/\/pozirk.online\/en\/?s={search_term_string}\"},\"query-input\":{\"@type\":\"PropertyValueSpecification\",\"valueRequired\":true,\"valueName\":\"search_term_string\"}}],\"inLanguage\":\"en-US\"},{\"@type\":\"Organization\",\"@id\":\"https:\/\/pozirk.online\/en\/#organization\",\"name\":\"Pozirk\",\"url\":\"https:\/\/pozirk.online\/en\/\",\"logo\":{\"@type\":\"ImageObject\",\"inLanguage\":\"en-US\",\"@id\":\"https:\/\/pozirk.online\/en\/#\/schema\/logo\/image\/\",\"url\":\"https:\/\/pozirk.online\/wp-content\/uploads\/2023\/11\/cropped-Logo_color_512.png\",\"contentUrl\":\"https:\/\/pozirk.online\/wp-content\/uploads\/2023\/11\/cropped-Logo_color_512.png\",\"width\":512,\"height\":512,\"caption\":\"Pozirk\"},\"image\":{\"@id\":\"https:\/\/pozirk.online\/en\/#\/schema\/logo\/image\/\"},\"sameAs\":[\"https:\/\/www.facebook.com\/pozirkonline\/\",\"https:\/\/x.com\/Pozirk_online\"]}]}<\/script>\n<!-- \/ Yoast SEO plugin. -->","yoast_head_json":{"title":"Interior ministry adds 18 to its \"extremist\" list | Pozirk","description":"March 29, Pozirk.&nbsp; The interior ministry has added 18 more names to its list of \"persons involved in extremist activities,\" taking their total to","robots":{"index":"index","follow":"follow","max-snippet":"max-snippet:-1","max-image-preview":"max-image-preview:large","max-video-preview":"max-video-preview:-1"},"canonical":"https:\/\/pozirk.online\/en\/news\/76365\/","og_locale":"en_US","og_type":"article","og_title":"Interior ministry adds 18 to its \"extremist\" list | Pozirk","og_description":"March 29, Pozirk.&nbsp; The interior ministry has added 18 more names to its list of \"persons involved in extremist activities,\" taking their total to","og_url":"https:\/\/pozirk.online\/en\/news\/76365\/","og_site_name":"Pozirk","article_publisher":"https:\/\/www.facebook.com\/pozirkonline\/","article_modified_time":"2026-03-10T12:05:06+00:00","og_image":[{"width":1128,"height":752,"url":"https:\/\/pozirk.online\/wp-content\/uploads\/2024\/01\/mvd_emblema_1128x752.jpg","type":"image\/jpeg"}],"twitter_card":"summary_large_image","twitter_site":"@Pozirk_online","twitter_misc":{"Est. reading time":"1 minute"},"schema":{"@context":"https:\/\/schema.org","@graph":[{"@type":"NewsArticle","@id":"https:\/\/pozirk.online\/en\/news\/76365\/#article","isPartOf":{"@id":"https:\/\/pozirk.online\/en\/news\/76365\/"},"headline":"Interior ministry adds 18 to its &#8220;extremist&#8221; list","datePublished":"2024-03-29T10:14:33+00:00","dateModified":"2026-03-10T12:05:06+00:00","mainEntityOfPage":{"@id":"https:\/\/pozirk.online\/en\/news\/76365\/"},"wordCount":149,"publisher":{"@id":"https:\/\/pozirk.online\/en\/#organization"},"image":{"@id":"https:\/\/pozirk.online\/en\/news\/76365\/#primaryimage"},"thumbnailUrl":"https:\/\/pozirk.online\/wp-content\/uploads\/2024\/01\/mvd_emblema_1128x752.jpg","inLanguage":"en-US"},{"@type":"WebPage","@id":"https:\/\/pozirk.online\/en\/news\/76365\/","url":"https:\/\/pozirk.online\/en\/news\/76365\/","name":"Interior ministry adds 18 to its \"extremist\" list | Pozirk","isPartOf":{"@id":"https:\/\/pozirk.online\/en\/#website"},"primaryImageOfPage":{"@id":"https:\/\/pozirk.online\/en\/news\/76365\/#primaryimage"},"image":{"@id":"https:\/\/pozirk.online\/en\/news\/76365\/#primaryimage"},"thumbnailUrl":"https:\/\/pozirk.online\/wp-content\/uploads\/2024\/01\/mvd_emblema_1128x752.jpg","datePublished":"2024-03-29T10:14:33+00:00","dateModified":"2026-03-10T12:05:06+00:00","description":"March 29, Pozirk.&nbsp; The interior ministry has added 18 more names to its list of \"persons involved in extremist activities,\" taking their total to","breadcrumb":{"@id":"https:\/\/pozirk.online\/en\/news\/76365\/#breadcrumb"},"inLanguage":"en-US","potentialAction":[{"@type":"ReadAction","target":["https:\/\/pozirk.online\/en\/news\/76365\/"]}]},{"@type":"ImageObject","inLanguage":"en-US","@id":"https:\/\/pozirk.online\/en\/news\/76365\/#primaryimage","url":"https:\/\/pozirk.online\/wp-content\/uploads\/2024\/01\/mvd_emblema_1128x752.jpg","contentUrl":"https:\/\/pozirk.online\/wp-content\/uploads\/2024\/01\/mvd_emblema_1128x752.jpg","width":1128,"height":752},{"@type":"BreadcrumbList","@id":"https:\/\/pozirk.online\/en\/news\/76365\/#breadcrumb","itemListElement":[{"@type":"ListItem","position":1,"name":"Home","item":"https:\/\/pozirk.online\/en\/"},{"@type":"ListItem","position":2,"name":"Interior ministry adds 18 to its &#8220;extremist&#8221; list"}]},{"@type":"WebSite","@id":"https:\/\/pozirk.online\/en\/#website","url":"https:\/\/pozirk.online\/en\/","name":"Pozirk","description":"","publisher":{"@id":"https:\/\/pozirk.online\/en\/#organization"},"potentialAction":[{"@type":"SearchAction","target":{"@type":"EntryPoint","urlTemplate":"https:\/\/pozirk.online\/en\/?s={search_term_string}"},"query-input":{"@type":"PropertyValueSpecification","valueRequired":true,"valueName":"search_term_string"}}],"inLanguage":"en-US"},{"@type":"Organization","@id":"https:\/\/pozirk.online\/en\/#organization","name":"Pozirk","url":"https:\/\/pozirk.online\/en\/","logo":{"@type":"ImageObject","inLanguage":"en-US","@id":"https:\/\/pozirk.online\/en\/#\/schema\/logo\/image\/","url":"https:\/\/pozirk.online\/wp-content\/uploads\/2023\/11\/cropped-Logo_color_512.png","contentUrl":"https:\/\/pozirk.online\/wp-content\/uploads\/2023\/11\/cropped-Logo_color_512.png","width":512,"height":512,"caption":"Pozirk"},"image":{"@id":"https:\/\/pozirk.online\/en\/#\/schema\/logo\/image\/"},"sameAs":["https:\/\/www.facebook.com\/pozirkonline\/","https:\/\/x.com\/Pozirk_online"]}]}},"_links":{"self":[{"href":"https:\/\/pozirk.online\/en\/wp-json\/wp\/v2\/articles\/76365","targetHints":{"allow":["GET"]}}],"collection":[{"href":"https:\/\/pozirk.online\/en\/wp-json\/wp\/v2\/articles"}],"about":[{"href":"https:\/\/pozirk.online\/en\/wp-json\/wp\/v2\/types\/articles"}],"author":[{"embeddable":true,"href":"https:\/\/pozirk.online\/en\/wp-json\/wp\/v2\/users\/84"}],"wp:featuredmedia":[{"embeddable":true,"href":"https:\/\/pozirk.online\/en\/wp-json\/wp\/v2\/media\/60003"}],"wp:attachment":[{"href":"https:\/\/pozirk.online\/en\/wp-json\/wp\/v2\/media?parent=76365"}],"wp:term":[{"taxonomy":"rubric","embeddable":true,"href":"https:\/\/pozirk.online\/en\/wp-json\/wp\/v2\/rubric?post=76365"}],"curies":[{"name":"wp","href":"https:\/\/api.w.org\/{rel}","templated":true}]}}