{"id":78708,"date":"2024-04-10T11:13:50","date_gmt":"2024-04-10T08:13:50","guid":{"rendered":"https:\/\/pozirk.online\/en\/news\/78708\/"},"modified":"2026-03-10T12:05:06","modified_gmt":"2026-03-10T12:05:06","slug":"update-on-arrests-trials-politically-motivated-persecution-160","status":"publish","type":"articles","link":"https:\/\/pozirk.online\/en\/news\/78708\/","title":{"rendered":"Update on arrests, trials, politically-motivated persecution"},"content":{"rendered":"\n<p><strong>April 10, <em>Pozirk<\/em>.<\/strong> New instances of politically-motivated persecution were documented in Belarus on April 9 with at least six people convicted in Brest in connection with the 2020 postelection protests and new trials reported for sharing opposition content.<\/p>\n\n\n\n<p>On April 5, a Brest judge sentenced Vital \u010carkasa\u016d and Alaksandar \u017duk to two and a half years in prison; Arciom Zavada and U\u0142adzis\u0142a\u016d Barysa\u016d, to two years; Arciom Kadyra\u016d to one year, Viasna reported. Maryja Losik was given two and a half years of restricted freedom in home confinement. All six were persecuted for participating in 2020 protests.<\/p>\n\n\n\n<p>Arrested and released<\/p>\n\n\n\n<p>Brest police arrested barista Mikita Jachimovi\u010d for allegedly decorating mugs with opposition stickers, <em>Mediazona. Belarus<\/em> reported.<\/p>\n\n\n\n<p>Two Brest men were arrested for tearing down a state flag from the kindergarten building and charged with abusing state symbols, the Viasna Human Rights Center reported.<\/p>\n\n\n\n<p>Sales manager Darja Davydzienka, her husband and a friend are under arrest for participating in 2020 protests in Minsk, a pro-government source said.<\/p>\n\n\n\n<p>Authorities released Vadzim Hurman and Juryj \u010cubana\u016d after both had served three and a half and two years in prison, respectively, Viasna reported.<\/p>\n\n\n\n<p>Trials<\/p>\n\n\n\n<p>Catholic priest Pavie\u0142 Hiedroj\u0107 was tried in the Hrodna district for sharing opposition content, a pro-government source said. Authorities also confiscated his smartphone. The sentence is unknown.<\/p>\n\n\n\n<p>Alena Liso\u016dskaja, Natalla Kozie\u0142 and Vadzim Da\u0144ko went on trial in Hrodna on similar charges, the <em>Pravo Imeyut<\/em> Telegram channel said. Authorities did not disclose the verdicts.<\/p>\n\n\n\n<p>On March 26, a judge in Pastavy, Viciebsk region, jailed Soviet-Afghanistan war veteran Juryj Karavacki for five days for reposting opposition content that authorities deem extremist, the <em>Vitebsk, Ya Gulayu. Novosti Vitebska<\/em> Telegram channel said.<\/p>\n\n\n\n<p>Businessman Navum Kac was tried in Homiel on April 8 for sharing opposition content, the Homiel branch of Viasna reported. In 2020, Kac featured in a propaganda video on TV that discredited former presidential hopeful Viktar Babaryka.<\/p>\n\n\n\n<p>Criminal proceedings<\/p>\n\n\n\n<p>On January 22, a judge in Va\u016dkavysk, Hrodna region, sentenced Vadzim Husie\u016d to another year in prison for allegedly disobeying prison authorities, the <em>Pravo Imeyut <\/em>Telegram channel said. In July 2020, Husie\u016d was given 15 months in prison for allegedly insulting officials online. Rights groups consider him a political prisoner.<\/p>\n\n\n\n<p>Special proceedings<\/p>\n\n\n\n<p>On April 15, a court in Minsk will open hearings in a special proceedings case targeting those living abroad and evading contact with investigators. Viktar Puzan, Hienad\u017a Hutar, Iryna Sta\u0142oka, Alaksandar Ciarluk, Anatol Astro\u016dski and Vital Pachom\u010dyk will be tried in absentia on protest-related charges. Pachom\u010dyk is also accused of insulting officials.<\/p>\n\n\n\n<p>&#8220;Extremist&#8221; list update<\/p>\n\n\n\n<p>Authorities branded several opposition social media accounts extremist content, including the Instagram account of blogger Mikita Mie\u0142kaziora\u016d and his <em>Zahlanie Sonca<\/em> YouTube channel;  the website and social media of <em>Hrodna.life<\/em> media outlet, Belarusian opposition leader \u015aviat\u0142ana Cichano\u016dskaja&#8217;s X account and history book by Alaksandar Tataranka.<\/p>\n\n\n\n<p>As of April 10, human rights defenders identified at least 1,385 political prisoners but the real number is considerably higher because many cases go undocumented. Opposition sources estimate the number of political prisoners at around 5,000.<\/p>\n\n\n\n<div class=\"insert-block\">\n\n    <div class=\"insert-block__img\">\n        <img decoding=\"async\" width=\"354\" height=\"236\" src=\"https:\/\/pozirk.online\/wp-content\/uploads\/2024\/04\/brest_29-354x236.jpg\" class=\"attachment-medium size-medium\" alt=\"\" srcset=\"https:\/\/pozirk.online\/wp-content\/uploads\/2024\/04\/brest_29-354x236.jpg 354w, https:\/\/pozirk.online\/wp-content\/uploads\/2024\/04\/brest_29-734x490.jpg 734w, https:\/\/pozirk.online\/wp-content\/uploads\/2024\/04\/brest_29-178x118.jpg 178w, https:\/\/pozirk.online\/wp-content\/uploads\/2024\/04\/brest_29-768x512.jpg 768w, https:\/\/pozirk.online\/wp-content\/uploads\/2024\/04\/brest_29-1536x1024.jpg 1536w, https:\/\/pozirk.online\/wp-content\/uploads\/2024\/04\/brest_29-2048x1365.jpg 2048w\" sizes=\"(max-width: 354px) 100vw, 354px\" \/>                        <label class=\"insert-block__tag--mobile\"> \u041f\u043e\u043b\u0438\u0442\u0438\u043a\u0430<\/label>\n\n                            <label class=\"insert-block__tag--mobile\"> \u041e\u0431\u0449\u0435\u0441\u0442\u0432\u043e<\/label>\n\n                <\/div>\n    <div class=\"insert-block__text\">\n                    <label class=\"insert-block__tag\">\u041f\u043e\u043b\u0438\u0442\u0438\u043a\u0430, \u041e\u0431\u0449\u0435\u0441\u0442\u0432\u043e<\/label>\n                <h3 class=\"insert-block__title\">Brest judge sentences six over 2020 protests<\/h3>\n        <div class=\"insert-block__descr\">April 9, Pozirk. A district judge in Brest on April 5 sentenced six people accused of participating in a protest in August 2020, the Viasna Human Rights Center reported. They were charged with violating Article 342 of the Criminal Code &#8230;<\/div>\n        <a class=\"insert-block__btn-block\" href=\"\/en\/news\/78626\">\n            <button class=\"btn\">\n                <div class='btn__text'>Read the article<\/div>\n            <\/button>\n        <\/a>\n    <\/div>\n<\/div>","protected":false},"excerpt":{"rendered":"<p>April 10, Pozirk. New instances of politically-motivated persecution were documented in Belarus on April 9 with at least six people convicted in Brest in connection with the 2020 postelection protests and new trials reported for sharing opposition content. On April 5, a Brest judge sentenced Vital \u010carkasa\u016d and Alaksandar \u017duk to two and a half [&hellip;]<\/p>\n","protected":false},"author":84,"featured_media":0,"template":"","rubric":[14,13],"class_list":["post-78708","articles","type-articles","status-publish","hentry","rubric-politics","rubric-society"],"acf":[],"yoast_head":"<!-- This site is optimized with the Yoast SEO plugin v25.5 - https:\/\/yoast.com\/wordpress\/plugins\/seo\/ -->\n<title>Update on arrests, trials, politically-motivated persecution | Pozirk<\/title>\n<meta name=\"description\" content=\"April 10, Pozirk. New instances of politically-motivated persecution were documented in Belarus on April 9 with at least six people convicted in Brest in\" \/>\n<meta name=\"robots\" content=\"index, follow, max-snippet:-1, max-image-preview:large, max-video-preview:-1\" \/>\n<link rel=\"canonical\" href=\"https:\/\/pozirk.online\/en\/news\/78708\/\" \/>\n<meta property=\"og:locale\" content=\"en_US\" \/>\n<meta property=\"og:type\" content=\"article\" \/>\n<meta property=\"og:title\" content=\"Update on arrests, trials, politically-motivated persecution | Pozirk\" \/>\n<meta property=\"og:description\" content=\"April 10, Pozirk. New instances of politically-motivated persecution were documented in Belarus on April 9 with at least six people convicted in Brest in\" \/>\n<meta property=\"og:url\" content=\"https:\/\/pozirk.online\/en\/news\/78708\/\" \/>\n<meta property=\"og:site_name\" content=\"Pozirk\" \/>\n<meta property=\"article:publisher\" content=\"https:\/\/www.facebook.com\/pozirkonline\/\" \/>\n<meta property=\"article:modified_time\" content=\"2026-03-10T12:05:06+00:00\" \/>\n<meta name=\"twitter:card\" content=\"summary_large_image\" \/>\n<meta name=\"twitter:site\" content=\"@Pozirk_online\" \/>\n<meta name=\"twitter:label1\" content=\"Est. reading time\" \/>\n\t<meta name=\"twitter:data1\" content=\"3 minutes\" \/>\n<script type=\"application\/ld+json\" class=\"yoast-schema-graph\">{\"@context\":\"https:\/\/schema.org\",\"@graph\":[{\"@type\":\"NewsArticle\",\"@id\":\"https:\/\/pozirk.online\/en\/news\/78708\/#article\",\"isPartOf\":{\"@id\":\"https:\/\/pozirk.online\/en\/news\/78708\/\"},\"headline\":\"Update on arrests, trials, politically-motivated persecution\",\"datePublished\":\"2024-04-10T08:13:50+00:00\",\"dateModified\":\"2026-03-10T12:05:06+00:00\",\"mainEntityOfPage\":{\"@id\":\"https:\/\/pozirk.online\/en\/news\/78708\/\"},\"wordCount\":510,\"publisher\":{\"@id\":\"https:\/\/pozirk.online\/en\/#organization\"},\"inLanguage\":\"en-US\"},{\"@type\":\"WebPage\",\"@id\":\"https:\/\/pozirk.online\/en\/news\/78708\/\",\"url\":\"https:\/\/pozirk.online\/en\/news\/78708\/\",\"name\":\"Update on arrests, trials, politically-motivated persecution | Pozirk\",\"isPartOf\":{\"@id\":\"https:\/\/pozirk.online\/en\/#website\"},\"datePublished\":\"2024-04-10T08:13:50+00:00\",\"dateModified\":\"2026-03-10T12:05:06+00:00\",\"description\":\"April 10, Pozirk. New instances of politically-motivated persecution were documented in Belarus on April 9 with at least six people convicted in Brest in\",\"breadcrumb\":{\"@id\":\"https:\/\/pozirk.online\/en\/news\/78708\/#breadcrumb\"},\"inLanguage\":\"en-US\",\"potentialAction\":[{\"@type\":\"ReadAction\",\"target\":[\"https:\/\/pozirk.online\/en\/news\/78708\/\"]}]},{\"@type\":\"BreadcrumbList\",\"@id\":\"https:\/\/pozirk.online\/en\/news\/78708\/#breadcrumb\",\"itemListElement\":[{\"@type\":\"ListItem\",\"position\":1,\"name\":\"Home\",\"item\":\"https:\/\/pozirk.online\/en\/\"},{\"@type\":\"ListItem\",\"position\":2,\"name\":\"Update on arrests, trials, politically-motivated persecution\"}]},{\"@type\":\"WebSite\",\"@id\":\"https:\/\/pozirk.online\/en\/#website\",\"url\":\"https:\/\/pozirk.online\/en\/\",\"name\":\"Pozirk\",\"description\":\"\",\"publisher\":{\"@id\":\"https:\/\/pozirk.online\/en\/#organization\"},\"potentialAction\":[{\"@type\":\"SearchAction\",\"target\":{\"@type\":\"EntryPoint\",\"urlTemplate\":\"https:\/\/pozirk.online\/en\/?s={search_term_string}\"},\"query-input\":{\"@type\":\"PropertyValueSpecification\",\"valueRequired\":true,\"valueName\":\"search_term_string\"}}],\"inLanguage\":\"en-US\"},{\"@type\":\"Organization\",\"@id\":\"https:\/\/pozirk.online\/en\/#organization\",\"name\":\"Pozirk\",\"url\":\"https:\/\/pozirk.online\/en\/\",\"logo\":{\"@type\":\"ImageObject\",\"inLanguage\":\"en-US\",\"@id\":\"https:\/\/pozirk.online\/en\/#\/schema\/logo\/image\/\",\"url\":\"https:\/\/pozirk.online\/wp-content\/uploads\/2023\/11\/cropped-Logo_color_512.png\",\"contentUrl\":\"https:\/\/pozirk.online\/wp-content\/uploads\/2023\/11\/cropped-Logo_color_512.png\",\"width\":512,\"height\":512,\"caption\":\"Pozirk\"},\"image\":{\"@id\":\"https:\/\/pozirk.online\/en\/#\/schema\/logo\/image\/\"},\"sameAs\":[\"https:\/\/www.facebook.com\/pozirkonline\/\",\"https:\/\/x.com\/Pozirk_online\"]}]}<\/script>\n<!-- \/ Yoast SEO plugin. -->","yoast_head_json":{"title":"Update on arrests, trials, politically-motivated persecution | Pozirk","description":"April 10, Pozirk. New instances of politically-motivated persecution were documented in Belarus on April 9 with at least six people convicted in Brest in","robots":{"index":"index","follow":"follow","max-snippet":"max-snippet:-1","max-image-preview":"max-image-preview:large","max-video-preview":"max-video-preview:-1"},"canonical":"https:\/\/pozirk.online\/en\/news\/78708\/","og_locale":"en_US","og_type":"article","og_title":"Update on arrests, trials, politically-motivated persecution | Pozirk","og_description":"April 10, Pozirk. New instances of politically-motivated persecution were documented in Belarus on April 9 with at least six people convicted in Brest in","og_url":"https:\/\/pozirk.online\/en\/news\/78708\/","og_site_name":"Pozirk","article_publisher":"https:\/\/www.facebook.com\/pozirkonline\/","article_modified_time":"2026-03-10T12:05:06+00:00","twitter_card":"summary_large_image","twitter_site":"@Pozirk_online","twitter_misc":{"Est. reading time":"3 minutes"},"schema":{"@context":"https:\/\/schema.org","@graph":[{"@type":"NewsArticle","@id":"https:\/\/pozirk.online\/en\/news\/78708\/#article","isPartOf":{"@id":"https:\/\/pozirk.online\/en\/news\/78708\/"},"headline":"Update on arrests, trials, politically-motivated persecution","datePublished":"2024-04-10T08:13:50+00:00","dateModified":"2026-03-10T12:05:06+00:00","mainEntityOfPage":{"@id":"https:\/\/pozirk.online\/en\/news\/78708\/"},"wordCount":510,"publisher":{"@id":"https:\/\/pozirk.online\/en\/#organization"},"inLanguage":"en-US"},{"@type":"WebPage","@id":"https:\/\/pozirk.online\/en\/news\/78708\/","url":"https:\/\/pozirk.online\/en\/news\/78708\/","name":"Update on arrests, trials, politically-motivated persecution | Pozirk","isPartOf":{"@id":"https:\/\/pozirk.online\/en\/#website"},"datePublished":"2024-04-10T08:13:50+00:00","dateModified":"2026-03-10T12:05:06+00:00","description":"April 10, Pozirk. New instances of politically-motivated persecution were documented in Belarus on April 9 with at least six people convicted in Brest in","breadcrumb":{"@id":"https:\/\/pozirk.online\/en\/news\/78708\/#breadcrumb"},"inLanguage":"en-US","potentialAction":[{"@type":"ReadAction","target":["https:\/\/pozirk.online\/en\/news\/78708\/"]}]},{"@type":"BreadcrumbList","@id":"https:\/\/pozirk.online\/en\/news\/78708\/#breadcrumb","itemListElement":[{"@type":"ListItem","position":1,"name":"Home","item":"https:\/\/pozirk.online\/en\/"},{"@type":"ListItem","position":2,"name":"Update on arrests, trials, politically-motivated persecution"}]},{"@type":"WebSite","@id":"https:\/\/pozirk.online\/en\/#website","url":"https:\/\/pozirk.online\/en\/","name":"Pozirk","description":"","publisher":{"@id":"https:\/\/pozirk.online\/en\/#organization"},"potentialAction":[{"@type":"SearchAction","target":{"@type":"EntryPoint","urlTemplate":"https:\/\/pozirk.online\/en\/?s={search_term_string}"},"query-input":{"@type":"PropertyValueSpecification","valueRequired":true,"valueName":"search_term_string"}}],"inLanguage":"en-US"},{"@type":"Organization","@id":"https:\/\/pozirk.online\/en\/#organization","name":"Pozirk","url":"https:\/\/pozirk.online\/en\/","logo":{"@type":"ImageObject","inLanguage":"en-US","@id":"https:\/\/pozirk.online\/en\/#\/schema\/logo\/image\/","url":"https:\/\/pozirk.online\/wp-content\/uploads\/2023\/11\/cropped-Logo_color_512.png","contentUrl":"https:\/\/pozirk.online\/wp-content\/uploads\/2023\/11\/cropped-Logo_color_512.png","width":512,"height":512,"caption":"Pozirk"},"image":{"@id":"https:\/\/pozirk.online\/en\/#\/schema\/logo\/image\/"},"sameAs":["https:\/\/www.facebook.com\/pozirkonline\/","https:\/\/x.com\/Pozirk_online"]}]}},"_links":{"self":[{"href":"https:\/\/pozirk.online\/en\/wp-json\/wp\/v2\/articles\/78708","targetHints":{"allow":["GET"]}}],"collection":[{"href":"https:\/\/pozirk.online\/en\/wp-json\/wp\/v2\/articles"}],"about":[{"href":"https:\/\/pozirk.online\/en\/wp-json\/wp\/v2\/types\/articles"}],"author":[{"embeddable":true,"href":"https:\/\/pozirk.online\/en\/wp-json\/wp\/v2\/users\/84"}],"wp:attachment":[{"href":"https:\/\/pozirk.online\/en\/wp-json\/wp\/v2\/media?parent=78708"}],"wp:term":[{"taxonomy":"rubric","embeddable":true,"href":"https:\/\/pozirk.online\/en\/wp-json\/wp\/v2\/rubric?post=78708"}],"curies":[{"name":"wp","href":"https:\/\/api.w.org\/{rel}","templated":true}]}}