{"id":78743,"date":"2024-04-10T12:55:52","date_gmt":"2024-04-10T09:55:52","guid":{"rendered":"https:\/\/pozirk.online\/en\/news\/78743\/"},"modified":"2026-03-10T12:05:06","modified_gmt":"2026-03-10T12:05:06","slug":"opposition-politician-lobbies-for-belarus-inclusion-in-europes-strategic-plans","status":"publish","type":"articles","link":"https:\/\/pozirk.online\/en\/news\/78743\/","title":{"rendered":"Opposition politician lobbies for Belarus&#8217; inclusion in Europe&#8217;s &#8220;strategic plans&#8221;"},"content":{"rendered":"\n<figure class=\"block-image block-image-normal\">\n\n  <img decoding=\"async\" width=\"1128\" height=\"752\" src=\"https:\/\/pozirk.online\/wp-content\/uploads\/2024\/04\/kovalevskij_heusgen_opk_1128x752.jpg\" class=\"attachment-full size-full\" alt=\"\" srcset=\"https:\/\/pozirk.online\/wp-content\/uploads\/2024\/04\/kovalevskij_heusgen_opk_1128x752.jpg 1128w, https:\/\/pozirk.online\/wp-content\/uploads\/2024\/04\/kovalevskij_heusgen_opk_1128x752-354x236.jpg 354w, https:\/\/pozirk.online\/wp-content\/uploads\/2024\/04\/kovalevskij_heusgen_opk_1128x752-734x490.jpg 734w, https:\/\/pozirk.online\/wp-content\/uploads\/2024\/04\/kovalevskij_heusgen_opk_1128x752-178x118.jpg 178w, https:\/\/pozirk.online\/wp-content\/uploads\/2024\/04\/kovalevskij_heusgen_opk_1128x752-768x512.jpg 768w\" sizes=\"(max-width: 1128px) 100vw, 1128px\" \/>\n  <figcaption>\n      <div class=\"block-image__descr\">\n\n        Valeryj Kavale\u016dski (left) and Christoph Heusgen (right)\n    <\/div>\n  \n       <div class=\"block-image__author\">\n                <span>(transition cabinet&#039;s press office)<\/span>\n    <\/div>\n     <\/figcaption>\n<\/figure>\n\n\n\n<p><strong>April 10, <em>Pozirk<\/em>. <\/strong>Belarus must be included in the European &#8220;global and regional strategy,&#8221; Valeryj Kavale\u016dski, foreign affairs chief at the opposition transition cabinet, has told Christoph Heusgen, chairman of the Munich Security Conference (MSC).<\/p>\n\n\n\n<p>The meeting focused on Belarus&#8217; role in regional politics, threats of Moscow&#8217;s influence on Minsk and steps to counter Russia, the cabinet&#8217;s press office reports.<\/p>\n\n\n\n<p>MSC&#8217;s expertise and assessment of Russian threats to Belarus&#8217; independence may prompt European states to consider Belarus in their strategic planning, Kavale\u016dski noted.<\/p>\n\n\n\n<p>Belarusian opposition leader \u015aviat\u0142ana Cichano\u016dskaja addressed an MSC panel discussion on February 18, urging democracies to show more courage and determination when confronting dictators like Alaksandar \u0141uka\u0161enka. \u201cDictators cannot be appeased or re-educated,\u201d she stressed.<\/p>\n\n\n\n<div class=\"insert-block\">\n\n    <div class=\"insert-block__img\">\n        <img decoding=\"async\" width=\"354\" height=\"236\" src=\"https:\/\/pozirk.online\/wp-content\/uploads\/2024\/02\/wagener_dbt_inga_haar_1128x752-354x236.jpg\" class=\"attachment-medium size-medium\" alt=\"\" srcset=\"https:\/\/pozirk.online\/wp-content\/uploads\/2024\/02\/wagener_dbt_inga_haar_1128x752-354x236.jpg 354w, https:\/\/pozirk.online\/wp-content\/uploads\/2024\/02\/wagener_dbt_inga_haar_1128x752-734x490.jpg 734w, https:\/\/pozirk.online\/wp-content\/uploads\/2024\/02\/wagener_dbt_inga_haar_1128x752-178x118.jpg 178w, https:\/\/pozirk.online\/wp-content\/uploads\/2024\/02\/wagener_dbt_inga_haar_1128x752-768x512.jpg 768w, https:\/\/pozirk.online\/wp-content\/uploads\/2024\/02\/wagener_dbt_inga_haar_1128x752.jpg 1128w\" sizes=\"(max-width: 354px) 100vw, 354px\" \/>                        <label class=\"insert-block__tag--mobile\"> Germany news<\/label>\n\n                <\/div>\n    <div class=\"insert-block__text\">\n                    <label class=\"insert-block__tag\">Germany news<\/label>\n                <h3 class=\"insert-block__title\">Opposition politicians, German MP discuss Russia&#039;s threats to Belarus&#039; independence<\/h3>\n        <div class=\"insert-block__descr\">February 9, Pozirk. Belarusian opposition politicians met with German MP Robin Wagener in Warsaw on February 8 to discuss efforts to counter Russia&#039;s attempts to incorporate Belarus among other matters. Wagener heads the group For a Democratic Belarus at the &#8230;<\/div>\n        <a class=\"insert-block__btn-block\" href=\"\/en\/news\/65993\">\n            <button class=\"btn\">\n                <div class='btn__text'>Read the article<\/div>\n            <\/button>\n        <\/a>\n    <\/div>\n<\/div>","protected":false},"excerpt":{"rendered":"<p>April 10, Pozirk. Belarus must be included in the European &#8220;global and regional strategy,&#8221; Valeryj Kavale\u016dski, foreign affairs chief at the opposition transition cabinet, has told Christoph Heusgen, chairman of the Munich Security Conference (MSC). The meeting focused on Belarus&#8217; role in regional politics, threats of Moscow&#8217;s influence on Minsk and steps to counter Russia, [&hellip;]<\/p>\n","protected":false},"author":84,"featured_media":78711,"template":"","rubric":[14],"class_list":["post-78743","articles","type-articles","status-publish","has-post-thumbnail","hentry","rubric-politics"],"acf":[],"yoast_head":"<!-- This site is optimized with the Yoast SEO plugin v25.5 - https:\/\/yoast.com\/wordpress\/plugins\/seo\/ -->\n<title>Opposition politician lobbies for Belarus&#039; inclusion in Europe&#039;s &quot;strategic plans&quot; | Pozirk<\/title>\n<meta name=\"description\" content=\"April 10, Pozirk. Belarus must be included in the European &quot;global and regional strategy,&quot; Valeryj Kavale\u016dski, foreign affairs chief at the opposition\" \/>\n<meta name=\"robots\" content=\"index, follow, max-snippet:-1, max-image-preview:large, max-video-preview:-1\" \/>\n<link rel=\"canonical\" href=\"https:\/\/pozirk.online\/en\/news\/78743\/\" \/>\n<meta property=\"og:locale\" content=\"en_US\" \/>\n<meta property=\"og:type\" content=\"article\" \/>\n<meta property=\"og:title\" content=\"Opposition politician lobbies for Belarus&#039; inclusion in Europe&#039;s &quot;strategic plans&quot; | Pozirk\" \/>\n<meta property=\"og:description\" content=\"April 10, Pozirk. Belarus must be included in the European &quot;global and regional strategy,&quot; Valeryj Kavale\u016dski, foreign affairs chief at the opposition\" \/>\n<meta property=\"og:url\" content=\"https:\/\/pozirk.online\/en\/news\/78743\/\" \/>\n<meta property=\"og:site_name\" content=\"Pozirk\" \/>\n<meta property=\"article:publisher\" content=\"https:\/\/www.facebook.com\/pozirkonline\/\" \/>\n<meta property=\"article:modified_time\" content=\"2026-03-10T12:05:06+00:00\" \/>\n<meta property=\"og:image\" content=\"https:\/\/pozirk.online\/wp-content\/uploads\/2024\/04\/kovalevskij_heusgen_opk_1128x752.jpg\" \/>\n\t<meta property=\"og:image:width\" content=\"1128\" \/>\n\t<meta property=\"og:image:height\" content=\"752\" \/>\n\t<meta property=\"og:image:type\" content=\"image\/jpeg\" \/>\n<meta name=\"twitter:card\" content=\"summary_large_image\" \/>\n<meta name=\"twitter:site\" content=\"@Pozirk_online\" \/>\n<meta name=\"twitter:label1\" content=\"Est. reading time\" \/>\n\t<meta name=\"twitter:data1\" content=\"1 minute\" \/>\n<script type=\"application\/ld+json\" class=\"yoast-schema-graph\">{\"@context\":\"https:\/\/schema.org\",\"@graph\":[{\"@type\":\"NewsArticle\",\"@id\":\"https:\/\/pozirk.online\/en\/news\/78743\/#article\",\"isPartOf\":{\"@id\":\"https:\/\/pozirk.online\/en\/news\/78743\/\"},\"headline\":\"Opposition politician lobbies for Belarus&#8217; inclusion in Europe&#8217;s &#8220;strategic plans&#8221;\",\"datePublished\":\"2024-04-10T09:55:52+00:00\",\"dateModified\":\"2026-03-10T12:05:06+00:00\",\"mainEntityOfPage\":{\"@id\":\"https:\/\/pozirk.online\/en\/news\/78743\/\"},\"wordCount\":135,\"publisher\":{\"@id\":\"https:\/\/pozirk.online\/en\/#organization\"},\"image\":{\"@id\":\"https:\/\/pozirk.online\/en\/news\/78743\/#primaryimage\"},\"thumbnailUrl\":\"https:\/\/pozirk.online\/wp-content\/uploads\/2024\/04\/kovalevskij_heusgen_opk_1128x752.jpg\",\"inLanguage\":\"en-US\"},{\"@type\":\"WebPage\",\"@id\":\"https:\/\/pozirk.online\/en\/news\/78743\/\",\"url\":\"https:\/\/pozirk.online\/en\/news\/78743\/\",\"name\":\"Opposition politician lobbies for Belarus' inclusion in Europe's \\\"strategic plans\\\" | Pozirk\",\"isPartOf\":{\"@id\":\"https:\/\/pozirk.online\/en\/#website\"},\"primaryImageOfPage\":{\"@id\":\"https:\/\/pozirk.online\/en\/news\/78743\/#primaryimage\"},\"image\":{\"@id\":\"https:\/\/pozirk.online\/en\/news\/78743\/#primaryimage\"},\"thumbnailUrl\":\"https:\/\/pozirk.online\/wp-content\/uploads\/2024\/04\/kovalevskij_heusgen_opk_1128x752.jpg\",\"datePublished\":\"2024-04-10T09:55:52+00:00\",\"dateModified\":\"2026-03-10T12:05:06+00:00\",\"description\":\"April 10, Pozirk. Belarus must be included in the European \\\"global and regional strategy,\\\" Valeryj Kavale\u016dski, foreign affairs chief at the opposition\",\"breadcrumb\":{\"@id\":\"https:\/\/pozirk.online\/en\/news\/78743\/#breadcrumb\"},\"inLanguage\":\"en-US\",\"potentialAction\":[{\"@type\":\"ReadAction\",\"target\":[\"https:\/\/pozirk.online\/en\/news\/78743\/\"]}]},{\"@type\":\"ImageObject\",\"inLanguage\":\"en-US\",\"@id\":\"https:\/\/pozirk.online\/en\/news\/78743\/#primaryimage\",\"url\":\"https:\/\/pozirk.online\/wp-content\/uploads\/2024\/04\/kovalevskij_heusgen_opk_1128x752.jpg\",\"contentUrl\":\"https:\/\/pozirk.online\/wp-content\/uploads\/2024\/04\/kovalevskij_heusgen_opk_1128x752.jpg\",\"width\":1128,\"height\":752},{\"@type\":\"BreadcrumbList\",\"@id\":\"https:\/\/pozirk.online\/en\/news\/78743\/#breadcrumb\",\"itemListElement\":[{\"@type\":\"ListItem\",\"position\":1,\"name\":\"Home\",\"item\":\"https:\/\/pozirk.online\/en\/\"},{\"@type\":\"ListItem\",\"position\":2,\"name\":\"Opposition politician lobbies for Belarus&#8217; inclusion in Europe&#8217;s &#8220;strategic plans&#8221;\"}]},{\"@type\":\"WebSite\",\"@id\":\"https:\/\/pozirk.online\/en\/#website\",\"url\":\"https:\/\/pozirk.online\/en\/\",\"name\":\"Pozirk\",\"description\":\"\",\"publisher\":{\"@id\":\"https:\/\/pozirk.online\/en\/#organization\"},\"potentialAction\":[{\"@type\":\"SearchAction\",\"target\":{\"@type\":\"EntryPoint\",\"urlTemplate\":\"https:\/\/pozirk.online\/en\/?s={search_term_string}\"},\"query-input\":{\"@type\":\"PropertyValueSpecification\",\"valueRequired\":true,\"valueName\":\"search_term_string\"}}],\"inLanguage\":\"en-US\"},{\"@type\":\"Organization\",\"@id\":\"https:\/\/pozirk.online\/en\/#organization\",\"name\":\"Pozirk\",\"url\":\"https:\/\/pozirk.online\/en\/\",\"logo\":{\"@type\":\"ImageObject\",\"inLanguage\":\"en-US\",\"@id\":\"https:\/\/pozirk.online\/en\/#\/schema\/logo\/image\/\",\"url\":\"https:\/\/pozirk.online\/wp-content\/uploads\/2023\/11\/cropped-Logo_color_512.png\",\"contentUrl\":\"https:\/\/pozirk.online\/wp-content\/uploads\/2023\/11\/cropped-Logo_color_512.png\",\"width\":512,\"height\":512,\"caption\":\"Pozirk\"},\"image\":{\"@id\":\"https:\/\/pozirk.online\/en\/#\/schema\/logo\/image\/\"},\"sameAs\":[\"https:\/\/www.facebook.com\/pozirkonline\/\",\"https:\/\/x.com\/Pozirk_online\"]}]}<\/script>\n<!-- \/ Yoast SEO plugin. -->","yoast_head_json":{"title":"Opposition politician lobbies for Belarus' inclusion in Europe's \"strategic plans\" | Pozirk","description":"April 10, Pozirk. Belarus must be included in the European \"global and regional strategy,\" Valeryj Kavale\u016dski, foreign affairs chief at the opposition","robots":{"index":"index","follow":"follow","max-snippet":"max-snippet:-1","max-image-preview":"max-image-preview:large","max-video-preview":"max-video-preview:-1"},"canonical":"https:\/\/pozirk.online\/en\/news\/78743\/","og_locale":"en_US","og_type":"article","og_title":"Opposition politician lobbies for Belarus' inclusion in Europe's \"strategic plans\" | Pozirk","og_description":"April 10, Pozirk. Belarus must be included in the European \"global and regional strategy,\" Valeryj Kavale\u016dski, foreign affairs chief at the opposition","og_url":"https:\/\/pozirk.online\/en\/news\/78743\/","og_site_name":"Pozirk","article_publisher":"https:\/\/www.facebook.com\/pozirkonline\/","article_modified_time":"2026-03-10T12:05:06+00:00","og_image":[{"width":1128,"height":752,"url":"https:\/\/pozirk.online\/wp-content\/uploads\/2024\/04\/kovalevskij_heusgen_opk_1128x752.jpg","type":"image\/jpeg"}],"twitter_card":"summary_large_image","twitter_site":"@Pozirk_online","twitter_misc":{"Est. reading time":"1 minute"},"schema":{"@context":"https:\/\/schema.org","@graph":[{"@type":"NewsArticle","@id":"https:\/\/pozirk.online\/en\/news\/78743\/#article","isPartOf":{"@id":"https:\/\/pozirk.online\/en\/news\/78743\/"},"headline":"Opposition politician lobbies for Belarus&#8217; inclusion in Europe&#8217;s &#8220;strategic plans&#8221;","datePublished":"2024-04-10T09:55:52+00:00","dateModified":"2026-03-10T12:05:06+00:00","mainEntityOfPage":{"@id":"https:\/\/pozirk.online\/en\/news\/78743\/"},"wordCount":135,"publisher":{"@id":"https:\/\/pozirk.online\/en\/#organization"},"image":{"@id":"https:\/\/pozirk.online\/en\/news\/78743\/#primaryimage"},"thumbnailUrl":"https:\/\/pozirk.online\/wp-content\/uploads\/2024\/04\/kovalevskij_heusgen_opk_1128x752.jpg","inLanguage":"en-US"},{"@type":"WebPage","@id":"https:\/\/pozirk.online\/en\/news\/78743\/","url":"https:\/\/pozirk.online\/en\/news\/78743\/","name":"Opposition politician lobbies for Belarus' inclusion in Europe's \"strategic plans\" | Pozirk","isPartOf":{"@id":"https:\/\/pozirk.online\/en\/#website"},"primaryImageOfPage":{"@id":"https:\/\/pozirk.online\/en\/news\/78743\/#primaryimage"},"image":{"@id":"https:\/\/pozirk.online\/en\/news\/78743\/#primaryimage"},"thumbnailUrl":"https:\/\/pozirk.online\/wp-content\/uploads\/2024\/04\/kovalevskij_heusgen_opk_1128x752.jpg","datePublished":"2024-04-10T09:55:52+00:00","dateModified":"2026-03-10T12:05:06+00:00","description":"April 10, Pozirk. Belarus must be included in the European \"global and regional strategy,\" Valeryj Kavale\u016dski, foreign affairs chief at the opposition","breadcrumb":{"@id":"https:\/\/pozirk.online\/en\/news\/78743\/#breadcrumb"},"inLanguage":"en-US","potentialAction":[{"@type":"ReadAction","target":["https:\/\/pozirk.online\/en\/news\/78743\/"]}]},{"@type":"ImageObject","inLanguage":"en-US","@id":"https:\/\/pozirk.online\/en\/news\/78743\/#primaryimage","url":"https:\/\/pozirk.online\/wp-content\/uploads\/2024\/04\/kovalevskij_heusgen_opk_1128x752.jpg","contentUrl":"https:\/\/pozirk.online\/wp-content\/uploads\/2024\/04\/kovalevskij_heusgen_opk_1128x752.jpg","width":1128,"height":752},{"@type":"BreadcrumbList","@id":"https:\/\/pozirk.online\/en\/news\/78743\/#breadcrumb","itemListElement":[{"@type":"ListItem","position":1,"name":"Home","item":"https:\/\/pozirk.online\/en\/"},{"@type":"ListItem","position":2,"name":"Opposition politician lobbies for Belarus&#8217; inclusion in Europe&#8217;s &#8220;strategic plans&#8221;"}]},{"@type":"WebSite","@id":"https:\/\/pozirk.online\/en\/#website","url":"https:\/\/pozirk.online\/en\/","name":"Pozirk","description":"","publisher":{"@id":"https:\/\/pozirk.online\/en\/#organization"},"potentialAction":[{"@type":"SearchAction","target":{"@type":"EntryPoint","urlTemplate":"https:\/\/pozirk.online\/en\/?s={search_term_string}"},"query-input":{"@type":"PropertyValueSpecification","valueRequired":true,"valueName":"search_term_string"}}],"inLanguage":"en-US"},{"@type":"Organization","@id":"https:\/\/pozirk.online\/en\/#organization","name":"Pozirk","url":"https:\/\/pozirk.online\/en\/","logo":{"@type":"ImageObject","inLanguage":"en-US","@id":"https:\/\/pozirk.online\/en\/#\/schema\/logo\/image\/","url":"https:\/\/pozirk.online\/wp-content\/uploads\/2023\/11\/cropped-Logo_color_512.png","contentUrl":"https:\/\/pozirk.online\/wp-content\/uploads\/2023\/11\/cropped-Logo_color_512.png","width":512,"height":512,"caption":"Pozirk"},"image":{"@id":"https:\/\/pozirk.online\/en\/#\/schema\/logo\/image\/"},"sameAs":["https:\/\/www.facebook.com\/pozirkonline\/","https:\/\/x.com\/Pozirk_online"]}]}},"_links":{"self":[{"href":"https:\/\/pozirk.online\/en\/wp-json\/wp\/v2\/articles\/78743","targetHints":{"allow":["GET"]}}],"collection":[{"href":"https:\/\/pozirk.online\/en\/wp-json\/wp\/v2\/articles"}],"about":[{"href":"https:\/\/pozirk.online\/en\/wp-json\/wp\/v2\/types\/articles"}],"author":[{"embeddable":true,"href":"https:\/\/pozirk.online\/en\/wp-json\/wp\/v2\/users\/84"}],"wp:featuredmedia":[{"embeddable":true,"href":"https:\/\/pozirk.online\/en\/wp-json\/wp\/v2\/media\/78711"}],"wp:attachment":[{"href":"https:\/\/pozirk.online\/en\/wp-json\/wp\/v2\/media?parent=78743"}],"wp:term":[{"taxonomy":"rubric","embeddable":true,"href":"https:\/\/pozirk.online\/en\/wp-json\/wp\/v2\/rubric?post=78743"}],"curies":[{"name":"wp","href":"https:\/\/api.w.org\/{rel}","templated":true}]}}