{"id":80337,"date":"2024-04-17T12:36:50","date_gmt":"2024-04-17T09:36:50","guid":{"rendered":"https:\/\/pozirk.online\/en\/news\/80337\/"},"modified":"2026-03-10T12:05:06","modified_gmt":"2026-03-10T12:05:06","slug":"opposition-leader-invited-to-g7-foreign-ministers-meeting-on-capri","status":"publish","type":"articles","link":"https:\/\/pozirk.online\/en\/news\/80337\/","title":{"rendered":"Opposition leader invited to G7 foreign ministers meeting on Capri"},"content":{"rendered":"\n<figure class=\"block-image block-image-normal\">\n\n  <img decoding=\"async\" width=\"1128\" height=\"752\" src=\"https:\/\/pozirk.online\/wp-content\/uploads\/2024\/03\/tikhanouskaia_press-1.jpg\" class=\"attachment-full size-full\" alt=\"\" srcset=\"https:\/\/pozirk.online\/wp-content\/uploads\/2024\/03\/tikhanouskaia_press-1.jpg 1128w, https:\/\/pozirk.online\/wp-content\/uploads\/2024\/03\/tikhanouskaia_press-1-354x236.jpg 354w, https:\/\/pozirk.online\/wp-content\/uploads\/2024\/03\/tikhanouskaia_press-1-734x490.jpg 734w, https:\/\/pozirk.online\/wp-content\/uploads\/2024\/03\/tikhanouskaia_press-1-178x118.jpg 178w, https:\/\/pozirk.online\/wp-content\/uploads\/2024\/03\/tikhanouskaia_press-1-768x512.jpg 768w\" sizes=\"(max-width: 1128px) 100vw, 1128px\" \/>\n  <figcaption>\n  \n       <div class=\"block-image__author\">\n                <span>(\u015aviat\u0142ana Cichano\u016dskaja&#039;s press office)<\/span>\n    <\/div>\n     <\/figcaption>\n<\/figure>\n\n\n\n<p><strong>April 17, <em>Pozirk<\/em>. <\/strong>Belarusian opposition leader \u015aviat\u0142ana Cichano\u016dskaja will participate in the G7 foreign ministers\u2019 meeting taking place from April 17 to April 19 on the Italian island of Capri, her aide Dzianis Ku\u010dynski has said on Telegram.<\/p>\n\n\n\n<p>It will be the first time that a representative of Belarus will participate in a G7 ministerial meeting, held ahead of the 50th<strong> <\/strong>G7 Summit, scheduled for June 13-15 in Fasano, southern Italy. \u00a0<\/p>\n\n\n\n<p>Cichano\u016dskaja has also been invited as a special guest to the 2024 conference of speakers of the European Union&#8217;s parliaments in Spain later this month, her aide said. The King of Spain is listed as another special guest, he added.<\/p>\n\n\n\n<p>The politician plans to raise the issue of Belarusian political prisoners and discuss a strategy to restore democracy in Belarus.<\/p>\n\n\n\n<p>The G7 comprises Canada, France, Germany, Italy, Japan, the United Kingdom, and the United States. Italy holds the 2024 G7 presidency.<\/p>\n\n\n\n<div class=\"insert-block\">\n\n    <div class=\"insert-block__img\">\n        <img decoding=\"async\" width=\"354\" height=\"236\" src=\"https:\/\/pozirk.online\/wp-content\/uploads\/2024\/03\/de-maigret-ST-Italy-embassy-20240318-354x236.jpg\" class=\"attachment-medium size-medium\" alt=\"\" srcset=\"https:\/\/pozirk.online\/wp-content\/uploads\/2024\/03\/de-maigret-ST-Italy-embassy-20240318-354x236.jpg 354w, https:\/\/pozirk.online\/wp-content\/uploads\/2024\/03\/de-maigret-ST-Italy-embassy-20240318-734x490.jpg 734w, https:\/\/pozirk.online\/wp-content\/uploads\/2024\/03\/de-maigret-ST-Italy-embassy-20240318-178x118.jpg 178w, https:\/\/pozirk.online\/wp-content\/uploads\/2024\/03\/de-maigret-ST-Italy-embassy-20240318-768x512.jpg 768w, https:\/\/pozirk.online\/wp-content\/uploads\/2024\/03\/de-maigret-ST-Italy-embassy-20240318-1536x1024.jpg 1536w, https:\/\/pozirk.online\/wp-content\/uploads\/2024\/03\/de-maigret-ST-Italy-embassy-20240318-2048x1365.jpg 2048w\" sizes=\"(max-width: 354px) 100vw, 354px\" \/>                        <label class=\"insert-block__tag--mobile\"> \u041f\u043e\u043b\u0438\u0442\u0438\u043a\u0430<\/label>\n\n                <\/div>\n    <div class=\"insert-block__text\">\n                    <label class=\"insert-block__tag\">\u041f\u043e\u043b\u0438\u0442\u0438\u043a\u0430<\/label>\n                <h3 class=\"insert-block__title\">Opposition leader discusses coming G7 meeting with Italian ambassador in Vilnius<\/h3>\n        <div class=\"insert-block__descr\">March 19, Pozirk. Belarusian opposition leader \u015aviat\u0142ana Cichano\u016dskaja discussed her participation in the G7 summit, scheduled to take place from April 17 to 19 on the Italian island of Capri, with Italy\u2019s new ambassador to Lithuania, Emanuele de Maigret. The &#8230;<\/div>\n        <a class=\"insert-block__btn-block\" href=\"\/en\/news\/74011\">\n            <button class=\"btn\">\n                <div class='btn__text'>Read the article<\/div>\n            <\/button>\n        <\/a>\n    <\/div>\n<\/div>","protected":false},"excerpt":{"rendered":"<p>April 17, Pozirk. Belarusian opposition leader \u015aviat\u0142ana Cichano\u016dskaja will participate in the G7 foreign ministers\u2019 meeting taking place from April 17 to April 19 on the Italian island of Capri, her aide Dzianis Ku\u010dynski has said on Telegram. It will be the first time that a representative of Belarus will participate in a G7 ministerial [&hellip;]<\/p>\n","protected":false},"author":84,"featured_media":73171,"template":"","rubric":[16],"class_list":["post-80337","articles","type-articles","status-publish","has-post-thumbnail","hentry","rubric-politics"],"acf":[],"yoast_head":"<!-- This site is optimized with the Yoast SEO plugin v25.5 - https:\/\/yoast.com\/wordpress\/plugins\/seo\/ -->\n<title>Opposition leader invited to G7 foreign ministers meeting on Capri | Pozirk<\/title>\n<meta name=\"description\" content=\"April 17, Pozirk. Belarusian opposition leader \u015aviat\u0142ana Cichano\u016dskaja will participate in the G7 foreign ministers\u2019 meeting taking place from April 17 to\" \/>\n<meta name=\"robots\" content=\"index, follow, max-snippet:-1, max-image-preview:large, max-video-preview:-1\" \/>\n<link rel=\"canonical\" href=\"https:\/\/pozirk.online\/en\/news\/80337\/\" \/>\n<meta property=\"og:locale\" content=\"en_US\" \/>\n<meta property=\"og:type\" content=\"article\" \/>\n<meta property=\"og:title\" content=\"Opposition leader invited to G7 foreign ministers meeting on Capri | Pozirk\" \/>\n<meta property=\"og:description\" content=\"April 17, Pozirk. Belarusian opposition leader \u015aviat\u0142ana Cichano\u016dskaja will participate in the G7 foreign ministers\u2019 meeting taking place from April 17 to\" \/>\n<meta property=\"og:url\" content=\"https:\/\/pozirk.online\/en\/news\/80337\/\" \/>\n<meta property=\"og:site_name\" content=\"Pozirk\" \/>\n<meta property=\"article:publisher\" content=\"https:\/\/www.facebook.com\/pozirkonline\/\" \/>\n<meta property=\"article:modified_time\" content=\"2026-03-10T12:05:06+00:00\" \/>\n<meta property=\"og:image\" content=\"https:\/\/pozirk.online\/wp-content\/uploads\/2024\/03\/tikhanouskaia_press-1.jpg\" \/>\n\t<meta property=\"og:image:width\" content=\"1128\" \/>\n\t<meta property=\"og:image:height\" content=\"752\" \/>\n\t<meta property=\"og:image:type\" content=\"image\/jpeg\" \/>\n<meta name=\"twitter:card\" content=\"summary_large_image\" \/>\n<meta name=\"twitter:site\" content=\"@Pozirk_online\" \/>\n<meta name=\"twitter:label1\" content=\"Est. reading time\" \/>\n\t<meta name=\"twitter:data1\" content=\"2 minutes\" \/>\n<script type=\"application\/ld+json\" class=\"yoast-schema-graph\">{\"@context\":\"https:\/\/schema.org\",\"@graph\":[{\"@type\":\"NewsArticle\",\"@id\":\"https:\/\/pozirk.online\/en\/news\/80337\/#article\",\"isPartOf\":{\"@id\":\"https:\/\/pozirk.online\/en\/news\/80337\/\"},\"headline\":\"Opposition leader invited to G7 foreign ministers meeting on Capri\",\"datePublished\":\"2024-04-17T09:36:50+00:00\",\"dateModified\":\"2026-03-10T12:05:06+00:00\",\"mainEntityOfPage\":{\"@id\":\"https:\/\/pozirk.online\/en\/news\/80337\/\"},\"wordCount\":162,\"publisher\":{\"@id\":\"https:\/\/pozirk.online\/en\/#organization\"},\"image\":{\"@id\":\"https:\/\/pozirk.online\/en\/news\/80337\/#primaryimage\"},\"thumbnailUrl\":\"https:\/\/pozirk.online\/wp-content\/uploads\/2024\/03\/tikhanouskaia_press-1.jpg\",\"inLanguage\":\"en-US\"},{\"@type\":\"WebPage\",\"@id\":\"https:\/\/pozirk.online\/en\/news\/80337\/\",\"url\":\"https:\/\/pozirk.online\/en\/news\/80337\/\",\"name\":\"Opposition leader invited to G7 foreign ministers meeting on Capri | Pozirk\",\"isPartOf\":{\"@id\":\"https:\/\/pozirk.online\/en\/#website\"},\"primaryImageOfPage\":{\"@id\":\"https:\/\/pozirk.online\/en\/news\/80337\/#primaryimage\"},\"image\":{\"@id\":\"https:\/\/pozirk.online\/en\/news\/80337\/#primaryimage\"},\"thumbnailUrl\":\"https:\/\/pozirk.online\/wp-content\/uploads\/2024\/03\/tikhanouskaia_press-1.jpg\",\"datePublished\":\"2024-04-17T09:36:50+00:00\",\"dateModified\":\"2026-03-10T12:05:06+00:00\",\"description\":\"April 17, Pozirk. Belarusian opposition leader \u015aviat\u0142ana Cichano\u016dskaja will participate in the G7 foreign ministers\u2019 meeting taking place from April 17 to\",\"breadcrumb\":{\"@id\":\"https:\/\/pozirk.online\/en\/news\/80337\/#breadcrumb\"},\"inLanguage\":\"en-US\",\"potentialAction\":[{\"@type\":\"ReadAction\",\"target\":[\"https:\/\/pozirk.online\/en\/news\/80337\/\"]}]},{\"@type\":\"ImageObject\",\"inLanguage\":\"en-US\",\"@id\":\"https:\/\/pozirk.online\/en\/news\/80337\/#primaryimage\",\"url\":\"https:\/\/pozirk.online\/wp-content\/uploads\/2024\/03\/tikhanouskaia_press-1.jpg\",\"contentUrl\":\"https:\/\/pozirk.online\/wp-content\/uploads\/2024\/03\/tikhanouskaia_press-1.jpg\",\"width\":1128,\"height\":752},{\"@type\":\"BreadcrumbList\",\"@id\":\"https:\/\/pozirk.online\/en\/news\/80337\/#breadcrumb\",\"itemListElement\":[{\"@type\":\"ListItem\",\"position\":1,\"name\":\"Home\",\"item\":\"https:\/\/pozirk.online\/en\/\"},{\"@type\":\"ListItem\",\"position\":2,\"name\":\"Opposition leader invited to G7 foreign ministers meeting on Capri\"}]},{\"@type\":\"WebSite\",\"@id\":\"https:\/\/pozirk.online\/en\/#website\",\"url\":\"https:\/\/pozirk.online\/en\/\",\"name\":\"Pozirk\",\"description\":\"\",\"publisher\":{\"@id\":\"https:\/\/pozirk.online\/en\/#organization\"},\"potentialAction\":[{\"@type\":\"SearchAction\",\"target\":{\"@type\":\"EntryPoint\",\"urlTemplate\":\"https:\/\/pozirk.online\/en\/?s={search_term_string}\"},\"query-input\":{\"@type\":\"PropertyValueSpecification\",\"valueRequired\":true,\"valueName\":\"search_term_string\"}}],\"inLanguage\":\"en-US\"},{\"@type\":\"Organization\",\"@id\":\"https:\/\/pozirk.online\/en\/#organization\",\"name\":\"Pozirk\",\"url\":\"https:\/\/pozirk.online\/en\/\",\"logo\":{\"@type\":\"ImageObject\",\"inLanguage\":\"en-US\",\"@id\":\"https:\/\/pozirk.online\/en\/#\/schema\/logo\/image\/\",\"url\":\"https:\/\/pozirk.online\/wp-content\/uploads\/2023\/11\/cropped-Logo_color_512.png\",\"contentUrl\":\"https:\/\/pozirk.online\/wp-content\/uploads\/2023\/11\/cropped-Logo_color_512.png\",\"width\":512,\"height\":512,\"caption\":\"Pozirk\"},\"image\":{\"@id\":\"https:\/\/pozirk.online\/en\/#\/schema\/logo\/image\/\"},\"sameAs\":[\"https:\/\/www.facebook.com\/pozirkonline\/\",\"https:\/\/x.com\/Pozirk_online\"]}]}<\/script>\n<!-- \/ Yoast SEO plugin. -->","yoast_head_json":{"title":"Opposition leader invited to G7 foreign ministers meeting on Capri | Pozirk","description":"April 17, Pozirk. Belarusian opposition leader \u015aviat\u0142ana Cichano\u016dskaja will participate in the G7 foreign ministers\u2019 meeting taking place from April 17 to","robots":{"index":"index","follow":"follow","max-snippet":"max-snippet:-1","max-image-preview":"max-image-preview:large","max-video-preview":"max-video-preview:-1"},"canonical":"https:\/\/pozirk.online\/en\/news\/80337\/","og_locale":"en_US","og_type":"article","og_title":"Opposition leader invited to G7 foreign ministers meeting on Capri | Pozirk","og_description":"April 17, Pozirk. Belarusian opposition leader \u015aviat\u0142ana Cichano\u016dskaja will participate in the G7 foreign ministers\u2019 meeting taking place from April 17 to","og_url":"https:\/\/pozirk.online\/en\/news\/80337\/","og_site_name":"Pozirk","article_publisher":"https:\/\/www.facebook.com\/pozirkonline\/","article_modified_time":"2026-03-10T12:05:06+00:00","og_image":[{"width":1128,"height":752,"url":"https:\/\/pozirk.online\/wp-content\/uploads\/2024\/03\/tikhanouskaia_press-1.jpg","type":"image\/jpeg"}],"twitter_card":"summary_large_image","twitter_site":"@Pozirk_online","twitter_misc":{"Est. reading time":"2 minutes"},"schema":{"@context":"https:\/\/schema.org","@graph":[{"@type":"NewsArticle","@id":"https:\/\/pozirk.online\/en\/news\/80337\/#article","isPartOf":{"@id":"https:\/\/pozirk.online\/en\/news\/80337\/"},"headline":"Opposition leader invited to G7 foreign ministers meeting on Capri","datePublished":"2024-04-17T09:36:50+00:00","dateModified":"2026-03-10T12:05:06+00:00","mainEntityOfPage":{"@id":"https:\/\/pozirk.online\/en\/news\/80337\/"},"wordCount":162,"publisher":{"@id":"https:\/\/pozirk.online\/en\/#organization"},"image":{"@id":"https:\/\/pozirk.online\/en\/news\/80337\/#primaryimage"},"thumbnailUrl":"https:\/\/pozirk.online\/wp-content\/uploads\/2024\/03\/tikhanouskaia_press-1.jpg","inLanguage":"en-US"},{"@type":"WebPage","@id":"https:\/\/pozirk.online\/en\/news\/80337\/","url":"https:\/\/pozirk.online\/en\/news\/80337\/","name":"Opposition leader invited to G7 foreign ministers meeting on Capri | Pozirk","isPartOf":{"@id":"https:\/\/pozirk.online\/en\/#website"},"primaryImageOfPage":{"@id":"https:\/\/pozirk.online\/en\/news\/80337\/#primaryimage"},"image":{"@id":"https:\/\/pozirk.online\/en\/news\/80337\/#primaryimage"},"thumbnailUrl":"https:\/\/pozirk.online\/wp-content\/uploads\/2024\/03\/tikhanouskaia_press-1.jpg","datePublished":"2024-04-17T09:36:50+00:00","dateModified":"2026-03-10T12:05:06+00:00","description":"April 17, Pozirk. Belarusian opposition leader \u015aviat\u0142ana Cichano\u016dskaja will participate in the G7 foreign ministers\u2019 meeting taking place from April 17 to","breadcrumb":{"@id":"https:\/\/pozirk.online\/en\/news\/80337\/#breadcrumb"},"inLanguage":"en-US","potentialAction":[{"@type":"ReadAction","target":["https:\/\/pozirk.online\/en\/news\/80337\/"]}]},{"@type":"ImageObject","inLanguage":"en-US","@id":"https:\/\/pozirk.online\/en\/news\/80337\/#primaryimage","url":"https:\/\/pozirk.online\/wp-content\/uploads\/2024\/03\/tikhanouskaia_press-1.jpg","contentUrl":"https:\/\/pozirk.online\/wp-content\/uploads\/2024\/03\/tikhanouskaia_press-1.jpg","width":1128,"height":752},{"@type":"BreadcrumbList","@id":"https:\/\/pozirk.online\/en\/news\/80337\/#breadcrumb","itemListElement":[{"@type":"ListItem","position":1,"name":"Home","item":"https:\/\/pozirk.online\/en\/"},{"@type":"ListItem","position":2,"name":"Opposition leader invited to G7 foreign ministers meeting on Capri"}]},{"@type":"WebSite","@id":"https:\/\/pozirk.online\/en\/#website","url":"https:\/\/pozirk.online\/en\/","name":"Pozirk","description":"","publisher":{"@id":"https:\/\/pozirk.online\/en\/#organization"},"potentialAction":[{"@type":"SearchAction","target":{"@type":"EntryPoint","urlTemplate":"https:\/\/pozirk.online\/en\/?s={search_term_string}"},"query-input":{"@type":"PropertyValueSpecification","valueRequired":true,"valueName":"search_term_string"}}],"inLanguage":"en-US"},{"@type":"Organization","@id":"https:\/\/pozirk.online\/en\/#organization","name":"Pozirk","url":"https:\/\/pozirk.online\/en\/","logo":{"@type":"ImageObject","inLanguage":"en-US","@id":"https:\/\/pozirk.online\/en\/#\/schema\/logo\/image\/","url":"https:\/\/pozirk.online\/wp-content\/uploads\/2023\/11\/cropped-Logo_color_512.png","contentUrl":"https:\/\/pozirk.online\/wp-content\/uploads\/2023\/11\/cropped-Logo_color_512.png","width":512,"height":512,"caption":"Pozirk"},"image":{"@id":"https:\/\/pozirk.online\/en\/#\/schema\/logo\/image\/"},"sameAs":["https:\/\/www.facebook.com\/pozirkonline\/","https:\/\/x.com\/Pozirk_online"]}]}},"_links":{"self":[{"href":"https:\/\/pozirk.online\/en\/wp-json\/wp\/v2\/articles\/80337","targetHints":{"allow":["GET"]}}],"collection":[{"href":"https:\/\/pozirk.online\/en\/wp-json\/wp\/v2\/articles"}],"about":[{"href":"https:\/\/pozirk.online\/en\/wp-json\/wp\/v2\/types\/articles"}],"author":[{"embeddable":true,"href":"https:\/\/pozirk.online\/en\/wp-json\/wp\/v2\/users\/84"}],"wp:featuredmedia":[{"embeddable":true,"href":"https:\/\/pozirk.online\/en\/wp-json\/wp\/v2\/media\/73171"}],"wp:attachment":[{"href":"https:\/\/pozirk.online\/en\/wp-json\/wp\/v2\/media?parent=80337"}],"wp:term":[{"taxonomy":"rubric","embeddable":true,"href":"https:\/\/pozirk.online\/en\/wp-json\/wp\/v2\/rubric?post=80337"}],"curies":[{"name":"wp","href":"https:\/\/api.w.org\/{rel}","templated":true}]}}