{"id":81520,"date":"2024-04-23T11:21:50","date_gmt":"2024-04-23T08:21:50","guid":{"rendered":"https:\/\/pozirk.online\/en\/news\/81520\/"},"modified":"2026-03-10T12:05:06","modified_gmt":"2026-03-10T12:05:06","slug":"update-on-arrests-trials-politically-motivated-persecution-169","status":"publish","type":"articles","link":"https:\/\/pozirk.online\/en\/news\/81520\/","title":{"rendered":"Update on arrests, trials, politically-motivated persecution"},"content":{"rendered":"\n<p><strong>April 23, <em>Pozirk<\/em>.<\/strong> New instances of politically-motivated persecution were documented in Belarus on April 22 with 16 new names added to the political prisoners\u2019 list. They were accused, taken into custody or sentenced for offenses against public order in connection with 2020 peaceful protests against election fraud, the Viasna Human Rights Center reported.<\/p>\n\n\n\n<p>Arrests<\/p>\n\n\n\n<p>Police arrested Maksim Burako\u016dski from Ma\u0142adzie\u010dna, Minsk region, for alleged intentions to fight Russia in Ukraine, <em>Na\u0161a Niva<\/em> reported.<\/p>\n\n\n\n<p>Trials<\/p>\n\n\n\n<p>On April 17, Iryna Zykava, an employee of a municipal housing management department in Raha\u010do\u016d, Homiel region, was tried for sharing opposition content, Viasna said. Authorities have already reportedly fired the woman.<\/p>\n\n\n\n<p>Vital Lazaro\u016dski, a soccer fan from Mahilo\u016d, may be serving a 15-day jail term, Viasna reported. In the police video, he linked his arrest to participating in 2020 protests and sharing opposition content.<\/p>\n\n\n\n<p>Criminal proceedings<\/p>\n\n\n\n<p>U\u0142adzimir Ba\u0142abanovi\u010d, a businessman and former head of the security department at Bie\u0142ahra group, will go on trial on May 2 for allegedly calling for sanctions, <em>Na\u0161a Niva <\/em>reported. In late January, authorities claimed he was subscribed to a homeowners chat deemed extremist in Belarus.<\/p>\n\n\n\n<p>A Minsk judge sentenced \u015aviat\u0142ana Kudryckaja to two and a half years of restricted freedom in home confinement on March 28 on protest-related charges, Viasna reported. Prosecutors said the woman blocked traffic during 2020 protests, estimating the damage at about 5,840 rubels (about $1,796).<\/p>\n\n\n\n<p>The Mahilo\u016d Regional Court heard an appeal by Siarhiej \u0160ech, sentenced to two and a half years in prison on March 26 for allegedly insulting and defaming Alaksandar \u0141uka\u0161enka, MAYDAY TEAM reported. The judge upheld the verdict but dropped the insulting charge.<\/p>\n\n\n\n<p>Arciom Antona\u016d, son of writer Siarhiej Antona\u016d, was given 18 months in prison for insulting \u0141uka\u0161enka, according to MAYDAY TEAM.<\/p>\n\n\n\n<p>On April 19, a judge in Minsk sentenced Anastasija Macia\u0161 to two years in prison for collaboration with Warsaw-based <em>Belsat<\/em> TV that Belarusian authorities labeled an extremist group, Viasna reported.<\/p>\n\n\n\n<p>Darja Chmialnickaja went on trial in Minsk on April 22 on charges of participating in protests and an armed conflict abroad, Viasna reported. She has been in custody since October 2023.<\/p>\n\n\n\n<p>Other instances of persecution<\/p>\n\n\n\n<p>One month ago, a judge in \u0160k\u0142o\u016d, Mahilo\u016d region, ruled to transfer Anatol \u0141atu\u0161ka, a cousin of prominent exiled politician Pavie\u0142 \u0141atu\u0161ka, from a penal colony to a closed prison for six months. Anatol \u0141atu\u0161ka is serving a six-year term in a politically-motivated case.<\/p>\n\n\n\n<p>The United Nations Human Rights Committee registered a complaint by Belarusian D\u017amitryj Papo\u016d, sentenced to 16 years in prison, Viasna reported.<\/p>\n\n\n\n<p>In late March, the administration of Penal Colony No 17 in \u0160k\u0142o\u016d stopped accepting money transfers for inmates, MAYDAY TEAM said.<\/p>\n\n\n\n<p>As of April 23, human rights defenders identified at least 1,405 political prisoners but the real number is considerably higher because many cases go undocumented. Opposition sources estimate the number of political prisoners at around 5,000.<\/p>\n\n\n\n<div class=\"insert-block\">\n\n    <div class=\"insert-block__img\">\n        <img decoding=\"async\" width=\"300\" height=\"200\" src=\"https:\/\/pozirk.online\/wp-content\/uploads\/2023\/12\/zakliuchenie_unsplash_marco_chilese_1128x752-300x200.jpg\" class=\"attachment-medium size-medium\" alt=\"\" srcset=\"https:\/\/pozirk.online\/wp-content\/uploads\/2023\/12\/zakliuchenie_unsplash_marco_chilese_1128x752-300x200.jpg 300w, https:\/\/pozirk.online\/wp-content\/uploads\/2023\/12\/zakliuchenie_unsplash_marco_chilese_1128x752-1024x683.jpg 1024w, https:\/\/pozirk.online\/wp-content\/uploads\/2023\/12\/zakliuchenie_unsplash_marco_chilese_1128x752-768x512.jpg 768w, https:\/\/pozirk.online\/wp-content\/uploads\/2023\/12\/zakliuchenie_unsplash_marco_chilese_1128x752.jpg 1128w\" sizes=\"(max-width: 300px) 100vw, 300px\" \/>                        <label class=\"insert-block__tag--mobile\"> \u041f\u043e\u043b\u0438\u0442\u0438\u043a\u0430<\/label>\n\n                            <label class=\"insert-block__tag--mobile\"> \u041e\u0431\u0449\u0435\u0441\u0442\u0432\u043e<\/label>\n\n                <\/div>\n    <div class=\"insert-block__text\">\n                    <label class=\"insert-block__tag\">\u041f\u043e\u043b\u0438\u0442\u0438\u043a\u0430, \u041e\u0431\u0449\u0435\u0441\u0442\u0432\u043e<\/label>\n                <h3 class=\"insert-block__title\">Human rights activists label 16 as political prisoners<\/h3>\n        <div class=\"insert-block__descr\">April 22, Pozirk. The Belarusian human rights community has declared 16 more people to be political prisoners. They were accused, taken into custody or sentenced for offenses against public order in connection with 2020 peaceful protests against election fraud. According &#8230;<\/div>\n        <a class=\"insert-block__btn-block\" href=\"\/en\/news\/81356\">\n            <button class=\"btn\">\n                <div class='btn__text'>Read the article<\/div>\n            <\/button>\n        <\/a>\n    <\/div>\n<\/div>","protected":false},"excerpt":{"rendered":"<p>April 23, Pozirk. New instances of politically-motivated persecution were documented in Belarus on April 22 with 16 new names added to the political prisoners\u2019 list. They were accused, taken into custody or sentenced for offenses against public order in connection with 2020 peaceful protests against election fraud, the Viasna Human Rights Center reported. Arrests Police [&hellip;]<\/p>\n","protected":false},"author":84,"featured_media":63993,"template":"","rubric":[14],"class_list":["post-81520","articles","type-articles","status-publish","has-post-thumbnail","hentry","rubric-politics"],"acf":[],"yoast_head":"<!-- This site is optimized with the Yoast SEO plugin v25.5 - https:\/\/yoast.com\/wordpress\/plugins\/seo\/ -->\n<title>Update on arrests, trials, politically-motivated persecution | Pozirk<\/title>\n<meta name=\"description\" content=\"April 23, Pozirk. New instances of politically-motivated persecution were documented in Belarus on April 22 with 16 new names added to the political\" \/>\n<meta name=\"robots\" content=\"index, follow, max-snippet:-1, max-image-preview:large, max-video-preview:-1\" \/>\n<link rel=\"canonical\" href=\"https:\/\/pozirk.online\/en\/news\/81520\/\" \/>\n<meta property=\"og:locale\" content=\"en_US\" \/>\n<meta property=\"og:type\" content=\"article\" \/>\n<meta property=\"og:title\" content=\"Update on arrests, trials, politically-motivated persecution | Pozirk\" \/>\n<meta property=\"og:description\" content=\"April 23, Pozirk. New instances of politically-motivated persecution were documented in Belarus on April 22 with 16 new names added to the political\" \/>\n<meta property=\"og:url\" content=\"https:\/\/pozirk.online\/en\/news\/81520\/\" \/>\n<meta property=\"og:site_name\" content=\"Pozirk\" \/>\n<meta property=\"article:publisher\" content=\"https:\/\/www.facebook.com\/pozirkonline\/\" \/>\n<meta property=\"article:modified_time\" content=\"2026-03-10T12:05:06+00:00\" \/>\n<meta property=\"og:image\" content=\"https:\/\/pozirk.online\/wp-content\/uploads\/2024\/01\/pozirk_color_blank_1128x752.jpg\" \/>\n\t<meta property=\"og:image:width\" content=\"1128\" \/>\n\t<meta property=\"og:image:height\" content=\"752\" \/>\n\t<meta property=\"og:image:type\" content=\"image\/jpeg\" \/>\n<meta name=\"twitter:card\" content=\"summary_large_image\" \/>\n<meta name=\"twitter:site\" content=\"@Pozirk_online\" \/>\n<meta name=\"twitter:label1\" content=\"Est. reading time\" \/>\n\t<meta name=\"twitter:data1\" content=\"3 minutes\" \/>\n<script type=\"application\/ld+json\" class=\"yoast-schema-graph\">{\"@context\":\"https:\/\/schema.org\",\"@graph\":[{\"@type\":\"NewsArticle\",\"@id\":\"https:\/\/pozirk.online\/en\/news\/81520\/#article\",\"isPartOf\":{\"@id\":\"https:\/\/pozirk.online\/en\/news\/81520\/\"},\"headline\":\"Update on arrests, trials, politically-motivated persecution\",\"datePublished\":\"2024-04-23T08:21:50+00:00\",\"dateModified\":\"2026-03-10T12:05:06+00:00\",\"mainEntityOfPage\":{\"@id\":\"https:\/\/pozirk.online\/en\/news\/81520\/\"},\"wordCount\":483,\"publisher\":{\"@id\":\"https:\/\/pozirk.online\/en\/#organization\"},\"image\":{\"@id\":\"https:\/\/pozirk.online\/en\/news\/81520\/#primaryimage\"},\"thumbnailUrl\":\"https:\/\/pozirk.online\/wp-content\/uploads\/2024\/01\/pozirk_color_blank_1128x752.jpg\",\"inLanguage\":\"en-US\"},{\"@type\":\"WebPage\",\"@id\":\"https:\/\/pozirk.online\/en\/news\/81520\/\",\"url\":\"https:\/\/pozirk.online\/en\/news\/81520\/\",\"name\":\"Update on arrests, trials, politically-motivated persecution | Pozirk\",\"isPartOf\":{\"@id\":\"https:\/\/pozirk.online\/en\/#website\"},\"primaryImageOfPage\":{\"@id\":\"https:\/\/pozirk.online\/en\/news\/81520\/#primaryimage\"},\"image\":{\"@id\":\"https:\/\/pozirk.online\/en\/news\/81520\/#primaryimage\"},\"thumbnailUrl\":\"https:\/\/pozirk.online\/wp-content\/uploads\/2024\/01\/pozirk_color_blank_1128x752.jpg\",\"datePublished\":\"2024-04-23T08:21:50+00:00\",\"dateModified\":\"2026-03-10T12:05:06+00:00\",\"description\":\"April 23, Pozirk. New instances of politically-motivated persecution were documented in Belarus on April 22 with 16 new names added to the political\",\"breadcrumb\":{\"@id\":\"https:\/\/pozirk.online\/en\/news\/81520\/#breadcrumb\"},\"inLanguage\":\"en-US\",\"potentialAction\":[{\"@type\":\"ReadAction\",\"target\":[\"https:\/\/pozirk.online\/en\/news\/81520\/\"]}]},{\"@type\":\"ImageObject\",\"inLanguage\":\"en-US\",\"@id\":\"https:\/\/pozirk.online\/en\/news\/81520\/#primaryimage\",\"url\":\"https:\/\/pozirk.online\/wp-content\/uploads\/2024\/01\/pozirk_color_blank_1128x752.jpg\",\"contentUrl\":\"https:\/\/pozirk.online\/wp-content\/uploads\/2024\/01\/pozirk_color_blank_1128x752.jpg\",\"width\":1128,\"height\":752},{\"@type\":\"BreadcrumbList\",\"@id\":\"https:\/\/pozirk.online\/en\/news\/81520\/#breadcrumb\",\"itemListElement\":[{\"@type\":\"ListItem\",\"position\":1,\"name\":\"Home\",\"item\":\"https:\/\/pozirk.online\/en\/\"},{\"@type\":\"ListItem\",\"position\":2,\"name\":\"Update on arrests, trials, politically-motivated persecution\"}]},{\"@type\":\"WebSite\",\"@id\":\"https:\/\/pozirk.online\/en\/#website\",\"url\":\"https:\/\/pozirk.online\/en\/\",\"name\":\"Pozirk\",\"description\":\"\",\"publisher\":{\"@id\":\"https:\/\/pozirk.online\/en\/#organization\"},\"potentialAction\":[{\"@type\":\"SearchAction\",\"target\":{\"@type\":\"EntryPoint\",\"urlTemplate\":\"https:\/\/pozirk.online\/en\/?s={search_term_string}\"},\"query-input\":{\"@type\":\"PropertyValueSpecification\",\"valueRequired\":true,\"valueName\":\"search_term_string\"}}],\"inLanguage\":\"en-US\"},{\"@type\":\"Organization\",\"@id\":\"https:\/\/pozirk.online\/en\/#organization\",\"name\":\"Pozirk\",\"url\":\"https:\/\/pozirk.online\/en\/\",\"logo\":{\"@type\":\"ImageObject\",\"inLanguage\":\"en-US\",\"@id\":\"https:\/\/pozirk.online\/en\/#\/schema\/logo\/image\/\",\"url\":\"https:\/\/pozirk.online\/wp-content\/uploads\/2023\/11\/cropped-Logo_color_512.png\",\"contentUrl\":\"https:\/\/pozirk.online\/wp-content\/uploads\/2023\/11\/cropped-Logo_color_512.png\",\"width\":512,\"height\":512,\"caption\":\"Pozirk\"},\"image\":{\"@id\":\"https:\/\/pozirk.online\/en\/#\/schema\/logo\/image\/\"},\"sameAs\":[\"https:\/\/www.facebook.com\/pozirkonline\/\",\"https:\/\/x.com\/Pozirk_online\"]}]}<\/script>\n<!-- \/ Yoast SEO plugin. -->","yoast_head_json":{"title":"Update on arrests, trials, politically-motivated persecution | Pozirk","description":"April 23, Pozirk. New instances of politically-motivated persecution were documented in Belarus on April 22 with 16 new names added to the political","robots":{"index":"index","follow":"follow","max-snippet":"max-snippet:-1","max-image-preview":"max-image-preview:large","max-video-preview":"max-video-preview:-1"},"canonical":"https:\/\/pozirk.online\/en\/news\/81520\/","og_locale":"en_US","og_type":"article","og_title":"Update on arrests, trials, politically-motivated persecution | Pozirk","og_description":"April 23, Pozirk. New instances of politically-motivated persecution were documented in Belarus on April 22 with 16 new names added to the political","og_url":"https:\/\/pozirk.online\/en\/news\/81520\/","og_site_name":"Pozirk","article_publisher":"https:\/\/www.facebook.com\/pozirkonline\/","article_modified_time":"2026-03-10T12:05:06+00:00","og_image":[{"width":1128,"height":752,"url":"https:\/\/pozirk.online\/wp-content\/uploads\/2024\/01\/pozirk_color_blank_1128x752.jpg","type":"image\/jpeg"}],"twitter_card":"summary_large_image","twitter_site":"@Pozirk_online","twitter_misc":{"Est. reading time":"3 minutes"},"schema":{"@context":"https:\/\/schema.org","@graph":[{"@type":"NewsArticle","@id":"https:\/\/pozirk.online\/en\/news\/81520\/#article","isPartOf":{"@id":"https:\/\/pozirk.online\/en\/news\/81520\/"},"headline":"Update on arrests, trials, politically-motivated persecution","datePublished":"2024-04-23T08:21:50+00:00","dateModified":"2026-03-10T12:05:06+00:00","mainEntityOfPage":{"@id":"https:\/\/pozirk.online\/en\/news\/81520\/"},"wordCount":483,"publisher":{"@id":"https:\/\/pozirk.online\/en\/#organization"},"image":{"@id":"https:\/\/pozirk.online\/en\/news\/81520\/#primaryimage"},"thumbnailUrl":"https:\/\/pozirk.online\/wp-content\/uploads\/2024\/01\/pozirk_color_blank_1128x752.jpg","inLanguage":"en-US"},{"@type":"WebPage","@id":"https:\/\/pozirk.online\/en\/news\/81520\/","url":"https:\/\/pozirk.online\/en\/news\/81520\/","name":"Update on arrests, trials, politically-motivated persecution | Pozirk","isPartOf":{"@id":"https:\/\/pozirk.online\/en\/#website"},"primaryImageOfPage":{"@id":"https:\/\/pozirk.online\/en\/news\/81520\/#primaryimage"},"image":{"@id":"https:\/\/pozirk.online\/en\/news\/81520\/#primaryimage"},"thumbnailUrl":"https:\/\/pozirk.online\/wp-content\/uploads\/2024\/01\/pozirk_color_blank_1128x752.jpg","datePublished":"2024-04-23T08:21:50+00:00","dateModified":"2026-03-10T12:05:06+00:00","description":"April 23, Pozirk. New instances of politically-motivated persecution were documented in Belarus on April 22 with 16 new names added to the political","breadcrumb":{"@id":"https:\/\/pozirk.online\/en\/news\/81520\/#breadcrumb"},"inLanguage":"en-US","potentialAction":[{"@type":"ReadAction","target":["https:\/\/pozirk.online\/en\/news\/81520\/"]}]},{"@type":"ImageObject","inLanguage":"en-US","@id":"https:\/\/pozirk.online\/en\/news\/81520\/#primaryimage","url":"https:\/\/pozirk.online\/wp-content\/uploads\/2024\/01\/pozirk_color_blank_1128x752.jpg","contentUrl":"https:\/\/pozirk.online\/wp-content\/uploads\/2024\/01\/pozirk_color_blank_1128x752.jpg","width":1128,"height":752},{"@type":"BreadcrumbList","@id":"https:\/\/pozirk.online\/en\/news\/81520\/#breadcrumb","itemListElement":[{"@type":"ListItem","position":1,"name":"Home","item":"https:\/\/pozirk.online\/en\/"},{"@type":"ListItem","position":2,"name":"Update on arrests, trials, politically-motivated persecution"}]},{"@type":"WebSite","@id":"https:\/\/pozirk.online\/en\/#website","url":"https:\/\/pozirk.online\/en\/","name":"Pozirk","description":"","publisher":{"@id":"https:\/\/pozirk.online\/en\/#organization"},"potentialAction":[{"@type":"SearchAction","target":{"@type":"EntryPoint","urlTemplate":"https:\/\/pozirk.online\/en\/?s={search_term_string}"},"query-input":{"@type":"PropertyValueSpecification","valueRequired":true,"valueName":"search_term_string"}}],"inLanguage":"en-US"},{"@type":"Organization","@id":"https:\/\/pozirk.online\/en\/#organization","name":"Pozirk","url":"https:\/\/pozirk.online\/en\/","logo":{"@type":"ImageObject","inLanguage":"en-US","@id":"https:\/\/pozirk.online\/en\/#\/schema\/logo\/image\/","url":"https:\/\/pozirk.online\/wp-content\/uploads\/2023\/11\/cropped-Logo_color_512.png","contentUrl":"https:\/\/pozirk.online\/wp-content\/uploads\/2023\/11\/cropped-Logo_color_512.png","width":512,"height":512,"caption":"Pozirk"},"image":{"@id":"https:\/\/pozirk.online\/en\/#\/schema\/logo\/image\/"},"sameAs":["https:\/\/www.facebook.com\/pozirkonline\/","https:\/\/x.com\/Pozirk_online"]}]}},"_links":{"self":[{"href":"https:\/\/pozirk.online\/en\/wp-json\/wp\/v2\/articles\/81520","targetHints":{"allow":["GET"]}}],"collection":[{"href":"https:\/\/pozirk.online\/en\/wp-json\/wp\/v2\/articles"}],"about":[{"href":"https:\/\/pozirk.online\/en\/wp-json\/wp\/v2\/types\/articles"}],"author":[{"embeddable":true,"href":"https:\/\/pozirk.online\/en\/wp-json\/wp\/v2\/users\/84"}],"wp:featuredmedia":[{"embeddable":true,"href":"https:\/\/pozirk.online\/en\/wp-json\/wp\/v2\/media\/63993"}],"wp:attachment":[{"href":"https:\/\/pozirk.online\/en\/wp-json\/wp\/v2\/media?parent=81520"}],"wp:term":[{"taxonomy":"rubric","embeddable":true,"href":"https:\/\/pozirk.online\/en\/wp-json\/wp\/v2\/rubric?post=81520"}],"curies":[{"name":"wp","href":"https:\/\/api.w.org\/{rel}","templated":true}]}}