{"id":82670,"date":"2024-04-29T13:31:03","date_gmt":"2024-04-29T10:31:03","guid":{"rendered":"https:\/\/pozirk.online\/en\/news\/82670\/"},"modified":"2026-03-10T12:05:06","modified_gmt":"2026-03-10T12:05:06","slug":"detention-center-no-1-moved-outside-minsk","status":"publish","type":"articles","link":"https:\/\/pozirk.online\/en\/news\/82670\/","title":{"rendered":"Detention Center No 1 moved outside Minsk"},"content":{"rendered":"\n<figure class=\"block-image block-image-normal\">\n\n  <img decoding=\"async\" width=\"1128\" height=\"753\" src=\"https:\/\/pozirk.online\/wp-content\/uploads\/2024\/03\/Volodarka_ARCHV_POZ_1128-7965.jpg\" class=\"attachment-full size-full\" alt=\"\" srcset=\"https:\/\/pozirk.online\/wp-content\/uploads\/2024\/03\/Volodarka_ARCHV_POZ_1128-7965.jpg 1128w, https:\/\/pozirk.online\/wp-content\/uploads\/2024\/03\/Volodarka_ARCHV_POZ_1128-7965-354x236.jpg 354w, https:\/\/pozirk.online\/wp-content\/uploads\/2024\/03\/Volodarka_ARCHV_POZ_1128-7965-734x490.jpg 734w, https:\/\/pozirk.online\/wp-content\/uploads\/2024\/03\/Volodarka_ARCHV_POZ_1128-7965-178x118.jpg 178w, https:\/\/pozirk.online\/wp-content\/uploads\/2024\/03\/Volodarka_ARCHV_POZ_1128-7965-768x513.jpg 768w\" sizes=\"(max-width: 1128px) 100vw, 1128px\" \/>\n  <figcaption>\n      <div class=\"block-image__descr\">\n\n        Pi\u0161\u010da\u0142a\u016dski Castle that housed detention center&#039;s facilities \n    <\/div>\n  \n       <div class=\"block-image__author\">\n                <span>(Pozirk)<\/span>\n    <\/div>\n     <\/figcaption>\n<\/figure>\n\n\n\n<p><strong>April 29, <em>Pozirk<\/em>.<\/strong> Pre-trial Detention Center No 1 has been moved from downtown Minsk to a new facility outside the city near the village of Pa\u0161kovi\u010dy, the Viasna Human Rights Center reports, citing an announcement posted at the entrance to the old building.<\/p>\n\n\n\n<p>The transfer was postponed by a few months, inmates\u2019 family members said. The center administration reportedly stopped receiving parcels for prisoners several weeks ago, citing relocation.<\/p>\n\n\n\n<p>Last week, some inmates were transferred to detention facilities in Mahilo\u016d and \u017dodzina, Minsk region, the Dissidentby rights group said.<\/p>\n\n\n\n<p>Alaksandar \u0141uka\u0161enka had ordered the construction of the new pre-trial detention facility and infrastructure near Minsk back in 2010.<\/p>\n\n\n\n<div class=\"insert-block\">\n\n    <div class=\"insert-block__img\">\n        <img decoding=\"async\" width=\"354\" height=\"236\" src=\"https:\/\/pozirk.online\/wp-content\/uploads\/2024\/04\/Volodarka_ARCHV_POZ_1128-1562-354x236.jpg\" class=\"attachment-medium size-medium\" alt=\"\" srcset=\"https:\/\/pozirk.online\/wp-content\/uploads\/2024\/04\/Volodarka_ARCHV_POZ_1128-1562-354x236.jpg 354w, https:\/\/pozirk.online\/wp-content\/uploads\/2024\/04\/Volodarka_ARCHV_POZ_1128-1562-734x487.jpg 734w, https:\/\/pozirk.online\/wp-content\/uploads\/2024\/04\/Volodarka_ARCHV_POZ_1128-1562-178x118.jpg 178w, https:\/\/pozirk.online\/wp-content\/uploads\/2024\/04\/Volodarka_ARCHV_POZ_1128-1562-768x510.jpg 768w, https:\/\/pozirk.online\/wp-content\/uploads\/2024\/04\/Volodarka_ARCHV_POZ_1128-1562.jpg 1128w\" sizes=\"(max-width: 354px) 100vw, 354px\" \/>                        <label class=\"insert-block__tag--mobile\"> \u041f\u043e\u043b\u0438\u0442\u0438\u043a\u0430<\/label>\n\n                <\/div>\n    <div class=\"insert-block__text\">\n                    <label class=\"insert-block__tag\">\u041f\u043e\u043b\u0438\u0442\u0438\u043a\u0430<\/label>\n                <h3 class=\"insert-block__title\">Authorities to move detention center from central Minsk \u2013 reports<\/h3>\n        <div class=\"insert-block__descr\">April 25, Pozirk. Pre-trial Detention Center No 1 in downtown Minsk has stopped receiving parcels for inmates, including about 42 political prisoners, citing &quot;dissolution and relocation,&quot; the Dissidentby rights group said. The inmates will be reportedly transferred to the newly &#8230;<\/div>\n        <a class=\"insert-block__btn-block\" href=\"\/en\/news\/81999\">\n            <button class=\"btn\">\n                <div class='btn__text'>Read the article<\/div>\n            <\/button>\n        <\/a>\n    <\/div>\n<\/div>","protected":false},"excerpt":{"rendered":"<p>April 29, Pozirk. Pre-trial Detention Center No 1 has been moved from downtown Minsk to a new facility outside the city near the village of Pa\u0161kovi\u010dy, the Viasna Human Rights Center reports, citing an announcement posted at the entrance to the old building. The transfer was postponed by a few months, inmates\u2019 family members said. [&hellip;]<\/p>\n","protected":false},"author":84,"featured_media":72894,"template":"","rubric":[16],"class_list":["post-82670","articles","type-articles","status-publish","has-post-thumbnail","hentry","rubric-politics"],"acf":[],"yoast_head":"<!-- This site is optimized with the Yoast SEO plugin v25.5 - https:\/\/yoast.com\/wordpress\/plugins\/seo\/ -->\n<title>Detention Center No 1 moved outside Minsk | Pozirk<\/title>\n<meta name=\"description\" content=\"April 29, Pozirk. Pre-trial Detention Center No 1 has been moved from downtown Minsk to a new facility outside the city near the village of Pa\u0161kovi\u010dy, the\" \/>\n<meta name=\"robots\" content=\"index, follow, max-snippet:-1, max-image-preview:large, max-video-preview:-1\" \/>\n<link rel=\"canonical\" href=\"https:\/\/pozirk.online\/en\/news\/82670\/\" \/>\n<meta property=\"og:locale\" content=\"en_US\" \/>\n<meta property=\"og:type\" content=\"article\" \/>\n<meta property=\"og:title\" content=\"Detention Center No 1 moved outside Minsk | Pozirk\" \/>\n<meta property=\"og:description\" content=\"April 29, Pozirk. Pre-trial Detention Center No 1 has been moved from downtown Minsk to a new facility outside the city near the village of Pa\u0161kovi\u010dy, the\" \/>\n<meta property=\"og:url\" content=\"https:\/\/pozirk.online\/en\/news\/82670\/\" \/>\n<meta property=\"og:site_name\" content=\"Pozirk\" \/>\n<meta property=\"article:publisher\" content=\"https:\/\/www.facebook.com\/pozirkonline\/\" \/>\n<meta property=\"article:modified_time\" content=\"2026-03-10T12:05:06+00:00\" \/>\n<meta property=\"og:image\" content=\"https:\/\/pozirk.online\/wp-content\/uploads\/2024\/03\/Volodarka_ARCHV_POZ_1128-7965.jpg\" \/>\n\t<meta property=\"og:image:width\" content=\"1128\" \/>\n\t<meta property=\"og:image:height\" content=\"753\" \/>\n\t<meta property=\"og:image:type\" content=\"image\/jpeg\" \/>\n<meta name=\"twitter:card\" content=\"summary_large_image\" \/>\n<meta name=\"twitter:site\" content=\"@Pozirk_online\" \/>\n<meta name=\"twitter:label1\" content=\"Est. reading time\" \/>\n\t<meta name=\"twitter:data1\" content=\"1 minute\" \/>\n<script type=\"application\/ld+json\" class=\"yoast-schema-graph\">{\"@context\":\"https:\/\/schema.org\",\"@graph\":[{\"@type\":\"NewsArticle\",\"@id\":\"https:\/\/pozirk.online\/en\/news\/82670\/#article\",\"isPartOf\":{\"@id\":\"https:\/\/pozirk.online\/en\/news\/82670\/\"},\"headline\":\"Detention Center No 1 moved outside Minsk\",\"datePublished\":\"2024-04-29T10:31:03+00:00\",\"dateModified\":\"2026-03-10T12:05:06+00:00\",\"mainEntityOfPage\":{\"@id\":\"https:\/\/pozirk.online\/en\/news\/82670\/\"},\"wordCount\":114,\"publisher\":{\"@id\":\"https:\/\/pozirk.online\/en\/#organization\"},\"image\":{\"@id\":\"https:\/\/pozirk.online\/en\/news\/82670\/#primaryimage\"},\"thumbnailUrl\":\"https:\/\/pozirk.online\/wp-content\/uploads\/2024\/03\/Volodarka_ARCHV_POZ_1128-7965.jpg\",\"inLanguage\":\"en-US\"},{\"@type\":\"WebPage\",\"@id\":\"https:\/\/pozirk.online\/en\/news\/82670\/\",\"url\":\"https:\/\/pozirk.online\/en\/news\/82670\/\",\"name\":\"Detention Center No 1 moved outside Minsk | Pozirk\",\"isPartOf\":{\"@id\":\"https:\/\/pozirk.online\/en\/#website\"},\"primaryImageOfPage\":{\"@id\":\"https:\/\/pozirk.online\/en\/news\/82670\/#primaryimage\"},\"image\":{\"@id\":\"https:\/\/pozirk.online\/en\/news\/82670\/#primaryimage\"},\"thumbnailUrl\":\"https:\/\/pozirk.online\/wp-content\/uploads\/2024\/03\/Volodarka_ARCHV_POZ_1128-7965.jpg\",\"datePublished\":\"2024-04-29T10:31:03+00:00\",\"dateModified\":\"2026-03-10T12:05:06+00:00\",\"description\":\"April 29, Pozirk. Pre-trial Detention Center No 1 has been moved from downtown Minsk to a new facility outside the city near the village of Pa\u0161kovi\u010dy, the\",\"breadcrumb\":{\"@id\":\"https:\/\/pozirk.online\/en\/news\/82670\/#breadcrumb\"},\"inLanguage\":\"en-US\",\"potentialAction\":[{\"@type\":\"ReadAction\",\"target\":[\"https:\/\/pozirk.online\/en\/news\/82670\/\"]}]},{\"@type\":\"ImageObject\",\"inLanguage\":\"en-US\",\"@id\":\"https:\/\/pozirk.online\/en\/news\/82670\/#primaryimage\",\"url\":\"https:\/\/pozirk.online\/wp-content\/uploads\/2024\/03\/Volodarka_ARCHV_POZ_1128-7965.jpg\",\"contentUrl\":\"https:\/\/pozirk.online\/wp-content\/uploads\/2024\/03\/Volodarka_ARCHV_POZ_1128-7965.jpg\",\"width\":1128,\"height\":753},{\"@type\":\"BreadcrumbList\",\"@id\":\"https:\/\/pozirk.online\/en\/news\/82670\/#breadcrumb\",\"itemListElement\":[{\"@type\":\"ListItem\",\"position\":1,\"name\":\"Home\",\"item\":\"https:\/\/pozirk.online\/en\/\"},{\"@type\":\"ListItem\",\"position\":2,\"name\":\"Detention Center No 1 moved outside Minsk\"}]},{\"@type\":\"WebSite\",\"@id\":\"https:\/\/pozirk.online\/en\/#website\",\"url\":\"https:\/\/pozirk.online\/en\/\",\"name\":\"Pozirk\",\"description\":\"\",\"publisher\":{\"@id\":\"https:\/\/pozirk.online\/en\/#organization\"},\"potentialAction\":[{\"@type\":\"SearchAction\",\"target\":{\"@type\":\"EntryPoint\",\"urlTemplate\":\"https:\/\/pozirk.online\/en\/?s={search_term_string}\"},\"query-input\":{\"@type\":\"PropertyValueSpecification\",\"valueRequired\":true,\"valueName\":\"search_term_string\"}}],\"inLanguage\":\"en-US\"},{\"@type\":\"Organization\",\"@id\":\"https:\/\/pozirk.online\/en\/#organization\",\"name\":\"Pozirk\",\"url\":\"https:\/\/pozirk.online\/en\/\",\"logo\":{\"@type\":\"ImageObject\",\"inLanguage\":\"en-US\",\"@id\":\"https:\/\/pozirk.online\/en\/#\/schema\/logo\/image\/\",\"url\":\"https:\/\/pozirk.online\/wp-content\/uploads\/2023\/11\/cropped-Logo_color_512.png\",\"contentUrl\":\"https:\/\/pozirk.online\/wp-content\/uploads\/2023\/11\/cropped-Logo_color_512.png\",\"width\":512,\"height\":512,\"caption\":\"Pozirk\"},\"image\":{\"@id\":\"https:\/\/pozirk.online\/en\/#\/schema\/logo\/image\/\"},\"sameAs\":[\"https:\/\/www.facebook.com\/pozirkonline\/\",\"https:\/\/x.com\/Pozirk_online\"]}]}<\/script>\n<!-- \/ Yoast SEO plugin. -->","yoast_head_json":{"title":"Detention Center No 1 moved outside Minsk | Pozirk","description":"April 29, Pozirk. Pre-trial Detention Center No 1 has been moved from downtown Minsk to a new facility outside the city near the village of Pa\u0161kovi\u010dy, the","robots":{"index":"index","follow":"follow","max-snippet":"max-snippet:-1","max-image-preview":"max-image-preview:large","max-video-preview":"max-video-preview:-1"},"canonical":"https:\/\/pozirk.online\/en\/news\/82670\/","og_locale":"en_US","og_type":"article","og_title":"Detention Center No 1 moved outside Minsk | Pozirk","og_description":"April 29, Pozirk. Pre-trial Detention Center No 1 has been moved from downtown Minsk to a new facility outside the city near the village of Pa\u0161kovi\u010dy, the","og_url":"https:\/\/pozirk.online\/en\/news\/82670\/","og_site_name":"Pozirk","article_publisher":"https:\/\/www.facebook.com\/pozirkonline\/","article_modified_time":"2026-03-10T12:05:06+00:00","og_image":[{"width":1128,"height":753,"url":"https:\/\/pozirk.online\/wp-content\/uploads\/2024\/03\/Volodarka_ARCHV_POZ_1128-7965.jpg","type":"image\/jpeg"}],"twitter_card":"summary_large_image","twitter_site":"@Pozirk_online","twitter_misc":{"Est. reading time":"1 minute"},"schema":{"@context":"https:\/\/schema.org","@graph":[{"@type":"NewsArticle","@id":"https:\/\/pozirk.online\/en\/news\/82670\/#article","isPartOf":{"@id":"https:\/\/pozirk.online\/en\/news\/82670\/"},"headline":"Detention Center No 1 moved outside Minsk","datePublished":"2024-04-29T10:31:03+00:00","dateModified":"2026-03-10T12:05:06+00:00","mainEntityOfPage":{"@id":"https:\/\/pozirk.online\/en\/news\/82670\/"},"wordCount":114,"publisher":{"@id":"https:\/\/pozirk.online\/en\/#organization"},"image":{"@id":"https:\/\/pozirk.online\/en\/news\/82670\/#primaryimage"},"thumbnailUrl":"https:\/\/pozirk.online\/wp-content\/uploads\/2024\/03\/Volodarka_ARCHV_POZ_1128-7965.jpg","inLanguage":"en-US"},{"@type":"WebPage","@id":"https:\/\/pozirk.online\/en\/news\/82670\/","url":"https:\/\/pozirk.online\/en\/news\/82670\/","name":"Detention Center No 1 moved outside Minsk | Pozirk","isPartOf":{"@id":"https:\/\/pozirk.online\/en\/#website"},"primaryImageOfPage":{"@id":"https:\/\/pozirk.online\/en\/news\/82670\/#primaryimage"},"image":{"@id":"https:\/\/pozirk.online\/en\/news\/82670\/#primaryimage"},"thumbnailUrl":"https:\/\/pozirk.online\/wp-content\/uploads\/2024\/03\/Volodarka_ARCHV_POZ_1128-7965.jpg","datePublished":"2024-04-29T10:31:03+00:00","dateModified":"2026-03-10T12:05:06+00:00","description":"April 29, Pozirk. Pre-trial Detention Center No 1 has been moved from downtown Minsk to a new facility outside the city near the village of Pa\u0161kovi\u010dy, the","breadcrumb":{"@id":"https:\/\/pozirk.online\/en\/news\/82670\/#breadcrumb"},"inLanguage":"en-US","potentialAction":[{"@type":"ReadAction","target":["https:\/\/pozirk.online\/en\/news\/82670\/"]}]},{"@type":"ImageObject","inLanguage":"en-US","@id":"https:\/\/pozirk.online\/en\/news\/82670\/#primaryimage","url":"https:\/\/pozirk.online\/wp-content\/uploads\/2024\/03\/Volodarka_ARCHV_POZ_1128-7965.jpg","contentUrl":"https:\/\/pozirk.online\/wp-content\/uploads\/2024\/03\/Volodarka_ARCHV_POZ_1128-7965.jpg","width":1128,"height":753},{"@type":"BreadcrumbList","@id":"https:\/\/pozirk.online\/en\/news\/82670\/#breadcrumb","itemListElement":[{"@type":"ListItem","position":1,"name":"Home","item":"https:\/\/pozirk.online\/en\/"},{"@type":"ListItem","position":2,"name":"Detention Center No 1 moved outside Minsk"}]},{"@type":"WebSite","@id":"https:\/\/pozirk.online\/en\/#website","url":"https:\/\/pozirk.online\/en\/","name":"Pozirk","description":"","publisher":{"@id":"https:\/\/pozirk.online\/en\/#organization"},"potentialAction":[{"@type":"SearchAction","target":{"@type":"EntryPoint","urlTemplate":"https:\/\/pozirk.online\/en\/?s={search_term_string}"},"query-input":{"@type":"PropertyValueSpecification","valueRequired":true,"valueName":"search_term_string"}}],"inLanguage":"en-US"},{"@type":"Organization","@id":"https:\/\/pozirk.online\/en\/#organization","name":"Pozirk","url":"https:\/\/pozirk.online\/en\/","logo":{"@type":"ImageObject","inLanguage":"en-US","@id":"https:\/\/pozirk.online\/en\/#\/schema\/logo\/image\/","url":"https:\/\/pozirk.online\/wp-content\/uploads\/2023\/11\/cropped-Logo_color_512.png","contentUrl":"https:\/\/pozirk.online\/wp-content\/uploads\/2023\/11\/cropped-Logo_color_512.png","width":512,"height":512,"caption":"Pozirk"},"image":{"@id":"https:\/\/pozirk.online\/en\/#\/schema\/logo\/image\/"},"sameAs":["https:\/\/www.facebook.com\/pozirkonline\/","https:\/\/x.com\/Pozirk_online"]}]}},"_links":{"self":[{"href":"https:\/\/pozirk.online\/en\/wp-json\/wp\/v2\/articles\/82670","targetHints":{"allow":["GET"]}}],"collection":[{"href":"https:\/\/pozirk.online\/en\/wp-json\/wp\/v2\/articles"}],"about":[{"href":"https:\/\/pozirk.online\/en\/wp-json\/wp\/v2\/types\/articles"}],"author":[{"embeddable":true,"href":"https:\/\/pozirk.online\/en\/wp-json\/wp\/v2\/users\/84"}],"wp:featuredmedia":[{"embeddable":true,"href":"https:\/\/pozirk.online\/en\/wp-json\/wp\/v2\/media\/72894"}],"wp:attachment":[{"href":"https:\/\/pozirk.online\/en\/wp-json\/wp\/v2\/media?parent=82670"}],"wp:term":[{"taxonomy":"rubric","embeddable":true,"href":"https:\/\/pozirk.online\/en\/wp-json\/wp\/v2\/rubric?post=82670"}],"curies":[{"name":"wp","href":"https:\/\/api.w.org\/{rel}","templated":true}]}}