{"id":86255,"date":"2024-05-21T11:25:59","date_gmt":"2024-05-21T08:25:59","guid":{"rendered":"https:\/\/pozirk.online\/en\/news\/86255\/"},"modified":"2026-03-10T12:05:06","modified_gmt":"2026-03-10T12:05:06","slug":"reprisals-authorities-move-to-seize-property-of-exiled-activists","status":"publish","type":"articles","link":"https:\/\/pozirk.online\/en\/news\/86255\/","title":{"rendered":"Reprisals: authorities move to seize property from exiled activists"},"content":{"rendered":"\n<p><strong>May 21, <em>Pozirk<\/em>.<\/strong> Pavie\u0142 \u0141atu\u0161ka&#8217;s team and coalition running in the upcoming Coordination Council election reported &#8220;systemic reprisals&#8221; against their family members in Belarus, the <em>Kamanda \u0141atu\u0161ki i Ruch Za Svabodu <\/em>Telegram channel said.<\/p>\n\n\n\n<p>The statement came after reports of searches and seizures of homes from several exiled activists, including \u0141atu\u0161ka&#8217;s daughter Jana as well as A\u0142a Puchava, Andrej Tupo\u016dski, Hanna Fiedaronak, Karalina Ciaren\u0107jeva, Ta\u0107ciana Baranava, D\u017amitryj Bandarenka, historian Viktar Jakuba\u016d and journalist D\u017amitryj Kazakievi\u010d.<\/p>\n\n\n\n<p>Raids are reportedly linked to extremism-related charges targeting 104 exiled activists, who celebrated the 106th anniversary of the Belarusian independence proclamation two months ago.<\/p>\n\n\n\n<p>Persecution of dissenters inside Belarus<\/p>\n\n\n\n<p>Alena Ciera\u0161kova, a surgeon and a mother of four, was arrested in Minsk on protest-related charges, <em>dissidentby<\/em> reported. Her brother Maksim Viniarski had been sentenced to five years in prison on charges widely seen as politically motivated.<\/p>\n\n\n\n<p>In a video posted by a pro-government source, Lilija Jacevi\u010d, 57, condemned Russia&#8217;s war on Ukraine. Police arrested her for allegedly posting more than 2,000 critical comments.<\/p>\n\n\n\n<p>In another video, a designer arrested for participating in 2020 postelection protests, admitted to sharing law enforcers&#8217; data with an opposition project.<\/p>\n\n\n\n<p>Translator Volha Ka\u0142ackaja was fined 800 rubels (about $250) for allegedly \u201cwaving hands\u201d at the police station following her arrest on May 10 and search at her apartment, <em>Radyjo Svaboda<\/em> reported.<\/p>\n\n\n\n<p>Halina \u010carny\u0161ova, Dzianis Mik\u0161a and Arciom Sviryd were tried in the Hrodna region for sharing opposition content, the <em>Pravo Imeyut<\/em> Telegram channel said. The verdicts remain unknown.<\/p>\n\n\n\n<p>The interior ministry branded <em>Bobr 97%<\/em> project and its chats in the Telegram messaging app as extremist content, identifying Maksim Chva\u0161\u010dynski as a member.&nbsp;<\/p>\n\n\n\n<p>Criminal proceedings<\/p>\n\n\n\n<p>Vasil Prochara\u016d, his wife \u0141arysa, son Pavie\u0142 as well as Fiodar Aksionenka and Rus\u0142an Pracharenka went on trial in Homiel on May 20, <em>Flagshtok<\/em> reported. Charges against them range from failure to report a crime and inciting hatred to facilitating extremism and high treason. The Prochara\u016d family used to live in the village of Hrabo\u016dka near the Ukrainian border.<\/p>\n\n\n\n<p>On May 6, a judge in Minsk sentenced pharmacist Raman Krukovi\u010d to two and a half years of restricted freedom in home confinement for participation in a 2020 protest rally based on a photo found on his smartphone, the Viasna Human Rights Center said.<\/p>\n\n\n\n<p>Former <em>ONT<\/em> TV channel cameraman Anton Kazielski went on trial in Minsk on Monday on charges of calling for sanctions and inciting hatred in connection with critical social media posts, <em>Na\u0161a Niva<\/em> reported.<\/p>\n\n\n\n<p>Belarusian human rights groups added 10 new names to their register of political prisoners on Monday: Mikita Vajciuk, Halina \u0141ahackaja, Valeryj Sakovi\u010d, Kaciaryna Madziankova, Jahor Zien\u010danka, Mikita Jefimovi\u010d, Natalla Sa\u0142uk, D\u017amitryj \u0141apiec, Alaksiej Za\u010dapila and Siarhiej Kule\u0161, Viasna said.&nbsp; <\/p>\n\n\n\n<p>As of May 21, human rights defenders identified at least 1,374 political prisoners but the real number is considerably higher because many cases go undocumented. Opposition sources estimate the number of political prisoners at around 5,000.<\/p>\n\n\n\n<div class=\"insert-block\">\n\n    <div class=\"insert-block__img\">\n        <img decoding=\"async\" width=\"354\" height=\"236\" src=\"https:\/\/pozirk.online\/wp-content\/uploads\/2024\/03\/nacionalnyj_flag_POZ_1128x752-354x236.jpg\" class=\"attachment-medium size-medium\" alt=\"\" srcset=\"https:\/\/pozirk.online\/wp-content\/uploads\/2024\/03\/nacionalnyj_flag_POZ_1128x752-354x236.jpg 354w, https:\/\/pozirk.online\/wp-content\/uploads\/2024\/03\/nacionalnyj_flag_POZ_1128x752-734x490.jpg 734w, https:\/\/pozirk.online\/wp-content\/uploads\/2024\/03\/nacionalnyj_flag_POZ_1128x752-178x118.jpg 178w, https:\/\/pozirk.online\/wp-content\/uploads\/2024\/03\/nacionalnyj_flag_POZ_1128x752-768x512.jpg 768w, https:\/\/pozirk.online\/wp-content\/uploads\/2024\/03\/nacionalnyj_flag_POZ_1128x752.jpg 1128w\" sizes=\"(max-width: 354px) 100vw, 354px\" \/>                        <label class=\"insert-block__tag--mobile\"> Politics<\/label>\n\n                <\/div>\n    <div class=\"insert-block__text\">\n                    <label class=\"insert-block__tag\">Politics<\/label>\n                <h3 class=\"insert-block__title\">Belarus\u2019 investigators target exiled activists, threaten expropriation<\/h3>\n        <div class=\"insert-block__descr\">May 16, Pozirk. Two months after Freedom Day celebrations marking an anniversary of Belarus&#039; short-lived independence in 1918, the country&#039;s Investigative Committee has filed criminal charges against 104 participants in ceremonies abroad, its press office reported. Charges include association with &#8230;<\/div>\n        <a class=\"insert-block__btn-block\" href=\"\/en\/news\/85422\">\n            <button class=\"btn\">\n                <div class='btn__text'>Read the article<\/div>\n            <\/button>\n        <\/a>\n    <\/div>\n<\/div>","protected":false},"excerpt":{"rendered":"<p>May 21, Pozirk. Pavie\u0142 \u0141atu\u0161ka&#8217;s team and coalition running in the upcoming Coordination Council election reported &#8220;systemic reprisals&#8221; against their family members in Belarus, the Kamanda \u0141atu\u0161ki i Ruch Za Svabodu Telegram channel said. The statement came after reports of searches and seizures of homes from several exiled activists, including \u0141atu\u0161ka&#8217;s daughter Jana as well [&hellip;]<\/p>\n","protected":false},"author":84,"featured_media":63993,"template":"","rubric":[14,13],"class_list":["post-86255","articles","type-articles","status-publish","has-post-thumbnail","hentry","rubric-politics","rubric-society"],"acf":[],"yoast_head":"<!-- This site is optimized with the Yoast SEO plugin v25.5 - https:\/\/yoast.com\/wordpress\/plugins\/seo\/ -->\n<title>Reprisals: authorities move to seize property from exiled activists | Pozirk<\/title>\n<meta name=\"description\" content=\"May 21, Pozirk. Pavie\u0142 \u0141atu\u0161ka&#039;s team and coalition running in the upcoming Coordination Council election reported &quot;systemic reprisals&quot; against their\" \/>\n<meta name=\"robots\" content=\"index, follow, max-snippet:-1, max-image-preview:large, max-video-preview:-1\" \/>\n<link rel=\"canonical\" href=\"https:\/\/pozirk.online\/en\/news\/86255\/\" \/>\n<meta property=\"og:locale\" content=\"en_US\" \/>\n<meta property=\"og:type\" content=\"article\" \/>\n<meta property=\"og:title\" content=\"Reprisals: authorities move to seize property from exiled activists | Pozirk\" \/>\n<meta property=\"og:description\" content=\"May 21, Pozirk. Pavie\u0142 \u0141atu\u0161ka&#039;s team and coalition running in the upcoming Coordination Council election reported &quot;systemic reprisals&quot; against their\" \/>\n<meta property=\"og:url\" content=\"https:\/\/pozirk.online\/en\/news\/86255\/\" \/>\n<meta property=\"og:site_name\" content=\"Pozirk\" \/>\n<meta property=\"article:publisher\" content=\"https:\/\/www.facebook.com\/pozirkonline\/\" \/>\n<meta property=\"article:modified_time\" content=\"2026-03-10T12:05:06+00:00\" \/>\n<meta property=\"og:image\" content=\"https:\/\/pozirk.online\/wp-content\/uploads\/2024\/01\/pozirk_color_blank_1128x752.jpg\" \/>\n\t<meta property=\"og:image:width\" content=\"1128\" \/>\n\t<meta property=\"og:image:height\" content=\"752\" \/>\n\t<meta property=\"og:image:type\" content=\"image\/jpeg\" \/>\n<meta name=\"twitter:card\" content=\"summary_large_image\" \/>\n<meta name=\"twitter:site\" content=\"@Pozirk_online\" \/>\n<meta name=\"twitter:label1\" content=\"Est. reading time\" \/>\n\t<meta name=\"twitter:data1\" content=\"3 minutes\" \/>\n<script type=\"application\/ld+json\" class=\"yoast-schema-graph\">{\"@context\":\"https:\/\/schema.org\",\"@graph\":[{\"@type\":\"NewsArticle\",\"@id\":\"https:\/\/pozirk.online\/en\/news\/86255\/#article\",\"isPartOf\":{\"@id\":\"https:\/\/pozirk.online\/en\/news\/86255\/\"},\"headline\":\"Reprisals: authorities move to seize property from exiled activists\",\"datePublished\":\"2024-05-21T08:25:59+00:00\",\"dateModified\":\"2026-03-10T12:05:06+00:00\",\"mainEntityOfPage\":{\"@id\":\"https:\/\/pozirk.online\/en\/news\/86255\/\"},\"wordCount\":504,\"publisher\":{\"@id\":\"https:\/\/pozirk.online\/en\/#organization\"},\"image\":{\"@id\":\"https:\/\/pozirk.online\/en\/news\/86255\/#primaryimage\"},\"thumbnailUrl\":\"https:\/\/pozirk.online\/wp-content\/uploads\/2024\/01\/pozirk_color_blank_1128x752.jpg\",\"inLanguage\":\"en-US\"},{\"@type\":\"WebPage\",\"@id\":\"https:\/\/pozirk.online\/en\/news\/86255\/\",\"url\":\"https:\/\/pozirk.online\/en\/news\/86255\/\",\"name\":\"Reprisals: authorities move to seize property from exiled activists | Pozirk\",\"isPartOf\":{\"@id\":\"https:\/\/pozirk.online\/en\/#website\"},\"primaryImageOfPage\":{\"@id\":\"https:\/\/pozirk.online\/en\/news\/86255\/#primaryimage\"},\"image\":{\"@id\":\"https:\/\/pozirk.online\/en\/news\/86255\/#primaryimage\"},\"thumbnailUrl\":\"https:\/\/pozirk.online\/wp-content\/uploads\/2024\/01\/pozirk_color_blank_1128x752.jpg\",\"datePublished\":\"2024-05-21T08:25:59+00:00\",\"dateModified\":\"2026-03-10T12:05:06+00:00\",\"description\":\"May 21, Pozirk. Pavie\u0142 \u0141atu\u0161ka's team and coalition running in the upcoming Coordination Council election reported \\\"systemic reprisals\\\" against their\",\"breadcrumb\":{\"@id\":\"https:\/\/pozirk.online\/en\/news\/86255\/#breadcrumb\"},\"inLanguage\":\"en-US\",\"potentialAction\":[{\"@type\":\"ReadAction\",\"target\":[\"https:\/\/pozirk.online\/en\/news\/86255\/\"]}]},{\"@type\":\"ImageObject\",\"inLanguage\":\"en-US\",\"@id\":\"https:\/\/pozirk.online\/en\/news\/86255\/#primaryimage\",\"url\":\"https:\/\/pozirk.online\/wp-content\/uploads\/2024\/01\/pozirk_color_blank_1128x752.jpg\",\"contentUrl\":\"https:\/\/pozirk.online\/wp-content\/uploads\/2024\/01\/pozirk_color_blank_1128x752.jpg\",\"width\":1128,\"height\":752},{\"@type\":\"BreadcrumbList\",\"@id\":\"https:\/\/pozirk.online\/en\/news\/86255\/#breadcrumb\",\"itemListElement\":[{\"@type\":\"ListItem\",\"position\":1,\"name\":\"Home\",\"item\":\"https:\/\/pozirk.online\/en\/\"},{\"@type\":\"ListItem\",\"position\":2,\"name\":\"Reprisals: authorities move to seize property from exiled activists\"}]},{\"@type\":\"WebSite\",\"@id\":\"https:\/\/pozirk.online\/en\/#website\",\"url\":\"https:\/\/pozirk.online\/en\/\",\"name\":\"Pozirk\",\"description\":\"\",\"publisher\":{\"@id\":\"https:\/\/pozirk.online\/en\/#organization\"},\"potentialAction\":[{\"@type\":\"SearchAction\",\"target\":{\"@type\":\"EntryPoint\",\"urlTemplate\":\"https:\/\/pozirk.online\/en\/?s={search_term_string}\"},\"query-input\":{\"@type\":\"PropertyValueSpecification\",\"valueRequired\":true,\"valueName\":\"search_term_string\"}}],\"inLanguage\":\"en-US\"},{\"@type\":\"Organization\",\"@id\":\"https:\/\/pozirk.online\/en\/#organization\",\"name\":\"Pozirk\",\"url\":\"https:\/\/pozirk.online\/en\/\",\"logo\":{\"@type\":\"ImageObject\",\"inLanguage\":\"en-US\",\"@id\":\"https:\/\/pozirk.online\/en\/#\/schema\/logo\/image\/\",\"url\":\"https:\/\/pozirk.online\/wp-content\/uploads\/2023\/11\/cropped-Logo_color_512.png\",\"contentUrl\":\"https:\/\/pozirk.online\/wp-content\/uploads\/2023\/11\/cropped-Logo_color_512.png\",\"width\":512,\"height\":512,\"caption\":\"Pozirk\"},\"image\":{\"@id\":\"https:\/\/pozirk.online\/en\/#\/schema\/logo\/image\/\"},\"sameAs\":[\"https:\/\/www.facebook.com\/pozirkonline\/\",\"https:\/\/x.com\/Pozirk_online\"]}]}<\/script>\n<!-- \/ Yoast SEO plugin. -->","yoast_head_json":{"title":"Reprisals: authorities move to seize property from exiled activists | Pozirk","description":"May 21, Pozirk. Pavie\u0142 \u0141atu\u0161ka's team and coalition running in the upcoming Coordination Council election reported \"systemic reprisals\" against their","robots":{"index":"index","follow":"follow","max-snippet":"max-snippet:-1","max-image-preview":"max-image-preview:large","max-video-preview":"max-video-preview:-1"},"canonical":"https:\/\/pozirk.online\/en\/news\/86255\/","og_locale":"en_US","og_type":"article","og_title":"Reprisals: authorities move to seize property from exiled activists | Pozirk","og_description":"May 21, Pozirk. Pavie\u0142 \u0141atu\u0161ka's team and coalition running in the upcoming Coordination Council election reported \"systemic reprisals\" against their","og_url":"https:\/\/pozirk.online\/en\/news\/86255\/","og_site_name":"Pozirk","article_publisher":"https:\/\/www.facebook.com\/pozirkonline\/","article_modified_time":"2026-03-10T12:05:06+00:00","og_image":[{"width":1128,"height":752,"url":"https:\/\/pozirk.online\/wp-content\/uploads\/2024\/01\/pozirk_color_blank_1128x752.jpg","type":"image\/jpeg"}],"twitter_card":"summary_large_image","twitter_site":"@Pozirk_online","twitter_misc":{"Est. reading time":"3 minutes"},"schema":{"@context":"https:\/\/schema.org","@graph":[{"@type":"NewsArticle","@id":"https:\/\/pozirk.online\/en\/news\/86255\/#article","isPartOf":{"@id":"https:\/\/pozirk.online\/en\/news\/86255\/"},"headline":"Reprisals: authorities move to seize property from exiled activists","datePublished":"2024-05-21T08:25:59+00:00","dateModified":"2026-03-10T12:05:06+00:00","mainEntityOfPage":{"@id":"https:\/\/pozirk.online\/en\/news\/86255\/"},"wordCount":504,"publisher":{"@id":"https:\/\/pozirk.online\/en\/#organization"},"image":{"@id":"https:\/\/pozirk.online\/en\/news\/86255\/#primaryimage"},"thumbnailUrl":"https:\/\/pozirk.online\/wp-content\/uploads\/2024\/01\/pozirk_color_blank_1128x752.jpg","inLanguage":"en-US"},{"@type":"WebPage","@id":"https:\/\/pozirk.online\/en\/news\/86255\/","url":"https:\/\/pozirk.online\/en\/news\/86255\/","name":"Reprisals: authorities move to seize property from exiled activists | Pozirk","isPartOf":{"@id":"https:\/\/pozirk.online\/en\/#website"},"primaryImageOfPage":{"@id":"https:\/\/pozirk.online\/en\/news\/86255\/#primaryimage"},"image":{"@id":"https:\/\/pozirk.online\/en\/news\/86255\/#primaryimage"},"thumbnailUrl":"https:\/\/pozirk.online\/wp-content\/uploads\/2024\/01\/pozirk_color_blank_1128x752.jpg","datePublished":"2024-05-21T08:25:59+00:00","dateModified":"2026-03-10T12:05:06+00:00","description":"May 21, Pozirk. Pavie\u0142 \u0141atu\u0161ka's team and coalition running in the upcoming Coordination Council election reported \"systemic reprisals\" against their","breadcrumb":{"@id":"https:\/\/pozirk.online\/en\/news\/86255\/#breadcrumb"},"inLanguage":"en-US","potentialAction":[{"@type":"ReadAction","target":["https:\/\/pozirk.online\/en\/news\/86255\/"]}]},{"@type":"ImageObject","inLanguage":"en-US","@id":"https:\/\/pozirk.online\/en\/news\/86255\/#primaryimage","url":"https:\/\/pozirk.online\/wp-content\/uploads\/2024\/01\/pozirk_color_blank_1128x752.jpg","contentUrl":"https:\/\/pozirk.online\/wp-content\/uploads\/2024\/01\/pozirk_color_blank_1128x752.jpg","width":1128,"height":752},{"@type":"BreadcrumbList","@id":"https:\/\/pozirk.online\/en\/news\/86255\/#breadcrumb","itemListElement":[{"@type":"ListItem","position":1,"name":"Home","item":"https:\/\/pozirk.online\/en\/"},{"@type":"ListItem","position":2,"name":"Reprisals: authorities move to seize property from exiled activists"}]},{"@type":"WebSite","@id":"https:\/\/pozirk.online\/en\/#website","url":"https:\/\/pozirk.online\/en\/","name":"Pozirk","description":"","publisher":{"@id":"https:\/\/pozirk.online\/en\/#organization"},"potentialAction":[{"@type":"SearchAction","target":{"@type":"EntryPoint","urlTemplate":"https:\/\/pozirk.online\/en\/?s={search_term_string}"},"query-input":{"@type":"PropertyValueSpecification","valueRequired":true,"valueName":"search_term_string"}}],"inLanguage":"en-US"},{"@type":"Organization","@id":"https:\/\/pozirk.online\/en\/#organization","name":"Pozirk","url":"https:\/\/pozirk.online\/en\/","logo":{"@type":"ImageObject","inLanguage":"en-US","@id":"https:\/\/pozirk.online\/en\/#\/schema\/logo\/image\/","url":"https:\/\/pozirk.online\/wp-content\/uploads\/2023\/11\/cropped-Logo_color_512.png","contentUrl":"https:\/\/pozirk.online\/wp-content\/uploads\/2023\/11\/cropped-Logo_color_512.png","width":512,"height":512,"caption":"Pozirk"},"image":{"@id":"https:\/\/pozirk.online\/en\/#\/schema\/logo\/image\/"},"sameAs":["https:\/\/www.facebook.com\/pozirkonline\/","https:\/\/x.com\/Pozirk_online"]}]}},"_links":{"self":[{"href":"https:\/\/pozirk.online\/en\/wp-json\/wp\/v2\/articles\/86255","targetHints":{"allow":["GET"]}}],"collection":[{"href":"https:\/\/pozirk.online\/en\/wp-json\/wp\/v2\/articles"}],"about":[{"href":"https:\/\/pozirk.online\/en\/wp-json\/wp\/v2\/types\/articles"}],"author":[{"embeddable":true,"href":"https:\/\/pozirk.online\/en\/wp-json\/wp\/v2\/users\/84"}],"wp:featuredmedia":[{"embeddable":true,"href":"https:\/\/pozirk.online\/en\/wp-json\/wp\/v2\/media\/63993"}],"wp:attachment":[{"href":"https:\/\/pozirk.online\/en\/wp-json\/wp\/v2\/media?parent=86255"}],"wp:term":[{"taxonomy":"rubric","embeddable":true,"href":"https:\/\/pozirk.online\/en\/wp-json\/wp\/v2\/rubric?post=86255"}],"curies":[{"name":"wp","href":"https:\/\/api.w.org\/{rel}","templated":true}]}}