{"id":86798,"date":"2024-05-23T14:33:48","date_gmt":"2024-05-23T11:33:48","guid":{"rendered":"https:\/\/pozirk.online\/en\/news\/86798\/"},"modified":"2026-03-09T20:10:49","modified_gmt":"2026-03-09T20:10:49","slug":"lukasenka-appoints-hardliner-as-new-chief-of-army-general-staff","status":"publish","type":"articles","link":"https:\/\/pozirk.online\/en\/news\/86798\/","title":{"rendered":"\u0141uka\u0161enka appoints hardliner as new chief of army General Staff"},"content":{"rendered":"\n<figure class=\"block-image block-image-normal\">\n\n  <img decoding=\"async\" width=\"1280\" height=\"853\" src=\"https:\/\/pozirk.online\/wp-content\/uploads\/2023\/10\/muravejko-1280-vajar-1.jpg\" class=\"attachment-full size-full\" alt=\"\" srcset=\"https:\/\/pozirk.online\/wp-content\/uploads\/2023\/10\/muravejko-1280-vajar-1.jpg 1280w, https:\/\/pozirk.online\/wp-content\/uploads\/2023\/10\/muravejko-1280-vajar-1-300x200.jpg 300w, https:\/\/pozirk.online\/wp-content\/uploads\/2023\/10\/muravejko-1280-vajar-1-1024x682.jpg 1024w, https:\/\/pozirk.online\/wp-content\/uploads\/2023\/10\/muravejko-1280-vajar-1-768x512.jpg 768w\" sizes=\"(max-width: 1280px) 100vw, 1280px\" \/>\n  <figcaption>\n  \n       <div class=\"block-image__author\">\n                <span>(Vajar)<\/span>\n    <\/div>\n     <\/figcaption>\n<\/figure>\n\n\n\n<p><strong>May 23, <em>Pozirk<\/em>.<\/strong> Alaksandar \u0141uka\u0161enka has appointed Pavie\u0142 Muraviejka as chief of the General Staff of the Belarusian Armed Forces, his press office reported.<\/p>\n\n\n\n<p>He has filled the position that was vacant since May 10, after the Belarusian ruler dismissed Viktar Hulevi\u010d who reached the retirement age but could have served much longer.<\/p>\n\n\n\n<p>A native of the Minsk region, Muraviejka served with the motorized rifle troops, reaching the battalion commander rank. He joined the General Staff in 2001 and was promoted to deputy chief in 2008 after graduating from Russian Military Academy.<\/p>\n\n\n\n<p>Since February 2022, Muraviejka served as deputy state secretary of the Belarusian Security Council.<\/p>\n\n\n\n<p>Muraviejka created a stir last year by saying that Belarus had every reason to cut a \u201cvital corridor by force of arms\u201d because Lithuania had allegedly banned the movement of goods across the border.<\/p>\n\n\n\n<p>In December 2023, the European Union sanctioned him for involvement in Russia&#8217;s invasion of Ukraine.<\/p>\n\n\n\n<div class=\"insert-block\">\n\n    <div class=\"insert-block__img\">\n        <img decoding=\"async\" width=\"354\" height=\"236\" src=\"https:\/\/pozirk.online\/wp-content\/uploads\/2024\/05\/2024-05-07-14.41.32-354x236.jpg\" class=\"attachment-medium size-medium\" alt=\"\" srcset=\"https:\/\/pozirk.online\/wp-content\/uploads\/2024\/05\/2024-05-07-14.41.32-354x236.jpg 354w, https:\/\/pozirk.online\/wp-content\/uploads\/2024\/05\/2024-05-07-14.41.32-734x490.jpg 734w, https:\/\/pozirk.online\/wp-content\/uploads\/2024\/05\/2024-05-07-14.41.32-178x118.jpg 178w, https:\/\/pozirk.online\/wp-content\/uploads\/2024\/05\/2024-05-07-14.41.32-768x513.jpg 768w, https:\/\/pozirk.online\/wp-content\/uploads\/2024\/05\/2024-05-07-14.41.32.jpg 1440w\" sizes=\"(max-width: 354px) 100vw, 354px\" \/>                        <label class=\"insert-block__tag--mobile\"> \u0410\u043d\u0430\u043b\u0438\u0442\u0438\u043a\u0430<\/label>\n\n                <\/div>\n    <div class=\"insert-block__text\">\n                    <label class=\"insert-block__tag\">\u0410\u043d\u0430\u043b\u0438\u0442\u0438\u043a\u0430<\/label>\n                <h3 class=\"insert-block__title\">Army General Staff without chief after Hulievi\u010d\u2019s unexpected dismissal<\/h3>\n        <div class=\"insert-block__descr\">Alaksandar \u0141uka\u0161enka on May 10 dismissed Major General Viktar Hulevi\u010d as chief of the General Staff and first deputy defense minister. In 2022, Hulevi\u010d was said to oppose Belarus&#039; direct involvement in Russia&#039;s war against Ukraine. Grounds for resignation unclear &#8230;<\/div>\n        <a class=\"insert-block__btn-block\" href=\"\/en\/longreads\/85906\">\n            <button class=\"btn\">\n                <div class='btn__text'>Read<\/div>\n            <\/button>\n        <\/a>\n    <\/div>\n<\/div>","protected":false},"excerpt":{"rendered":"<p>May 23, Pozirk. Alaksandar \u0141uka\u0161enka has appointed Pavie\u0142 Muraviejka as chief of the General Staff of the Belarusian Armed Forces, his press office reported. He has filled the position that was vacant since May 10, after the Belarusian ruler dismissed Viktar Hulevi\u010d who reached the retirement age but could have served much longer. A native [&hellip;]<\/p>\n","protected":false},"author":83,"featured_media":9436,"template":"","rubric":[16,30],"class_list":["post-86798","articles","type-articles","status-publish","has-post-thumbnail","hentry","rubric-politics","rubric-security"],"acf":[],"yoast_head":"<!-- This site is optimized with the Yoast SEO plugin v25.5 - https:\/\/yoast.com\/wordpress\/plugins\/seo\/ -->\n<title>\u0141uka\u0161enka appoints hardliner as new chief of army General Staff | Pozirk<\/title>\n<meta name=\"description\" content=\"May 23, Pozirk. Alaksandar \u0141uka\u0161enka has appointed Pavie\u0142 Muraviejka as chief of the General Staff of the Belarusian Armed Forces, his press office\" \/>\n<meta name=\"robots\" content=\"index, follow, max-snippet:-1, max-image-preview:large, max-video-preview:-1\" \/>\n<link rel=\"canonical\" href=\"https:\/\/pozirk.online\/en\/news\/86798\/\" \/>\n<meta property=\"og:locale\" content=\"en_US\" \/>\n<meta property=\"og:type\" content=\"article\" \/>\n<meta property=\"og:title\" content=\"\u0141uka\u0161enka appoints hardliner as new chief of army General Staff | Pozirk\" \/>\n<meta property=\"og:description\" content=\"May 23, Pozirk. Alaksandar \u0141uka\u0161enka has appointed Pavie\u0142 Muraviejka as chief of the General Staff of the Belarusian Armed Forces, his press office\" \/>\n<meta property=\"og:url\" content=\"https:\/\/pozirk.online\/en\/news\/86798\/\" \/>\n<meta property=\"og:site_name\" content=\"Pozirk\" \/>\n<meta property=\"article:publisher\" content=\"https:\/\/www.facebook.com\/pozirkonline\/\" \/>\n<meta property=\"article:modified_time\" content=\"2026-03-09T20:10:49+00:00\" \/>\n<meta property=\"og:image\" content=\"https:\/\/pozirk.online\/wp-content\/uploads\/2023\/10\/muravejko-1280-vajar-1.jpg\" \/>\n\t<meta property=\"og:image:width\" content=\"1280\" \/>\n\t<meta property=\"og:image:height\" content=\"853\" \/>\n\t<meta property=\"og:image:type\" content=\"image\/jpeg\" \/>\n<meta name=\"twitter:card\" content=\"summary_large_image\" \/>\n<meta name=\"twitter:site\" content=\"@Pozirk_online\" \/>\n<meta name=\"twitter:label1\" content=\"Est. reading time\" \/>\n\t<meta name=\"twitter:data1\" content=\"1 minute\" \/>\n<script type=\"application\/ld+json\" class=\"yoast-schema-graph\">{\"@context\":\"https:\/\/schema.org\",\"@graph\":[{\"@type\":\"NewsArticle\",\"@id\":\"https:\/\/pozirk.online\/en\/news\/86798\/#article\",\"isPartOf\":{\"@id\":\"https:\/\/pozirk.online\/en\/news\/86798\/\"},\"headline\":\"\u0141uka\u0161enka appoints hardliner as new chief of army General Staff\",\"datePublished\":\"2024-05-23T11:33:48+00:00\",\"dateModified\":\"2026-03-09T20:10:49+00:00\",\"mainEntityOfPage\":{\"@id\":\"https:\/\/pozirk.online\/en\/news\/86798\/\"},\"wordCount\":162,\"publisher\":{\"@id\":\"https:\/\/pozirk.online\/en\/#organization\"},\"image\":{\"@id\":\"https:\/\/pozirk.online\/en\/news\/86798\/#primaryimage\"},\"thumbnailUrl\":\"https:\/\/pozirk.online\/wp-content\/uploads\/2023\/10\/muravejko-1280-vajar-1.jpg\",\"inLanguage\":\"en-US\"},{\"@type\":\"WebPage\",\"@id\":\"https:\/\/pozirk.online\/en\/news\/86798\/\",\"url\":\"https:\/\/pozirk.online\/en\/news\/86798\/\",\"name\":\"\u0141uka\u0161enka appoints hardliner as new chief of army General Staff | Pozirk\",\"isPartOf\":{\"@id\":\"https:\/\/pozirk.online\/en\/#website\"},\"primaryImageOfPage\":{\"@id\":\"https:\/\/pozirk.online\/en\/news\/86798\/#primaryimage\"},\"image\":{\"@id\":\"https:\/\/pozirk.online\/en\/news\/86798\/#primaryimage\"},\"thumbnailUrl\":\"https:\/\/pozirk.online\/wp-content\/uploads\/2023\/10\/muravejko-1280-vajar-1.jpg\",\"datePublished\":\"2024-05-23T11:33:48+00:00\",\"dateModified\":\"2026-03-09T20:10:49+00:00\",\"description\":\"May 23, Pozirk. Alaksandar \u0141uka\u0161enka has appointed Pavie\u0142 Muraviejka as chief of the General Staff of the Belarusian Armed Forces, his press office\",\"breadcrumb\":{\"@id\":\"https:\/\/pozirk.online\/en\/news\/86798\/#breadcrumb\"},\"inLanguage\":\"en-US\",\"potentialAction\":[{\"@type\":\"ReadAction\",\"target\":[\"https:\/\/pozirk.online\/en\/news\/86798\/\"]}]},{\"@type\":\"ImageObject\",\"inLanguage\":\"en-US\",\"@id\":\"https:\/\/pozirk.online\/en\/news\/86798\/#primaryimage\",\"url\":\"https:\/\/pozirk.online\/wp-content\/uploads\/2023\/10\/muravejko-1280-vajar-1.jpg\",\"contentUrl\":\"https:\/\/pozirk.online\/wp-content\/uploads\/2023\/10\/muravejko-1280-vajar-1.jpg\",\"width\":1280,\"height\":853,\"caption\":\"\u0424\u043e\u0442\u043e: \u201c\u0412\u0430\u044f\u0440\u201d\"},{\"@type\":\"BreadcrumbList\",\"@id\":\"https:\/\/pozirk.online\/en\/news\/86798\/#breadcrumb\",\"itemListElement\":[{\"@type\":\"ListItem\",\"position\":1,\"name\":\"Home\",\"item\":\"https:\/\/pozirk.online\/en\/\"},{\"@type\":\"ListItem\",\"position\":2,\"name\":\"\u0141uka\u0161enka appoints hardliner as new chief of army General Staff\"}]},{\"@type\":\"WebSite\",\"@id\":\"https:\/\/pozirk.online\/en\/#website\",\"url\":\"https:\/\/pozirk.online\/en\/\",\"name\":\"Pozirk\",\"description\":\"\",\"publisher\":{\"@id\":\"https:\/\/pozirk.online\/en\/#organization\"},\"potentialAction\":[{\"@type\":\"SearchAction\",\"target\":{\"@type\":\"EntryPoint\",\"urlTemplate\":\"https:\/\/pozirk.online\/en\/?s={search_term_string}\"},\"query-input\":{\"@type\":\"PropertyValueSpecification\",\"valueRequired\":true,\"valueName\":\"search_term_string\"}}],\"inLanguage\":\"en-US\"},{\"@type\":\"Organization\",\"@id\":\"https:\/\/pozirk.online\/en\/#organization\",\"name\":\"Pozirk\",\"url\":\"https:\/\/pozirk.online\/en\/\",\"logo\":{\"@type\":\"ImageObject\",\"inLanguage\":\"en-US\",\"@id\":\"https:\/\/pozirk.online\/en\/#\/schema\/logo\/image\/\",\"url\":\"https:\/\/pozirk.online\/wp-content\/uploads\/2023\/11\/cropped-Logo_color_512.png\",\"contentUrl\":\"https:\/\/pozirk.online\/wp-content\/uploads\/2023\/11\/cropped-Logo_color_512.png\",\"width\":512,\"height\":512,\"caption\":\"Pozirk\"},\"image\":{\"@id\":\"https:\/\/pozirk.online\/en\/#\/schema\/logo\/image\/\"},\"sameAs\":[\"https:\/\/www.facebook.com\/pozirkonline\/\",\"https:\/\/x.com\/Pozirk_online\"]}]}<\/script>\n<!-- \/ Yoast SEO plugin. -->","yoast_head_json":{"title":"\u0141uka\u0161enka appoints hardliner as new chief of army General Staff | Pozirk","description":"May 23, Pozirk. Alaksandar \u0141uka\u0161enka has appointed Pavie\u0142 Muraviejka as chief of the General Staff of the Belarusian Armed Forces, his press office","robots":{"index":"index","follow":"follow","max-snippet":"max-snippet:-1","max-image-preview":"max-image-preview:large","max-video-preview":"max-video-preview:-1"},"canonical":"https:\/\/pozirk.online\/en\/news\/86798\/","og_locale":"en_US","og_type":"article","og_title":"\u0141uka\u0161enka appoints hardliner as new chief of army General Staff | Pozirk","og_description":"May 23, Pozirk. Alaksandar \u0141uka\u0161enka has appointed Pavie\u0142 Muraviejka as chief of the General Staff of the Belarusian Armed Forces, his press office","og_url":"https:\/\/pozirk.online\/en\/news\/86798\/","og_site_name":"Pozirk","article_publisher":"https:\/\/www.facebook.com\/pozirkonline\/","article_modified_time":"2026-03-09T20:10:49+00:00","og_image":[{"width":1280,"height":853,"url":"https:\/\/pozirk.online\/wp-content\/uploads\/2023\/10\/muravejko-1280-vajar-1.jpg","type":"image\/jpeg"}],"twitter_card":"summary_large_image","twitter_site":"@Pozirk_online","twitter_misc":{"Est. reading time":"1 minute"},"schema":{"@context":"https:\/\/schema.org","@graph":[{"@type":"NewsArticle","@id":"https:\/\/pozirk.online\/en\/news\/86798\/#article","isPartOf":{"@id":"https:\/\/pozirk.online\/en\/news\/86798\/"},"headline":"\u0141uka\u0161enka appoints hardliner as new chief of army General Staff","datePublished":"2024-05-23T11:33:48+00:00","dateModified":"2026-03-09T20:10:49+00:00","mainEntityOfPage":{"@id":"https:\/\/pozirk.online\/en\/news\/86798\/"},"wordCount":162,"publisher":{"@id":"https:\/\/pozirk.online\/en\/#organization"},"image":{"@id":"https:\/\/pozirk.online\/en\/news\/86798\/#primaryimage"},"thumbnailUrl":"https:\/\/pozirk.online\/wp-content\/uploads\/2023\/10\/muravejko-1280-vajar-1.jpg","inLanguage":"en-US"},{"@type":"WebPage","@id":"https:\/\/pozirk.online\/en\/news\/86798\/","url":"https:\/\/pozirk.online\/en\/news\/86798\/","name":"\u0141uka\u0161enka appoints hardliner as new chief of army General Staff | Pozirk","isPartOf":{"@id":"https:\/\/pozirk.online\/en\/#website"},"primaryImageOfPage":{"@id":"https:\/\/pozirk.online\/en\/news\/86798\/#primaryimage"},"image":{"@id":"https:\/\/pozirk.online\/en\/news\/86798\/#primaryimage"},"thumbnailUrl":"https:\/\/pozirk.online\/wp-content\/uploads\/2023\/10\/muravejko-1280-vajar-1.jpg","datePublished":"2024-05-23T11:33:48+00:00","dateModified":"2026-03-09T20:10:49+00:00","description":"May 23, Pozirk. Alaksandar \u0141uka\u0161enka has appointed Pavie\u0142 Muraviejka as chief of the General Staff of the Belarusian Armed Forces, his press office","breadcrumb":{"@id":"https:\/\/pozirk.online\/en\/news\/86798\/#breadcrumb"},"inLanguage":"en-US","potentialAction":[{"@type":"ReadAction","target":["https:\/\/pozirk.online\/en\/news\/86798\/"]}]},{"@type":"ImageObject","inLanguage":"en-US","@id":"https:\/\/pozirk.online\/en\/news\/86798\/#primaryimage","url":"https:\/\/pozirk.online\/wp-content\/uploads\/2023\/10\/muravejko-1280-vajar-1.jpg","contentUrl":"https:\/\/pozirk.online\/wp-content\/uploads\/2023\/10\/muravejko-1280-vajar-1.jpg","width":1280,"height":853,"caption":"\u0424\u043e\u0442\u043e: \u201c\u0412\u0430\u044f\u0440\u201d"},{"@type":"BreadcrumbList","@id":"https:\/\/pozirk.online\/en\/news\/86798\/#breadcrumb","itemListElement":[{"@type":"ListItem","position":1,"name":"Home","item":"https:\/\/pozirk.online\/en\/"},{"@type":"ListItem","position":2,"name":"\u0141uka\u0161enka appoints hardliner as new chief of army General Staff"}]},{"@type":"WebSite","@id":"https:\/\/pozirk.online\/en\/#website","url":"https:\/\/pozirk.online\/en\/","name":"Pozirk","description":"","publisher":{"@id":"https:\/\/pozirk.online\/en\/#organization"},"potentialAction":[{"@type":"SearchAction","target":{"@type":"EntryPoint","urlTemplate":"https:\/\/pozirk.online\/en\/?s={search_term_string}"},"query-input":{"@type":"PropertyValueSpecification","valueRequired":true,"valueName":"search_term_string"}}],"inLanguage":"en-US"},{"@type":"Organization","@id":"https:\/\/pozirk.online\/en\/#organization","name":"Pozirk","url":"https:\/\/pozirk.online\/en\/","logo":{"@type":"ImageObject","inLanguage":"en-US","@id":"https:\/\/pozirk.online\/en\/#\/schema\/logo\/image\/","url":"https:\/\/pozirk.online\/wp-content\/uploads\/2023\/11\/cropped-Logo_color_512.png","contentUrl":"https:\/\/pozirk.online\/wp-content\/uploads\/2023\/11\/cropped-Logo_color_512.png","width":512,"height":512,"caption":"Pozirk"},"image":{"@id":"https:\/\/pozirk.online\/en\/#\/schema\/logo\/image\/"},"sameAs":["https:\/\/www.facebook.com\/pozirkonline\/","https:\/\/x.com\/Pozirk_online"]}]}},"_links":{"self":[{"href":"https:\/\/pozirk.online\/en\/wp-json\/wp\/v2\/articles\/86798","targetHints":{"allow":["GET"]}}],"collection":[{"href":"https:\/\/pozirk.online\/en\/wp-json\/wp\/v2\/articles"}],"about":[{"href":"https:\/\/pozirk.online\/en\/wp-json\/wp\/v2\/types\/articles"}],"author":[{"embeddable":true,"href":"https:\/\/pozirk.online\/en\/wp-json\/wp\/v2\/users\/83"}],"wp:featuredmedia":[{"embeddable":true,"href":"https:\/\/pozirk.online\/en\/wp-json\/wp\/v2\/media\/9436"}],"wp:attachment":[{"href":"https:\/\/pozirk.online\/en\/wp-json\/wp\/v2\/media?parent=86798"}],"wp:term":[{"taxonomy":"rubric","embeddable":true,"href":"https:\/\/pozirk.online\/en\/wp-json\/wp\/v2\/rubric?post=86798"}],"curies":[{"name":"wp","href":"https:\/\/api.w.org\/{rel}","templated":true}]}}