{"id":90900,"date":"2024-06-15T11:44:51","date_gmt":"2024-06-15T08:44:51","guid":{"rendered":"https:\/\/pozirk.online\/en\/news\/90900\/"},"modified":"2026-03-10T12:05:06","modified_gmt":"2026-03-10T12:05:06","slug":"reprisals-20-branded-extremists-10-declared-political-prisoners","status":"publish","type":"articles","link":"https:\/\/pozirk.online\/en\/news\/90900\/","title":{"rendered":"Reprisals: 20 branded \u201cextremists,\u201d 10 declared political prisoners"},"content":{"rendered":"\n<p><strong>June 15, <em>Pozirk<\/em>. <\/strong>Politically-motivated crackdown<a> <\/a>in Belarus continued on June 14 with new additions to the authorities\u2019 extremist registers.<\/p>\n\n\n\n<p>The interior ministry added 20 new names to its\u00a0list of \u201cpersons involved in extremist activities,\u201d taking the total of entries to 4,154. Exiled politician Ivan Kra\u016dco\u016d is wanted in Belarus, three others are serving prison terms and 16 have criminal records and may be serving non-custodial sentences.<\/p>\n\n\n\n<p>Authorities branded <em>Media IQ<\/em> project&#8217;s social media pages, 10 videos by FreshMeatOMG blogger and several historical books by Russian writer Viktor Suvorov as extremist content. Other additions to the information ministry&#8217;s list also feature <em>Mediki.Grodno<\/em> and <em>Rospartizan<\/em> Telegram channels and chats; <em>\u010caradziej<\/em>, <em>Kaniu\u0161e\u016dski<\/em>, <em>zmahar_<\/em> and <em>Belarus<\/em> on TikTok.<\/p>\n\n\n\n<p>Arrests and trials<\/p>\n\n\n\n<p>A pro-government source reported an arrest of a man accused of signing up for the opposition Pieramoha plan and posting comments about prosecutors, law enforcers and police officers.<\/p>\n\n\n\n<p>A judge in Minsk sentenced senior Halina \u0141ahackaja to two and a half years of restricted freedom in home confinement on protest-related charges, the Viasna Human Rights Center said. She has been in custody since early April when she came to the police department to retrieve her phone confiscated two years ago. Rights groups consider her a political prisoner.<\/p>\n\n\n\n<p>The Supreme Court heard Andrej \u0160maj&#8217;s appeal on Friday, it said. The man, originally from Ukraine, resided in Viciebsk and was found guilty of espionage. Authorities did not disclose the verdict and the result of the appeal hearing.<\/p>\n\n\n\n<p>Belarusian human rights groups declared Ta\u0107ciana Li\u0144nik, Siarhiej Bielski, D\u017amitryj Davyda\u016d, Fiodar Matoryn, Vasil Kavalo\u016d, D\u017amitryj Danil\u010dyk, Siarhiej Hnia\u016dko, U\u0142adzimir Karotki, Andrej Burdzienia and Mika\u0142aj Chi\u0142a as political prisoners. Most of them were convicted for insulting Alaksandar \u0141uka\u0161enka and officials in connection with critical social media posts, according to Viasna.<\/p>\n\n\n\n<p>As of June 15, human rights defenders identified at least 1,406 political prisoners but the real number is considerably higher because many cases go undocumented. Opposition sources estimate the number of political prisoners at around 5,000.<\/p>\n\n\n\n<div class=\"insert-block\">\n\n    <div class=\"insert-block__img\">\n        <img decoding=\"async\" width=\"354\" height=\"236\" src=\"https:\/\/pozirk.online\/wp-content\/uploads\/2024\/06\/gnet_instagram-354x236.jpg\" class=\"attachment-medium size-medium\" alt=\"\" srcset=\"https:\/\/pozirk.online\/wp-content\/uploads\/2024\/06\/gnet_instagram-354x236.jpg 354w, https:\/\/pozirk.online\/wp-content\/uploads\/2024\/06\/gnet_instagram-734x490.jpg 734w, https:\/\/pozirk.online\/wp-content\/uploads\/2024\/06\/gnet_instagram-178x118.jpg 178w, https:\/\/pozirk.online\/wp-content\/uploads\/2024\/06\/gnet_instagram-768x512.jpg 768w, https:\/\/pozirk.online\/wp-content\/uploads\/2024\/06\/gnet_instagram.jpg 800w\" sizes=\"(max-width: 354px) 100vw, 354px\" \/>                        <label class=\"insert-block__tag--mobile\"> \u041f\u043e\u043b\u0438\u0442\u0438\u043a\u0430<\/label>\n\n                            <label class=\"insert-block__tag--mobile\"> \u041e\u0431\u0449\u0435\u0441\u0442\u0432\u043e<\/label>\n\n                <\/div>\n    <div class=\"insert-block__text\">\n                    <label class=\"insert-block__tag\">\u041f\u043e\u043b\u0438\u0442\u0438\u043a\u0430, \u041e\u0431\u0449\u0435\u0441\u0442\u0432\u043e<\/label>\n                <h3 class=\"insert-block__title\">Dozen rights groups call on Serbia not to extradite Belarusian filmmaker<\/h3>\n        <div class=\"insert-block__descr\">June 14, Pozirk. A dozen human rights organizations have called on Serbia not to extradite filmmaker Andrej Hniot to Belarus, the International Federation for Human Rights (FIDH) reported. International law prohibits Serbia from extraditing people &quot;to countries where they face &#8230;<\/div>\n        <a class=\"insert-block__btn-block\" href=\"\/en\/news\/90860\">\n            <button class=\"btn\">\n                <div class='btn__text'>Read the article<\/div>\n            <\/button>\n        <\/a>\n    <\/div>\n<\/div>","protected":false},"excerpt":{"rendered":"<p>June 15, Pozirk. Politically-motivated crackdown in Belarus continued on June 14 with new additions to the authorities\u2019 extremist registers. The interior ministry added 20 new names to its\u00a0list of \u201cpersons involved in extremist activities,\u201d taking the total of entries to 4,154. Exiled politician Ivan Kra\u016dco\u016d is wanted in Belarus, three others are serving prison terms [&hellip;]<\/p>\n","protected":false},"author":84,"featured_media":63993,"template":"","rubric":[14],"class_list":["post-90900","articles","type-articles","status-publish","has-post-thumbnail","hentry","rubric-politics"],"acf":[],"yoast_head":"<!-- This site is optimized with the Yoast SEO plugin v25.5 - https:\/\/yoast.com\/wordpress\/plugins\/seo\/ -->\n<title>Reprisals: 20 branded \u201cextremists,\u201d 10 declared political prisoners | Pozirk<\/title>\n<meta name=\"description\" content=\"June 15, Pozirk. Politically-motivated crackdown in Belarus continued on June 14 with new additions to the authorities\u2019 extremist registers. The interior\" \/>\n<meta name=\"robots\" content=\"index, follow, max-snippet:-1, max-image-preview:large, max-video-preview:-1\" \/>\n<link rel=\"canonical\" href=\"https:\/\/pozirk.online\/en\/news\/90900\/\" \/>\n<meta property=\"og:locale\" content=\"en_US\" \/>\n<meta property=\"og:type\" content=\"article\" \/>\n<meta property=\"og:title\" content=\"Reprisals: 20 branded \u201cextremists,\u201d 10 declared political prisoners | Pozirk\" \/>\n<meta property=\"og:description\" content=\"June 15, Pozirk. Politically-motivated crackdown in Belarus continued on June 14 with new additions to the authorities\u2019 extremist registers. The interior\" \/>\n<meta property=\"og:url\" content=\"https:\/\/pozirk.online\/en\/news\/90900\/\" \/>\n<meta property=\"og:site_name\" content=\"Pozirk\" \/>\n<meta property=\"article:publisher\" content=\"https:\/\/www.facebook.com\/pozirkonline\/\" \/>\n<meta property=\"article:modified_time\" content=\"2026-03-10T12:05:06+00:00\" \/>\n<meta property=\"og:image\" content=\"https:\/\/pozirk.online\/wp-content\/uploads\/2024\/01\/pozirk_color_blank_1128x752.jpg\" \/>\n\t<meta property=\"og:image:width\" content=\"1128\" \/>\n\t<meta property=\"og:image:height\" content=\"752\" \/>\n\t<meta property=\"og:image:type\" content=\"image\/jpeg\" \/>\n<meta name=\"twitter:card\" content=\"summary_large_image\" \/>\n<meta name=\"twitter:site\" content=\"@Pozirk_online\" \/>\n<meta name=\"twitter:label1\" content=\"Est. reading time\" \/>\n\t<meta name=\"twitter:data1\" content=\"2 minutes\" \/>\n<script type=\"application\/ld+json\" class=\"yoast-schema-graph\">{\"@context\":\"https:\/\/schema.org\",\"@graph\":[{\"@type\":\"NewsArticle\",\"@id\":\"https:\/\/pozirk.online\/en\/news\/90900\/#article\",\"isPartOf\":{\"@id\":\"https:\/\/pozirk.online\/en\/news\/90900\/\"},\"headline\":\"Reprisals: 20 branded \u201cextremists,\u201d 10 declared political prisoners\",\"datePublished\":\"2024-06-15T08:44:51+00:00\",\"dateModified\":\"2026-03-10T12:05:06+00:00\",\"mainEntityOfPage\":{\"@id\":\"https:\/\/pozirk.online\/en\/news\/90900\/\"},\"wordCount\":343,\"publisher\":{\"@id\":\"https:\/\/pozirk.online\/en\/#organization\"},\"image\":{\"@id\":\"https:\/\/pozirk.online\/en\/news\/90900\/#primaryimage\"},\"thumbnailUrl\":\"https:\/\/pozirk.online\/wp-content\/uploads\/2024\/01\/pozirk_color_blank_1128x752.jpg\",\"inLanguage\":\"en-US\"},{\"@type\":\"WebPage\",\"@id\":\"https:\/\/pozirk.online\/en\/news\/90900\/\",\"url\":\"https:\/\/pozirk.online\/en\/news\/90900\/\",\"name\":\"Reprisals: 20 branded \u201cextremists,\u201d 10 declared political prisoners | Pozirk\",\"isPartOf\":{\"@id\":\"https:\/\/pozirk.online\/en\/#website\"},\"primaryImageOfPage\":{\"@id\":\"https:\/\/pozirk.online\/en\/news\/90900\/#primaryimage\"},\"image\":{\"@id\":\"https:\/\/pozirk.online\/en\/news\/90900\/#primaryimage\"},\"thumbnailUrl\":\"https:\/\/pozirk.online\/wp-content\/uploads\/2024\/01\/pozirk_color_blank_1128x752.jpg\",\"datePublished\":\"2024-06-15T08:44:51+00:00\",\"dateModified\":\"2026-03-10T12:05:06+00:00\",\"description\":\"June 15, Pozirk. Politically-motivated crackdown in Belarus continued on June 14 with new additions to the authorities\u2019 extremist registers. The interior\",\"breadcrumb\":{\"@id\":\"https:\/\/pozirk.online\/en\/news\/90900\/#breadcrumb\"},\"inLanguage\":\"en-US\",\"potentialAction\":[{\"@type\":\"ReadAction\",\"target\":[\"https:\/\/pozirk.online\/en\/news\/90900\/\"]}]},{\"@type\":\"ImageObject\",\"inLanguage\":\"en-US\",\"@id\":\"https:\/\/pozirk.online\/en\/news\/90900\/#primaryimage\",\"url\":\"https:\/\/pozirk.online\/wp-content\/uploads\/2024\/01\/pozirk_color_blank_1128x752.jpg\",\"contentUrl\":\"https:\/\/pozirk.online\/wp-content\/uploads\/2024\/01\/pozirk_color_blank_1128x752.jpg\",\"width\":1128,\"height\":752},{\"@type\":\"BreadcrumbList\",\"@id\":\"https:\/\/pozirk.online\/en\/news\/90900\/#breadcrumb\",\"itemListElement\":[{\"@type\":\"ListItem\",\"position\":1,\"name\":\"Home\",\"item\":\"https:\/\/pozirk.online\/en\/\"},{\"@type\":\"ListItem\",\"position\":2,\"name\":\"Reprisals: 20 branded \u201cextremists,\u201d 10 declared political prisoners\"}]},{\"@type\":\"WebSite\",\"@id\":\"https:\/\/pozirk.online\/en\/#website\",\"url\":\"https:\/\/pozirk.online\/en\/\",\"name\":\"Pozirk\",\"description\":\"\",\"publisher\":{\"@id\":\"https:\/\/pozirk.online\/en\/#organization\"},\"potentialAction\":[{\"@type\":\"SearchAction\",\"target\":{\"@type\":\"EntryPoint\",\"urlTemplate\":\"https:\/\/pozirk.online\/en\/?s={search_term_string}\"},\"query-input\":{\"@type\":\"PropertyValueSpecification\",\"valueRequired\":true,\"valueName\":\"search_term_string\"}}],\"inLanguage\":\"en-US\"},{\"@type\":\"Organization\",\"@id\":\"https:\/\/pozirk.online\/en\/#organization\",\"name\":\"Pozirk\",\"url\":\"https:\/\/pozirk.online\/en\/\",\"logo\":{\"@type\":\"ImageObject\",\"inLanguage\":\"en-US\",\"@id\":\"https:\/\/pozirk.online\/en\/#\/schema\/logo\/image\/\",\"url\":\"https:\/\/pozirk.online\/wp-content\/uploads\/2023\/11\/cropped-Logo_color_512.png\",\"contentUrl\":\"https:\/\/pozirk.online\/wp-content\/uploads\/2023\/11\/cropped-Logo_color_512.png\",\"width\":512,\"height\":512,\"caption\":\"Pozirk\"},\"image\":{\"@id\":\"https:\/\/pozirk.online\/en\/#\/schema\/logo\/image\/\"},\"sameAs\":[\"https:\/\/www.facebook.com\/pozirkonline\/\",\"https:\/\/x.com\/Pozirk_online\"]}]}<\/script>\n<!-- \/ Yoast SEO plugin. -->","yoast_head_json":{"title":"Reprisals: 20 branded \u201cextremists,\u201d 10 declared political prisoners | Pozirk","description":"June 15, Pozirk. Politically-motivated crackdown in Belarus continued on June 14 with new additions to the authorities\u2019 extremist registers. The interior","robots":{"index":"index","follow":"follow","max-snippet":"max-snippet:-1","max-image-preview":"max-image-preview:large","max-video-preview":"max-video-preview:-1"},"canonical":"https:\/\/pozirk.online\/en\/news\/90900\/","og_locale":"en_US","og_type":"article","og_title":"Reprisals: 20 branded \u201cextremists,\u201d 10 declared political prisoners | Pozirk","og_description":"June 15, Pozirk. Politically-motivated crackdown in Belarus continued on June 14 with new additions to the authorities\u2019 extremist registers. The interior","og_url":"https:\/\/pozirk.online\/en\/news\/90900\/","og_site_name":"Pozirk","article_publisher":"https:\/\/www.facebook.com\/pozirkonline\/","article_modified_time":"2026-03-10T12:05:06+00:00","og_image":[{"width":1128,"height":752,"url":"https:\/\/pozirk.online\/wp-content\/uploads\/2024\/01\/pozirk_color_blank_1128x752.jpg","type":"image\/jpeg"}],"twitter_card":"summary_large_image","twitter_site":"@Pozirk_online","twitter_misc":{"Est. reading time":"2 minutes"},"schema":{"@context":"https:\/\/schema.org","@graph":[{"@type":"NewsArticle","@id":"https:\/\/pozirk.online\/en\/news\/90900\/#article","isPartOf":{"@id":"https:\/\/pozirk.online\/en\/news\/90900\/"},"headline":"Reprisals: 20 branded \u201cextremists,\u201d 10 declared political prisoners","datePublished":"2024-06-15T08:44:51+00:00","dateModified":"2026-03-10T12:05:06+00:00","mainEntityOfPage":{"@id":"https:\/\/pozirk.online\/en\/news\/90900\/"},"wordCount":343,"publisher":{"@id":"https:\/\/pozirk.online\/en\/#organization"},"image":{"@id":"https:\/\/pozirk.online\/en\/news\/90900\/#primaryimage"},"thumbnailUrl":"https:\/\/pozirk.online\/wp-content\/uploads\/2024\/01\/pozirk_color_blank_1128x752.jpg","inLanguage":"en-US"},{"@type":"WebPage","@id":"https:\/\/pozirk.online\/en\/news\/90900\/","url":"https:\/\/pozirk.online\/en\/news\/90900\/","name":"Reprisals: 20 branded \u201cextremists,\u201d 10 declared political prisoners | Pozirk","isPartOf":{"@id":"https:\/\/pozirk.online\/en\/#website"},"primaryImageOfPage":{"@id":"https:\/\/pozirk.online\/en\/news\/90900\/#primaryimage"},"image":{"@id":"https:\/\/pozirk.online\/en\/news\/90900\/#primaryimage"},"thumbnailUrl":"https:\/\/pozirk.online\/wp-content\/uploads\/2024\/01\/pozirk_color_blank_1128x752.jpg","datePublished":"2024-06-15T08:44:51+00:00","dateModified":"2026-03-10T12:05:06+00:00","description":"June 15, Pozirk. Politically-motivated crackdown in Belarus continued on June 14 with new additions to the authorities\u2019 extremist registers. The interior","breadcrumb":{"@id":"https:\/\/pozirk.online\/en\/news\/90900\/#breadcrumb"},"inLanguage":"en-US","potentialAction":[{"@type":"ReadAction","target":["https:\/\/pozirk.online\/en\/news\/90900\/"]}]},{"@type":"ImageObject","inLanguage":"en-US","@id":"https:\/\/pozirk.online\/en\/news\/90900\/#primaryimage","url":"https:\/\/pozirk.online\/wp-content\/uploads\/2024\/01\/pozirk_color_blank_1128x752.jpg","contentUrl":"https:\/\/pozirk.online\/wp-content\/uploads\/2024\/01\/pozirk_color_blank_1128x752.jpg","width":1128,"height":752},{"@type":"BreadcrumbList","@id":"https:\/\/pozirk.online\/en\/news\/90900\/#breadcrumb","itemListElement":[{"@type":"ListItem","position":1,"name":"Home","item":"https:\/\/pozirk.online\/en\/"},{"@type":"ListItem","position":2,"name":"Reprisals: 20 branded \u201cextremists,\u201d 10 declared political prisoners"}]},{"@type":"WebSite","@id":"https:\/\/pozirk.online\/en\/#website","url":"https:\/\/pozirk.online\/en\/","name":"Pozirk","description":"","publisher":{"@id":"https:\/\/pozirk.online\/en\/#organization"},"potentialAction":[{"@type":"SearchAction","target":{"@type":"EntryPoint","urlTemplate":"https:\/\/pozirk.online\/en\/?s={search_term_string}"},"query-input":{"@type":"PropertyValueSpecification","valueRequired":true,"valueName":"search_term_string"}}],"inLanguage":"en-US"},{"@type":"Organization","@id":"https:\/\/pozirk.online\/en\/#organization","name":"Pozirk","url":"https:\/\/pozirk.online\/en\/","logo":{"@type":"ImageObject","inLanguage":"en-US","@id":"https:\/\/pozirk.online\/en\/#\/schema\/logo\/image\/","url":"https:\/\/pozirk.online\/wp-content\/uploads\/2023\/11\/cropped-Logo_color_512.png","contentUrl":"https:\/\/pozirk.online\/wp-content\/uploads\/2023\/11\/cropped-Logo_color_512.png","width":512,"height":512,"caption":"Pozirk"},"image":{"@id":"https:\/\/pozirk.online\/en\/#\/schema\/logo\/image\/"},"sameAs":["https:\/\/www.facebook.com\/pozirkonline\/","https:\/\/x.com\/Pozirk_online"]}]}},"_links":{"self":[{"href":"https:\/\/pozirk.online\/en\/wp-json\/wp\/v2\/articles\/90900","targetHints":{"allow":["GET"]}}],"collection":[{"href":"https:\/\/pozirk.online\/en\/wp-json\/wp\/v2\/articles"}],"about":[{"href":"https:\/\/pozirk.online\/en\/wp-json\/wp\/v2\/types\/articles"}],"author":[{"embeddable":true,"href":"https:\/\/pozirk.online\/en\/wp-json\/wp\/v2\/users\/84"}],"wp:featuredmedia":[{"embeddable":true,"href":"https:\/\/pozirk.online\/en\/wp-json\/wp\/v2\/media\/63993"}],"wp:attachment":[{"href":"https:\/\/pozirk.online\/en\/wp-json\/wp\/v2\/media?parent=90900"}],"wp:term":[{"taxonomy":"rubric","embeddable":true,"href":"https:\/\/pozirk.online\/en\/wp-json\/wp\/v2\/rubric?post=90900"}],"curies":[{"name":"wp","href":"https:\/\/api.w.org\/{rel}","templated":true}]}}