{"id":91475,"date":"2024-06-19T11:40:19","date_gmt":"2024-06-19T08:40:19","guid":{"rendered":"https:\/\/pozirk.online\/en\/news\/91475\/"},"modified":"2026-03-10T12:05:06","modified_gmt":"2026-03-10T12:05:06","slug":"reprisals-2020-protesters-and-online-activities-in-focus","status":"publish","type":"articles","link":"https:\/\/pozirk.online\/en\/news\/91475\/","title":{"rendered":"Reprisals: 2020 protesters and online activities in focus"},"content":{"rendered":"\n<p><strong>June 19, <em>Pozirk<\/em>. <\/strong>Over the past day, rights groups have reported more instances of politically-motivated persecution linked to participation in 2020 postelection protests. <a>&nbsp;<\/a><\/p>\n\n\n\n<p>On May 28, a judge in Minsk sentenced Aleh Ladzienka, a guitarist and recording studio manager, to two and a half years of restricted freedom in home confinement over protests, the Viasna Human Rights Center said.<\/p>\n\n\n\n<p>About two weeks later, five people were convicted in Mahilo\u016d in connection with 2020 postelection protests, Viasna noted. Andrej Cimonin was given two years in prison; Valeryj I\u016d\u010dyn and Dzianis Kota\u016d, two and a half years of restricted freedom in an open-type correctional facility; \u015aviat\u0142ana Kotava and Michai\u0142 Pi\u0161\u010da\u0142a, two years in home confinement.<\/p>\n\n\n\n<p>Police arrested an official for sharing personal data of her colleagues with an opposition online project, Viasna said. Authorities also accused the woman of signing up for the opposition Pieramoha Plan and participating in 2020 protest rallies together with her son, who was a minor at that time.<\/p>\n\n\n\n<p>Arrests and trials<\/p>\n\n\n\n<p>Police arrested a Viciebsk woman for sharing opposition content on TikTok, while an employee of a thermal power station in Babrujsk, Mahilo\u016d region, was arrested for insulting officials on Telegram, pro-government sources said.<\/p>\n\n\n\n<p>Ihar Iljukievi\u010d, a school PE teacher, is under arrest in Baranavi\u010dy, Brest region, for allegedly &#8220;inciting hatred and participating in a terrorist plot,&#8221; another pro-government source said. In a police video, he admitted to posting critical comments about law enforcers and Alaksandar \u0141uka\u0161enka.<\/p>\n\n\n\n<p>Ihar \u0141o\u017ea\u010dnik was tried in Navahrudak, Hrodna region, for sharing opposition content, the <em>Pravo Imeyut <\/em>Telegram channel said. The verdict remains unknown.<\/p>\n\n\n\n<p>Other cases<\/p>\n\n\n\n<p>Jailed Alaksandar La\u016dren\u0107je\u016d from Hrodna was found guilty of disobeying prison authorities, <em>Haradzienskaja Pravaabarona<\/em> said. The judge added one year to his prison term of three years and four months, given on charges of insulting \u0141uka\u0161enka and officials.<\/p>\n\n\n\n<p>Former journalist Andrej To\u0142\u010dyn will serve his two-and-a-half-year prison term at Penal Colony No 15 in Mahilo\u016d, <em>\u0160todzie\u0144<\/em> reported.<\/p>\n\n\n\n<p>Prison authorities at Penal Colony No 2 in Babrujsk stopped accepting parcels containing books, MAYDAY.TEAM reported. Other correctional facilities may follow with a similar step.<\/p>\n\n\n\n<p>As of June 19, human rights defenders identified at least 1,396 political prisoners but the real number is considerably higher because many cases go undocumented. Opposition sources estimate the number of political prisoners at around 5,000.<\/p>\n\n\n\n<div class=\"insert-block\">\n\n    <div class=\"insert-block__img\">\n        <img decoding=\"async\" width=\"354\" height=\"236\" src=\"https:\/\/pozirk.online\/wp-content\/uploads\/2024\/05\/Andrey_Gnyot_Instagram_1128_POZ_20240507-354x236.jpg\" class=\"attachment-medium size-medium\" alt=\"\" srcset=\"https:\/\/pozirk.online\/wp-content\/uploads\/2024\/05\/Andrey_Gnyot_Instagram_1128_POZ_20240507-354x236.jpg 354w, https:\/\/pozirk.online\/wp-content\/uploads\/2024\/05\/Andrey_Gnyot_Instagram_1128_POZ_20240507-734x490.jpg 734w, https:\/\/pozirk.online\/wp-content\/uploads\/2024\/05\/Andrey_Gnyot_Instagram_1128_POZ_20240507-178x118.jpg 178w, https:\/\/pozirk.online\/wp-content\/uploads\/2024\/05\/Andrey_Gnyot_Instagram_1128_POZ_20240507-768x512.jpg 768w, https:\/\/pozirk.online\/wp-content\/uploads\/2024\/05\/Andrey_Gnyot_Instagram_1128_POZ_20240507.jpg 1128w\" sizes=\"(max-width: 354px) 100vw, 354px\" \/>                        <label class=\"insert-block__tag--mobile\"> \u041f\u043e\u043b\u0438\u0442\u0438\u043a\u0430<\/label>\n\n                <\/div>\n    <div class=\"insert-block__text\">\n                    <label class=\"insert-block__tag\">\u041f\u043e\u043b\u0438\u0442\u0438\u043a\u0430<\/label>\n                <h3 class=\"insert-block__title\">Opposition council calls on EU to interfere in Serbia extradition case<\/h3>\n        <div class=\"insert-block__descr\">June 18, Pozirk. The opposition Coordination Council has called on the European Union to use &quot;all instruments of diplomacy and interstate relations&quot; in Serbia to prevent the extradition of director Andrej Hniot to Belarus. Once in his homeland, Hniot will &#8230;<\/div>\n        <a class=\"insert-block__btn-block\" href=\"\/en\/news\/91375\">\n            <button class=\"btn\">\n                <div class='btn__text'>Read the article<\/div>\n            <\/button>\n        <\/a>\n    <\/div>\n<\/div>","protected":false},"excerpt":{"rendered":"<p>June 19, Pozirk. Over the past day, rights groups have reported more instances of politically-motivated persecution linked to participation in 2020 postelection protests. &nbsp; On May 28, a judge in Minsk sentenced Aleh Ladzienka, a guitarist and recording studio manager, to two and a half years of restricted freedom in home confinement over protests, the [&hellip;]<\/p>\n","protected":false},"author":84,"featured_media":63993,"template":"","rubric":[13],"class_list":["post-91475","articles","type-articles","status-publish","has-post-thumbnail","hentry","rubric-society"],"acf":[],"yoast_head":"<!-- This site is optimized with the Yoast SEO plugin v25.5 - https:\/\/yoast.com\/wordpress\/plugins\/seo\/ -->\n<title>Reprisals: 2020 protesters and online activities in focus | Pozirk<\/title>\n<meta name=\"description\" content=\"June 19, Pozirk. Over the past day, rights groups have reported more instances of politically-motivated persecution linked to participation in 2020\" \/>\n<meta name=\"robots\" content=\"index, follow, max-snippet:-1, max-image-preview:large, max-video-preview:-1\" \/>\n<link rel=\"canonical\" href=\"https:\/\/pozirk.online\/en\/news\/91475\/\" \/>\n<meta property=\"og:locale\" content=\"en_US\" \/>\n<meta property=\"og:type\" content=\"article\" \/>\n<meta property=\"og:title\" content=\"Reprisals: 2020 protesters and online activities in focus | Pozirk\" \/>\n<meta property=\"og:description\" content=\"June 19, Pozirk. Over the past day, rights groups have reported more instances of politically-motivated persecution linked to participation in 2020\" \/>\n<meta property=\"og:url\" content=\"https:\/\/pozirk.online\/en\/news\/91475\/\" \/>\n<meta property=\"og:site_name\" content=\"Pozirk\" \/>\n<meta property=\"article:publisher\" content=\"https:\/\/www.facebook.com\/pozirkonline\/\" \/>\n<meta property=\"article:modified_time\" content=\"2026-03-10T12:05:06+00:00\" \/>\n<meta property=\"og:image\" content=\"https:\/\/pozirk.online\/wp-content\/uploads\/2024\/01\/pozirk_color_blank_1128x752.jpg\" \/>\n\t<meta property=\"og:image:width\" content=\"1128\" \/>\n\t<meta property=\"og:image:height\" content=\"752\" \/>\n\t<meta property=\"og:image:type\" content=\"image\/jpeg\" \/>\n<meta name=\"twitter:card\" content=\"summary_large_image\" \/>\n<meta name=\"twitter:site\" content=\"@Pozirk_online\" \/>\n<meta name=\"twitter:label1\" content=\"Est. reading time\" \/>\n\t<meta name=\"twitter:data1\" content=\"2 minutes\" \/>\n<script type=\"application\/ld+json\" class=\"yoast-schema-graph\">{\"@context\":\"https:\/\/schema.org\",\"@graph\":[{\"@type\":\"NewsArticle\",\"@id\":\"https:\/\/pozirk.online\/en\/news\/91475\/#article\",\"isPartOf\":{\"@id\":\"https:\/\/pozirk.online\/en\/news\/91475\/\"},\"headline\":\"Reprisals: 2020 protesters and online activities in focus\",\"datePublished\":\"2024-06-19T08:40:19+00:00\",\"dateModified\":\"2026-03-10T12:05:06+00:00\",\"mainEntityOfPage\":{\"@id\":\"https:\/\/pozirk.online\/en\/news\/91475\/\"},\"wordCount\":393,\"publisher\":{\"@id\":\"https:\/\/pozirk.online\/en\/#organization\"},\"image\":{\"@id\":\"https:\/\/pozirk.online\/en\/news\/91475\/#primaryimage\"},\"thumbnailUrl\":\"https:\/\/pozirk.online\/wp-content\/uploads\/2024\/01\/pozirk_color_blank_1128x752.jpg\",\"inLanguage\":\"en-US\"},{\"@type\":\"WebPage\",\"@id\":\"https:\/\/pozirk.online\/en\/news\/91475\/\",\"url\":\"https:\/\/pozirk.online\/en\/news\/91475\/\",\"name\":\"Reprisals: 2020 protesters and online activities in focus | Pozirk\",\"isPartOf\":{\"@id\":\"https:\/\/pozirk.online\/en\/#website\"},\"primaryImageOfPage\":{\"@id\":\"https:\/\/pozirk.online\/en\/news\/91475\/#primaryimage\"},\"image\":{\"@id\":\"https:\/\/pozirk.online\/en\/news\/91475\/#primaryimage\"},\"thumbnailUrl\":\"https:\/\/pozirk.online\/wp-content\/uploads\/2024\/01\/pozirk_color_blank_1128x752.jpg\",\"datePublished\":\"2024-06-19T08:40:19+00:00\",\"dateModified\":\"2026-03-10T12:05:06+00:00\",\"description\":\"June 19, Pozirk. Over the past day, rights groups have reported more instances of politically-motivated persecution linked to participation in 2020\",\"breadcrumb\":{\"@id\":\"https:\/\/pozirk.online\/en\/news\/91475\/#breadcrumb\"},\"inLanguage\":\"en-US\",\"potentialAction\":[{\"@type\":\"ReadAction\",\"target\":[\"https:\/\/pozirk.online\/en\/news\/91475\/\"]}]},{\"@type\":\"ImageObject\",\"inLanguage\":\"en-US\",\"@id\":\"https:\/\/pozirk.online\/en\/news\/91475\/#primaryimage\",\"url\":\"https:\/\/pozirk.online\/wp-content\/uploads\/2024\/01\/pozirk_color_blank_1128x752.jpg\",\"contentUrl\":\"https:\/\/pozirk.online\/wp-content\/uploads\/2024\/01\/pozirk_color_blank_1128x752.jpg\",\"width\":1128,\"height\":752},{\"@type\":\"BreadcrumbList\",\"@id\":\"https:\/\/pozirk.online\/en\/news\/91475\/#breadcrumb\",\"itemListElement\":[{\"@type\":\"ListItem\",\"position\":1,\"name\":\"Home\",\"item\":\"https:\/\/pozirk.online\/en\/\"},{\"@type\":\"ListItem\",\"position\":2,\"name\":\"Reprisals: 2020 protesters and online activities in focus\"}]},{\"@type\":\"WebSite\",\"@id\":\"https:\/\/pozirk.online\/en\/#website\",\"url\":\"https:\/\/pozirk.online\/en\/\",\"name\":\"Pozirk\",\"description\":\"\",\"publisher\":{\"@id\":\"https:\/\/pozirk.online\/en\/#organization\"},\"potentialAction\":[{\"@type\":\"SearchAction\",\"target\":{\"@type\":\"EntryPoint\",\"urlTemplate\":\"https:\/\/pozirk.online\/en\/?s={search_term_string}\"},\"query-input\":{\"@type\":\"PropertyValueSpecification\",\"valueRequired\":true,\"valueName\":\"search_term_string\"}}],\"inLanguage\":\"en-US\"},{\"@type\":\"Organization\",\"@id\":\"https:\/\/pozirk.online\/en\/#organization\",\"name\":\"Pozirk\",\"url\":\"https:\/\/pozirk.online\/en\/\",\"logo\":{\"@type\":\"ImageObject\",\"inLanguage\":\"en-US\",\"@id\":\"https:\/\/pozirk.online\/en\/#\/schema\/logo\/image\/\",\"url\":\"https:\/\/pozirk.online\/wp-content\/uploads\/2023\/11\/cropped-Logo_color_512.png\",\"contentUrl\":\"https:\/\/pozirk.online\/wp-content\/uploads\/2023\/11\/cropped-Logo_color_512.png\",\"width\":512,\"height\":512,\"caption\":\"Pozirk\"},\"image\":{\"@id\":\"https:\/\/pozirk.online\/en\/#\/schema\/logo\/image\/\"},\"sameAs\":[\"https:\/\/www.facebook.com\/pozirkonline\/\",\"https:\/\/x.com\/Pozirk_online\"]}]}<\/script>\n<!-- \/ Yoast SEO plugin. -->","yoast_head_json":{"title":"Reprisals: 2020 protesters and online activities in focus | Pozirk","description":"June 19, Pozirk. Over the past day, rights groups have reported more instances of politically-motivated persecution linked to participation in 2020","robots":{"index":"index","follow":"follow","max-snippet":"max-snippet:-1","max-image-preview":"max-image-preview:large","max-video-preview":"max-video-preview:-1"},"canonical":"https:\/\/pozirk.online\/en\/news\/91475\/","og_locale":"en_US","og_type":"article","og_title":"Reprisals: 2020 protesters and online activities in focus | Pozirk","og_description":"June 19, Pozirk. Over the past day, rights groups have reported more instances of politically-motivated persecution linked to participation in 2020","og_url":"https:\/\/pozirk.online\/en\/news\/91475\/","og_site_name":"Pozirk","article_publisher":"https:\/\/www.facebook.com\/pozirkonline\/","article_modified_time":"2026-03-10T12:05:06+00:00","og_image":[{"width":1128,"height":752,"url":"https:\/\/pozirk.online\/wp-content\/uploads\/2024\/01\/pozirk_color_blank_1128x752.jpg","type":"image\/jpeg"}],"twitter_card":"summary_large_image","twitter_site":"@Pozirk_online","twitter_misc":{"Est. reading time":"2 minutes"},"schema":{"@context":"https:\/\/schema.org","@graph":[{"@type":"NewsArticle","@id":"https:\/\/pozirk.online\/en\/news\/91475\/#article","isPartOf":{"@id":"https:\/\/pozirk.online\/en\/news\/91475\/"},"headline":"Reprisals: 2020 protesters and online activities in focus","datePublished":"2024-06-19T08:40:19+00:00","dateModified":"2026-03-10T12:05:06+00:00","mainEntityOfPage":{"@id":"https:\/\/pozirk.online\/en\/news\/91475\/"},"wordCount":393,"publisher":{"@id":"https:\/\/pozirk.online\/en\/#organization"},"image":{"@id":"https:\/\/pozirk.online\/en\/news\/91475\/#primaryimage"},"thumbnailUrl":"https:\/\/pozirk.online\/wp-content\/uploads\/2024\/01\/pozirk_color_blank_1128x752.jpg","inLanguage":"en-US"},{"@type":"WebPage","@id":"https:\/\/pozirk.online\/en\/news\/91475\/","url":"https:\/\/pozirk.online\/en\/news\/91475\/","name":"Reprisals: 2020 protesters and online activities in focus | Pozirk","isPartOf":{"@id":"https:\/\/pozirk.online\/en\/#website"},"primaryImageOfPage":{"@id":"https:\/\/pozirk.online\/en\/news\/91475\/#primaryimage"},"image":{"@id":"https:\/\/pozirk.online\/en\/news\/91475\/#primaryimage"},"thumbnailUrl":"https:\/\/pozirk.online\/wp-content\/uploads\/2024\/01\/pozirk_color_blank_1128x752.jpg","datePublished":"2024-06-19T08:40:19+00:00","dateModified":"2026-03-10T12:05:06+00:00","description":"June 19, Pozirk. Over the past day, rights groups have reported more instances of politically-motivated persecution linked to participation in 2020","breadcrumb":{"@id":"https:\/\/pozirk.online\/en\/news\/91475\/#breadcrumb"},"inLanguage":"en-US","potentialAction":[{"@type":"ReadAction","target":["https:\/\/pozirk.online\/en\/news\/91475\/"]}]},{"@type":"ImageObject","inLanguage":"en-US","@id":"https:\/\/pozirk.online\/en\/news\/91475\/#primaryimage","url":"https:\/\/pozirk.online\/wp-content\/uploads\/2024\/01\/pozirk_color_blank_1128x752.jpg","contentUrl":"https:\/\/pozirk.online\/wp-content\/uploads\/2024\/01\/pozirk_color_blank_1128x752.jpg","width":1128,"height":752},{"@type":"BreadcrumbList","@id":"https:\/\/pozirk.online\/en\/news\/91475\/#breadcrumb","itemListElement":[{"@type":"ListItem","position":1,"name":"Home","item":"https:\/\/pozirk.online\/en\/"},{"@type":"ListItem","position":2,"name":"Reprisals: 2020 protesters and online activities in focus"}]},{"@type":"WebSite","@id":"https:\/\/pozirk.online\/en\/#website","url":"https:\/\/pozirk.online\/en\/","name":"Pozirk","description":"","publisher":{"@id":"https:\/\/pozirk.online\/en\/#organization"},"potentialAction":[{"@type":"SearchAction","target":{"@type":"EntryPoint","urlTemplate":"https:\/\/pozirk.online\/en\/?s={search_term_string}"},"query-input":{"@type":"PropertyValueSpecification","valueRequired":true,"valueName":"search_term_string"}}],"inLanguage":"en-US"},{"@type":"Organization","@id":"https:\/\/pozirk.online\/en\/#organization","name":"Pozirk","url":"https:\/\/pozirk.online\/en\/","logo":{"@type":"ImageObject","inLanguage":"en-US","@id":"https:\/\/pozirk.online\/en\/#\/schema\/logo\/image\/","url":"https:\/\/pozirk.online\/wp-content\/uploads\/2023\/11\/cropped-Logo_color_512.png","contentUrl":"https:\/\/pozirk.online\/wp-content\/uploads\/2023\/11\/cropped-Logo_color_512.png","width":512,"height":512,"caption":"Pozirk"},"image":{"@id":"https:\/\/pozirk.online\/en\/#\/schema\/logo\/image\/"},"sameAs":["https:\/\/www.facebook.com\/pozirkonline\/","https:\/\/x.com\/Pozirk_online"]}]}},"_links":{"self":[{"href":"https:\/\/pozirk.online\/en\/wp-json\/wp\/v2\/articles\/91475","targetHints":{"allow":["GET"]}}],"collection":[{"href":"https:\/\/pozirk.online\/en\/wp-json\/wp\/v2\/articles"}],"about":[{"href":"https:\/\/pozirk.online\/en\/wp-json\/wp\/v2\/types\/articles"}],"author":[{"embeddable":true,"href":"https:\/\/pozirk.online\/en\/wp-json\/wp\/v2\/users\/84"}],"wp:featuredmedia":[{"embeddable":true,"href":"https:\/\/pozirk.online\/en\/wp-json\/wp\/v2\/media\/63993"}],"wp:attachment":[{"href":"https:\/\/pozirk.online\/en\/wp-json\/wp\/v2\/media?parent=91475"}],"wp:term":[{"taxonomy":"rubric","embeddable":true,"href":"https:\/\/pozirk.online\/en\/wp-json\/wp\/v2\/rubric?post=91475"}],"curies":[{"name":"wp","href":"https:\/\/api.w.org\/{rel}","templated":true}]}}